{"id":118420,"date":"2016-10-11T10:18:44","date_gmt":"2016-10-11T13:18:44","guid":{"rendered":"http:\/\/franciscanos.org.br\/?p=118420"},"modified":"2020-03-20T12:29:37","modified_gmt":"2020-03-20T15:29:37","slug":"falece-frei-john-vaughn-ex-ministro-geral","status":"publish","type":"post","link":"https:\/\/franciscanos.org.br\/noticias\/falece-frei-john-vaughn-ex-ministro-geral.html","title":{"rendered":"Falece Frei John Vaughn, ex-Ministro Geral da OFM"},"content":{"rendered":"<p><img loading=\"lazy\" src=\"http:\/\/franciscanos.org.br\/wp-content\/uploads\/2016\/10\/vaughn_111012.jpg\" alt=\"vaughn_111012\" width=\"820\" height=\"292\" \/><\/p>\n<p>Aos 88 anos, faleceu ontem, 10 de outubro, o ex-Ministro Geral, o norte-americano Frei John Vaughn, que foi o 116\u00b0 Ministro Geral da Ordem dos Frades Menores e esteve neste servi\u00e7o na C\u00faria Geral, em Roma, de 1979 at\u00e9 1991.<\/p>\n<p>Depois desse per\u00edodo, regressou\u00a0 \u00e0 sua Prov\u00edncia na Calif\u00f3rnia, onde foi o respons\u00e1vel pela forma\u00e7\u00e3o de muitos frades como mestre de novi\u00e7os da Prov\u00edncia de Santa B\u00e1rbara. Nos \u00faltimos anos, j\u00e1 com a sa\u00fade bastante debilitada (principalmente depois do derrame sofrido em 1998 em San Miguel), ainda continuou sendo inspira\u00e7\u00e3o e um confessor para muitos frades e pessoas. \u00a0\u00a0Aos 88 anos (nasceu em 1928), Frei John faleceu em Santa B\u00e1rbara, Calif\u00f3rnia, durante a manh\u00e3 de ontem, 10 de outubro.<\/p>\n<p>O Ministro Provincial da Imaculada Concei\u00e7\u00e3o, Frei Fid\u00eancio Vanboemmel, lembrou que Frei John visitou esta Prov\u00edncia em duas ocasi\u00f5es. &#8220;Recordo-me muito bem da \u00faltima visita em fevereiro de 1991. Na ocasi\u00e3o, reuniu-se com formandos e formadores na nossa casa do Noviciado. E, no dia 15 de fevereiro, junto com Frei John, \u00e9ramos mais de 140 frades subindo a montanha do Ipiranga, em Rodeio (SC), para a b\u00ean\u00e7\u00e3o de inaugura\u00e7\u00e3o do nosso Eremit\u00e9rio Frei Eg\u00eddio. Frei John muito se empenhou pela atualiza\u00e7\u00e3o das Constitui\u00e7\u00f5es Gerais da nossa Ordem, elevou sua voz no clamor mission\u00e1rio em favor da \u00c1frica e, ao aben\u00e7oar o nosso eremit\u00e9rio, evidenciou a import\u00e2ncia da dimens\u00e3o contemplativa na nossa vida franciscana&#8221;, disse o Provincial, recordando tr\u00eas indica\u00e7\u00f5es de Frei John por ocasi\u00e3o da inaugura\u00e7\u00e3o do Eremit\u00e9rio Frei Eg\u00eddio: a) Este eremit\u00e9rio \u00e9 ponto de chegada para o encontro com o Cristo pobre, humilde e crucificado; mas \u00e9 tamb\u00e9m ponto de partida para a miss\u00e3o; b) Eremit\u00e9rio \u00e9 lugar e tempo para uma busca intensificada para aprender a seguir Jesus e aprender a anunciar o Evangelho; c) Eremit\u00e9rio \u00e9 repetir a experi\u00eancia do deserto de Jesus Cristo, onde atrav\u00e9s a ora\u00e7\u00e3o e do jejum, se \u00e9 purificado de toda a tenta\u00e7\u00e3o para poder ouvir com nitidez a voz do Pai.<\/p>\n<p><strong>&#8220;VERDADEIRO IRM\u00c3O&#8221;<\/strong><\/p>\n<p><img loading=\"lazy\" class=\"alignleft wp-image-118425 \" src=\"http:\/\/franciscanos.org.br\/wp-content\/uploads\/2016\/10\/vaughn_111016_p.jpg\" alt=\"vaughn_111016_p\" width=\"255\" height=\"327\" \/>Frei Est\u00eav\u00e3o Ottenbreit, que hoje \u00e9 o guardi\u00e3o da Fraternidade de Santo Ant\u00f4nio de Roma, foi o Ministro Provincial da Imaculada Concei\u00e7\u00e3o que teve oportunidade de conhecer Frei John, nos seus mandatos de 1985 a 1994.<\/p>\n<p>&#8220;Tive o privil\u00e9gio de receber e acompanhar o Frei John Vaughn por diversas vezes. Sua elei\u00e7\u00e3o para Ministro Geral coincidiu com a formula\u00e7\u00e3o das &#8220;primeiras prioridades&#8221; que a Ordem se prop\u00f4s: <em>Contempla\u00e7\u00e3o, Forma\u00e7\u00e3o e Miss\u00e3o<\/em>. Estes temas foram aprofundados quando nos visitou&#8221;, recorda Frei Est\u00eav\u00e3o.<\/p>\n<p>Segundo o frade, o ex-Ministro Geral era uma pessoa at\u00e9 um pouco t\u00edmida, mas mostrava-se como verdadeiro irm\u00e3o que sabe escutar e respeitar. &#8220;Creio que a ele devemos a insist\u00eancia na dimens\u00e3o contemplativa de nossa vida e no envio mission\u00e1rio (cf. &#8220;A \u00c1frica nos chama&#8221;)&#8221;, conta o guardi\u00e3o da Fraternidade de Roma, que como Ministro Provincial da Imaculada n\u00e3o poupou esfor\u00e7os para ver a Miss\u00e3o de Angola se tornar uma realidade, mesmo em meio \u00e0s enormes dificuldades, especialmente no per\u00edodo da guerra.\u00a0 &#8220;A sua carta &#8216;A \u00c1frica nos chama&#8217; \u00e9 a carta magna da nossa presen\u00e7a em Angola&#8221;, explica o frade.<\/p>\n<p>Segundo Frei Est\u00eav\u00e3o, numa das visitas \u00e0 Prov\u00edncia da Imaculada, lan\u00e7ou, numa celebra\u00e7\u00e3o inesquec\u00edvel, a pedra fundamental do nosso Eremit\u00e9rio Beato Frei Eg\u00eddio em Rodeio (SC).<\/p>\n<p>Frei John nasceu aos 3 de junho de 1928 em Santa Ana, na Calif\u00f3rnia, e ingressou no Noviciado aos 11 de julho de 1948. Professou solenemente aos 12 de julho de 1952; ordenou-se sacerdote aos 17 de dezembro de 1955. Em 1973 foi eleito vice-provincial e, em 1976, Provincial da Prov\u00edncia Franciscana de Santa B\u00e1rbara, na Calif\u00f3rnia.<\/p>\n<p>Frei John sucedeu ao brasileiro Frei Constantino Koser, desta Prov\u00edncia da Imaculada Concei\u00e7\u00e3o. No encerramento do Cap\u00edtulo que o elegeu, \u00a0Frei John disse em discurso: \u201cDirigir-nos aos verdadeiros problemas do mundo e possuir o Esp\u00edrito do Senhor s\u00e3o duas coisas que para n\u00f3s devem ser uma s\u00f3. Como Frades Menores n\u00e3o podemos correr o risco de fazer uma sem a outra, se procuramos ser os mensageiros da paz de Cristo no mundo, temos que faz\u00ea-lo como Frades Menores, em pobreza, pelo caminho real da Cruz, com a nossa confian\u00e7a unicamente no Senhor Jesus. Da mesma forma, se nos esfor\u00e7armos a rezar ao Senhor com um cora\u00e7\u00e3o puro, a nossa ora\u00e7\u00e3o tem que ter uma resson\u00e2ncia em nossas vidas: temos que ser cumpridores da palavra e n\u00e3o apenas ouvintes nem repetidores\u201d.<\/p>\n<p>E, neste discurso, disse aos capitulares que gostaria de partilhar algumas esperan\u00e7as depois do Cap\u00edtulo Geral:<\/p>\n<blockquote><p><strong>1\u00aa<\/strong> \u2013 Espero que continuemos a escutar os nossos confrades mais novos; isto n\u00e3o quer dizer que sempre concordemos com eles; mas eles t\u00eam direito \u00e0 orienta\u00e7\u00e3o fraterna, \u00e0 corre\u00e7\u00e3o e ao encorajamento.\u00a0 E sejamos pacientes com eles, como eles s\u00e3o conosco.<\/p>\n<p><strong>2\u00aa<\/strong> \u2013 Espero que continuemos a escutar a voz dos pobres, a quem o Senhor revelou o segredo do seu amor.<\/p>\n<p><strong>3\u00aa<\/strong> \u2013 Espero que trabalhemos muito intimamente com os irm\u00e3os e irm\u00e3s da OFS; eles precisam de n\u00f3s, e n\u00f3s deles.<\/p>\n<p><strong>4\u00aa<\/strong> \u2013 Espero que procuremos continuamente ser convertidos pela palavra viva de Deus. S\u00f3 podemos ser pregadores da penit\u00eancia, da metanoia, se n\u00f3s mesmos a praticarmos.<\/p>\n<p><strong>5\u00aa<\/strong> \u2013 Espero que continuemos sendo homens de esperan\u00e7a, otimistas, seguros da vit\u00f3ria de Cristo, cheios de alegria e da liberdade franciscanas, que prov\u00eam da pobreza e humildade.<\/p><\/blockquote>\n<p>Que sua humilde e nobre alma descanse em paz!<\/p>\n<p><strong>Moacir Beggo<\/strong><\/p>\n","protected":false},"excerpt":{"rendered":"<p>Irm\u00e3 Morte<\/p>\n","protected":false},"author":1,"featured_media":222175,"comment_status":"open","ping_status":"open","sticky":false,"template":"","format":"standard","meta":[],"categories":[1],"tags":[],"acf":[],"yoast_head":"<!-- This site is optimized with the Yoast SEO plugin v19.2 - https:\/\/yoast.com\/wordpress\/plugins\/seo\/ -->\n<title>Falece Frei John Vaughn, ex-Ministro Geral da OFM - Not\u00edcias - Franciscanos<\/title>\n<meta name=\"robots\" content=\"index, follow, max-snippet:-1, max-image-preview:large, max-video-preview:-1\" \/>\n<link rel=\"canonical\" href=\"https:\/\/franciscanos.org.br\/noticias\/falece-frei-john-vaughn-ex-ministro-geral.html\" \/>\n<meta property=\"og:locale\" content=\"pt_BR\" \/>\n<meta property=\"og:type\" content=\"article\" \/>\n<meta property=\"og:title\" content=\"Falece Frei John Vaughn, ex-Ministro Geral da OFM - Not\u00edcias - Franciscanos\" \/>\n<meta property=\"og:description\" content=\"Irm\u00e3 Morte\" \/>\n<meta property=\"og:url\" content=\"https:\/\/franciscanos.org.br\/noticias\/falece-frei-john-vaughn-ex-ministro-geral.html\" \/>\n<meta property=\"og:site_name\" content=\"Not\u00edcias - Franciscanos\" \/>\n<meta property=\"article:published_time\" content=\"2016-10-11T13:18:44+00:00\" \/>\n<meta property=\"article:modified_time\" content=\"2020-03-20T15:29:37+00:00\" \/>\n<meta property=\"og:image\" content=\"https:\/\/franciscanos.org.br\/noticias\/wp-content\/uploads\/2016\/10\/vaughn_111012.jpg\" \/>\n\t<meta property=\"og:image:width\" content=\"273\" \/>\n\t<meta property=\"og:image:height\" content=\"181\" \/>\n\t<meta property=\"og:image:type\" content=\"image\/jpeg\" \/>\n<meta name=\"author\" content=\"admin\" \/>\n<meta name=\"twitter:card\" content=\"summary_large_image\" \/>\n<meta name=\"twitter:label1\" content=\"Escrito por\" \/>\n\t<meta name=\"twitter:data1\" content=\"admin\" \/>\n\t<meta name=\"twitter:label2\" content=\"Est. tempo de leitura\" \/>\n\t<meta name=\"twitter:data2\" content=\"5 minutos\" \/>\n<script type=\"application\/ld+json\" class=\"yoast-schema-graph\">{\"@context\":\"https:\/\/schema.org\",\"@graph\":[{\"@type\":\"WebSite\",\"@id\":\"https:\/\/franciscanos.org.br\/noticias\/#website\",\"url\":\"https:\/\/franciscanos.org.br\/noticias\/\",\"name\":\"Not\u00edcias - Franciscanos\",\"description\":\"Prov\u00edncia Franciscana da Imaculada Concei\u00e7\u00e3o do Brasil - Ordem dos Frades Menores - OFM\",\"potentialAction\":[{\"@type\":\"SearchAction\",\"target\":{\"@type\":\"EntryPoint\",\"urlTemplate\":\"https:\/\/franciscanos.org.br\/noticias\/?s={search_term_string}\"},\"query-input\":\"required name=search_term_string\"}],\"inLanguage\":\"pt-BR\"},{\"@type\":\"ImageObject\",\"inLanguage\":\"pt-BR\",\"@id\":\"https:\/\/franciscanos.org.br\/noticias\/falece-frei-john-vaughn-ex-ministro-geral.html#primaryimage\",\"url\":\"https:\/\/franciscanos.org.br\/noticias\/wp-content\/uploads\/2016\/10\/vaughn_111012.jpg\",\"contentUrl\":\"https:\/\/franciscanos.org.br\/noticias\/wp-content\/uploads\/2016\/10\/vaughn_111012.jpg\",\"width\":273,\"height\":181},{\"@type\":\"WebPage\",\"@id\":\"https:\/\/franciscanos.org.br\/noticias\/falece-frei-john-vaughn-ex-ministro-geral.html#webpage\",\"url\":\"https:\/\/franciscanos.org.br\/noticias\/falece-frei-john-vaughn-ex-ministro-geral.html\",\"name\":\"Falece Frei John Vaughn, ex-Ministro Geral da OFM - Not\u00edcias - Franciscanos\",\"isPartOf\":{\"@id\":\"https:\/\/franciscanos.org.br\/noticias\/#website\"},\"primaryImageOfPage\":{\"@id\":\"https:\/\/franciscanos.org.br\/noticias\/falece-frei-john-vaughn-ex-ministro-geral.html#primaryimage\"},\"datePublished\":\"2016-10-11T13:18:44+00:00\",\"dateModified\":\"2020-03-20T15:29:37+00:00\",\"author\":{\"@id\":\"https:\/\/franciscanos.org.br\/noticias\/#\/schema\/person\/b38fbf43118f02820bd932f2e4b14ad3\"},\"breadcrumb\":{\"@id\":\"https:\/\/franciscanos.org.br\/noticias\/falece-frei-john-vaughn-ex-ministro-geral.html#breadcrumb\"},\"inLanguage\":\"pt-BR\",\"potentialAction\":[{\"@type\":\"ReadAction\",\"target\":[\"https:\/\/franciscanos.org.br\/noticias\/falece-frei-john-vaughn-ex-ministro-geral.html\"]}]},{\"@type\":\"BreadcrumbList\",\"@id\":\"https:\/\/franciscanos.org.br\/noticias\/falece-frei-john-vaughn-ex-ministro-geral.html#breadcrumb\",\"itemListElement\":[{\"@type\":\"ListItem\",\"position\":1,\"name\":\"Home\",\"item\":\"https:\/\/franciscanos.org.br\/noticias\"},{\"@type\":\"ListItem\",\"position\":2,\"name\":\"Falece Frei John Vaughn, ex-Ministro Geral da OFM\"}]},{\"@type\":\"Person\",\"@id\":\"https:\/\/franciscanos.org.br\/noticias\/#\/schema\/person\/b38fbf43118f02820bd932f2e4b14ad3\",\"name\":\"admin\",\"image\":{\"@type\":\"ImageObject\",\"inLanguage\":\"pt-BR\",\"@id\":\"https:\/\/franciscanos.org.br\/noticias\/#\/schema\/person\/image\/\",\"url\":\"https:\/\/secure.gravatar.com\/avatar\/e8495742d34d0ba6448ea1c628263b3e?s=96&d=mm&r=g\",\"contentUrl\":\"https:\/\/secure.gravatar.com\/avatar\/e8495742d34d0ba6448ea1c628263b3e?s=96&d=mm&r=g\",\"caption\":\"admin\"},\"url\":\"https:\/\/franciscanos.org.br\/noticias\/author\/admin\"}]}<\/script>\n<!-- \/ Yoast SEO plugin. -->","yoast_head_json":{"title":"Falece Frei John Vaughn, ex-Ministro Geral da OFM - Not\u00edcias - Franciscanos","robots":{"index":"index","follow":"follow","max-snippet":"max-snippet:-1","max-image-preview":"max-image-preview:large","max-video-preview":"max-video-preview:-1"},"canonical":"https:\/\/franciscanos.org.br\/noticias\/falece-frei-john-vaughn-ex-ministro-geral.html","og_locale":"pt_BR","og_type":"article","og_title":"Falece Frei John Vaughn, ex-Ministro Geral da OFM - Not\u00edcias - Franciscanos","og_description":"Irm\u00e3 Morte","og_url":"https:\/\/franciscanos.org.br\/noticias\/falece-frei-john-vaughn-ex-ministro-geral.html","og_site_name":"Not\u00edcias - Franciscanos","article_published_time":"2016-10-11T13:18:44+00:00","article_modified_time":"2020-03-20T15:29:37+00:00","og_image":[{"width":273,"height":181,"url":"https:\/\/franciscanos.org.br\/noticias\/wp-content\/uploads\/2016\/10\/vaughn_111012.jpg","type":"image\/jpeg"}],"author":"admin","twitter_card":"summary_large_image","twitter_misc":{"Escrito por":"admin","Est. tempo de leitura":"5 minutos"},"schema":{"@context":"https:\/\/schema.org","@graph":[{"@type":"WebSite","@id":"https:\/\/franciscanos.org.br\/noticias\/#website","url":"https:\/\/franciscanos.org.br\/noticias\/","name":"Not\u00edcias - Franciscanos","description":"Prov\u00edncia Franciscana da Imaculada Concei\u00e7\u00e3o do Brasil - Ordem dos Frades Menores - OFM","potentialAction":[{"@type":"SearchAction","target":{"@type":"EntryPoint","urlTemplate":"https:\/\/franciscanos.org.br\/noticias\/?s={search_term_string}"},"query-input":"required name=search_term_string"}],"inLanguage":"pt-BR"},{"@type":"ImageObject","inLanguage":"pt-BR","@id":"https:\/\/franciscanos.org.br\/noticias\/falece-frei-john-vaughn-ex-ministro-geral.html#primaryimage","url":"https:\/\/franciscanos.org.br\/noticias\/wp-content\/uploads\/2016\/10\/vaughn_111012.jpg","contentUrl":"https:\/\/franciscanos.org.br\/noticias\/wp-content\/uploads\/2016\/10\/vaughn_111012.jpg","width":273,"height":181},{"@type":"WebPage","@id":"https:\/\/franciscanos.org.br\/noticias\/falece-frei-john-vaughn-ex-ministro-geral.html#webpage","url":"https:\/\/franciscanos.org.br\/noticias\/falece-frei-john-vaughn-ex-ministro-geral.html","name":"Falece Frei John Vaughn, ex-Ministro Geral da OFM - Not\u00edcias - Franciscanos","isPartOf":{"@id":"https:\/\/franciscanos.org.br\/noticias\/#website"},"primaryImageOfPage":{"@id":"https:\/\/franciscanos.org.br\/noticias\/falece-frei-john-vaughn-ex-ministro-geral.html#primaryimage"},"datePublished":"2016-10-11T13:18:44+00:00","dateModified":"2020-03-20T15:29:37+00:00","author":{"@id":"https:\/\/franciscanos.org.br\/noticias\/#\/schema\/person\/b38fbf43118f02820bd932f2e4b14ad3"},"breadcrumb":{"@id":"https:\/\/franciscanos.org.br\/noticias\/falece-frei-john-vaughn-ex-ministro-geral.html#breadcrumb"},"inLanguage":"pt-BR","potentialAction":[{"@type":"ReadAction","target":["https:\/\/franciscanos.org.br\/noticias\/falece-frei-john-vaughn-ex-ministro-geral.html"]}]},{"@type":"BreadcrumbList","@id":"https:\/\/franciscanos.org.br\/noticias\/falece-frei-john-vaughn-ex-ministro-geral.html#breadcrumb","itemListElement":[{"@type":"ListItem","position":1,"name":"Home","item":"https:\/\/franciscanos.org.br\/noticias"},{"@type":"ListItem","position":2,"name":"Falece Frei John Vaughn, ex-Ministro Geral da OFM"}]},{"@type":"Person","@id":"https:\/\/franciscanos.org.br\/noticias\/#\/schema\/person\/b38fbf43118f02820bd932f2e4b14ad3","name":"admin","image":{"@type":"ImageObject","inLanguage":"pt-BR","@id":"https:\/\/franciscanos.org.br\/noticias\/#\/schema\/person\/image\/","url":"https:\/\/secure.gravatar.com\/avatar\/e8495742d34d0ba6448ea1c628263b3e?s=96&d=mm&r=g","contentUrl":"https:\/\/secure.gravatar.com\/avatar\/e8495742d34d0ba6448ea1c628263b3e?s=96&d=mm&r=g","caption":"admin"},"url":"https:\/\/franciscanos.org.br\/noticias\/author\/admin"}]}},"_links":{"self":[{"href":"https:\/\/franciscanos.org.br\/noticias\/wp-json\/wp\/v2\/posts\/118420"}],"collection":[{"href":"https:\/\/franciscanos.org.br\/noticias\/wp-json\/wp\/v2\/posts"}],"about":[{"href":"https:\/\/franciscanos.org.br\/noticias\/wp-json\/wp\/v2\/types\/post"}],"author":[{"embeddable":true,"href":"https:\/\/franciscanos.org.br\/noticias\/wp-json\/wp\/v2\/users\/1"}],"replies":[{"embeddable":true,"href":"https:\/\/franciscanos.org.br\/noticias\/wp-json\/wp\/v2\/comments?post=118420"}],"version-history":[{"count":1,"href":"https:\/\/franciscanos.org.br\/noticias\/wp-json\/wp\/v2\/posts\/118420\/revisions"}],"predecessor-version":[{"id":222176,"href":"https:\/\/franciscanos.org.br\/noticias\/wp-json\/wp\/v2\/posts\/118420\/revisions\/222176"}],"wp:featuredmedia":[{"embeddable":true,"href":"https:\/\/franciscanos.org.br\/noticias\/wp-json\/wp\/v2\/media\/222175"}],"wp:attachment":[{"href":"https:\/\/franciscanos.org.br\/noticias\/wp-json\/wp\/v2\/media?parent=118420"}],"wp:term":[{"taxonomy":"category","embeddable":true,"href":"https:\/\/franciscanos.org.br\/noticias\/wp-json\/wp\/v2\/categories?post=118420"},{"taxonomy":"post_tag","embeddable":true,"href":"https:\/\/franciscanos.org.br\/noticias\/wp-json\/wp\/v2\/tags?post=118420"}],"curies":[{"name":"wp","href":"https:\/\/api.w.org\/{rel}","templated":true}]}}