{"id":118244,"date":"2016-10-06T09:46:03","date_gmt":"2016-10-06T12:46:03","guid":{"rendered":"http:\/\/franciscanos.org.br\/?p=118244"},"modified":"2019-01-18T17:17:14","modified_gmt":"2019-01-18T19:17:14","slug":"lancamentos-da-semana-20","status":"publish","type":"post","link":"https:\/\/franciscanos.org.br\/noticias\/lancamentos-da-semana-20.html","title":{"rendered":"Lan\u00e7amentos da semana"},"content":{"rendered":"<h3><strong><a href=\"http:\/\/franciscanos.org.br\/wp-content\/uploads\/2016\/10\/profissao.jpg\"><img loading=\"lazy\" class=\"alignleft size-full wp-image-118247\" src=\"http:\/\/franciscanos.org.br\/wp-content\/uploads\/2016\/10\/profissao.jpg\" alt=\"profissao\" width=\"200\" height=\"313\" \/><\/a>Profiss\u00e3o x Voca\u00e7\u00e3o<br \/>\n<\/strong><strong>Quando \u00e9 preciso escolher ou ter coragem para mudar<\/strong><\/h3>\n<p><strong>Anselm Gr\u00fcn e Stefan M\u00fcller<\/strong><\/p>\n<p>Quem sou eu? O que posso? O que quero? V\u00e1rias vezes nos deparamos com essas perguntas quando queremos situar-nos no campo profissional e pessoal. Quando, de modo especial, sentimos o desejo de querer, por exemplo, fazer algo completamente diferente, \u00e9 tempo de um balan\u00e7o provis\u00f3rio.<\/p>\n<p>Anselm Gr\u00fcn e o experiente executivo Stefan M\u00fcller ajudam a fazer uma pausa e descobrir, a partir das experi\u00eancias pessoais no percurso da vida at\u00e9 agora, os talentos e capacidades que constituem nossa personalidade. Assim, podemos reorientar-nos e ter a coragem de partir rumo a uma vida profissional satisfat\u00f3ria.<\/p>\n<p style=\"padding-left: 30px;\"><strong>Anselm Gr\u00fcn<\/strong>, <strong>OSB<\/strong><em>, est\u00e1 entre os mais importantes autores espirituais da atualidade e, por meio de suas confer\u00eancias e de seus semin\u00e1rios, \u00e9 um orientador espiritual para muitas pessoas. \u00c9 formado em Teologia e Administra\u00e7\u00e3o de Empresas. Como ec\u00f4nomo da Abadia Beneditina de M\u00fcnsterschwarach, h\u00e1 mais de 30 anos \u00e9 respons\u00e1vel por mais de 300 funcion\u00e1rios nos diversos empreendimentos do mosteiro.<\/em><\/p>\n<p style=\"padding-left: 30px;\"><strong>Stefan M\u00fcller<\/strong><em>, nascido em 1961, \u00e9 diretor associado da stefen m\u00fcller personal perspecktiven GmbH e trabalha h\u00e1 mais de 20 anos como consultor para o desenvolvimento pessoal e organizacional;\u00e9 professor e autor especializado, contado entre os mais experientes peritos da orienta\u00e7\u00e3o e desenvolvimento profissionais no \u00e2mbito de l\u00edngua alem\u00e3.<\/em><\/p>\n<p><strong>N\u00ba DE P\u00c1GINAS<\/strong><strong>: 192<\/strong><\/p>\n<p>&nbsp;<\/p>\n<h3><strong><a href=\"http:\/\/franciscanos.org.br\/wp-content\/uploads\/2016\/10\/dinamicas.jpg\"><img loading=\"lazy\" class=\"alignleft size-full wp-image-118248\" src=\"http:\/\/franciscanos.org.br\/wp-content\/uploads\/2016\/10\/dinamicas.jpg\" alt=\"dinamicas\" width=\"200\" height=\"316\" \/><\/a>Din\u00e2micas para sa\u00fade e bem-estar em sala de aula<\/strong><\/h3>\n<p><strong>Vilmabel Soares<\/strong><\/p>\n<p>A gera\u00e7\u00e3o infantojuvenil de hoje possui uma postura impulsiva, que por sua vez gera ansiedade e impaci\u00eancia, produzindo mentes inquietas que se refletem em corpos tamb\u00e9m inquietos. Essa inquieta\u00e7\u00e3o compromete n\u00e3o apenas o processo de ensino-aprendizagem, como tamb\u00e9m a sa\u00fade e o bem-estar de nossas crian\u00e7as, adolescentes e dos pr\u00f3prios professores.<\/p>\n<p>Em busca de solu\u00e7\u00f5es para essa problem\u00e1tica, a autora, atrav\u00e9s de suas pesquisas e vivencias durante o curso de p\u00f3s-gradua\u00e7\u00e3o em Arteterapia, reuniu neste livro dezenas de din\u00e2micas para trazer paz, tranquilidade, sa\u00fade e bem-estar em sala de aula, tanto para os alunos quanto para os professores atrav\u00e9s de exerc\u00edcios de visualiza\u00e7\u00e3o mentais positivas, medita\u00e7\u00e3o passiva, medita\u00e7\u00e3o ativa, criatividade, express\u00e3o corporal, relaxamento e mandalas.<\/p>\n<p style=\"padding-left: 30px;\"><strong>Vilmabel Soares<\/strong><em>, Arteterapeuta, com p\u00f3s-gradua\u00e7\u00e3o em Arteterapia pelo Instituto da Fam\u00edlia de Porto Alegre\/RS. Estudou teatro, no Teatro Escola de Porto Alegre.\u00a0 Formada em Matem\u00e1tica Licenciatura Plena pela FURG.\u00a0 Facilitadora do Programa: Como Fazer a Escolha Certa com \u00eanfase em Arteterapia. \u00c9 autora dos livros Pr\u00e1ticas Pedag\u00f3gicas Vivenciais \u2013 exerc\u00edcios para trabalhar: valores, atitudes, afetividade, autoestima, relacionamento interpessoal, intelig\u00eancias m\u00faltiplas e autoconhecimento (Editora Vozes, 2009); Din\u00e2micas de Grupos e Jogos\u00a0 (Editora Vozes, 2012).<\/em><\/p>\n<p><strong>N\u00ba DE P\u00c1GINAS<\/strong><strong>: 112<\/strong><\/p>\n<p>&nbsp;<\/p>\n<h3><strong><a href=\"http:\/\/franciscanos.org.br\/wp-content\/uploads\/2016\/10\/inclusao-digital.jpg\"><img loading=\"lazy\" class=\"alignleft size-full wp-image-118249\" src=\"http:\/\/franciscanos.org.br\/wp-content\/uploads\/2016\/10\/inclusao-digital.jpg\" alt=\"inclusao-digital\" width=\"200\" height=\"292\" \/><\/a>Inclus\u00e3o digital e educa\u00e7\u00e3o<br \/>\n<\/strong><strong>A nova cultura da sala de aula<\/strong><\/h3>\n<p><strong>Magda Pischetola<\/strong><\/p>\n<p>Nos \u00faltimos anos multiplicaram-se as interven\u00e7\u00f5es pol\u00edticas que preveem a inser\u00e7\u00e3o de artefatos tecnol\u00f3gicos nas escolas, com \u00eanfase na mobilidade e na conex\u00e3o. Por\u00e9m, h\u00e1 falta de orienta\u00e7\u00e3o sobre o que fazer com as tecnologias digitais; h\u00e1 pouca discuss\u00e3o sobre as escolhas metodol\u00f3gicas dos professores; h\u00e1 pouco desenvolvimento de habilidades necess\u00e1rias para a utiliza\u00e7\u00e3o cr\u00edtica dos recursos.<\/p>\n<p>A inten\u00e7\u00e3o deste livro \u00e9 contribuir no debate sobre a rela\u00e7\u00e3o entre inclus\u00e3o digital e educa\u00e7\u00e3o, buscando superar a vis\u00e3o da tecnologia como t\u00e9cnica, seja por meio da refer\u00eancia \u00e0s habilidades dos \u201cnativos digitais\u201d, seja quando o computador \u00e9 visto como \u201cferramenta m\u00e1gica\u201d para inovar as pr\u00e1ticas pedag\u00f3gicas.<\/p>\n<p>Para mudar a institui\u00e7\u00e3o escolar \u00e9 preciso reconhecer que as possibilidades t\u00e9cnicas disponibilizadas pela rede n\u00e3o determinam, por si s\u00f3, os comportamentos dos usu\u00e1rios. Para isso, faz-se necess\u00e1rio estabelecer um di\u00e1logo entre a tecnologia e os interesses pedag\u00f3gicos da comunidade escolar, de forma que esta construa seu pr\u00f3prio modelo de incorpora\u00e7\u00e3o das m\u00eddias.<\/p>\n<p style=\"padding-left: 30px;\"><strong>Magda Pischetola<\/strong><em> \u00e9 professora assistente do Departamento de Educa\u00e7\u00e3o da PUC-Rio na \u00e1rea de m\u00eddias. Possui doutorado em Educa\u00e7\u00e3o pela Universit\u00e1Cattolica de Milano, e p\u00f3s-doutorado pela Universidade Federal de Santa Catari<\/em><em>na<\/em><em>. Coordenadora do grupo de pesquisa ForTec \u2013 F<\/em><em>orma\u00e7\u00e3o docente e Tecnologias da<\/em><em> PUC-Rio. Sua \u00e1rea de pesquisa concentra-se sobre alfabetiza\u00e7\u00e3o medi\u00e1tica, inclus\u00e3o digital e forma\u00e7\u00e3o de professores.<\/em><\/p>\n<p><strong>N\u00ba DE P\u00c1GINAS: 168<\/strong><\/p>\n<p>&nbsp;<\/p>\n<h3><strong><a href=\"http:\/\/franciscanos.org.br\/wp-content\/uploads\/2016\/10\/psicologia.jpg\"><img loading=\"lazy\" class=\"alignleft size-full wp-image-118250\" src=\"http:\/\/franciscanos.org.br\/wp-content\/uploads\/2016\/10\/psicologia.jpg\" alt=\"psicologia\" width=\"200\" height=\"309\" \/><\/a>Psicologia, pol\u00edticas e movimentos sociais<\/strong><\/h3>\n<p>Domenico Uhng Hur e Fernando Lacerda J\u00fanior<em> (organizadores)<\/em><\/p>\n<p>Neste livro s\u00e3o analisados movimentos sociais paradigm\u00e1ticos da contemporaneidade: o Movimento de Trabalhadores Sem Terra, o Movimento de L\u00e9sbicas, Gays, Bissexuais e Transg\u00eaneros, as manifesta\u00e7\u00f5es pol\u00edticas de rua atuais, o Movimento Guerrilheiro Armado, a l\u00f3gica terrorista, a rela\u00e7\u00e3o da sociedade com as pol\u00edticas sociais de Estado e a quest\u00e3o de g\u00eanero na m\u00eddia. Tamb\u00e9m oferecemos o modelo de consci\u00eancia pol\u00edtica como importante dispositivo de an\u00e1lise, e um estudo sobre pol\u00edtica e movimentos sociais.<\/p>\n<p>A Psicologia Pol\u00edtica \u00e9 um dos mais f\u00e9rteis campos te\u00f3ricos para a compreens\u00e3o dos movimentos sociais contempor\u00e2neos. Esta potencialidade vem de sua capacidade de articular em seu repert\u00f3rio interpretativo contribui\u00e7\u00f5es te\u00f3ricas e t\u00e9cnicas da Psicologia, Ci\u00eancias Pol\u00edticas, Sociologia e Filosofia. Especialmente na Am\u00e9rica Latina, oferece uma perspectiva plural e m\u00faltipla dos fen\u00f4menos psicossociais, n\u00e3o se restringindo a um psicologismo do social, ou a um sociologismo do ps\u00edquico.<\/p>\n<p>Outro ponto importante vem de sua rela\u00e7\u00e3o com os movimentos sociais. Ressalta-se que este campo visa compreend\u00ea-los, n\u00e3o para control\u00e1-los, mas sim para potencializ\u00e1-los. De tal forma, que a pr\u00f3pria Psicologia Pol\u00edtica \u00e9 resultante de saberes insurgentes e dissidentes produzidos a partir dos movimentos sociais.<\/p>\n<p><strong>N\u00ba DE P\u00c1GINAS<\/strong><strong>: 208<\/strong><\/p>\n<p>&nbsp;<\/p>\n<h3><strong><a href=\"http:\/\/franciscanos.org.br\/wp-content\/uploads\/2016\/10\/territorio-jornalismo.jpg\"><img loading=\"lazy\" class=\"alignleft size-full wp-image-118251\" src=\"http:\/\/franciscanos.org.br\/wp-content\/uploads\/2016\/10\/territorio-jornalismo.jpg\" alt=\"territorio-jornalismo\" width=\"200\" height=\"283\" \/><\/a>Territ\u00f3rios do Jornalismo<br \/>\n<\/strong><strong>Geografias da m\u00eddia local e regional no Brasil<\/strong><\/h3>\n<p><strong>Sonia Aguiar<\/strong><\/p>\n<p>Esta obra tem, na originalidade do enfoque, um de seus m\u00e9ritos para os estudos de jornalismo. Isto porque ela renova, por meio de um quadro te\u00f3rico articulado, os tradicionais trabalhos sobre jornalismo regional ou \u201cdo interior\u201d. Ao adotar uma linguagem que opta pela clareza e simplicidade, somos conduzidos a uma abordagem densa e complexa, em que termos centrais como \u201cregi\u00e3o\u201d, \u201cterrit\u00f3rio\u201d, \u201clocal\u201d, \u201cproximidade\u201d e \u201ccomunit\u00e1rio\u201d ganham tratamento anal\u00edtico refinado e cr\u00edtico, iluminando as interroga\u00e7\u00f5es sobre os cen\u00e1rios de transforma\u00e7\u00e3o do jornalismo devido \u00e0s novas experi\u00eancias territoriais induzidas pelas tecnologias digitais.<\/p>\n<p>A autora supera arestas conceituais de terminologias parciais e nos oferece uma vis\u00e3o ao mesmo tempo plural e integrada de processos espa\u00e7otemporais que atravessam a atividade jornal\u00edstica. A apresenta\u00e7\u00e3o das diferen\u00e7as e nuances nas l\u00f3gicas da espacialidade leva-nos a reconhecer singularidades nas formas como o jornalismo se desenvolve no Brasil.<\/p>\n<p style=\"padding-left: 30px;\"><strong>Sonia Aguiar<\/strong><em>, jornalista graduada pela UFF com Mestrado em Comunica\u00e7\u00e3o pela ECO-UFRJ, resgatou o gosto da inf\u00e2ncia pela Geografia a partir das redes sociais, tema de sua tese de doutorado em Comunica\u00e7\u00e3o\/Ci\u00eancia da Informa\u00e7\u00e3o pelo conv\u00eanio Ibict-ECO-UFRJ. Desde 2010 vinha realizando pesquisas nas fronteiras da Geografia com a comunica\u00e7\u00e3o ambiental, que a aproximaram da quest\u00e3o regional. Foi este interesse que a levou ao p\u00f3s-doutorado em Geografia na UFF. Atualmente \u00e9 professora do curso de jornalismo e do Programa de P\u00f3s-gradua\u00e7\u00e3o em Comunica\u00e7\u00e3o da Universidade Federal de Sergipe.<\/em><\/p>\n<p><strong>N\u00ba DE P\u00c1GINAS: 248<\/strong><\/p>\n<p>&nbsp;<\/p>\n<h3><strong><a href=\"http:\/\/franciscanos.org.br\/wp-content\/uploads\/2016\/10\/toque-as-feridas.jpg\"><img loading=\"lazy\" class=\"alignleft size-full wp-image-118252\" src=\"http:\/\/franciscanos.org.br\/wp-content\/uploads\/2016\/10\/toque-as-feridas.jpg\" alt=\"toque-as-feridas\" width=\"200\" height=\"306\" \/><\/a>Toque as feridas<br \/>\n<\/strong><strong>Sobre sofrimento, confian\u00e7a e a arte da transforma\u00e7\u00e3o<\/strong><\/h3>\n<p><strong>Tom\u00e1\u0160 Hal\u00edk<\/strong><\/p>\n<p>Apesar de toda abertura espiritual, n\u00e3o advogo a \u201ctoler\u00e2ncia ilimitada\u201d, que me parece ser uma express\u00e3o de indiferen\u00e7a e de pregui\u00e7a intelectual, quando se foge ao trabalho de um cuidadoso \u201cdiscernimento dos esp\u00edritos\u201d. Pois n\u00e3o seria ing\u00eanuo e perigoso ignorar que existem tamb\u00e9m \u201cimagens de Deus\u201d destrutivas e que tamb\u00e9m nas tradi\u00e7\u00f5es mais antigas se escondem s\u00edmbolos, afirma\u00e7\u00f5es e hist\u00f3rias que facilmente podem ser transformadas em espadas, e n\u00e3o em arados? Como tudo na vida que \u00e9 grande e existencial, as religi\u00f5es tamb\u00e9m apresentam seus riscos e perigos. Por isso, exijo de todos, juntamente com o Ap\u00f3stolo Tom\u00e9 e S\u00e3o Martinho, que, depois da \u201cmorte de Deus\u201d ou do colapso dos \u00eddolos ir\u00f4nicos, candidatem-se ao trono vazio: \u201cMostrem primeiro as suas feridas!\u201d Pois n\u00e3o acredito mais em \u201creligi\u00f5es ilesas\u201d.<\/p>\n<p>Pertence \u00e0 f\u00e9 crist\u00e3 a coragem de perceber as feridas do nosso mundo e de toc\u00e1-las com a f\u00e9, porque encontramos Deus em todo lugar onde pessoas sofrem.\u00a0E mesmo que algu\u00e9m n\u00e3o possa encontrar Cristo no ambiente tradicional da Igreja, para ele sempre haver\u00e1 a oportunidade de encontr\u00e1-lo nas feridas abertas do nosso mundo.<\/p>\n<p>Em 14 medita\u00e7\u00f5es, Tom\u00e1\u0161 Hal\u00edk mostra que uma f\u00e9 &#8220;sem feridas&#8221; revela-se uma ilus\u00e3o.<\/p>\n<p style=\"padding-left: 30px;\"><strong>Tom\u00e1\u0160 Hal\u00edk<\/strong><em>\u00a0 nasceu em Praga, em 1948. Formou-se em Ci\u00eancias Sociais e Humanas em 1972, na Universidade Charles, Praga. Pouco depois, iniciou, clandestinamente, a forma\u00e7\u00e3o superior em Teologia, que veio a concluir, j\u00e1 depois da queda do muro de Berlim, numa importante universidade pontif\u00edcia de Roma. Foi perseguido, durante a ocupa\u00e7\u00e3o comunista, como \u201cinimigo do regime\u201d. Trabalhou como psicoterapeuta numa unidade de acompanhamento a toxicodependentes. Em 1978, foi ordenado sacerdote e tornou-se um dos assessores mais pr\u00f3ximos do cardeal Tom\u00e1\u0160ek, figura emblem\u00e1tica da chamada \u201cIgreja do Sil\u00eancio\u201d. Com o fim do comunismo, foi nomeado conselheiro do presidente V\u00e1lclav Havel e, posteriormente, Secret\u00e1rio-Geral da Confer\u00eancia Episcopal Checa. Atualmente, ensina Sociologia e Filosofia da Religi\u00e3o na Universidade Charles, em Praga. Tem tamb\u00e9m exercido a doc\u00eancia, como professor convidado, em universidades prestigiadas como Oxford, Cambridge e Harvard. \u00c9 membro da Academia Europ\u00e9ia da Ci\u00eancia e da Arte e foi consultor do Conselho Pontif\u00edcio para Di\u00e1logo com os N\u00e3o-Crentes. Os seus livros est\u00e3o traduzidos em v\u00e1rias l\u00ednguas. Publicou, tamb\u00e9m, A Noite do confessor \u2013 A f\u00e9 crist\u00e3 num mundo de incertezas (Vozes: 2016).<\/em><\/p>\n<p><strong>N\u00ba DE P\u00c1GINAS: 192<\/strong><\/p>\n<p>&nbsp;<\/p>\n<h3><strong><a href=\"http:\/\/franciscanos.org.br\/wp-content\/uploads\/2016\/10\/santa-luzia.jpg\"><img loading=\"lazy\" class=\"alignleft size-full wp-image-118253\" src=\"http:\/\/franciscanos.org.br\/wp-content\/uploads\/2016\/10\/santa-luzia.jpg\" alt=\"santa-luzia\" width=\"200\" height=\"293\" \/><\/a>Santa Luzia<br \/>\n<\/strong><strong>Invocada para prote\u00e7\u00e3o contra doen\u00e7a dos olhos<\/strong><\/h3>\n<p><strong>Elam de Almeida Pimentel<\/strong><\/p>\n<p>A devo\u00e7\u00e3o a Santa Luzia existe desde o S\u00e9culo V, sendo uma das devo\u00e7\u00f5es mais populares do Brasil. Santa Luzia, Santa de Luz, \u00e9 invocada como protetora contra a doen\u00e7a dos olhos.<\/p>\n<p><strong>N\u00ba DE P\u00c1GINAS: 32<\/strong><\/p>\n","protected":false},"excerpt":{"rendered":"<p>Editora Vozes<\/p>\n","protected":false},"author":1,"featured_media":194592,"comment_status":"open","ping_status":"open","sticky":false,"template":"","format":"standard","meta":[],"categories":[1],"tags":[238],"acf":[],"yoast_head":"<!-- This site is optimized with the Yoast SEO plugin v19.2 - https:\/\/yoast.com\/wordpress\/plugins\/seo\/ -->\n<title>Lan\u00e7amentos da semana - Not\u00edcias - Franciscanos<\/title>\n<meta name=\"robots\" content=\"index, follow, max-snippet:-1, max-image-preview:large, max-video-preview:-1\" \/>\n<link rel=\"canonical\" href=\"https:\/\/franciscanos.org.br\/noticias\/lancamentos-da-semana-20.html\" \/>\n<meta property=\"og:locale\" content=\"pt_BR\" \/>\n<meta property=\"og:type\" content=\"article\" \/>\n<meta property=\"og:title\" content=\"Lan\u00e7amentos da semana - Not\u00edcias - Franciscanos\" \/>\n<meta property=\"og:description\" content=\"Editora Vozes\" \/>\n<meta property=\"og:url\" content=\"https:\/\/franciscanos.org.br\/noticias\/lancamentos-da-semana-20.html\" \/>\n<meta property=\"og:site_name\" content=\"Not\u00edcias - Franciscanos\" \/>\n<meta property=\"article:published_time\" content=\"2016-10-06T12:46:03+00:00\" \/>\n<meta property=\"article:modified_time\" content=\"2019-01-18T19:17:14+00:00\" \/>\n<meta property=\"og:image\" content=\"https:\/\/franciscanos.org.br\/noticias\/wp-content\/uploads\/2017\/11\/vozes.png\" \/>\n\t<meta property=\"og:image:width\" content=\"273\" \/>\n\t<meta property=\"og:image:height\" content=\"181\" \/>\n\t<meta property=\"og:image:type\" content=\"image\/png\" \/>\n<meta name=\"author\" content=\"admin\" \/>\n<meta name=\"twitter:card\" content=\"summary_large_image\" \/>\n<meta name=\"twitter:label1\" content=\"Escrito por\" \/>\n\t<meta name=\"twitter:data1\" content=\"admin\" \/>\n\t<meta name=\"twitter:label2\" content=\"Est. tempo de leitura\" \/>\n\t<meta name=\"twitter:data2\" content=\"9 minutos\" \/>\n<script type=\"application\/ld+json\" class=\"yoast-schema-graph\">{\"@context\":\"https:\/\/schema.org\",\"@graph\":[{\"@type\":\"WebSite\",\"@id\":\"https:\/\/franciscanos.org.br\/noticias\/#website\",\"url\":\"https:\/\/franciscanos.org.br\/noticias\/\",\"name\":\"Not\u00edcias - Franciscanos\",\"description\":\"Prov\u00edncia Franciscana da Imaculada Concei\u00e7\u00e3o do Brasil - Ordem dos Frades Menores - OFM\",\"potentialAction\":[{\"@type\":\"SearchAction\",\"target\":{\"@type\":\"EntryPoint\",\"urlTemplate\":\"https:\/\/franciscanos.org.br\/noticias\/?s={search_term_string}\"},\"query-input\":\"required name=search_term_string\"}],\"inLanguage\":\"pt-BR\"},{\"@type\":\"ImageObject\",\"inLanguage\":\"pt-BR\",\"@id\":\"https:\/\/franciscanos.org.br\/noticias\/lancamentos-da-semana-20.html#primaryimage\",\"url\":\"https:\/\/franciscanos.org.br\/noticias\/wp-content\/uploads\/2017\/11\/vozes.png\",\"contentUrl\":\"https:\/\/franciscanos.org.br\/noticias\/wp-content\/uploads\/2017\/11\/vozes.png\",\"width\":273,\"height\":181},{\"@type\":\"WebPage\",\"@id\":\"https:\/\/franciscanos.org.br\/noticias\/lancamentos-da-semana-20.html#webpage\",\"url\":\"https:\/\/franciscanos.org.br\/noticias\/lancamentos-da-semana-20.html\",\"name\":\"Lan\u00e7amentos da semana - Not\u00edcias - Franciscanos\",\"isPartOf\":{\"@id\":\"https:\/\/franciscanos.org.br\/noticias\/#website\"},\"primaryImageOfPage\":{\"@id\":\"https:\/\/franciscanos.org.br\/noticias\/lancamentos-da-semana-20.html#primaryimage\"},\"datePublished\":\"2016-10-06T12:46:03+00:00\",\"dateModified\":\"2019-01-18T19:17:14+00:00\",\"author\":{\"@id\":\"https:\/\/franciscanos.org.br\/noticias\/#\/schema\/person\/b38fbf43118f02820bd932f2e4b14ad3\"},\"breadcrumb\":{\"@id\":\"https:\/\/franciscanos.org.br\/noticias\/lancamentos-da-semana-20.html#breadcrumb\"},\"inLanguage\":\"pt-BR\",\"potentialAction\":[{\"@type\":\"ReadAction\",\"target\":[\"https:\/\/franciscanos.org.br\/noticias\/lancamentos-da-semana-20.html\"]}]},{\"@type\":\"BreadcrumbList\",\"@id\":\"https:\/\/franciscanos.org.br\/noticias\/lancamentos-da-semana-20.html#breadcrumb\",\"itemListElement\":[{\"@type\":\"ListItem\",\"position\":1,\"name\":\"Home\",\"item\":\"https:\/\/franciscanos.org.br\/noticias\"},{\"@type\":\"ListItem\",\"position\":2,\"name\":\"Lan\u00e7amentos da semana\"}]},{\"@type\":\"Person\",\"@id\":\"https:\/\/franciscanos.org.br\/noticias\/#\/schema\/person\/b38fbf43118f02820bd932f2e4b14ad3\",\"name\":\"admin\",\"image\":{\"@type\":\"ImageObject\",\"inLanguage\":\"pt-BR\",\"@id\":\"https:\/\/franciscanos.org.br\/noticias\/#\/schema\/person\/image\/\",\"url\":\"https:\/\/secure.gravatar.com\/avatar\/e8495742d34d0ba6448ea1c628263b3e?s=96&d=mm&r=g\",\"contentUrl\":\"https:\/\/secure.gravatar.com\/avatar\/e8495742d34d0ba6448ea1c628263b3e?s=96&d=mm&r=g\",\"caption\":\"admin\"},\"url\":\"https:\/\/franciscanos.org.br\/noticias\/author\/admin\"}]}<\/script>\n<!-- \/ Yoast SEO plugin. -->","yoast_head_json":{"title":"Lan\u00e7amentos da semana - Not\u00edcias - Franciscanos","robots":{"index":"index","follow":"follow","max-snippet":"max-snippet:-1","max-image-preview":"max-image-preview:large","max-video-preview":"max-video-preview:-1"},"canonical":"https:\/\/franciscanos.org.br\/noticias\/lancamentos-da-semana-20.html","og_locale":"pt_BR","og_type":"article","og_title":"Lan\u00e7amentos da semana - Not\u00edcias - Franciscanos","og_description":"Editora Vozes","og_url":"https:\/\/franciscanos.org.br\/noticias\/lancamentos-da-semana-20.html","og_site_name":"Not\u00edcias - Franciscanos","article_published_time":"2016-10-06T12:46:03+00:00","article_modified_time":"2019-01-18T19:17:14+00:00","og_image":[{"width":273,"height":181,"url":"https:\/\/franciscanos.org.br\/noticias\/wp-content\/uploads\/2017\/11\/vozes.png","type":"image\/png"}],"author":"admin","twitter_card":"summary_large_image","twitter_misc":{"Escrito por":"admin","Est. tempo de leitura":"9 minutos"},"schema":{"@context":"https:\/\/schema.org","@graph":[{"@type":"WebSite","@id":"https:\/\/franciscanos.org.br\/noticias\/#website","url":"https:\/\/franciscanos.org.br\/noticias\/","name":"Not\u00edcias - Franciscanos","description":"Prov\u00edncia Franciscana da Imaculada Concei\u00e7\u00e3o do Brasil - Ordem dos Frades Menores - OFM","potentialAction":[{"@type":"SearchAction","target":{"@type":"EntryPoint","urlTemplate":"https:\/\/franciscanos.org.br\/noticias\/?s={search_term_string}"},"query-input":"required name=search_term_string"}],"inLanguage":"pt-BR"},{"@type":"ImageObject","inLanguage":"pt-BR","@id":"https:\/\/franciscanos.org.br\/noticias\/lancamentos-da-semana-20.html#primaryimage","url":"https:\/\/franciscanos.org.br\/noticias\/wp-content\/uploads\/2017\/11\/vozes.png","contentUrl":"https:\/\/franciscanos.org.br\/noticias\/wp-content\/uploads\/2017\/11\/vozes.png","width":273,"height":181},{"@type":"WebPage","@id":"https:\/\/franciscanos.org.br\/noticias\/lancamentos-da-semana-20.html#webpage","url":"https:\/\/franciscanos.org.br\/noticias\/lancamentos-da-semana-20.html","name":"Lan\u00e7amentos da semana - Not\u00edcias - Franciscanos","isPartOf":{"@id":"https:\/\/franciscanos.org.br\/noticias\/#website"},"primaryImageOfPage":{"@id":"https:\/\/franciscanos.org.br\/noticias\/lancamentos-da-semana-20.html#primaryimage"},"datePublished":"2016-10-06T12:46:03+00:00","dateModified":"2019-01-18T19:17:14+00:00","author":{"@id":"https:\/\/franciscanos.org.br\/noticias\/#\/schema\/person\/b38fbf43118f02820bd932f2e4b14ad3"},"breadcrumb":{"@id":"https:\/\/franciscanos.org.br\/noticias\/lancamentos-da-semana-20.html#breadcrumb"},"inLanguage":"pt-BR","potentialAction":[{"@type":"ReadAction","target":["https:\/\/franciscanos.org.br\/noticias\/lancamentos-da-semana-20.html"]}]},{"@type":"BreadcrumbList","@id":"https:\/\/franciscanos.org.br\/noticias\/lancamentos-da-semana-20.html#breadcrumb","itemListElement":[{"@type":"ListItem","position":1,"name":"Home","item":"https:\/\/franciscanos.org.br\/noticias"},{"@type":"ListItem","position":2,"name":"Lan\u00e7amentos da semana"}]},{"@type":"Person","@id":"https:\/\/franciscanos.org.br\/noticias\/#\/schema\/person\/b38fbf43118f02820bd932f2e4b14ad3","name":"admin","image":{"@type":"ImageObject","inLanguage":"pt-BR","@id":"https:\/\/franciscanos.org.br\/noticias\/#\/schema\/person\/image\/","url":"https:\/\/secure.gravatar.com\/avatar\/e8495742d34d0ba6448ea1c628263b3e?s=96&d=mm&r=g","contentUrl":"https:\/\/secure.gravatar.com\/avatar\/e8495742d34d0ba6448ea1c628263b3e?s=96&d=mm&r=g","caption":"admin"},"url":"https:\/\/franciscanos.org.br\/noticias\/author\/admin"}]}},"_links":{"self":[{"href":"https:\/\/franciscanos.org.br\/noticias\/wp-json\/wp\/v2\/posts\/118244"}],"collection":[{"href":"https:\/\/franciscanos.org.br\/noticias\/wp-json\/wp\/v2\/posts"}],"about":[{"href":"https:\/\/franciscanos.org.br\/noticias\/wp-json\/wp\/v2\/types\/post"}],"author":[{"embeddable":true,"href":"https:\/\/franciscanos.org.br\/noticias\/wp-json\/wp\/v2\/users\/1"}],"replies":[{"embeddable":true,"href":"https:\/\/franciscanos.org.br\/noticias\/wp-json\/wp\/v2\/comments?post=118244"}],"version-history":[{"count":0,"href":"https:\/\/franciscanos.org.br\/noticias\/wp-json\/wp\/v2\/posts\/118244\/revisions"}],"wp:featuredmedia":[{"embeddable":true,"href":"https:\/\/franciscanos.org.br\/noticias\/wp-json\/wp\/v2\/media\/194592"}],"wp:attachment":[{"href":"https:\/\/franciscanos.org.br\/noticias\/wp-json\/wp\/v2\/media?parent=118244"}],"wp:term":[{"taxonomy":"category","embeddable":true,"href":"https:\/\/franciscanos.org.br\/noticias\/wp-json\/wp\/v2\/categories?post=118244"},{"taxonomy":"post_tag","embeddable":true,"href":"https:\/\/franciscanos.org.br\/noticias\/wp-json\/wp\/v2\/tags?post=118244"}],"curies":[{"name":"wp","href":"https:\/\/api.w.org\/{rel}","templated":true}]}}