{"id":118220,"date":"2016-10-06T07:09:59","date_gmt":"2016-10-06T10:09:59","guid":{"rendered":"http:\/\/franciscanos.org.br\/?p=118220"},"modified":"2020-06-09T14:54:31","modified_gmt":"2020-06-09T17:54:31","slug":"o-espirito-impele-a-igreja-doutrinas-apenas-encantam","status":"publish","type":"post","link":"https:\/\/franciscanos.org.br\/noticias\/o-espirito-impele-a-igreja-doutrinas-apenas-encantam.html","title":{"rendered":"&#8220;O Esp\u00edrito impele a Igreja, doutrinas apenas encantam&#8221;"},"content":{"rendered":"<p><img loading=\"lazy\" src=\"http:\/\/franciscanos.org.br\/wp-content\/uploads\/2016\/10\/papa_061016.jpg\" alt=\"papa_061016\" width=\"820\" height=\"439\" \/><\/p>\n<p><strong>Cidade do Vaticano<\/strong> \u00a0&#8211; O Papa Francisco celebrou a missa, na manh\u00e3 desta quinta-feira (06\/10), na capela da Casa Santa Marta.\u00a0As leituras do dia falam do Esp\u00edrito Santo. \u201c\u00c9 o grande dom do Pai. \u00c9 a for\u00e7a que faz a Igreja sair com coragem para chegar aos confins da terra. O Esp\u00edrito \u00e9 o protagonista deste caminhar da Igreja. Sem Ele, h\u00e1 fechamento, medo\u201d, disse o Pont\u00edfice.<\/p>\n<p>O Papa indicou tr\u00eas comportamentos que podemos ter com o Esp\u00edrito. O primeiro \u00e9 a reprova\u00e7\u00e3o que S\u00e3o Paulo faz aos G\u00e1latas: o crer de serem justificados pela Lei e n\u00e3o por Jesus \u201cque d\u00e1 sentido \u00e0 Lei\u201d. E assim, eram \u201cmuito r\u00edgidos\u201d. S\u00e3o os mesmos que atacavam Jesus e que o Senhor chamava de \u201chip\u00f3critas\u201d: \u201cEste apego \u00e0 Lei faz ignorar o Esp\u00edrito Santo. N\u00e3o deixa que a for\u00e7a da reden\u00e7\u00e3o de Cristo se sobressaia com o Esp\u00edrito Santo. Ignora. Existe somente a Lei. \u00c9 verdade que existem os Mandamentos e n\u00f3s devemos seguir os Mandamentos, mas sempre pela gra\u00e7a deste grande dom que o Pai nos deu, seu Filho, dom do Esp\u00edrito Santo. Assim, se entende a Lei, e n\u00e3o reduzir o Esp\u00edrito e o Filho \u00e0 Lei. Este era o problema daquela gente: ignoravam o Esp\u00edrito Santo e n\u00e3o sabiam ir adiante. Eram fechados, fechados nas prescri\u00e7\u00f5es: se deve fazer isso, se deve fazer aquilo. \u00c0s vezes, pode nos acontecer de cair na mesma tenta\u00e7\u00e3o\u201d.<\/p>\n<p>Os Doutores da Lei, afirma o Papa, \u201cencantam com as ideias\u201d: \u201cPorque as ideologias encantam e Paulo diz, aqui: \u00d3 g\u00e1latas insensatos, quem \u00e9 que vos fascinou? Aqueles que pregam com ideologias: \u00e9 tudo justo! Encantam: tudo claro! Mas, a revela\u00e7\u00e3o de Deus n\u00e3o \u00e9 clara? A revela\u00e7\u00e3o de Deus se encontra todos os dias, mais e mais. A caminho sempre. \u00c9 clara? Sim! Clar\u00edssima! \u00c9 Ele, mas n\u00f3s devemos encontr\u00e1-la a caminho. Aqueles que creem que possuem toda a verdade nas m\u00e3os n\u00e3o s\u00e3o ignorantes, Paulo diz: Insensatos! Pois se deixaram encantar\u201d.<\/p>\n<p>A segunda atitude \u00e9 entristecer o Esp\u00edrito Santo: acontece \u201cquando n\u00e3o deixamos que Ele nos inspire, nos leve avante na vida crist\u00e3\u201d, quando \u201cn\u00e3o deixamos que Ele nos diga, n\u00e3o com a teologia da Lei, mas com a liberdade do Esp\u00edrito, o que devemos fazer\u201d. Assim \u2013 explica o Papa \u2013 \u201cnos tornamos mornos\u201d, ca\u00edmos na \u201cmediocridade crist\u00e3\u201d, porque o Esp\u00edrito Santo \u201cn\u00e3o pode fazer a grande obra em n\u00f3s\u201d.<\/p>\n<p>Ao inv\u00e9s, a terceira atitude \u201c\u00e9 abrir-se ao Esp\u00edrito Santo e deixar que o Esp\u00edrito nos leve avante. \u00c9 o que fizeram os Ap\u00f3stolos: a coragem do dia de Pentecostes. Perderam o medo e se abriram ao Esp\u00edrito Santo\u201d. \u201cPara entender, para acolher as palavras de Jesus \u2013 afirmou o Papa &#8211; \u00e9 necess\u00e1rio abrir-se \u00e0 for\u00e7a do Esp\u00edrito Santo. E quando um homem, uma mulher se abre ao Esp\u00edrito Santo \u00e9 como um barco \u00e0 vela que se deixa levar pelo vento e vai avante, avante, avante e n\u00e3o para mais\u201d. Mas \u00e9 preciso \u201crezar para abrir-se ao Esp\u00edrito Santo\u201d: \u201cN\u00f3s podemos nos perguntar hoje, num momento do dia, eu ignoro o Esp\u00edrito Santo? E sei que se vou \u00e0 Missa aos domingos, se fa\u00e7o isso, se fa\u00e7o aquilo \u00e9 suficiente? Segundo: a minha vida \u00e9 uma vida pela metade, morna, que entristece o Esp\u00edrito Santo e n\u00e3o deixa em mim a for\u00e7a de ir avante, de abrir-me, ou a minha vida \u00e9 uma ora\u00e7\u00e3o cont\u00ednua para abrir-se ao Esp\u00edrito Santo, para que Ele me leve avante com a alegria do Evangelho e me fa\u00e7a entender a doutrina de Jesus, a verdadeira doutrina, aquela que n\u00e3o encanta, aquela que n\u00e3o nos faz tolos, mas a verdadeira? E nos fa\u00e7a entender onde est\u00e1 a nossa fraqueza, aquela que O entristece; e nos leve avante, levando avante tamb\u00e9m o nome de Jesus aos outros e ensinando o caminho da salva\u00e7\u00e3o. Que o Senhor nos d\u00ea esta gra\u00e7a: abrir-nos ao Esp\u00edrito Santo para n\u00e3o nos tornar tolos, encantados, nem homens e mulheres que entristecem o Esp\u00edrito\u201d.<\/p>\n<hr \/>\n<p><em>Fonte: R\u00e1dio Vaticano<\/em><\/p>\n","protected":false},"excerpt":{"rendered":"<p>Missa em Santa Marta<\/p>\n","protected":false},"author":1,"featured_media":222217,"comment_status":"open","ping_status":"open","sticky":false,"template":"","format":"standard","meta":[],"categories":[1428],"tags":[1586],"acf":[],"yoast_head":"<!-- This site is optimized with the Yoast SEO plugin v19.2 - https:\/\/yoast.com\/wordpress\/plugins\/seo\/ -->\n<title>&quot;O Esp\u00edrito impele a Igreja, doutrinas apenas encantam&quot; - Not\u00edcias - Franciscanos<\/title>\n<meta name=\"robots\" content=\"index, follow, max-snippet:-1, max-image-preview:large, max-video-preview:-1\" \/>\n<link rel=\"canonical\" href=\"https:\/\/franciscanos.org.br\/noticias\/o-espirito-impele-a-igreja-doutrinas-apenas-encantam.html\" \/>\n<meta property=\"og:locale\" content=\"pt_BR\" \/>\n<meta property=\"og:type\" content=\"article\" \/>\n<meta property=\"og:title\" content=\"&quot;O Esp\u00edrito impele a Igreja, doutrinas apenas encantam&quot; - Not\u00edcias - Franciscanos\" \/>\n<meta property=\"og:description\" content=\"Missa em Santa Marta\" \/>\n<meta property=\"og:url\" content=\"https:\/\/franciscanos.org.br\/noticias\/o-espirito-impele-a-igreja-doutrinas-apenas-encantam.html\" \/>\n<meta property=\"og:site_name\" content=\"Not\u00edcias - Franciscanos\" \/>\n<meta property=\"article:published_time\" content=\"2016-10-06T10:09:59+00:00\" \/>\n<meta property=\"article:modified_time\" content=\"2020-06-09T17:54:31+00:00\" \/>\n<meta property=\"og:image\" content=\"https:\/\/franciscanos.org.br\/noticias\/wp-content\/uploads\/2016\/10\/papa_061016.jpg\" \/>\n\t<meta property=\"og:image:width\" content=\"273\" \/>\n\t<meta property=\"og:image:height\" content=\"181\" \/>\n\t<meta property=\"og:image:type\" content=\"image\/jpeg\" \/>\n<meta name=\"author\" content=\"admin\" \/>\n<meta name=\"twitter:card\" content=\"summary_large_image\" \/>\n<meta name=\"twitter:label1\" content=\"Escrito por\" \/>\n\t<meta name=\"twitter:data1\" content=\"admin\" \/>\n\t<meta name=\"twitter:label2\" content=\"Est. tempo de leitura\" \/>\n\t<meta name=\"twitter:data2\" content=\"4 minutos\" \/>\n<script type=\"application\/ld+json\" class=\"yoast-schema-graph\">{\"@context\":\"https:\/\/schema.org\",\"@graph\":[{\"@type\":\"WebSite\",\"@id\":\"https:\/\/franciscanos.org.br\/noticias\/#website\",\"url\":\"https:\/\/franciscanos.org.br\/noticias\/\",\"name\":\"Not\u00edcias - Franciscanos\",\"description\":\"Prov\u00edncia Franciscana da Imaculada Concei\u00e7\u00e3o do Brasil - Ordem dos Frades Menores - OFM\",\"potentialAction\":[{\"@type\":\"SearchAction\",\"target\":{\"@type\":\"EntryPoint\",\"urlTemplate\":\"https:\/\/franciscanos.org.br\/noticias\/?s={search_term_string}\"},\"query-input\":\"required name=search_term_string\"}],\"inLanguage\":\"pt-BR\"},{\"@type\":\"ImageObject\",\"inLanguage\":\"pt-BR\",\"@id\":\"https:\/\/franciscanos.org.br\/noticias\/o-espirito-impele-a-igreja-doutrinas-apenas-encantam.html#primaryimage\",\"url\":\"https:\/\/franciscanos.org.br\/noticias\/wp-content\/uploads\/2016\/10\/papa_061016.jpg\",\"contentUrl\":\"https:\/\/franciscanos.org.br\/noticias\/wp-content\/uploads\/2016\/10\/papa_061016.jpg\",\"width\":273,\"height\":181},{\"@type\":\"WebPage\",\"@id\":\"https:\/\/franciscanos.org.br\/noticias\/o-espirito-impele-a-igreja-doutrinas-apenas-encantam.html#webpage\",\"url\":\"https:\/\/franciscanos.org.br\/noticias\/o-espirito-impele-a-igreja-doutrinas-apenas-encantam.html\",\"name\":\"\\\"O Esp\u00edrito impele a Igreja, doutrinas apenas encantam\\\" - Not\u00edcias - Franciscanos\",\"isPartOf\":{\"@id\":\"https:\/\/franciscanos.org.br\/noticias\/#website\"},\"primaryImageOfPage\":{\"@id\":\"https:\/\/franciscanos.org.br\/noticias\/o-espirito-impele-a-igreja-doutrinas-apenas-encantam.html#primaryimage\"},\"datePublished\":\"2016-10-06T10:09:59+00:00\",\"dateModified\":\"2020-06-09T17:54:31+00:00\",\"author\":{\"@id\":\"https:\/\/franciscanos.org.br\/noticias\/#\/schema\/person\/b38fbf43118f02820bd932f2e4b14ad3\"},\"breadcrumb\":{\"@id\":\"https:\/\/franciscanos.org.br\/noticias\/o-espirito-impele-a-igreja-doutrinas-apenas-encantam.html#breadcrumb\"},\"inLanguage\":\"pt-BR\",\"potentialAction\":[{\"@type\":\"ReadAction\",\"target\":[\"https:\/\/franciscanos.org.br\/noticias\/o-espirito-impele-a-igreja-doutrinas-apenas-encantam.html\"]}]},{\"@type\":\"BreadcrumbList\",\"@id\":\"https:\/\/franciscanos.org.br\/noticias\/o-espirito-impele-a-igreja-doutrinas-apenas-encantam.html#breadcrumb\",\"itemListElement\":[{\"@type\":\"ListItem\",\"position\":1,\"name\":\"Home\",\"item\":\"https:\/\/franciscanos.org.br\/noticias\"},{\"@type\":\"ListItem\",\"position\":2,\"name\":\"&#8220;O Esp\u00edrito impele a Igreja, doutrinas apenas encantam&#8221;\"}]},{\"@type\":\"Person\",\"@id\":\"https:\/\/franciscanos.org.br\/noticias\/#\/schema\/person\/b38fbf43118f02820bd932f2e4b14ad3\",\"name\":\"admin\",\"image\":{\"@type\":\"ImageObject\",\"inLanguage\":\"pt-BR\",\"@id\":\"https:\/\/franciscanos.org.br\/noticias\/#\/schema\/person\/image\/\",\"url\":\"https:\/\/secure.gravatar.com\/avatar\/e8495742d34d0ba6448ea1c628263b3e?s=96&d=mm&r=g\",\"contentUrl\":\"https:\/\/secure.gravatar.com\/avatar\/e8495742d34d0ba6448ea1c628263b3e?s=96&d=mm&r=g\",\"caption\":\"admin\"},\"url\":\"https:\/\/franciscanos.org.br\/noticias\/author\/admin\"}]}<\/script>\n<!-- \/ Yoast SEO plugin. -->","yoast_head_json":{"title":"\"O Esp\u00edrito impele a Igreja, doutrinas apenas encantam\" - Not\u00edcias - Franciscanos","robots":{"index":"index","follow":"follow","max-snippet":"max-snippet:-1","max-image-preview":"max-image-preview:large","max-video-preview":"max-video-preview:-1"},"canonical":"https:\/\/franciscanos.org.br\/noticias\/o-espirito-impele-a-igreja-doutrinas-apenas-encantam.html","og_locale":"pt_BR","og_type":"article","og_title":"\"O Esp\u00edrito impele a Igreja, doutrinas apenas encantam\" - Not\u00edcias - Franciscanos","og_description":"Missa em Santa Marta","og_url":"https:\/\/franciscanos.org.br\/noticias\/o-espirito-impele-a-igreja-doutrinas-apenas-encantam.html","og_site_name":"Not\u00edcias - Franciscanos","article_published_time":"2016-10-06T10:09:59+00:00","article_modified_time":"2020-06-09T17:54:31+00:00","og_image":[{"width":273,"height":181,"url":"https:\/\/franciscanos.org.br\/noticias\/wp-content\/uploads\/2016\/10\/papa_061016.jpg","type":"image\/jpeg"}],"author":"admin","twitter_card":"summary_large_image","twitter_misc":{"Escrito por":"admin","Est. tempo de leitura":"4 minutos"},"schema":{"@context":"https:\/\/schema.org","@graph":[{"@type":"WebSite","@id":"https:\/\/franciscanos.org.br\/noticias\/#website","url":"https:\/\/franciscanos.org.br\/noticias\/","name":"Not\u00edcias - Franciscanos","description":"Prov\u00edncia Franciscana da Imaculada Concei\u00e7\u00e3o do Brasil - Ordem dos Frades Menores - OFM","potentialAction":[{"@type":"SearchAction","target":{"@type":"EntryPoint","urlTemplate":"https:\/\/franciscanos.org.br\/noticias\/?s={search_term_string}"},"query-input":"required name=search_term_string"}],"inLanguage":"pt-BR"},{"@type":"ImageObject","inLanguage":"pt-BR","@id":"https:\/\/franciscanos.org.br\/noticias\/o-espirito-impele-a-igreja-doutrinas-apenas-encantam.html#primaryimage","url":"https:\/\/franciscanos.org.br\/noticias\/wp-content\/uploads\/2016\/10\/papa_061016.jpg","contentUrl":"https:\/\/franciscanos.org.br\/noticias\/wp-content\/uploads\/2016\/10\/papa_061016.jpg","width":273,"height":181},{"@type":"WebPage","@id":"https:\/\/franciscanos.org.br\/noticias\/o-espirito-impele-a-igreja-doutrinas-apenas-encantam.html#webpage","url":"https:\/\/franciscanos.org.br\/noticias\/o-espirito-impele-a-igreja-doutrinas-apenas-encantam.html","name":"\"O Esp\u00edrito impele a Igreja, doutrinas apenas encantam\" - Not\u00edcias - Franciscanos","isPartOf":{"@id":"https:\/\/franciscanos.org.br\/noticias\/#website"},"primaryImageOfPage":{"@id":"https:\/\/franciscanos.org.br\/noticias\/o-espirito-impele-a-igreja-doutrinas-apenas-encantam.html#primaryimage"},"datePublished":"2016-10-06T10:09:59+00:00","dateModified":"2020-06-09T17:54:31+00:00","author":{"@id":"https:\/\/franciscanos.org.br\/noticias\/#\/schema\/person\/b38fbf43118f02820bd932f2e4b14ad3"},"breadcrumb":{"@id":"https:\/\/franciscanos.org.br\/noticias\/o-espirito-impele-a-igreja-doutrinas-apenas-encantam.html#breadcrumb"},"inLanguage":"pt-BR","potentialAction":[{"@type":"ReadAction","target":["https:\/\/franciscanos.org.br\/noticias\/o-espirito-impele-a-igreja-doutrinas-apenas-encantam.html"]}]},{"@type":"BreadcrumbList","@id":"https:\/\/franciscanos.org.br\/noticias\/o-espirito-impele-a-igreja-doutrinas-apenas-encantam.html#breadcrumb","itemListElement":[{"@type":"ListItem","position":1,"name":"Home","item":"https:\/\/franciscanos.org.br\/noticias"},{"@type":"ListItem","position":2,"name":"&#8220;O Esp\u00edrito impele a Igreja, doutrinas apenas encantam&#8221;"}]},{"@type":"Person","@id":"https:\/\/franciscanos.org.br\/noticias\/#\/schema\/person\/b38fbf43118f02820bd932f2e4b14ad3","name":"admin","image":{"@type":"ImageObject","inLanguage":"pt-BR","@id":"https:\/\/franciscanos.org.br\/noticias\/#\/schema\/person\/image\/","url":"https:\/\/secure.gravatar.com\/avatar\/e8495742d34d0ba6448ea1c628263b3e?s=96&d=mm&r=g","contentUrl":"https:\/\/secure.gravatar.com\/avatar\/e8495742d34d0ba6448ea1c628263b3e?s=96&d=mm&r=g","caption":"admin"},"url":"https:\/\/franciscanos.org.br\/noticias\/author\/admin"}]}},"_links":{"self":[{"href":"https:\/\/franciscanos.org.br\/noticias\/wp-json\/wp\/v2\/posts\/118220"}],"collection":[{"href":"https:\/\/franciscanos.org.br\/noticias\/wp-json\/wp\/v2\/posts"}],"about":[{"href":"https:\/\/franciscanos.org.br\/noticias\/wp-json\/wp\/v2\/types\/post"}],"author":[{"embeddable":true,"href":"https:\/\/franciscanos.org.br\/noticias\/wp-json\/wp\/v2\/users\/1"}],"replies":[{"embeddable":true,"href":"https:\/\/franciscanos.org.br\/noticias\/wp-json\/wp\/v2\/comments?post=118220"}],"version-history":[{"count":2,"href":"https:\/\/franciscanos.org.br\/noticias\/wp-json\/wp\/v2\/posts\/118220\/revisions"}],"predecessor-version":[{"id":225596,"href":"https:\/\/franciscanos.org.br\/noticias\/wp-json\/wp\/v2\/posts\/118220\/revisions\/225596"}],"wp:featuredmedia":[{"embeddable":true,"href":"https:\/\/franciscanos.org.br\/noticias\/wp-json\/wp\/v2\/media\/222217"}],"wp:attachment":[{"href":"https:\/\/franciscanos.org.br\/noticias\/wp-json\/wp\/v2\/media?parent=118220"}],"wp:term":[{"taxonomy":"category","embeddable":true,"href":"https:\/\/franciscanos.org.br\/noticias\/wp-json\/wp\/v2\/categories?post=118220"},{"taxonomy":"post_tag","embeddable":true,"href":"https:\/\/franciscanos.org.br\/noticias\/wp-json\/wp\/v2\/tags?post=118220"}],"curies":[{"name":"wp","href":"https:\/\/api.w.org\/{rel}","templated":true}]}}