{"id":117893,"date":"2016-10-03T08:24:45","date_gmt":"2016-10-03T11:24:45","guid":{"rendered":"http:\/\/franciscanos.org.br\/?p=117893"},"modified":"2020-06-09T14:58:05","modified_gmt":"2020-06-09T17:58:05","slug":"papa-no-aviao-perguntem-o-que-quiserem","status":"publish","type":"post","link":"https:\/\/franciscanos.org.br\/noticias\/papa-no-aviao-perguntem-o-que-quiserem.html","title":{"rendered":"Papa no avi\u00e3o: &#8220;Perguntem o que quiserem\u201d"},"content":{"rendered":"<p><img loading=\"lazy\" src=\"http:\/\/franciscanos.org.br\/wp-content\/uploads\/2016\/10\/papa_031016_1.jpg\" alt=\"papa_031016_1\" width=\"820\" height=\"436\" \/><\/p>\n<p><strong>Cidade do Vaticano<\/strong> &#8211; &#8220;Obrigado como sempre pelo trabalho de voc\u00eas. Perguntem o que quiserem\u201d, disse o Papa Francisco aos jornalistas que o acompanharam nos tr\u00eas dias de viagem ao C\u00e1ucaso, primeiro \u00e0 Ge\u00f3rgia e depois ao Azerbaij\u00e3o. Na coletiva de imprensa, a primeira tendo ao lado o novo Diretor da Sala de Imprensa, Georg Burke, o Pont\u00edfice comentou suas impress\u00f5es sobre os dois pa\u00edses visitados, falou das pr\u00f3ximas viagens, do Consist\u00f3rio e das elei\u00e7\u00f5es nos Estados Unidos. Eis os principais trechos.<\/p>\n<p>Uma jornalista georgiana afirmou que os cidad\u00e3os da Ge\u00f3rgia ficaram muito impressionados pelos discursos de Francisco e de modo especial pela foto do Papa junto com o Patriarca que foi compartilha milhares de vezes nas redes sociais. A pergunta foi sobre uma futura colabora\u00e7\u00e3o com as Igrejas Ortodoxas em rela\u00e7\u00e3o \u00e0s diferen\u00e7as doutrinas.<\/p>\n<p><strong>Papa Francisco:<\/strong><\/p>\n<p>Eu tive duas surpresas na Ge\u00f3rgia. Uma \u00e9 a Ge\u00f3rgia. Eu nunca imaginei tanta cultura, tanta f\u00e9, tanta cristandade. Um povo crente, com uma cultura crist\u00e3 muito antiga, um povo de muitos m\u00e1rtires. E eu descobri uma coisa que n\u00e3o conhecia: a amplid\u00e3o desta f\u00e9 georgiana. A segunda surpresa foi o Patriarca: \u00e9 um homem de Deus, este homem me comoveu. As vezes que eu o encontrei sa\u00ed com o cora\u00e7\u00e3o emocionado, e com a sensa\u00e7\u00e3o de ter encontrado um homem de Deus. Verdadeiramente, um homem de Deus. Sobre as coisas que nos unem e nos separam, eu diria: n\u00e3o vamos discutir as quest\u00f5es de doutrina, vamos deix\u00e1-las para os te\u00f3logos, eles sabem fazer isso melhor do que n\u00f3s. Discutem e s\u00e3o bravos, s\u00e3o bons, t\u00eam boa vontade; os te\u00f3logos de uma parte e da outra. O que devemos fazer n\u00f3s, o povo? Rezar uns pelos outros. Isso \u00e9 muito importante: a ora\u00e7\u00e3o. E segundo, fazer as coisas juntos: h\u00e1 os pobres, trabalhemos juntos com os pobres; h\u00e1 este problema, podemos resolv\u00ea-los juntos? Vamos fazer isso juntos; h\u00e1 os migrantes? Vamos trabalhar juntos\u2026 Vamos fazer as coisas de bem pelos outros, juntos. Isso podemos fazer. E este \u00e9 o caminho do ecumenismo. N\u00e3o s\u00f3 o caminho da doutrina: este \u00e9 o \u00faltimo; se chegar\u00e1 ao fim. Mas vamos come\u00e7ar a caminhar juntos. E com boa vontade, isso pode ser feito, se deve fazer. Hoje o ecumenismo se deve fazer caminhando juntos, rezando uns pelos outros. E que os te\u00f3logos continuem conversando entre eles, estudando entre eles. N\u00e3o s\u00f3\u2026 Mas a G\u00e9orgia \u00e9 maravilhosa, \u00e9 algo que eu n\u00e3o esperava: uma Na\u00e7\u00e3o crist\u00e3, mas na medula\u2026<\/p>\n<p><strong>Matrim\u00f4nio e div\u00f3rcio<\/strong><\/p>\n<p>Em rela\u00e7\u00e3o ao matrim\u00f4nio e div\u00f3rcio, o Papa sublinhou que o matrim\u00f4nio como imagem de Deus \u00e9 a uni\u00e3o entre homem e mulher. \u201cA imagem de Deus n\u00e3o \u00e9 o homem, mas o homem com a mulher que formam uma s\u00f3 carne quando se unem no casamento. Esta \u00e9 a verdade\u201d, sublinhou.<br \/>\nSegundo o pont\u00edfice, nesta cultura os conflitos e problemas n\u00e3o s\u00e3o bem administrados, como tamb\u00e9m as filosofias de hoje: fa\u00e7o isso, depois quando me canso fa\u00e7o aquilo, fa\u00e7o o terceiro e o quarto; \u00e9 uma guerra mundial contra o matrim\u00f4nio. \u201cDevemos estar atentos a n\u00e3o deixar entrar em n\u00f3s essas ideias. O matrim\u00f4nio \u00e9 imagem de Deus, homem e mulher numa s\u00f3 carne. Quando isso \u00e9 destru\u00eddo, se suja ou se desfigura a imagem de Deus. A Amoris laetitia fala sobre como tratar estes casos, como tratar as fam\u00edlias feridas e aqui entra a miseric\u00f3rdia. O matrim\u00f4nio ferido, os casais feridos: entra a miseric\u00f3rdia. O princ\u00edpio \u00e9 este, mas as fraquezas humanas e os pecados existem. Por\u00e9m, a fraqueza e o pecado n\u00e3o t\u00eam a \u00faltima palavra. A \u00faltima palavra \u00e9 a da miseric\u00f3rdia! Na Amoris laetitia se fala de matrim\u00f4nio, do fundamento do matrim\u00f4nio, como se preparar ao matrim\u00f4nio, como educar os filhos, e no cap\u00edtulo VIII, quando v\u00eam os problemas, como se resolvem. Se resolvem com quatro crit\u00e9rios: acolher as fam\u00edlias feridas, acompanhar, discernir cada caso e integrar, refazer. Isto significa colaborar nesta segunda fase, nesta recria\u00e7\u00e3o maravilhosa que o Senhor fez atrav\u00e9s da reden\u00e7\u00e3o. Existe o pecado, a ruptura, mas tamb\u00e9m a miseric\u00f3rdia, a reden\u00e7\u00e3o: a cura.\u201d<\/p>\n<p><strong>Teoria de g\u00eanero<\/strong><\/p>\n<p>Sobre a teoria de g\u00eanero, definida pelo Papa Francisco como \u201cgrande inimiga, uma amea\u00e7a contra o matrim\u00f4nio\u201d, o pont\u00edfice disse que acompanhou em sua vida de sacerdote as pessoas com tend\u00eancias e pr\u00e1ticas homossexuais.<\/p>\n<p>\u201cEu as acompanhei e aproximei do Senhor. Nunca abandonei ningu\u00e9m. As pessoas devem ser acompanhadas como as acompanha Jesus. Quando uma pessoa tem essa condi\u00e7\u00e3o e chega diante de Jesus, o Senhor n\u00e3o lhe dir\u00e1: Vai embora porque voc\u00ea \u00e9 homossexual! N\u00e3o! Eu me referi sobre a maldade que se faz hoje com a doutrina\u00e7\u00e3o da teoria de g\u00eanero. Uma coisa \u00e9 a pessoa ter essa tend\u00eancia, essa op\u00e7\u00e3o, e tamb\u00e9m quem muda de sexo. Outra coisa \u00e9 ensinar nas escolas esta linha para mudar a mentalidade. Isso eu chamo de coloniza\u00e7\u00f5es ideol\u00f3gicas\u201d, disse o Papa.<\/p>\n<p>O Santo Padre disse que no ano passado recebeu uma carta de um espanhol que contou a sua hist\u00f3ria de quando era menino e garoto. Era uma menina, uma garota e sofreu muito porque se sentia garoto, mas fisicamente era uma garota. Quando se tornou adulto foi operado, mudou sua identidade civil, se casou e trabalha no minist\u00e9rio.<br \/>\n\u201cAs tend\u00eancias ou desequil\u00edbrios hormonais causam muitos problemas e devemos estar atentos a n\u00e3o dizer: \u00c9 tudo a mesma coisa! Mas acolher, acompanhar, estudar, discernir e integrar cada caso, sempre com a miseric\u00f3rdia de Deus.\u201d<\/p>\n<p><strong>Consist\u00f3rio<\/strong><\/p>\n<p>O Papa Francisco falou ainda do pr\u00f3ximo Consist\u00f3rio, para o qual foram propostas tr\u00eas datas, sendo uma delas o primeiro Domingo do Advento, e que decidir\u00e1 voltando desta viagem ao C\u00e1ucaso. Sobre a escolha dos cardeais, o Pont\u00edfice disse que est\u00e1 estudando os nomes. \u201cA lista \u00e9 longa, mas h\u00e1 somente 13 lugares\u201d, afirmou, acrescentando que lhe agrada a ideia de ver a universalidade da Igreja no Col\u00e9gio cardinal\u00edcio. \u201cN\u00e3o somente o centro \u2013 por assim dizer \u2013 \u2018europeu\u2019. Os cinco continentes, se poss\u00edvel.\u201d<\/p>\n<p><strong>Viagem a F\u00e1tima<\/strong><\/p>\n<p>\u201cCertamente, por enquanto, irei a Portugal, e irei somente a F\u00e1tima. Por enquanto. Por qu\u00ea? H\u00e1 um problema. Neste Ano Santo foram suspensas as visitas ad limina; ano que vem, devo fazer as visitas ad limina deste ano e do pr\u00f3ximo. E h\u00e1 pouco tempo para as viagens. Mas a Portugal irei (o Pont\u00edfice mencionou a data de 13 de maio). \u00c0 \u00cdndia e Bangladesh, quase certo. \u00c0 \u00c1frica ainda n\u00e3o est\u00e1 certo o pa\u00eds, tudo depende seja do clima, em qual m\u00eas, porque se \u00e9 no noroeste da \u00c1frica \u00e9 um coisa, se \u00e9 no sudoeste, \u00e9 outra. E depende tamb\u00e9m da situa\u00e7\u00e3o pol\u00edtica e das guerras ali\u2026 Mas h\u00e1 possibilidades pensadas na \u00c1frica. Na Am\u00e9rica, disse que quando o processo de paz, se sair, gostaria de ir [\u00e0 Col\u00f4mbia], quando tudo estiver conclu\u00eddo&#8230;mas tudo dependo do que dir\u00e1 o povo. O povo \u00e9 soberano.\u201d<\/p>\n<p><strong>Poss\u00edvel viagem \u00e0 China<\/strong><\/p>\n<p>\u201cTemos boas rela\u00e7\u00f5es, se estuda e se fala, h\u00e1 comiss\u00f5es de trabalho\u2026 Eu sou otimista. O povo chin\u00eas tem a minha estima. Outro dia, por exemplo, houve um congresso de dois dias sobre a Laudato si\u2019 na Academia das Ci\u00eancias, e havia uma delega\u00e7\u00e3o chinesa do presidente. E o presidente chin\u00eas me enviou um presente\u2026 h\u00e1 boas rela\u00e7\u00f5es&#8230; Eu gostaria [de ir \u00e0 China], mas ainda n\u00e3o penso nisso&#8230;\u201d<\/p>\n<p><strong>Beatifica\u00e7\u00e3o de padre Hamel<\/strong><\/p>\n<p>Outra pergunta dos jornalistas foi sobre a beatifica\u00e7\u00e3o de Pe. Hamel, degolado na Fran\u00e7a em julho. O Papa confirmou que o Card. Amato est\u00e1 analisando a quest\u00e3o, sem esperar os cinco anos exigidos para o in\u00edcio do processo.<\/p>\n<p><strong>Pr\u00eamio Nobel da Paz<\/strong><\/p>\n<p>Sobre a escolha do vencedor do Nobel da Paz, que ser\u00e1 anunciado em 7 de outubro, Francisco pediu que se fala mais das v\u00edtimas inocentes das guerras e conflitos. \u201c\u00c9 um pecado contra Jesus Cristo, porque a carne dessas crian\u00e7as, dessa gente doente, desses idosos indefesos \u00e9 a carne de Cristo. Seria necess\u00e1rio que a humanidade dissesse algo pelas v\u00edtimas das guerras. Para aqueles que fazem a paz, Jesus disse que s\u00e3o bem-aventurados. Mas as v\u00edtimas das guerras, devemos dizer algo e tomar consci\u00eancia, eh? Lan\u00e7ar uma bomba sobre um hospital de crian\u00e7as e morrem 30, 40; sobre uma escola&#8230; esta \u00e9 a trag\u00e9dia dos nossos dias.\u201d<\/p>\n<p><strong>Conselho para os eleitores estadunidenses<\/strong><\/p>\n<p>\u201cEm campanha eleitoral, eu jamais digo uma palavra. O povo \u00e9 soberano, somente digo: estude bem as propostas, reze e escolha em consci\u00eancia! Agora saio do problema e vou para a fic\u00e7\u00e3o, porque n\u00e3o quero falar do problema concreto. Quando num pa\u00eds existem dois, tr\u00eas, quatro candidatos que n\u00e3o satisfazem a todos, significa que a vida pol\u00edtica daquele pa\u00eds \u00e9 demasiado politizada, mas n\u00e3o tem cultura pol\u00edtica. E uma das tarefas da Igreja e do ensino nas faculdades \u00e9 ensinar a ter cultura pol\u00edtica. Existem pa\u00edses \u2013 penso na Am\u00e9rica Latina \u2013 que s\u00e3o demasiado politizados, mas n\u00e3o t\u00eam cultura pol\u00edtica; sou deste partido, deste e daquele outro, mas afetivamente, sem um pensamento claro sobre as bases, as propostas.\u201d<\/p>\n<p><strong>Conflito entre a Arm\u00eania e o Azerbaij\u00e3o<\/strong><\/p>\n<p>Uma pergunta sobre o conflito entre a Arm\u00eania e o Azerbaij\u00e3o: o que deve ocorrer para se chegar a uma paz permanente que tutele os direitos humanos? E qual o papel poderia ter o Santo Padre?<\/p>\n<p><strong>Papa Francisco:<\/strong><\/p>\n<p>Duas vezes, em dois discursos eu falei sobre isso. No \u00faltimo eu falei sobre o papel das religi\u00f5es para ajudar nesta quest\u00e3o. Creio que o \u00fanico caminho seja o do di\u00e1logo, o do di\u00e1logo sincero, sem nada sob a mesa, sincero, face a face. Uma negocia\u00e7\u00e3o sincera. E se n\u00e3o se pode chegar a isso, ter ent\u00e3o a coragem de ir a um Tribunal Internacional, ir a Haia, por exemplo, e submeter-se ao julgamento internacional. N\u00e3o vejo outro caminho. O outro \u00e9 a guerra, e a guerra destr\u00f3i sempre, com a guerra se perde tudo! E tamb\u00e9m, os crist\u00e3os, com a ora\u00e7\u00e3o, rezar pela paz para que esses cora\u00e7\u00f5es tomem este caminho de di\u00e1logo, de negocia\u00e7\u00f5es ou ir a um tribunal internacional. Mas n\u00e3o se podem ter problemas como esses: pensem que os tr\u00eas pa\u00edses cauc\u00e1sicos t\u00eam problemas. Tamb\u00e9m a Ge\u00f3rgia h\u00e1 um problema com a R\u00fassia: n\u00e3o se conhece muito sobre isso\u2026 mas h\u00e1 um problema, que pode crescer\u2026 n\u00e3o se sabe; e a Arm\u00eania \u00e9 um pa\u00eds sem fronteiras abertas, h\u00e1 problemas com o Azerbaij\u00e3o. Deve-se ir ao tribunal internacional se n\u00e3o h\u00e1 di\u00e1logo e negocia\u00e7\u00e3o: n\u00e3o h\u00e1 outro caminho. E a ora\u00e7\u00e3o, ora\u00e7\u00e3o pela paz.<\/p>\n<p>Uma pergunta ainda sobre por que o Papa faz viagens a lugares onde se encontram pouqu\u00edssimos cat\u00f3licos?<\/p>\n<p><strong>Por que ir \u00e0 periferia?<\/strong><\/p>\n<p><strong>Papa Francisco:<\/strong><\/p>\n<p>Essa pergunta me fizeram ap\u00f3s a minha primeira viagem, que foi \u00e0 Alb\u00e2nia: Por que o Senhor escolheu ir \u00e0 Alb\u00e2nia na sua primeira viagem \u00e0 Europa? Um pa\u00eds que n\u00e3o \u00e9 da Uni\u00e3o Europeia? Depois eu fui a Sarajevo, na B\u00f3snia Herzegovina, que n\u00e3o faz parte da Uni\u00e3o Europeia. O primeiro pa\u00eds da Uni\u00e3o Europeia onde eu fui foi a Gr\u00e9cia, Ilha de Lesbos: o primeiro. Por que fazer viagens a estes pa\u00edses? S\u00e3o tr\u00eas pa\u00edses cauc\u00e1sicos: os tr\u00eas presidentes vieram ao Vaticano para me convidar. E com insist\u00eancia. E todos os tr\u00eas tiveram um comportamento religioso diferente: os arm\u00eanios s\u00e3o orgulhosos \u2013 e isso sem ofender hein? &#8211; orgulhosos de sua \u201carmenidade\u201d\u2026 e t\u00eam uma hist\u00f3ria, e eles s\u00e3o crist\u00e3os, a grande maioria, mas, quase todos, crist\u00e3os apost\u00f3licos, crist\u00e3os cat\u00f3licos e um pouquinho de crist\u00e3os evang\u00e9licos: poucos. A Ge\u00f3rgia \u00e9 um pa\u00eds crist\u00e3o, totalmente crist\u00e3o, mas ortodoxo. Os cat\u00f3licos s\u00e3o poucos. Ao inv\u00e9s, o Azerbaij\u00e3o \u00e9 um pa\u00eds, creio, 96-98% mu\u00e7ulmano: n\u00e3o sei quantos s\u00e3o os habitantes, porque eu disse dois milh\u00f5es, mas creio que sejam vinte, n\u00e3o?&#8230; s\u00e3o cerca de 10. Sim, cerca de 10 milh\u00f5es; os cat\u00f3licos s\u00e3o no m\u00e1ximo 600, poucos. E eu, por que vou ali? Pelos cat\u00f3licos, para ir \u00e0 periferia de uma comunidade cat\u00f3lica, que se encontra precisamente na periferia, e \u00e9 muito pequena. E hoje na Missa eu disse que me fazia recordar a comunidade perif\u00e9rica de Jerusal\u00e9m, fechada no Cen\u00e1culo, esperando o Esp\u00edrito Santo, esperando poder crescer, sair\u2026 \u00e9 pequena. N\u00e3o \u00e9 perseguida, n\u00e3o, porque no Azerbaij\u00e3o h\u00e1 um grande respeito religioso, uma grande liberdade religiosa. Isso \u00e9 verdade, eu disse isso no meu discurso hoje. E tamb\u00e9m esses tr\u00eas pa\u00edses s\u00e3o perif\u00e9ricos, como a Alb\u00e2nia, a B\u00f3snia Herzegovina\u2026E eu lhes disse: a realidade se entende melhor, e se v\u00ea melhor a partir das periferias do que do centro. E por isso escolho ir ali. Mas isso n\u00e3o tira a possibilidade de ir a um grande pa\u00eds como Portugal, Fran\u00e7a, n\u00e3o sei\u2026 vamos ver\u2026<\/p>\n","protected":false},"excerpt":{"rendered":"<p>Viagem Apost\u00f3lica<\/p>\n","protected":false},"author":1,"featured_media":220507,"comment_status":"open","ping_status":"open","sticky":false,"template":"","format":"standard","meta":[],"categories":[1428],"tags":[17],"acf":[],"yoast_head":"<!-- This site is optimized with the Yoast SEO plugin v19.2 - https:\/\/yoast.com\/wordpress\/plugins\/seo\/ -->\n<title>Papa no avi\u00e3o: &quot;Perguntem o que quiserem\u201d - Not\u00edcias - Franciscanos<\/title>\n<meta name=\"robots\" content=\"index, follow, max-snippet:-1, max-image-preview:large, max-video-preview:-1\" \/>\n<link rel=\"canonical\" href=\"https:\/\/franciscanos.org.br\/noticias\/papa-no-aviao-perguntem-o-que-quiserem.html\" \/>\n<meta property=\"og:locale\" content=\"pt_BR\" \/>\n<meta property=\"og:type\" content=\"article\" \/>\n<meta property=\"og:title\" content=\"Papa no avi\u00e3o: &quot;Perguntem o que quiserem\u201d - Not\u00edcias - Franciscanos\" \/>\n<meta property=\"og:description\" content=\"Viagem Apost\u00f3lica\" \/>\n<meta property=\"og:url\" content=\"https:\/\/franciscanos.org.br\/noticias\/papa-no-aviao-perguntem-o-que-quiserem.html\" \/>\n<meta property=\"og:site_name\" content=\"Not\u00edcias - Franciscanos\" \/>\n<meta property=\"article:published_time\" content=\"2016-10-03T11:24:45+00:00\" \/>\n<meta property=\"article:modified_time\" content=\"2020-06-09T17:58:05+00:00\" \/>\n<meta property=\"og:image\" content=\"https:\/\/franciscanos.org.br\/noticias\/wp-content\/uploads\/2016\/10\/papa_031016_1.jpg\" \/>\n\t<meta property=\"og:image:width\" content=\"273\" \/>\n\t<meta property=\"og:image:height\" content=\"181\" \/>\n\t<meta property=\"og:image:type\" content=\"image\/jpeg\" \/>\n<meta name=\"author\" content=\"admin\" \/>\n<meta name=\"twitter:card\" content=\"summary_large_image\" \/>\n<meta name=\"twitter:label1\" content=\"Escrito por\" \/>\n\t<meta name=\"twitter:data1\" content=\"admin\" \/>\n\t<meta name=\"twitter:label2\" content=\"Est. tempo de leitura\" \/>\n\t<meta name=\"twitter:data2\" content=\"12 minutos\" \/>\n<script type=\"application\/ld+json\" class=\"yoast-schema-graph\">{\"@context\":\"https:\/\/schema.org\",\"@graph\":[{\"@type\":\"WebSite\",\"@id\":\"https:\/\/franciscanos.org.br\/noticias\/#website\",\"url\":\"https:\/\/franciscanos.org.br\/noticias\/\",\"name\":\"Not\u00edcias - Franciscanos\",\"description\":\"Prov\u00edncia Franciscana da Imaculada Concei\u00e7\u00e3o do Brasil - Ordem dos Frades Menores - OFM\",\"potentialAction\":[{\"@type\":\"SearchAction\",\"target\":{\"@type\":\"EntryPoint\",\"urlTemplate\":\"https:\/\/franciscanos.org.br\/noticias\/?s={search_term_string}\"},\"query-input\":\"required name=search_term_string\"}],\"inLanguage\":\"pt-BR\"},{\"@type\":\"ImageObject\",\"inLanguage\":\"pt-BR\",\"@id\":\"https:\/\/franciscanos.org.br\/noticias\/papa-no-aviao-perguntem-o-que-quiserem.html#primaryimage\",\"url\":\"https:\/\/franciscanos.org.br\/noticias\/wp-content\/uploads\/2016\/10\/papa_031016_1.jpg\",\"contentUrl\":\"https:\/\/franciscanos.org.br\/noticias\/wp-content\/uploads\/2016\/10\/papa_031016_1.jpg\",\"width\":273,\"height\":181},{\"@type\":\"WebPage\",\"@id\":\"https:\/\/franciscanos.org.br\/noticias\/papa-no-aviao-perguntem-o-que-quiserem.html#webpage\",\"url\":\"https:\/\/franciscanos.org.br\/noticias\/papa-no-aviao-perguntem-o-que-quiserem.html\",\"name\":\"Papa no avi\u00e3o: \\\"Perguntem o que quiserem\u201d - Not\u00edcias - Franciscanos\",\"isPartOf\":{\"@id\":\"https:\/\/franciscanos.org.br\/noticias\/#website\"},\"primaryImageOfPage\":{\"@id\":\"https:\/\/franciscanos.org.br\/noticias\/papa-no-aviao-perguntem-o-que-quiserem.html#primaryimage\"},\"datePublished\":\"2016-10-03T11:24:45+00:00\",\"dateModified\":\"2020-06-09T17:58:05+00:00\",\"author\":{\"@id\":\"https:\/\/franciscanos.org.br\/noticias\/#\/schema\/person\/b38fbf43118f02820bd932f2e4b14ad3\"},\"breadcrumb\":{\"@id\":\"https:\/\/franciscanos.org.br\/noticias\/papa-no-aviao-perguntem-o-que-quiserem.html#breadcrumb\"},\"inLanguage\":\"pt-BR\",\"potentialAction\":[{\"@type\":\"ReadAction\",\"target\":[\"https:\/\/franciscanos.org.br\/noticias\/papa-no-aviao-perguntem-o-que-quiserem.html\"]}]},{\"@type\":\"BreadcrumbList\",\"@id\":\"https:\/\/franciscanos.org.br\/noticias\/papa-no-aviao-perguntem-o-que-quiserem.html#breadcrumb\",\"itemListElement\":[{\"@type\":\"ListItem\",\"position\":1,\"name\":\"Home\",\"item\":\"https:\/\/franciscanos.org.br\/noticias\"},{\"@type\":\"ListItem\",\"position\":2,\"name\":\"Papa no avi\u00e3o: &#8220;Perguntem o que quiserem\u201d\"}]},{\"@type\":\"Person\",\"@id\":\"https:\/\/franciscanos.org.br\/noticias\/#\/schema\/person\/b38fbf43118f02820bd932f2e4b14ad3\",\"name\":\"admin\",\"image\":{\"@type\":\"ImageObject\",\"inLanguage\":\"pt-BR\",\"@id\":\"https:\/\/franciscanos.org.br\/noticias\/#\/schema\/person\/image\/\",\"url\":\"https:\/\/secure.gravatar.com\/avatar\/e8495742d34d0ba6448ea1c628263b3e?s=96&d=mm&r=g\",\"contentUrl\":\"https:\/\/secure.gravatar.com\/avatar\/e8495742d34d0ba6448ea1c628263b3e?s=96&d=mm&r=g\",\"caption\":\"admin\"},\"url\":\"https:\/\/franciscanos.org.br\/noticias\/author\/admin\"}]}<\/script>\n<!-- \/ Yoast SEO plugin. -->","yoast_head_json":{"title":"Papa no avi\u00e3o: \"Perguntem o que quiserem\u201d - Not\u00edcias - Franciscanos","robots":{"index":"index","follow":"follow","max-snippet":"max-snippet:-1","max-image-preview":"max-image-preview:large","max-video-preview":"max-video-preview:-1"},"canonical":"https:\/\/franciscanos.org.br\/noticias\/papa-no-aviao-perguntem-o-que-quiserem.html","og_locale":"pt_BR","og_type":"article","og_title":"Papa no avi\u00e3o: \"Perguntem o que quiserem\u201d - Not\u00edcias - Franciscanos","og_description":"Viagem Apost\u00f3lica","og_url":"https:\/\/franciscanos.org.br\/noticias\/papa-no-aviao-perguntem-o-que-quiserem.html","og_site_name":"Not\u00edcias - Franciscanos","article_published_time":"2016-10-03T11:24:45+00:00","article_modified_time":"2020-06-09T17:58:05+00:00","og_image":[{"width":273,"height":181,"url":"https:\/\/franciscanos.org.br\/noticias\/wp-content\/uploads\/2016\/10\/papa_031016_1.jpg","type":"image\/jpeg"}],"author":"admin","twitter_card":"summary_large_image","twitter_misc":{"Escrito por":"admin","Est. tempo de leitura":"12 minutos"},"schema":{"@context":"https:\/\/schema.org","@graph":[{"@type":"WebSite","@id":"https:\/\/franciscanos.org.br\/noticias\/#website","url":"https:\/\/franciscanos.org.br\/noticias\/","name":"Not\u00edcias - Franciscanos","description":"Prov\u00edncia Franciscana da Imaculada Concei\u00e7\u00e3o do Brasil - Ordem dos Frades Menores - OFM","potentialAction":[{"@type":"SearchAction","target":{"@type":"EntryPoint","urlTemplate":"https:\/\/franciscanos.org.br\/noticias\/?s={search_term_string}"},"query-input":"required name=search_term_string"}],"inLanguage":"pt-BR"},{"@type":"ImageObject","inLanguage":"pt-BR","@id":"https:\/\/franciscanos.org.br\/noticias\/papa-no-aviao-perguntem-o-que-quiserem.html#primaryimage","url":"https:\/\/franciscanos.org.br\/noticias\/wp-content\/uploads\/2016\/10\/papa_031016_1.jpg","contentUrl":"https:\/\/franciscanos.org.br\/noticias\/wp-content\/uploads\/2016\/10\/papa_031016_1.jpg","width":273,"height":181},{"@type":"WebPage","@id":"https:\/\/franciscanos.org.br\/noticias\/papa-no-aviao-perguntem-o-que-quiserem.html#webpage","url":"https:\/\/franciscanos.org.br\/noticias\/papa-no-aviao-perguntem-o-que-quiserem.html","name":"Papa no avi\u00e3o: \"Perguntem o que quiserem\u201d - Not\u00edcias - Franciscanos","isPartOf":{"@id":"https:\/\/franciscanos.org.br\/noticias\/#website"},"primaryImageOfPage":{"@id":"https:\/\/franciscanos.org.br\/noticias\/papa-no-aviao-perguntem-o-que-quiserem.html#primaryimage"},"datePublished":"2016-10-03T11:24:45+00:00","dateModified":"2020-06-09T17:58:05+00:00","author":{"@id":"https:\/\/franciscanos.org.br\/noticias\/#\/schema\/person\/b38fbf43118f02820bd932f2e4b14ad3"},"breadcrumb":{"@id":"https:\/\/franciscanos.org.br\/noticias\/papa-no-aviao-perguntem-o-que-quiserem.html#breadcrumb"},"inLanguage":"pt-BR","potentialAction":[{"@type":"ReadAction","target":["https:\/\/franciscanos.org.br\/noticias\/papa-no-aviao-perguntem-o-que-quiserem.html"]}]},{"@type":"BreadcrumbList","@id":"https:\/\/franciscanos.org.br\/noticias\/papa-no-aviao-perguntem-o-que-quiserem.html#breadcrumb","itemListElement":[{"@type":"ListItem","position":1,"name":"Home","item":"https:\/\/franciscanos.org.br\/noticias"},{"@type":"ListItem","position":2,"name":"Papa no avi\u00e3o: &#8220;Perguntem o que quiserem\u201d"}]},{"@type":"Person","@id":"https:\/\/franciscanos.org.br\/noticias\/#\/schema\/person\/b38fbf43118f02820bd932f2e4b14ad3","name":"admin","image":{"@type":"ImageObject","inLanguage":"pt-BR","@id":"https:\/\/franciscanos.org.br\/noticias\/#\/schema\/person\/image\/","url":"https:\/\/secure.gravatar.com\/avatar\/e8495742d34d0ba6448ea1c628263b3e?s=96&d=mm&r=g","contentUrl":"https:\/\/secure.gravatar.com\/avatar\/e8495742d34d0ba6448ea1c628263b3e?s=96&d=mm&r=g","caption":"admin"},"url":"https:\/\/franciscanos.org.br\/noticias\/author\/admin"}]}},"_links":{"self":[{"href":"https:\/\/franciscanos.org.br\/noticias\/wp-json\/wp\/v2\/posts\/117893"}],"collection":[{"href":"https:\/\/franciscanos.org.br\/noticias\/wp-json\/wp\/v2\/posts"}],"about":[{"href":"https:\/\/franciscanos.org.br\/noticias\/wp-json\/wp\/v2\/types\/post"}],"author":[{"embeddable":true,"href":"https:\/\/franciscanos.org.br\/noticias\/wp-json\/wp\/v2\/users\/1"}],"replies":[{"embeddable":true,"href":"https:\/\/franciscanos.org.br\/noticias\/wp-json\/wp\/v2\/comments?post=117893"}],"version-history":[{"count":1,"href":"https:\/\/franciscanos.org.br\/noticias\/wp-json\/wp\/v2\/posts\/117893\/revisions"}],"predecessor-version":[{"id":222227,"href":"https:\/\/franciscanos.org.br\/noticias\/wp-json\/wp\/v2\/posts\/117893\/revisions\/222227"}],"wp:featuredmedia":[{"embeddable":true,"href":"https:\/\/franciscanos.org.br\/noticias\/wp-json\/wp\/v2\/media\/220507"}],"wp:attachment":[{"href":"https:\/\/franciscanos.org.br\/noticias\/wp-json\/wp\/v2\/media?parent=117893"}],"wp:term":[{"taxonomy":"category","embeddable":true,"href":"https:\/\/franciscanos.org.br\/noticias\/wp-json\/wp\/v2\/categories?post=117893"},{"taxonomy":"post_tag","embeddable":true,"href":"https:\/\/franciscanos.org.br\/noticias\/wp-json\/wp\/v2\/tags?post=117893"}],"curies":[{"name":"wp","href":"https:\/\/api.w.org\/{rel}","templated":true}]}}