{"id":117851,"date":"2016-09-30T13:14:07","date_gmt":"2016-09-30T16:14:07","guid":{"rendered":"http:\/\/franciscanos.org.br\/?p=117851"},"modified":"2020-03-23T09:40:18","modified_gmt":"2020-03-23T12:40:18","slug":"frente-da-comunicacao-se-reune-na-usf","status":"publish","type":"post","link":"https:\/\/franciscanos.org.br\/noticias\/frente-da-comunicacao-se-reune-na-usf.html","title":{"rendered":"Frente da Comunica\u00e7\u00e3o se re\u00fane na USF"},"content":{"rendered":"<p><img loading=\"lazy\" src=\"http:\/\/franciscanos.org.br\/wp-content\/uploads\/2016\/09\/com_30092016.jpg\" alt=\"com_30092016\" width=\"830\" height=\"347\" \/><\/p>\n<p>A Frente de Evangeliza\u00e7\u00e3o da Comunica\u00e7\u00e3o se reuniu nesta quinta-feira, 29 de setembro, no campus de Bragan\u00e7a Paulista da Universidade S\u00e3o Francisco (USF), que est\u00e1 em festa pelos 40 anos de funda\u00e7\u00e3o. Os participantes deste encontro regional, que re\u00fane os diferentes servi\u00e7os desta Prov\u00edncia Franciscana da Imaculada Concei\u00e7\u00e3o, puderam conhecer as reformas no pr\u00e9dio da Universidade e atividades que est\u00e3o sendo realizadas para marcar esta data.<\/p>\n<p>O coordenador da Frente de Evangeliza\u00e7\u00e3o, Frei Gustavo Medella, e todos os participantes dos servi\u00e7os como o Pr\u00f3-Voca\u00e7\u00f5es, Associa\u00e7\u00e3o Bom Jesus (Curitiba), Servi\u00e7o Franciscano de Solidariedade (Sefras), Sala Franciscana, Sede Provincial e USF foram acolhidos pelo reitor Joel Alves de Sousa J\u00fanior, que falou deste momento festivo da USF, da import\u00e2ncia da comunica\u00e7\u00e3o hoje e desse &#8220;compartilhamento&#8221; de informa\u00e7\u00f5es que a Frente promove. O encontro foi realizado em uma das rec\u00e9m-inauguradas salas Web de Aprendizagem.<\/p>\n<p>Antes da partilha dos trabalhos, Frei Gustavo prop\u00f4s a reflex\u00e3o de uma entrevista do fil\u00f3sofo colombiano Luis Ignacio Sierra Guti\u00e9rrez, publicada pelo Instituto Humanitas Unisinos, sobre a conflu\u00eancia entre o Evangelho e a comunica\u00e7\u00e3o. \u201cAs pessoas podem ficar fascinadas pelas tecnologias em si mesmas, e n\u00e3o aproveitar a riqueza que elas proporcionam para aprofundar e enriquecer a quest\u00e3o dos v\u00ednculos e rela\u00e7\u00f5es interpessoais ou interculturais que podem vir de uma tecnologia eletr\u00f4nica\u201d, alerta o doutor em Ci\u00eancias da Comunica\u00e7\u00e3o pela Unisinos e mestre em Comunica\u00e7\u00e3o Social pela Universidade Cat\u00f3lica de Louvain la Neuve, na B\u00e9lgica.<\/p>\n<p>Segundo o fil\u00f3sofo, estamos atravessando um per\u00edodo da hist\u00f3ria da humanidade no qual a midiatiza\u00e7\u00e3o tem preponder\u00e2ncia. &#8220;Temos a possibilidade de formar uma sociedade quase que hipnotizada pela tecnologia, que faz uso dela somente pela novidade&#8221;, diz, lembrando que a quest\u00e3o da moda e do status tamb\u00e9m aparece muito nessas circunst\u00e2ncias. &#8220;H\u00e1, por\u00e9m, as pessoas que querem fazer mais reflex\u00e3o cr\u00edtica do processo tecnol\u00f3gico da midiatiza\u00e7\u00e3o. Assim, penso que estamos ainda aprendendo muito sobre o que est\u00e1 havendo&#8221;, avalia o mestre em Comunica\u00e7\u00e3o.<\/p>\n<p><img loading=\"lazy\" class=\"alignleft size-full wp-image-117856\" src=\"http:\/\/franciscanos.org.br\/wp-content\/uploads\/2016\/09\/ed_2798380674111357.jpg\" alt=\"ed_2798380674111357\" width=\"280\" height=\"305\" \/>Frei Medella lembrou que o Papa Francisco pede com insist\u00eancia para se criar ambientes de encontro. &#8220;Como podemos ser promotores dessa boa comunica\u00e7\u00e3o?&#8221;, perguntou. Segundo o frade, um dos conceitos de evangelizar \u00e9 provocar e despertar o que o outro tem de melhor. Segundo a coordenadora de Comunica\u00e7\u00e3o e Marketing do Bom Jesus, Mar\u00edlia Rogacheski, falta um amadurecimento na sociedade para acolher essa grande gama de informa\u00e7\u00f5es produzida pelas m\u00eddias sociais e o conhecimento para lidar com rapidez desses meios. Mar\u00edlia disse que as institui\u00e7\u00f5es de ensino est\u00e3o diante de um grande desafio. &#8220;Hoje, estamos aprendendo a lidar com essa nova comunica\u00e7\u00e3o. Um caso simples envolvendo um aluno, e que poderia ser resolvido na escola com tranquilidade e bom senso, toma ropor\u00e7\u00f5es inimagin\u00e1veis quando \u00e9 divulgado no grupo de alunos e pais do Whatsapp&#8221;, lembrou.<\/p>\n<p>Segundo o diretor presidente da CNSP-ASF, Frei Thiago Alexandre Hayakawa, \u00e9 fazendo bom uso das novas ferramentas de comunica\u00e7\u00e3o que nasceu o Festival Cultura da Paz, uma atividade que faz parte das festividades dos 40 anos. &#8220;Trata-se de uma proposta que rompe com o modelo de sala de aula, propiciando uma gama diversificada de atividades. Tudo acontece no hall de entrada do pr\u00e9dio central, onde a programa\u00e7\u00e3o \u00e9 aberta para alunos e professores. Este espa\u00e7o serviu de atrativo para a cultura do encontro&#8221;, explicou Frei Thiago, acrescentando que se trata de uma proposta a ser criada em outros campi por alunos e professores. &#8220;Ela n\u00e3o vem de cima&#8221;, adianta.<\/p>\n<p>Em termos estruturais, o pr\u00e9dio central est\u00e1 em obras. No m\u00eas de agosto, foram inaugurados o Sal\u00e3o Nobre Frei Agostinho Salvador Piccolo (in memoriam), o Anfiteatro Frei F\u00e1bio Panini (in memoriam), al\u00e9m das duas Sala Web de Aprendizagem. Outra grande obra \u00e9 o Centro Tecnol\u00f3gico (CT), com \u00e1rea de 1500 m\u00b2, para oferecer aos estudantes atividades pr\u00e1ticas durante toda a gradua\u00e7\u00e3o. No total ser\u00e3o sete laborat\u00f3rios: Termoflu\u00eddos, Estrutura e Materiais de Constru\u00e7\u00e3o Civil, T\u00e9cnicas de Constru\u00e7\u00e3o Civil, F\u00edsica e Eletricidade, Topografia e Geoci\u00eancias, Sistema LEAN (Produ\u00e7\u00e3o Enxuta) e Maquetaria, que atender\u00e3o alunos dos Cursos de Arquitetura e Urbanismo, Engenharia Civil, Engenharia Ambiental e Sanit\u00e1ria, Engenharia de Produ\u00e7\u00e3o e Engenharia Qu\u00edmica.<\/p>\n<p>Os pr\u00f3ximos encontros regionais est\u00e3o agendados para 26 de outubro em S\u00e3o Paulo e o 23 de novembro em Cambui, Campinas, encerrando o ano.<\/p>\n","protected":false},"excerpt":{"rendered":"<p>Prov\u00edncia<\/p>\n","protected":false},"author":1,"featured_media":222228,"comment_status":"open","ping_status":"open","sticky":false,"template":"","format":"standard","meta":[],"categories":[1],"tags":[],"acf":[],"yoast_head":"<!-- This site is optimized with the Yoast SEO plugin v19.2 - https:\/\/yoast.com\/wordpress\/plugins\/seo\/ -->\n<title>Frente da Comunica\u00e7\u00e3o se re\u00fane na USF - Not\u00edcias - Franciscanos<\/title>\n<meta name=\"robots\" content=\"index, follow, max-snippet:-1, max-image-preview:large, max-video-preview:-1\" \/>\n<link rel=\"canonical\" href=\"https:\/\/franciscanos.org.br\/noticias\/frente-da-comunicacao-se-reune-na-usf.html\" \/>\n<meta property=\"og:locale\" content=\"pt_BR\" \/>\n<meta property=\"og:type\" content=\"article\" \/>\n<meta property=\"og:title\" content=\"Frente da Comunica\u00e7\u00e3o se re\u00fane na USF - Not\u00edcias - Franciscanos\" \/>\n<meta property=\"og:description\" content=\"Prov\u00edncia\" \/>\n<meta property=\"og:url\" content=\"https:\/\/franciscanos.org.br\/noticias\/frente-da-comunicacao-se-reune-na-usf.html\" \/>\n<meta property=\"og:site_name\" content=\"Not\u00edcias - Franciscanos\" \/>\n<meta property=\"article:published_time\" content=\"2016-09-30T16:14:07+00:00\" \/>\n<meta property=\"article:modified_time\" content=\"2020-03-23T12:40:18+00:00\" \/>\n<meta property=\"og:image\" content=\"https:\/\/franciscanos.org.br\/noticias\/wp-content\/uploads\/2016\/09\/com_30092016.jpg\" \/>\n\t<meta property=\"og:image:width\" content=\"273\" \/>\n\t<meta property=\"og:image:height\" content=\"180\" \/>\n\t<meta property=\"og:image:type\" content=\"image\/jpeg\" \/>\n<meta name=\"author\" content=\"admin\" \/>\n<meta name=\"twitter:card\" content=\"summary_large_image\" \/>\n<meta name=\"twitter:label1\" content=\"Escrito por\" \/>\n\t<meta name=\"twitter:data1\" content=\"admin\" \/>\n\t<meta name=\"twitter:label2\" content=\"Est. tempo de leitura\" \/>\n\t<meta name=\"twitter:data2\" content=\"4 minutos\" \/>\n<script type=\"application\/ld+json\" class=\"yoast-schema-graph\">{\"@context\":\"https:\/\/schema.org\",\"@graph\":[{\"@type\":\"WebSite\",\"@id\":\"https:\/\/franciscanos.org.br\/noticias\/#website\",\"url\":\"https:\/\/franciscanos.org.br\/noticias\/\",\"name\":\"Not\u00edcias - Franciscanos\",\"description\":\"Prov\u00edncia Franciscana da Imaculada Concei\u00e7\u00e3o do Brasil - Ordem dos Frades Menores - OFM\",\"potentialAction\":[{\"@type\":\"SearchAction\",\"target\":{\"@type\":\"EntryPoint\",\"urlTemplate\":\"https:\/\/franciscanos.org.br\/noticias\/?s={search_term_string}\"},\"query-input\":\"required name=search_term_string\"}],\"inLanguage\":\"pt-BR\"},{\"@type\":\"ImageObject\",\"inLanguage\":\"pt-BR\",\"@id\":\"https:\/\/franciscanos.org.br\/noticias\/frente-da-comunicacao-se-reune-na-usf.html#primaryimage\",\"url\":\"https:\/\/franciscanos.org.br\/noticias\/wp-content\/uploads\/2016\/09\/com_30092016.jpg\",\"contentUrl\":\"https:\/\/franciscanos.org.br\/noticias\/wp-content\/uploads\/2016\/09\/com_30092016.jpg\",\"width\":273,\"height\":180},{\"@type\":\"WebPage\",\"@id\":\"https:\/\/franciscanos.org.br\/noticias\/frente-da-comunicacao-se-reune-na-usf.html#webpage\",\"url\":\"https:\/\/franciscanos.org.br\/noticias\/frente-da-comunicacao-se-reune-na-usf.html\",\"name\":\"Frente da Comunica\u00e7\u00e3o se re\u00fane na USF - Not\u00edcias - Franciscanos\",\"isPartOf\":{\"@id\":\"https:\/\/franciscanos.org.br\/noticias\/#website\"},\"primaryImageOfPage\":{\"@id\":\"https:\/\/franciscanos.org.br\/noticias\/frente-da-comunicacao-se-reune-na-usf.html#primaryimage\"},\"datePublished\":\"2016-09-30T16:14:07+00:00\",\"dateModified\":\"2020-03-23T12:40:18+00:00\",\"author\":{\"@id\":\"https:\/\/franciscanos.org.br\/noticias\/#\/schema\/person\/b38fbf43118f02820bd932f2e4b14ad3\"},\"breadcrumb\":{\"@id\":\"https:\/\/franciscanos.org.br\/noticias\/frente-da-comunicacao-se-reune-na-usf.html#breadcrumb\"},\"inLanguage\":\"pt-BR\",\"potentialAction\":[{\"@type\":\"ReadAction\",\"target\":[\"https:\/\/franciscanos.org.br\/noticias\/frente-da-comunicacao-se-reune-na-usf.html\"]}]},{\"@type\":\"BreadcrumbList\",\"@id\":\"https:\/\/franciscanos.org.br\/noticias\/frente-da-comunicacao-se-reune-na-usf.html#breadcrumb\",\"itemListElement\":[{\"@type\":\"ListItem\",\"position\":1,\"name\":\"Home\",\"item\":\"https:\/\/franciscanos.org.br\/noticias\"},{\"@type\":\"ListItem\",\"position\":2,\"name\":\"Frente da Comunica\u00e7\u00e3o se re\u00fane na USF\"}]},{\"@type\":\"Person\",\"@id\":\"https:\/\/franciscanos.org.br\/noticias\/#\/schema\/person\/b38fbf43118f02820bd932f2e4b14ad3\",\"name\":\"admin\",\"image\":{\"@type\":\"ImageObject\",\"inLanguage\":\"pt-BR\",\"@id\":\"https:\/\/franciscanos.org.br\/noticias\/#\/schema\/person\/image\/\",\"url\":\"https:\/\/secure.gravatar.com\/avatar\/e8495742d34d0ba6448ea1c628263b3e?s=96&d=mm&r=g\",\"contentUrl\":\"https:\/\/secure.gravatar.com\/avatar\/e8495742d34d0ba6448ea1c628263b3e?s=96&d=mm&r=g\",\"caption\":\"admin\"},\"url\":\"https:\/\/franciscanos.org.br\/noticias\/author\/admin\"}]}<\/script>\n<!-- \/ Yoast SEO plugin. -->","yoast_head_json":{"title":"Frente da Comunica\u00e7\u00e3o se re\u00fane na USF - Not\u00edcias - Franciscanos","robots":{"index":"index","follow":"follow","max-snippet":"max-snippet:-1","max-image-preview":"max-image-preview:large","max-video-preview":"max-video-preview:-1"},"canonical":"https:\/\/franciscanos.org.br\/noticias\/frente-da-comunicacao-se-reune-na-usf.html","og_locale":"pt_BR","og_type":"article","og_title":"Frente da Comunica\u00e7\u00e3o se re\u00fane na USF - Not\u00edcias - Franciscanos","og_description":"Prov\u00edncia","og_url":"https:\/\/franciscanos.org.br\/noticias\/frente-da-comunicacao-se-reune-na-usf.html","og_site_name":"Not\u00edcias - Franciscanos","article_published_time":"2016-09-30T16:14:07+00:00","article_modified_time":"2020-03-23T12:40:18+00:00","og_image":[{"width":273,"height":180,"url":"https:\/\/franciscanos.org.br\/noticias\/wp-content\/uploads\/2016\/09\/com_30092016.jpg","type":"image\/jpeg"}],"author":"admin","twitter_card":"summary_large_image","twitter_misc":{"Escrito por":"admin","Est. tempo de leitura":"4 minutos"},"schema":{"@context":"https:\/\/schema.org","@graph":[{"@type":"WebSite","@id":"https:\/\/franciscanos.org.br\/noticias\/#website","url":"https:\/\/franciscanos.org.br\/noticias\/","name":"Not\u00edcias - Franciscanos","description":"Prov\u00edncia Franciscana da Imaculada Concei\u00e7\u00e3o do Brasil - Ordem dos Frades Menores - OFM","potentialAction":[{"@type":"SearchAction","target":{"@type":"EntryPoint","urlTemplate":"https:\/\/franciscanos.org.br\/noticias\/?s={search_term_string}"},"query-input":"required name=search_term_string"}],"inLanguage":"pt-BR"},{"@type":"ImageObject","inLanguage":"pt-BR","@id":"https:\/\/franciscanos.org.br\/noticias\/frente-da-comunicacao-se-reune-na-usf.html#primaryimage","url":"https:\/\/franciscanos.org.br\/noticias\/wp-content\/uploads\/2016\/09\/com_30092016.jpg","contentUrl":"https:\/\/franciscanos.org.br\/noticias\/wp-content\/uploads\/2016\/09\/com_30092016.jpg","width":273,"height":180},{"@type":"WebPage","@id":"https:\/\/franciscanos.org.br\/noticias\/frente-da-comunicacao-se-reune-na-usf.html#webpage","url":"https:\/\/franciscanos.org.br\/noticias\/frente-da-comunicacao-se-reune-na-usf.html","name":"Frente da Comunica\u00e7\u00e3o se re\u00fane na USF - Not\u00edcias - Franciscanos","isPartOf":{"@id":"https:\/\/franciscanos.org.br\/noticias\/#website"},"primaryImageOfPage":{"@id":"https:\/\/franciscanos.org.br\/noticias\/frente-da-comunicacao-se-reune-na-usf.html#primaryimage"},"datePublished":"2016-09-30T16:14:07+00:00","dateModified":"2020-03-23T12:40:18+00:00","author":{"@id":"https:\/\/franciscanos.org.br\/noticias\/#\/schema\/person\/b38fbf43118f02820bd932f2e4b14ad3"},"breadcrumb":{"@id":"https:\/\/franciscanos.org.br\/noticias\/frente-da-comunicacao-se-reune-na-usf.html#breadcrumb"},"inLanguage":"pt-BR","potentialAction":[{"@type":"ReadAction","target":["https:\/\/franciscanos.org.br\/noticias\/frente-da-comunicacao-se-reune-na-usf.html"]}]},{"@type":"BreadcrumbList","@id":"https:\/\/franciscanos.org.br\/noticias\/frente-da-comunicacao-se-reune-na-usf.html#breadcrumb","itemListElement":[{"@type":"ListItem","position":1,"name":"Home","item":"https:\/\/franciscanos.org.br\/noticias"},{"@type":"ListItem","position":2,"name":"Frente da Comunica\u00e7\u00e3o se re\u00fane na USF"}]},{"@type":"Person","@id":"https:\/\/franciscanos.org.br\/noticias\/#\/schema\/person\/b38fbf43118f02820bd932f2e4b14ad3","name":"admin","image":{"@type":"ImageObject","inLanguage":"pt-BR","@id":"https:\/\/franciscanos.org.br\/noticias\/#\/schema\/person\/image\/","url":"https:\/\/secure.gravatar.com\/avatar\/e8495742d34d0ba6448ea1c628263b3e?s=96&d=mm&r=g","contentUrl":"https:\/\/secure.gravatar.com\/avatar\/e8495742d34d0ba6448ea1c628263b3e?s=96&d=mm&r=g","caption":"admin"},"url":"https:\/\/franciscanos.org.br\/noticias\/author\/admin"}]}},"_links":{"self":[{"href":"https:\/\/franciscanos.org.br\/noticias\/wp-json\/wp\/v2\/posts\/117851"}],"collection":[{"href":"https:\/\/franciscanos.org.br\/noticias\/wp-json\/wp\/v2\/posts"}],"about":[{"href":"https:\/\/franciscanos.org.br\/noticias\/wp-json\/wp\/v2\/types\/post"}],"author":[{"embeddable":true,"href":"https:\/\/franciscanos.org.br\/noticias\/wp-json\/wp\/v2\/users\/1"}],"replies":[{"embeddable":true,"href":"https:\/\/franciscanos.org.br\/noticias\/wp-json\/wp\/v2\/comments?post=117851"}],"version-history":[{"count":1,"href":"https:\/\/franciscanos.org.br\/noticias\/wp-json\/wp\/v2\/posts\/117851\/revisions"}],"predecessor-version":[{"id":222229,"href":"https:\/\/franciscanos.org.br\/noticias\/wp-json\/wp\/v2\/posts\/117851\/revisions\/222229"}],"wp:featuredmedia":[{"embeddable":true,"href":"https:\/\/franciscanos.org.br\/noticias\/wp-json\/wp\/v2\/media\/222228"}],"wp:attachment":[{"href":"https:\/\/franciscanos.org.br\/noticias\/wp-json\/wp\/v2\/media?parent=117851"}],"wp:term":[{"taxonomy":"category","embeddable":true,"href":"https:\/\/franciscanos.org.br\/noticias\/wp-json\/wp\/v2\/categories?post=117851"},{"taxonomy":"post_tag","embeddable":true,"href":"https:\/\/franciscanos.org.br\/noticias\/wp-json\/wp\/v2\/tags?post=117851"}],"curies":[{"name":"wp","href":"https:\/\/api.w.org\/{rel}","templated":true}]}}