{"id":117581,"date":"2016-09-27T08:50:37","date_gmt":"2016-09-27T11:50:37","guid":{"rendered":"http:\/\/franciscanos.org.br\/?p=117581"},"modified":"2021-07-05T20:16:45","modified_gmt":"2021-07-05T23:16:45","slug":"canarinhos-cantam-a-historia-do-brasil-imperial","status":"publish","type":"post","link":"https:\/\/franciscanos.org.br\/noticias\/canarinhos-cantam-a-historia-do-brasil-imperial.html","title":{"rendered":"Coral Canarinhos cantam a hist\u00f3ria do Brasil imperial"},"content":{"rendered":"<p><img loading=\"lazy\" src=\"http:\/\/franciscanos.org.br\/wp-content\/uploads\/2016\/09\/canarinhos_270916.jpg\" alt=\"canarinhos_270916\" width=\"820\" height=\"398\" \/><\/p>\n<p>O Coral dos Canarinhos apresenta, nesta sexta-feira (30), a edi\u00e7\u00e3o mensal do concerto \u201cO Imp\u00e9rio Brasileiro e Sua M\u00fasica\u201d, voltada para turistas que desejam ter experi\u00eancias diferentes durante a visita na cidade. O evento come\u00e7a \u00e0s 15h, na sede do Instituto dos Meninos Cantores de Petr\u00f3polis (IMCP), e conta a hist\u00f3ria do Brasil imperial de uma forma l\u00fadica e diferente.<\/p>\n<p>O espet\u00e1culo faz parte de dois projetos distintos, que visam oferecer atrativos tur\u00edsticos especiais, fortalecendo o setor e aumentando o fluxo de visitantes nas cidades participantes. Al\u00e9m de integrar o Tour da Experi\u00eancia, uma parceria entre o Minist\u00e9rio do Turismo, o Sebrae e o Instituto Marca Brasil, ele tamb\u00e9m participa do Passaporte Cultural, iniciativa lan\u00e7ada em agosto, que d\u00e1 brindes ou descontos para aqueles que estiverem com o passaporte em m\u00e3os. Desta forma, quem assistir \u00e0 apresenta\u00e7\u00e3o deste m\u00eas ter\u00e1 um desconto de 10% na compra dos CDs dos coros do IMCP, al\u00e9m de ganhar o carimbo da institui\u00e7\u00e3o.<\/p>\n<p>\u201cA apresenta\u00e7\u00e3o \u00e9 bem especial. O canarinho Lucas Mathias interpreta o maior mordomo do Museu Imperial, Paulo Barbosa, e, entre as can\u00e7\u00f5es, narra fatos curiosos do s\u00e9culo XIX, mostrando ao p\u00fablico um pouco da rotina e do gosto cultural da popula\u00e7\u00e3o da \u00e9poca\u201d, conta o maestro Marco Aur\u00e9lio Lischt, salientando que as apresenta\u00e7\u00f5es mensais s\u00e3o realizadas pelos dois coros do IMCP. \u201cOs Canarinhos de Petr\u00f3polis e o Coral das Meninas dos Canarinhos intercalam as apresenta\u00e7\u00f5es. Desta forma, nossa institui\u00e7\u00e3o est\u00e1 sempre de portas abertas para receber os turistas que escolhem a cidade como destino\u201d.<\/p>\n<p>Can\u00e7\u00f5es como \u201cVoc\u00ea Trata o Amor em Brinco\u201d, o Hino da Independ\u00eancia e o \u201cCoro dos Ca\u00e7adores\u201d, da \u00f3pera \u201cO Guarani\u201d, de Carlos Gomes, fazem parte do repert\u00f3rio do concerto, que foi idealizado pelo IMCP e roteirizado pelo professor Nilson Macedo. Os ingressos custam R$ 20,00 e podem ser adquiridos diretamente da sede do instituto, localizado na Rua Santos Dumont, 355, no Centro de Petr\u00f3polis.<\/p>\n<p>O Passaporte \u00e9 uma iniciativa do Segmento de Museus do Conselho Municipal de Cultura, da Funda\u00e7\u00e3o Oswaldo Cruz, com apoio da Funda\u00e7\u00e3o de Cultura e Turismo de Petr\u00f3polis. Nele, \u00e9 poss\u00edvel encontrar a lista completa de todas as institui\u00e7\u00f5es participantes do projeto. O documento \u00e9 gratuito e pode ser retirado nos Centros de Informa\u00e7\u00f5es Tur\u00edsticas da Pra\u00e7a da Liberdade e do Parque Municipal de Petr\u00f3polis, em Itaipava.<\/p>\n<p><strong>Servi\u00e7o<\/strong><br \/>\n<em>Concerto \u201cO Imp\u00e9rio Brasileiro e Sua M\u00fasica\u201d<\/em><\/p>\n<p><strong>Data<\/strong>: Sexta-feira, 30 de setembro<br \/>\n<strong>Hor\u00e1rio<\/strong>: 15h<br \/>\n<strong>Endere\u00e7o:<\/strong> Instituto dos Meninos Cantores de Petr\u00f3polis \u2013 Rua Santos Dumont, 355, Centro \u2013 Petr\u00f3polis\/RJ<br \/>\n<strong>Mais informa\u00e7\u00f5es:<\/strong>\u00a0www.canarinhos.com.br ou pelo telefone (24) 2104-4141.<\/p>\n","protected":false},"excerpt":{"rendered":"<p>Em Petr\u00f3polis<\/p>\n","protected":false},"author":1,"featured_media":210056,"comment_status":"open","ping_status":"open","sticky":false,"template":"","format":"standard","meta":[],"categories":[1],"tags":[1378,190],"acf":[],"yoast_head":"<!-- This site is optimized with the Yoast SEO plugin v19.2 - https:\/\/yoast.com\/wordpress\/plugins\/seo\/ -->\n<title>Coral Canarinhos cantam a hist\u00f3ria do Brasil imperial - Not\u00edcias - Franciscanos<\/title>\n<meta name=\"robots\" content=\"index, follow, max-snippet:-1, max-image-preview:large, max-video-preview:-1\" \/>\n<link rel=\"canonical\" href=\"https:\/\/franciscanos.org.br\/noticias\/canarinhos-cantam-a-historia-do-brasil-imperial.html\" \/>\n<meta property=\"og:locale\" content=\"pt_BR\" \/>\n<meta property=\"og:type\" content=\"article\" \/>\n<meta property=\"og:title\" content=\"Coral Canarinhos cantam a hist\u00f3ria do Brasil imperial - Not\u00edcias - Franciscanos\" \/>\n<meta property=\"og:description\" content=\"Em Petr\u00f3polis\" \/>\n<meta property=\"og:url\" content=\"https:\/\/franciscanos.org.br\/noticias\/canarinhos-cantam-a-historia-do-brasil-imperial.html\" \/>\n<meta property=\"og:site_name\" content=\"Not\u00edcias - Franciscanos\" \/>\n<meta property=\"article:published_time\" content=\"2016-09-27T11:50:37+00:00\" \/>\n<meta property=\"article:modified_time\" content=\"2021-07-05T23:16:45+00:00\" \/>\n<meta property=\"og:image\" content=\"https:\/\/franciscanos.org.br\/noticias\/wp-content\/uploads\/2016\/09\/canarinhos_270916.jpg\" \/>\n\t<meta property=\"og:image:width\" content=\"273\" \/>\n\t<meta property=\"og:image:height\" content=\"181\" \/>\n\t<meta property=\"og:image:type\" content=\"image\/jpeg\" \/>\n<meta name=\"author\" content=\"admin\" \/>\n<meta name=\"twitter:card\" content=\"summary_large_image\" \/>\n<meta name=\"twitter:label1\" content=\"Escrito por\" \/>\n\t<meta name=\"twitter:data1\" content=\"admin\" \/>\n\t<meta name=\"twitter:label2\" content=\"Est. tempo de leitura\" \/>\n\t<meta name=\"twitter:data2\" content=\"2 minutos\" \/>\n<script type=\"application\/ld+json\" class=\"yoast-schema-graph\">{\"@context\":\"https:\/\/schema.org\",\"@graph\":[{\"@type\":\"WebSite\",\"@id\":\"https:\/\/franciscanos.org.br\/noticias\/#website\",\"url\":\"https:\/\/franciscanos.org.br\/noticias\/\",\"name\":\"Not\u00edcias - Franciscanos\",\"description\":\"Prov\u00edncia Franciscana da Imaculada Concei\u00e7\u00e3o do Brasil - Ordem dos Frades Menores - OFM\",\"potentialAction\":[{\"@type\":\"SearchAction\",\"target\":{\"@type\":\"EntryPoint\",\"urlTemplate\":\"https:\/\/franciscanos.org.br\/noticias\/?s={search_term_string}\"},\"query-input\":\"required name=search_term_string\"}],\"inLanguage\":\"pt-BR\"},{\"@type\":\"ImageObject\",\"inLanguage\":\"pt-BR\",\"@id\":\"https:\/\/franciscanos.org.br\/noticias\/canarinhos-cantam-a-historia-do-brasil-imperial.html#primaryimage\",\"url\":\"https:\/\/franciscanos.org.br\/noticias\/wp-content\/uploads\/2016\/09\/canarinhos_270916.jpg\",\"contentUrl\":\"https:\/\/franciscanos.org.br\/noticias\/wp-content\/uploads\/2016\/09\/canarinhos_270916.jpg\",\"width\":273,\"height\":181},{\"@type\":\"WebPage\",\"@id\":\"https:\/\/franciscanos.org.br\/noticias\/canarinhos-cantam-a-historia-do-brasil-imperial.html#webpage\",\"url\":\"https:\/\/franciscanos.org.br\/noticias\/canarinhos-cantam-a-historia-do-brasil-imperial.html\",\"name\":\"Coral Canarinhos cantam a hist\u00f3ria do Brasil imperial - Not\u00edcias - Franciscanos\",\"isPartOf\":{\"@id\":\"https:\/\/franciscanos.org.br\/noticias\/#website\"},\"primaryImageOfPage\":{\"@id\":\"https:\/\/franciscanos.org.br\/noticias\/canarinhos-cantam-a-historia-do-brasil-imperial.html#primaryimage\"},\"datePublished\":\"2016-09-27T11:50:37+00:00\",\"dateModified\":\"2021-07-05T23:16:45+00:00\",\"author\":{\"@id\":\"https:\/\/franciscanos.org.br\/noticias\/#\/schema\/person\/b38fbf43118f02820bd932f2e4b14ad3\"},\"breadcrumb\":{\"@id\":\"https:\/\/franciscanos.org.br\/noticias\/canarinhos-cantam-a-historia-do-brasil-imperial.html#breadcrumb\"},\"inLanguage\":\"pt-BR\",\"potentialAction\":[{\"@type\":\"ReadAction\",\"target\":[\"https:\/\/franciscanos.org.br\/noticias\/canarinhos-cantam-a-historia-do-brasil-imperial.html\"]}]},{\"@type\":\"BreadcrumbList\",\"@id\":\"https:\/\/franciscanos.org.br\/noticias\/canarinhos-cantam-a-historia-do-brasil-imperial.html#breadcrumb\",\"itemListElement\":[{\"@type\":\"ListItem\",\"position\":1,\"name\":\"Home\",\"item\":\"https:\/\/franciscanos.org.br\/noticias\"},{\"@type\":\"ListItem\",\"position\":2,\"name\":\"Coral Canarinhos cantam a hist\u00f3ria do Brasil imperial\"}]},{\"@type\":\"Person\",\"@id\":\"https:\/\/franciscanos.org.br\/noticias\/#\/schema\/person\/b38fbf43118f02820bd932f2e4b14ad3\",\"name\":\"admin\",\"image\":{\"@type\":\"ImageObject\",\"inLanguage\":\"pt-BR\",\"@id\":\"https:\/\/franciscanos.org.br\/noticias\/#\/schema\/person\/image\/\",\"url\":\"https:\/\/secure.gravatar.com\/avatar\/e8495742d34d0ba6448ea1c628263b3e?s=96&d=mm&r=g\",\"contentUrl\":\"https:\/\/secure.gravatar.com\/avatar\/e8495742d34d0ba6448ea1c628263b3e?s=96&d=mm&r=g\",\"caption\":\"admin\"},\"url\":\"https:\/\/franciscanos.org.br\/noticias\/author\/admin\"}]}<\/script>\n<!-- \/ Yoast SEO plugin. -->","yoast_head_json":{"title":"Coral Canarinhos cantam a hist\u00f3ria do Brasil imperial - Not\u00edcias - Franciscanos","robots":{"index":"index","follow":"follow","max-snippet":"max-snippet:-1","max-image-preview":"max-image-preview:large","max-video-preview":"max-video-preview:-1"},"canonical":"https:\/\/franciscanos.org.br\/noticias\/canarinhos-cantam-a-historia-do-brasil-imperial.html","og_locale":"pt_BR","og_type":"article","og_title":"Coral Canarinhos cantam a hist\u00f3ria do Brasil imperial - Not\u00edcias - Franciscanos","og_description":"Em Petr\u00f3polis","og_url":"https:\/\/franciscanos.org.br\/noticias\/canarinhos-cantam-a-historia-do-brasil-imperial.html","og_site_name":"Not\u00edcias - Franciscanos","article_published_time":"2016-09-27T11:50:37+00:00","article_modified_time":"2021-07-05T23:16:45+00:00","og_image":[{"width":273,"height":181,"url":"https:\/\/franciscanos.org.br\/noticias\/wp-content\/uploads\/2016\/09\/canarinhos_270916.jpg","type":"image\/jpeg"}],"author":"admin","twitter_card":"summary_large_image","twitter_misc":{"Escrito por":"admin","Est. tempo de leitura":"2 minutos"},"schema":{"@context":"https:\/\/schema.org","@graph":[{"@type":"WebSite","@id":"https:\/\/franciscanos.org.br\/noticias\/#website","url":"https:\/\/franciscanos.org.br\/noticias\/","name":"Not\u00edcias - Franciscanos","description":"Prov\u00edncia Franciscana da Imaculada Concei\u00e7\u00e3o do Brasil - Ordem dos Frades Menores - OFM","potentialAction":[{"@type":"SearchAction","target":{"@type":"EntryPoint","urlTemplate":"https:\/\/franciscanos.org.br\/noticias\/?s={search_term_string}"},"query-input":"required name=search_term_string"}],"inLanguage":"pt-BR"},{"@type":"ImageObject","inLanguage":"pt-BR","@id":"https:\/\/franciscanos.org.br\/noticias\/canarinhos-cantam-a-historia-do-brasil-imperial.html#primaryimage","url":"https:\/\/franciscanos.org.br\/noticias\/wp-content\/uploads\/2016\/09\/canarinhos_270916.jpg","contentUrl":"https:\/\/franciscanos.org.br\/noticias\/wp-content\/uploads\/2016\/09\/canarinhos_270916.jpg","width":273,"height":181},{"@type":"WebPage","@id":"https:\/\/franciscanos.org.br\/noticias\/canarinhos-cantam-a-historia-do-brasil-imperial.html#webpage","url":"https:\/\/franciscanos.org.br\/noticias\/canarinhos-cantam-a-historia-do-brasil-imperial.html","name":"Coral Canarinhos cantam a hist\u00f3ria do Brasil imperial - Not\u00edcias - Franciscanos","isPartOf":{"@id":"https:\/\/franciscanos.org.br\/noticias\/#website"},"primaryImageOfPage":{"@id":"https:\/\/franciscanos.org.br\/noticias\/canarinhos-cantam-a-historia-do-brasil-imperial.html#primaryimage"},"datePublished":"2016-09-27T11:50:37+00:00","dateModified":"2021-07-05T23:16:45+00:00","author":{"@id":"https:\/\/franciscanos.org.br\/noticias\/#\/schema\/person\/b38fbf43118f02820bd932f2e4b14ad3"},"breadcrumb":{"@id":"https:\/\/franciscanos.org.br\/noticias\/canarinhos-cantam-a-historia-do-brasil-imperial.html#breadcrumb"},"inLanguage":"pt-BR","potentialAction":[{"@type":"ReadAction","target":["https:\/\/franciscanos.org.br\/noticias\/canarinhos-cantam-a-historia-do-brasil-imperial.html"]}]},{"@type":"BreadcrumbList","@id":"https:\/\/franciscanos.org.br\/noticias\/canarinhos-cantam-a-historia-do-brasil-imperial.html#breadcrumb","itemListElement":[{"@type":"ListItem","position":1,"name":"Home","item":"https:\/\/franciscanos.org.br\/noticias"},{"@type":"ListItem","position":2,"name":"Coral Canarinhos cantam a hist\u00f3ria do Brasil imperial"}]},{"@type":"Person","@id":"https:\/\/franciscanos.org.br\/noticias\/#\/schema\/person\/b38fbf43118f02820bd932f2e4b14ad3","name":"admin","image":{"@type":"ImageObject","inLanguage":"pt-BR","@id":"https:\/\/franciscanos.org.br\/noticias\/#\/schema\/person\/image\/","url":"https:\/\/secure.gravatar.com\/avatar\/e8495742d34d0ba6448ea1c628263b3e?s=96&d=mm&r=g","contentUrl":"https:\/\/secure.gravatar.com\/avatar\/e8495742d34d0ba6448ea1c628263b3e?s=96&d=mm&r=g","caption":"admin"},"url":"https:\/\/franciscanos.org.br\/noticias\/author\/admin"}]}},"_links":{"self":[{"href":"https:\/\/franciscanos.org.br\/noticias\/wp-json\/wp\/v2\/posts\/117581"}],"collection":[{"href":"https:\/\/franciscanos.org.br\/noticias\/wp-json\/wp\/v2\/posts"}],"about":[{"href":"https:\/\/franciscanos.org.br\/noticias\/wp-json\/wp\/v2\/types\/post"}],"author":[{"embeddable":true,"href":"https:\/\/franciscanos.org.br\/noticias\/wp-json\/wp\/v2\/users\/1"}],"replies":[{"embeddable":true,"href":"https:\/\/franciscanos.org.br\/noticias\/wp-json\/wp\/v2\/comments?post=117581"}],"version-history":[{"count":1,"href":"https:\/\/franciscanos.org.br\/noticias\/wp-json\/wp\/v2\/posts\/117581\/revisions"}],"predecessor-version":[{"id":232908,"href":"https:\/\/franciscanos.org.br\/noticias\/wp-json\/wp\/v2\/posts\/117581\/revisions\/232908"}],"wp:featuredmedia":[{"embeddable":true,"href":"https:\/\/franciscanos.org.br\/noticias\/wp-json\/wp\/v2\/media\/210056"}],"wp:attachment":[{"href":"https:\/\/franciscanos.org.br\/noticias\/wp-json\/wp\/v2\/media?parent=117581"}],"wp:term":[{"taxonomy":"category","embeddable":true,"href":"https:\/\/franciscanos.org.br\/noticias\/wp-json\/wp\/v2\/categories?post=117581"},{"taxonomy":"post_tag","embeddable":true,"href":"https:\/\/franciscanos.org.br\/noticias\/wp-json\/wp\/v2\/tags?post=117581"}],"curies":[{"name":"wp","href":"https:\/\/api.w.org\/{rel}","templated":true}]}}