{"id":117568,"date":"2016-09-27T07:56:37","date_gmt":"2016-09-27T10:56:37","guid":{"rendered":"http:\/\/franciscanos.org.br\/?p=117568"},"modified":"2020-06-09T15:01:05","modified_gmt":"2020-06-09T18:01:05","slug":"papa-ensina-como-vencer-a-desolacao-espiritual","status":"publish","type":"post","link":"https:\/\/franciscanos.org.br\/noticias\/papa-ensina-como-vencer-a-desolacao-espiritual.html","title":{"rendered":"Papa ensina como vencer a &#8216;desola\u00e7\u00e3o espiritual&#8217;"},"content":{"rendered":"<p><img loading=\"lazy\" src=\"http:\/\/franciscanos.org.br\/wp-content\/uploads\/2016\/09\/papa_270916.jpg\" alt=\"papa_270916\" width=\"820\" height=\"447\" \/><\/p>\n<p><strong>Cidade do Vaticano<\/strong> &#8211; O que acontece em nosso cora\u00e7\u00e3o quando somos tomados por uma \u2018desola\u00e7\u00e3o espiritual?\u2019 Foi a pergunta feita por Francisco na Missa desta manh\u00e3 na Casa Santa Marta, centralizada no personagem de J\u00f3. O Papa acentuou a import\u00e2ncia do sil\u00eancio e da ora\u00e7\u00e3o para vencer os momentos mais sombrios. Neste dia de S\u00e3o Vicente de Paulo, o Papa ofereceu sua Missa \u00e0s Irm\u00e3s Vicentinas, as Filhas da Caridade, que trabalham na Casa Santa Marta.<\/p>\n<p>\u201cJ\u00f3 estava com problemas: havia perdido tudo\u201d. A partir desta leitura, que apresenta J\u00f3 despojado de todos os seus bens, inclusive seus filhos, o Papa desenvolveu a homilia. \u201cJ\u00f3 se sente perdido, mas n\u00e3o maldiz o Senhor\u201d.<\/p>\n<p>Todos, cedo ou tarde, vivemos uma grande desola\u00e7\u00e3o espiritual. J\u00f3 vive uma grande \u2018desola\u00e7\u00e3o espiritual\u2019 e desafoga com Deus. \u00c9 o desabafo de \u2018um filho diante de seu pai\u2019. O mesmo o faz o profeta Jeremias, que desabafa com o Senhor, mas sem blasfemar: \u201cA desola\u00e7\u00e3o espiritual \u00e9 uma coisa que acontece com todos n\u00f3s: pode ser mais forte ou mais fraca&#8230; mas \u00e9 uma condi\u00e7\u00e3o da alma obscura, sem esperan\u00e7a, desconfiada, sem vontade de viver, que n\u00e3o v\u00ea a luz no fim do t\u00fanel, que tem agita\u00e7\u00e3o no cora\u00e7\u00e3o e nas ideias&#8230; A desola\u00e7\u00e3o espiritual nos faz sentir como se nossa alma fosse \u2018achatada\u2019: quando n\u00e3o consegue, n\u00e3o quer viver: \u2018A morte \u00e9 melhor!\u2019 desabafa J\u00f3. Melhor morrer do que viver assim&#8217;. E n\u00f3s devemos entender quando nosso esp\u00edrito est\u00e1 neste estado de tristeza geral, quando ficamos quase sem respiro. Acontece com todos n\u00f3s, e temos que compreender o que se passa em nosso cora\u00e7\u00e3o\u201d.<\/p>\n<p>Esta, acrescentou o Papa, \u201c\u00e9 a pergunta que devemos nos colocar: \u2018O que se deve fazer quando vivemos estes momentos escuros, por uma trag\u00e9dia familiar, por uma doen\u00e7a, por alguma coisa que me leva \u2018pr\u00e1 baixo\u2019. Alguns pensam em engolir um comprimido para dormir e tomar dist\u00e2ncia dos fatos, ou beber \u2018dois, tr\u00eas, quatro\u2019 golinhos\u2019&#8230; \u201cIsto n\u00e3o ajuda. A liturgia de hoje nos mostra como lidar com a desola\u00e7\u00e3o espiritual, quando ficamos mornos, pr\u00e1 baixo, sem esperan\u00e7a\u201d.<\/p>\n<p><strong>REZAR COM INSIST\u00caNCIA<\/strong><br \/>\nNo Salmo responsorial 87 est\u00e1 a resposta: \u201cChegue a ti a minha prece, Senhor\u201d. \u00c9 preciso rezar \u2013 disse o Papa \u2013 rezar com for\u00e7a, como disse J\u00f3: gritar dia e noite at\u00e9 que Deus escute: \u201c\u00c9 uma ora\u00e7\u00e3o de bater na porta, mas com for\u00e7a! \u201cSenhor, eu estou cheio de desventuras. A minha vida est\u00e1 \u00e0 beira do inferno. Estou entre aqueles que descem \u00e0 fossa, sou como um homem sem for\u00e7as\u2019. Quantas vezes n\u00f3s sentimos assim, sem for\u00e7as&#8230; E esta \u00e9 a ora\u00e7\u00e3o. O Senhor mesmo nos ensina como rezar nestes momentos dif\u00edceis. &#8216;Senhor, me lan\u00e7aste na fossa mais profunda. Pesa sobre mim a Tua c\u00f3lera. Chegue a Ti a minha ora\u00e7\u00e3o\u2019. Esta \u00e9 a ora\u00e7\u00e3o: assim devemos rezar nos piores momentos, nos momentos mais escuros, mais desolados, mais esmagados, que nos esmagam mesmo. Isto \u00e9 a rezar com autenticidade. E tamb\u00e9m desabafar como desabafou J\u00f3 com os filhos. Como um filho\u201d.<\/p>\n<p>O Livro de J\u00f3, em seguida, fala do sil\u00eancio dos amigos. Diante de uma pessoa que sofre, disse o Papa, \u201cas palavras podem ferir\u201d. O que conta \u00e9 estar perto, fazer sentir a proximidade, \u201cmas n\u00e3o fazer discursos\u201d.<\/p>\n<p>\u201cQuando uma pessoa sofre, quando uma pessoa se encontra na desola\u00e7\u00e3o espiritual \u2013 continuou o Papa -, voc\u00ea tem que falar o m\u00ednimo poss\u00edvel e voc\u00ea tem que ajudar com o sil\u00eancio, a proximidade, as car\u00edcias, com a sua ora\u00e7\u00e3o diante do Pai&#8221;: \u201cEm primeiro lugar, reconhecer em n\u00f3s os momentos de desola\u00e7\u00e3o espiritual, quando estamos no escuro, sem esperan\u00e7a, e nos perguntar por qu\u00ea? Em segundo lugar, rezar ao Senhor, como na liturgia de hoje, com este Salmo 87 que nos ensina a rezar, no momento de escurid\u00e3o. &#8216;Chegue a Ti a minha ora\u00e7\u00e3o, Senhor&#8217;. E em terceiro lugar, quando me aproximo de uma pessoa que sofre, seja por doen\u00e7as, seja por qualquer sofrimento, mas que est\u00e1 na desola\u00e7\u00e3o completa, sil\u00eancio; mas sil\u00eancio com tanto amor, proximidade, ternura. E n\u00e3o fazer discursos que, depois, n\u00e3o ajudam e, tamb\u00e9m, lhe fazer mal\u201d.<\/p>\n<p>&#8220;Rezemos ao Senhor &#8211; concluiu Francisco \u2013, para que nos conceda essas tr\u00eas gra\u00e7as: a gra\u00e7a de reconhecer a desola\u00e7\u00e3o espiritual, a gra\u00e7a de rezar quando estivermos submetidos a este estado de desola\u00e7\u00e3o espiritual, e tamb\u00e9m a gra\u00e7a de saber acolher as pessoas que passam por momentos dif\u00edceis de tristeza e de desola\u00e7\u00e3o espiritual\u201d.<\/p>\n<hr \/>\n<p><em>Fonte: R\u00e1dio Vaticano<\/em><\/p>\n","protected":false},"excerpt":{"rendered":"<p>Missa em Santa Marta<\/p>\n","protected":false},"author":1,"featured_media":222243,"comment_status":"open","ping_status":"open","sticky":false,"template":"","format":"standard","meta":[],"categories":[1428],"tags":[1586],"acf":[],"yoast_head":"<!-- This site is optimized with the Yoast SEO plugin v19.2 - https:\/\/yoast.com\/wordpress\/plugins\/seo\/ -->\n<title>Papa ensina como vencer a &#039;desola\u00e7\u00e3o espiritual&#039; - Not\u00edcias - Franciscanos<\/title>\n<meta name=\"robots\" content=\"index, follow, max-snippet:-1, max-image-preview:large, max-video-preview:-1\" \/>\n<link rel=\"canonical\" href=\"https:\/\/franciscanos.org.br\/noticias\/papa-ensina-como-vencer-a-desolacao-espiritual.html\" \/>\n<meta property=\"og:locale\" content=\"pt_BR\" \/>\n<meta property=\"og:type\" content=\"article\" \/>\n<meta property=\"og:title\" content=\"Papa ensina como vencer a &#039;desola\u00e7\u00e3o espiritual&#039; - Not\u00edcias - Franciscanos\" \/>\n<meta property=\"og:description\" content=\"Missa em Santa Marta\" \/>\n<meta property=\"og:url\" content=\"https:\/\/franciscanos.org.br\/noticias\/papa-ensina-como-vencer-a-desolacao-espiritual.html\" \/>\n<meta property=\"og:site_name\" content=\"Not\u00edcias - Franciscanos\" \/>\n<meta property=\"article:published_time\" content=\"2016-09-27T10:56:37+00:00\" \/>\n<meta property=\"article:modified_time\" content=\"2020-06-09T18:01:05+00:00\" \/>\n<meta property=\"og:image\" content=\"https:\/\/franciscanos.org.br\/noticias\/wp-content\/uploads\/2016\/09\/papa_270916.jpg\" \/>\n\t<meta property=\"og:image:width\" content=\"273\" \/>\n\t<meta property=\"og:image:height\" content=\"181\" \/>\n\t<meta property=\"og:image:type\" content=\"image\/jpeg\" \/>\n<meta name=\"author\" content=\"admin\" \/>\n<meta name=\"twitter:card\" content=\"summary_large_image\" \/>\n<meta name=\"twitter:label1\" content=\"Escrito por\" \/>\n\t<meta name=\"twitter:data1\" content=\"admin\" \/>\n\t<meta name=\"twitter:label2\" content=\"Est. tempo de leitura\" \/>\n\t<meta name=\"twitter:data2\" content=\"4 minutos\" \/>\n<script type=\"application\/ld+json\" class=\"yoast-schema-graph\">{\"@context\":\"https:\/\/schema.org\",\"@graph\":[{\"@type\":\"WebSite\",\"@id\":\"https:\/\/franciscanos.org.br\/noticias\/#website\",\"url\":\"https:\/\/franciscanos.org.br\/noticias\/\",\"name\":\"Not\u00edcias - Franciscanos\",\"description\":\"Prov\u00edncia Franciscana da Imaculada Concei\u00e7\u00e3o do Brasil - Ordem dos Frades Menores - OFM\",\"potentialAction\":[{\"@type\":\"SearchAction\",\"target\":{\"@type\":\"EntryPoint\",\"urlTemplate\":\"https:\/\/franciscanos.org.br\/noticias\/?s={search_term_string}\"},\"query-input\":\"required name=search_term_string\"}],\"inLanguage\":\"pt-BR\"},{\"@type\":\"ImageObject\",\"inLanguage\":\"pt-BR\",\"@id\":\"https:\/\/franciscanos.org.br\/noticias\/papa-ensina-como-vencer-a-desolacao-espiritual.html#primaryimage\",\"url\":\"https:\/\/franciscanos.org.br\/noticias\/wp-content\/uploads\/2016\/09\/papa_270916.jpg\",\"contentUrl\":\"https:\/\/franciscanos.org.br\/noticias\/wp-content\/uploads\/2016\/09\/papa_270916.jpg\",\"width\":273,\"height\":181},{\"@type\":\"WebPage\",\"@id\":\"https:\/\/franciscanos.org.br\/noticias\/papa-ensina-como-vencer-a-desolacao-espiritual.html#webpage\",\"url\":\"https:\/\/franciscanos.org.br\/noticias\/papa-ensina-como-vencer-a-desolacao-espiritual.html\",\"name\":\"Papa ensina como vencer a 'desola\u00e7\u00e3o espiritual' - Not\u00edcias - Franciscanos\",\"isPartOf\":{\"@id\":\"https:\/\/franciscanos.org.br\/noticias\/#website\"},\"primaryImageOfPage\":{\"@id\":\"https:\/\/franciscanos.org.br\/noticias\/papa-ensina-como-vencer-a-desolacao-espiritual.html#primaryimage\"},\"datePublished\":\"2016-09-27T10:56:37+00:00\",\"dateModified\":\"2020-06-09T18:01:05+00:00\",\"author\":{\"@id\":\"https:\/\/franciscanos.org.br\/noticias\/#\/schema\/person\/b38fbf43118f02820bd932f2e4b14ad3\"},\"breadcrumb\":{\"@id\":\"https:\/\/franciscanos.org.br\/noticias\/papa-ensina-como-vencer-a-desolacao-espiritual.html#breadcrumb\"},\"inLanguage\":\"pt-BR\",\"potentialAction\":[{\"@type\":\"ReadAction\",\"target\":[\"https:\/\/franciscanos.org.br\/noticias\/papa-ensina-como-vencer-a-desolacao-espiritual.html\"]}]},{\"@type\":\"BreadcrumbList\",\"@id\":\"https:\/\/franciscanos.org.br\/noticias\/papa-ensina-como-vencer-a-desolacao-espiritual.html#breadcrumb\",\"itemListElement\":[{\"@type\":\"ListItem\",\"position\":1,\"name\":\"Home\",\"item\":\"https:\/\/franciscanos.org.br\/noticias\"},{\"@type\":\"ListItem\",\"position\":2,\"name\":\"Papa ensina como vencer a &#8216;desola\u00e7\u00e3o espiritual&#8217;\"}]},{\"@type\":\"Person\",\"@id\":\"https:\/\/franciscanos.org.br\/noticias\/#\/schema\/person\/b38fbf43118f02820bd932f2e4b14ad3\",\"name\":\"admin\",\"image\":{\"@type\":\"ImageObject\",\"inLanguage\":\"pt-BR\",\"@id\":\"https:\/\/franciscanos.org.br\/noticias\/#\/schema\/person\/image\/\",\"url\":\"https:\/\/secure.gravatar.com\/avatar\/e8495742d34d0ba6448ea1c628263b3e?s=96&d=mm&r=g\",\"contentUrl\":\"https:\/\/secure.gravatar.com\/avatar\/e8495742d34d0ba6448ea1c628263b3e?s=96&d=mm&r=g\",\"caption\":\"admin\"},\"url\":\"https:\/\/franciscanos.org.br\/noticias\/author\/admin\"}]}<\/script>\n<!-- \/ Yoast SEO plugin. -->","yoast_head_json":{"title":"Papa ensina como vencer a 'desola\u00e7\u00e3o espiritual' - Not\u00edcias - Franciscanos","robots":{"index":"index","follow":"follow","max-snippet":"max-snippet:-1","max-image-preview":"max-image-preview:large","max-video-preview":"max-video-preview:-1"},"canonical":"https:\/\/franciscanos.org.br\/noticias\/papa-ensina-como-vencer-a-desolacao-espiritual.html","og_locale":"pt_BR","og_type":"article","og_title":"Papa ensina como vencer a 'desola\u00e7\u00e3o espiritual' - Not\u00edcias - Franciscanos","og_description":"Missa em Santa Marta","og_url":"https:\/\/franciscanos.org.br\/noticias\/papa-ensina-como-vencer-a-desolacao-espiritual.html","og_site_name":"Not\u00edcias - Franciscanos","article_published_time":"2016-09-27T10:56:37+00:00","article_modified_time":"2020-06-09T18:01:05+00:00","og_image":[{"width":273,"height":181,"url":"https:\/\/franciscanos.org.br\/noticias\/wp-content\/uploads\/2016\/09\/papa_270916.jpg","type":"image\/jpeg"}],"author":"admin","twitter_card":"summary_large_image","twitter_misc":{"Escrito por":"admin","Est. tempo de leitura":"4 minutos"},"schema":{"@context":"https:\/\/schema.org","@graph":[{"@type":"WebSite","@id":"https:\/\/franciscanos.org.br\/noticias\/#website","url":"https:\/\/franciscanos.org.br\/noticias\/","name":"Not\u00edcias - Franciscanos","description":"Prov\u00edncia Franciscana da Imaculada Concei\u00e7\u00e3o do Brasil - Ordem dos Frades Menores - OFM","potentialAction":[{"@type":"SearchAction","target":{"@type":"EntryPoint","urlTemplate":"https:\/\/franciscanos.org.br\/noticias\/?s={search_term_string}"},"query-input":"required name=search_term_string"}],"inLanguage":"pt-BR"},{"@type":"ImageObject","inLanguage":"pt-BR","@id":"https:\/\/franciscanos.org.br\/noticias\/papa-ensina-como-vencer-a-desolacao-espiritual.html#primaryimage","url":"https:\/\/franciscanos.org.br\/noticias\/wp-content\/uploads\/2016\/09\/papa_270916.jpg","contentUrl":"https:\/\/franciscanos.org.br\/noticias\/wp-content\/uploads\/2016\/09\/papa_270916.jpg","width":273,"height":181},{"@type":"WebPage","@id":"https:\/\/franciscanos.org.br\/noticias\/papa-ensina-como-vencer-a-desolacao-espiritual.html#webpage","url":"https:\/\/franciscanos.org.br\/noticias\/papa-ensina-como-vencer-a-desolacao-espiritual.html","name":"Papa ensina como vencer a 'desola\u00e7\u00e3o espiritual' - Not\u00edcias - Franciscanos","isPartOf":{"@id":"https:\/\/franciscanos.org.br\/noticias\/#website"},"primaryImageOfPage":{"@id":"https:\/\/franciscanos.org.br\/noticias\/papa-ensina-como-vencer-a-desolacao-espiritual.html#primaryimage"},"datePublished":"2016-09-27T10:56:37+00:00","dateModified":"2020-06-09T18:01:05+00:00","author":{"@id":"https:\/\/franciscanos.org.br\/noticias\/#\/schema\/person\/b38fbf43118f02820bd932f2e4b14ad3"},"breadcrumb":{"@id":"https:\/\/franciscanos.org.br\/noticias\/papa-ensina-como-vencer-a-desolacao-espiritual.html#breadcrumb"},"inLanguage":"pt-BR","potentialAction":[{"@type":"ReadAction","target":["https:\/\/franciscanos.org.br\/noticias\/papa-ensina-como-vencer-a-desolacao-espiritual.html"]}]},{"@type":"BreadcrumbList","@id":"https:\/\/franciscanos.org.br\/noticias\/papa-ensina-como-vencer-a-desolacao-espiritual.html#breadcrumb","itemListElement":[{"@type":"ListItem","position":1,"name":"Home","item":"https:\/\/franciscanos.org.br\/noticias"},{"@type":"ListItem","position":2,"name":"Papa ensina como vencer a &#8216;desola\u00e7\u00e3o espiritual&#8217;"}]},{"@type":"Person","@id":"https:\/\/franciscanos.org.br\/noticias\/#\/schema\/person\/b38fbf43118f02820bd932f2e4b14ad3","name":"admin","image":{"@type":"ImageObject","inLanguage":"pt-BR","@id":"https:\/\/franciscanos.org.br\/noticias\/#\/schema\/person\/image\/","url":"https:\/\/secure.gravatar.com\/avatar\/e8495742d34d0ba6448ea1c628263b3e?s=96&d=mm&r=g","contentUrl":"https:\/\/secure.gravatar.com\/avatar\/e8495742d34d0ba6448ea1c628263b3e?s=96&d=mm&r=g","caption":"admin"},"url":"https:\/\/franciscanos.org.br\/noticias\/author\/admin"}]}},"_links":{"self":[{"href":"https:\/\/franciscanos.org.br\/noticias\/wp-json\/wp\/v2\/posts\/117568"}],"collection":[{"href":"https:\/\/franciscanos.org.br\/noticias\/wp-json\/wp\/v2\/posts"}],"about":[{"href":"https:\/\/franciscanos.org.br\/noticias\/wp-json\/wp\/v2\/types\/post"}],"author":[{"embeddable":true,"href":"https:\/\/franciscanos.org.br\/noticias\/wp-json\/wp\/v2\/users\/1"}],"replies":[{"embeddable":true,"href":"https:\/\/franciscanos.org.br\/noticias\/wp-json\/wp\/v2\/comments?post=117568"}],"version-history":[{"count":2,"href":"https:\/\/franciscanos.org.br\/noticias\/wp-json\/wp\/v2\/posts\/117568\/revisions"}],"predecessor-version":[{"id":225601,"href":"https:\/\/franciscanos.org.br\/noticias\/wp-json\/wp\/v2\/posts\/117568\/revisions\/225601"}],"wp:featuredmedia":[{"embeddable":true,"href":"https:\/\/franciscanos.org.br\/noticias\/wp-json\/wp\/v2\/media\/222243"}],"wp:attachment":[{"href":"https:\/\/franciscanos.org.br\/noticias\/wp-json\/wp\/v2\/media?parent=117568"}],"wp:term":[{"taxonomy":"category","embeddable":true,"href":"https:\/\/franciscanos.org.br\/noticias\/wp-json\/wp\/v2\/categories?post=117568"},{"taxonomy":"post_tag","embeddable":true,"href":"https:\/\/franciscanos.org.br\/noticias\/wp-json\/wp\/v2\/tags?post=117568"}],"curies":[{"name":"wp","href":"https:\/\/api.w.org\/{rel}","templated":true}]}}