{"id":117470,"date":"2016-09-25T17:28:31","date_gmt":"2016-09-25T20:28:31","guid":{"rendered":"http:\/\/franciscanos.org.br\/?p=117470"},"modified":"2023-01-09T11:16:29","modified_gmt":"2023-01-09T14:16:29","slug":"emocao-e-formacao-no-encontro-da-familia-franciscana","status":"publish","type":"post","link":"https:\/\/franciscanos.org.br\/noticias\/emocao-e-formacao-no-encontro-da-familia-franciscana.html","title":{"rendered":"Emo\u00e7\u00e3o e forma\u00e7\u00e3o no Encontro da Fam\u00edlia Franciscana"},"content":{"rendered":"<p><img loading=\"lazy\" src=\"http:\/\/franciscanos.org.br\/wp-content\/uploads\/2016\/09\/ffb_250916_1.jpg\" alt=\"ffb_250916_1\" width=\"820\" height=\"457\" \/><\/p>\n<p><strong>S\u00e3o Paulo (SP) \u2013<\/strong> O dia frio na capital paulista, que mais parecia continua\u00e7\u00e3o do inverno do que a esta\u00e7\u00e3o primaveril, n\u00e3o desanimou a Fam\u00edlia Franciscana do Regional de S\u00e3o Paulo, que se encontrou pela 35\u00aa vez no gin\u00e1sio de esportes do Col\u00e9gio Franciscano Pio XII, no Morumbi, para celebrar o carisma franciscano. Cerca de 500 franciscanos e franciscanas das tr\u00eas Ordens \u00a0de todas as Congrega\u00e7\u00f5es, masculinas e femininas, da Jufra, dos simpatizantes do ideal de S\u00e3o Francisco e Santa Clara, \u00a0se emocionaram e refletiram sobre a Miseric\u00f3rdia durante todo este domingo, 25 de setembro.<\/p>\n<p>Desta vez, sob o tema da miseric\u00f3rdia deste Ano Jubilar, o provincial Frei Carlos Silva, da Prov\u00edncia da Imaculada Concei\u00e7\u00e3o dos Frades Menores Capuchinhos, iniciou a reflex\u00e3o durante a Celebra\u00e7\u00e3o Eucar\u00edstica que abriu o evento. Na prociss\u00e3o de entrada, as fraternidades presentes trouxeram colchas de retalhos de um metro quadrado mostrando nelas as obras de miseric\u00f3rdia que est\u00e3o presentes no dia a dia.<\/p>\n<p>Frei Carlos ressaltou a alegria de reunir a Fam\u00edlia Franciscana. &#8220;Entre n\u00f3s, s\u00f3 falta a Segunda Ordem. Queremos trazer presente as nossas Irm\u00e3s Clarissas com a nossa ora\u00e7\u00e3o. Ent\u00e3o, onde elas est\u00e3o por esse Estado de S\u00e3o Paulo, n\u00f3s queremos entrar em comunh\u00e3o com elas neste dia&#8221;, pediu o celebrante e palestrante do dia.<\/p>\n<p><img loading=\"lazy\" src=\"http:\/\/franciscanos.org.br\/wp-content\/uploads\/2016\/09\/ffb_250916_3.jpg\" alt=\"ffb_250916_3\" width=\"820\" height=\"397\" \/><\/p>\n<p>Frei Carlos tamb\u00e9m agradeceu as Irm\u00e3s de S\u00e3o Francisco da Provid\u00eancia de Deus pela acolhida no Col\u00e9gio e a nova equipe do Regional da CFFB-SP, coordenada por Frei Jos\u00e9 Orlando Longarez, OFMCap, e Irm\u00e3 Ivoni Lourdes Fritzen, IFCR.<\/p>\n<p>Na homilia, que Frei Carlos dividiu com os concelebrantes, o Evangelho deste domingo (o rico e o pobre) refor\u00e7ou o tema do encontro. Segundo o Provincial dos Capuchinhos, observadores chamam a aten\u00e7\u00e3o de que est\u00e1 crescendo em nossa sociedade, em nosso mundo, a apatia, ou falta de sensibilidade diante do sofrimento alheio. &#8220;Cada vez mais somos indiferentes, insens\u00edveis. Tem algu\u00e9m morrendo do nosso lado, passando \u00e0 nossa frente, e vivemos um momento de insensibilidade. N\u00f3s evitamos, de mil maneiras, o contato direto com aquele que sofre. Pouco a pouco vamos nos tornando cada vez mais incapazes de perceber a afli\u00e7\u00e3o daqueles que sofrem. A presen\u00e7a da crian\u00e7a pedindo esmola ou de um morador de rua em nosso caminho, nos incomoda. O encontro com um doente terminal nos perturba. N\u00e3o sabemos o que fazer, muitas vezes nem o que dizer. S\u00f3 no centro de S\u00e3o Paulo s\u00e3o 18 mil moradores de rua. Nos sentimos incapazes, muitas vezes. Ent\u00e3o \u00e9 melhor voltar o quanto antes para nossas ocupa\u00e7\u00f5es, para n\u00e3o nos afetarmos com essa situa\u00e7\u00e3o&#8221;, lamentou Frei Carlos.<\/p>\n<p>&#8220;L\u00e1zaro estava no port\u00e3o da mans\u00e3o daquele rico que n\u00e3o tinha nome. A \u00fanica ajuda que L\u00e1zaro teve veio do alto. O rico s\u00f3 foi perceber a exist\u00eancia de L\u00e1zaro quando ele estava no lugar dos mortos e L\u00e1zaro no lugar da vida. Mas j\u00e1 havia um abismo t\u00e3o grande&#8230;&#8221;, completou o celebrante.<\/p>\n<p><img loading=\"lazy\" src=\"http:\/\/franciscanos.org.br\/wp-content\/uploads\/2016\/09\/ffb_250916_4.jpg\" alt=\"ffb_250916_4\" width=\"820\" height=\"342\" \/><\/p>\n<p>Frei Jos\u00e9 Orlando confessou que estava emocionado ainda com o menino norte-americano que enviou uma carta para o presidente Barack Obama pedindo para buscar o garotinho s\u00edrio que foi salvo da guerra e estava naquela ambul\u00e2ncia, todo sujo de terra, com sangue escorrendo no seu rosto. Ele disse: &#8216;Voc\u00ea poderia busc\u00e1-lo e traz\u00ea-lo para a nossa casa&#8230; estaremos esperando por voc\u00eas com bandeiras, flores e bal\u00f5es. Daremos ao menino uma fam\u00edlia e ele ser\u00e1 nosso irm\u00e3o&#8217;. \u00c9 t\u00e3o forte isso neste tempo de insensibilidade com o sofrimento, que nenhum de n\u00f3s pensa em escrever para o Obama, para o Governador, para o Provincial, para a Madre Superiora, para trazer algu\u00e9m para perto do cora\u00e7\u00e3o da gente. \u00c9 assim que a gente aprende a ser misericordioso. Ficar perto d\u00e1 para resolver. N\u00e3o d\u00e1 para fazer milagre, mas o milagre da ternura fraterna, o milagre da presen\u00e7a franciscana d\u00e1 para fazer&#8221;, disse, lembrando que Teresa de Calcut\u00e1, a santa, a Irm\u00e3 Dulce e tantas outras pessoas nos ensinaram a amar, a sermos presente e sermos misericordiosos.<\/p>\n<p>Para Frei M\u00e1rio Tagliari, OFM, guardi\u00e3o do Convento S\u00e3o Francisco, foi determinante para S\u00e3o Francisco o encontro com o leproso. &#8220;De tal forma determinante que ele coloca isso no seu Testamento. &#8216;Como eu estava em pecado, era dif\u00edcil ir at\u00e9 eles. Mas o Senhor mesmo me reconduziu e fez miseric\u00f3rdia para com eles&#8217;. Eu li nesses dias algu\u00e9m dizendo assim: &#8216;Quando a doen\u00e7a do outro, de tantas formas, se apresenta para n\u00f3s e n\u00e3o nos comove, n\u00e3o muda nossa atitude, quem est\u00e1 doente n\u00e3o \u00e9 ele, o doente, mas somos n\u00f3s&#8217;. O Papa Francisco chama a aten\u00e7\u00e3o para o maior pecado do nosso tempo: a globaliza\u00e7\u00e3o da indiferen\u00e7a. Em Lampedusa, diante de tantos imigrantes, e lembrando tantos que morreram no mar buscando qualidade de vida, ele chora e lamenta a nossa incapacidade de chorar com a dor, com a morte e com o sofrimento das pessoas&#8221;, insistiu Frei M\u00e1rio, contando que o Convento S\u00e3o Francisco, que acolhe moradores de rua para o &#8220;Ch\u00e1 do Padre&#8221;, passou a ser tamb\u00e9m albergue improvisado durante o \u00faltimo inverno na cidade. Mesmo com o final da esta\u00e7\u00e3o de inverno, os moradores n\u00e3o querem ir para os albergues da cidade, mas querem ficar ali no Convento, que n\u00e3o tem estrutura de albergue. &#8220;Quem sabe a\u00ed esteja um pouquinho daquilo que podemos fazer. Fazer a diferen\u00e7a, acolhendo com amor, como irm\u00e3o e irm\u00e3, aquele sofre&#8221;, completou.<\/p>\n<p>Frei Jos\u00e9 Hugo, OFMConv, disse que este Evangelho do rico e do pobre L\u00e1zaro \u00e9 &#8220;quase que uma provoca\u00e7\u00e3o&#8221; para n\u00f3s neste dia, pelo simples fato de sermos franciscanos e franciscanas. &#8220;N\u00f3s sabemos que Francisco se encantou por uma senhora, por uma dama, que ela chamava de Dama Pobreza. \u00c9 deste carisma que emanam a fraternidade, a minoridade, o servi\u00e7o. E sinto, particularmente, que toda vez que estamos distante desse carisma, Deus nos provoca, Deus nos cutuca. Ilustro com uma breve hist\u00f3ria: Eu moro em Santo Andr\u00e9, no ABC Paulista. Ao lado da nossa casa existe uma pra\u00e7a que, infelizmente, est\u00e1 bastante degradada e, ali, mora um senhor chamado Dorival. O Frei Arnaldo e o Frei Tiago est\u00e3o aqui comigo e sabem muito bem dessa hist\u00f3ria. Na noite do \u00faltimo Natal, no dia 24 de dezembro, ele tocou a nossa campainha. N\u00f3s t\u00ednhamos sa\u00eddo da Missa de Natal da igreja e est\u00e1vamos preparando a Ceia dos Frades. Vendo-o pelo monitor, disse na minha correria: &#8216;Dorival, espere um pouquinho que a gente j\u00e1 vai levar um lanche para voc\u00ea&#8217;. Toda vez que ele toca a nossa campainha \u00e9 porque est\u00e1 precisando de algo. E ele me disse: &#8216;Frei, n\u00e3o precisa trazer nada. Venha aqui um pouquinho&#8217;. Disse: &#8216;T\u00e1 bom&#8217;. Nem imaginei o que ele queria. Abri a porta e ele trazia nas m\u00e3os uma sacola enorme, com frango, lasanha, maionese, e outras coisas que ele ganhou e disse: &#8216;Frei, \u00e9 muito para mim. Leva para voc\u00ea e para os seus confrades&#8221;. A minha noite de Natal aconteceu ali. Nunca tinha visto algo desse tipo.\u00a0 \u00c9 muito f\u00e1cil n\u00f3s, que temos recursos, e at\u00e9 bens em quantidade grande, tentarmos partilhar. Mas quando vemos que essa partilha vem de onde menos se espera, de onde menos se tem condi\u00e7\u00f5es, a\u00ed a gente se espanta. Por isso, eu acredito que o nosso carisma n\u00e3o est\u00e1 morto. Como o Papa Francisco falou no Ano da Vida Consagrada, n\u00f3s precisamos olhar com esperan\u00e7a o futuro, n\u00e3o apenas colher os louros do passado. Que nosso esse nosso Encontro seja mais uma provoca\u00e7\u00e3o para redescobrirmos e vivermos com fidelidade, e alegria, o nosso carisma&#8221;, contou o frade conventual.<\/p>\n<p><img loading=\"lazy\" src=\"http:\/\/franciscanos.org.br\/wp-content\/uploads\/2016\/09\/ffb_250916_2.jpg\" alt=\"ffb_250916_2\" width=\"820\" height=\"380\" \/><\/p>\n<p>Irm\u00e3 Ivoni, IFCR, e S\u00f4nia Correia, OFS, tamb\u00e9m foram convidadas para o altar. Irm\u00e3 Ivoni lembrou que hoje \u00e9 tamb\u00e9m o dia da B\u00edblia. &#8220;A Palavra de Deus vem, fecunda, e ela n\u00e3o volta sem produzir frutos.\u00a0 Viver o carisma franciscano significa para n\u00f3s viver a Palavra, a Palavra feita Carne&#8221;, assinalou.<\/p>\n<p>S\u00f4nia, deu um belo testemunho neste Ano da Miseric\u00f3rdia ao falar sobre o lema do encontro &#8220;E fiz miseric\u00f3rdia com eles&#8221;. H\u00e1 quase 20 anos, quando ela e seu marido resolveram adotar um menino soropositivo de 4 anos e surdo, foram chamados de &#8220;loucos&#8221;. Hoje, com 23 anos, Jo\u00e3o V\u00edtor tem sua carga viral indetect\u00e1vel, cresceu no meio da Fraternidade Franciscana e tem a sua namorada. &#8220;Fa\u00e7o este depoimento para mostrar que a miseric\u00f3rdia de Deus foi muito maior do que tudo e que amor permanece entre a gente. Quero agradecer a Deus por nos ter dado esse amor. Mesmo ele sendo surdo, ele participa de todos os eventos franciscanos. S\u00f3 tenho a agradecer a Deus misericordioso. Que Deus continue nos dando for\u00e7as para ajudar aqueles que necessitam do nosso amor&#8221;, revelou.<\/p>\n<h2><strong>FREI CARLOS: Ningu\u00e9m nasce pronto. \u00c9 preciso dar o primeiro passo em dire\u00e7\u00e3o da miseric\u00f3rdia&#8221;.<\/strong><\/h2>\n<p>O Provincial dos Frades Menores Capuchinhos, Frei Carlos, falou sobre o Perd\u00e3o de Assis no contexto do Ano Jubilar e lembrou o documento dos Ministros Gerais para este evento no come\u00e7o de agosto. Frei Carlos partiu de Assis, onde est\u00e1 fonte de todo o carisma franciscano, para chegar ao novo tempo que o Francisco de Roma nos prop\u00f5e.<\/p>\n<p>Citando Frei Vit\u00f3rio Mazzuco, lembrou que a Porci\u00fancula \u00e9 um lugar fontal para os franciscanos e franciscanas. &#8220;Se Assis \u00e9 a &#8216;capital do esp\u00edrito&#8217;, a Porci\u00fancula \u00e9 o lugar necess\u00e1rio a toda humana criatura do nosso tempo&#8221;, disse, lembrando que em Assis emana o \u00fanico fasc\u00ednio: o retorno ao Evangelho.<\/p>\n<p>Em Assis est\u00e1 a Porci\u00fancula, o ber\u00e7o da fraternidade. &#8220;Ali os acontecimentos s\u00e3o vivos e presentes. Ali viveu Francisco, Clara, ali morreu Francisco. Ali nasceu a Ordem, ali foi feito o primeiro Cap\u00edtulo das Esteiras. \u00c9 ou n\u00e3o \u00e9 um lugar fontal?&#8221;, perguntou, dando uma pausa para exibir um v\u00eddeo que fala do novo Francisco sob o t\u00edtulo &#8220;Para uma sociedade nova&#8221;.<\/p>\n<p><iframe loading=\"lazy\" title=\"Thymus - Natura: Contexto de Mundo\" width=\"500\" height=\"281\" src=\"https:\/\/www.youtube.com\/embed\/EdPS5LjT6Ts?feature=oembed\" frameborder=\"0\" allow=\"accelerometer; autoplay; encrypted-media; gyroscope; picture-in-picture\" allowfullscreen><\/iframe><\/p>\n<p>Frei Carlos explicou a origem do Perd\u00e3o de Assis e disse que celebrar o Perd\u00e3o \u00e9 comprometer-se com uma nova maneira de ser e estar no mundo. &#8220;Como estou no mundo hoje? Padre eu ando com tantas dores&#8230; (risos). D\u00f3i a perna, os bra\u00e7os, as costas, a cabe\u00e7a, a consci\u00eancia&#8230; Quando come\u00e7a a doer a cabe\u00e7a \u00e9 um aviso de que algo n\u00e3o vai bem&#8221;, brincou.<\/p>\n<p>Segundo o frade, o Perd\u00e3o de Assis \u00e9 tamb\u00e9m se comprometer no cuidado da Casa Comum, se &#8220;n\u00e3o nossa casa vai entrar em colapso&#8221;. &#8220;Vejam quantas pessoas n\u00f3s atingimos nas par\u00f3quias, nos col\u00e9gios, nas obras sociais, e como essa quest\u00e3o da Casa Comum \u00e9 t\u00e3o maravilhosa. Mas como estamos tratando dessa tema?&#8221;, perguntou, novando fazendo refer\u00eancia ao Papa Francisco, que com a <em>Laudato S\u00ed<\/em> chamou n\u00e3o s\u00f3 a aten\u00e7\u00e3o dos crist\u00e3os, mas de toda a humanidade.<\/p>\n<p>&#8220;N\u00f3s estamos em rede e interligados. Somos iluminados pelo que o Papa Francisco nos aponta na sua <em>Enc\u00edlica Laudato S\u00ed<\/em> e na <em>sua Carta Miseric\u00f3rdia Vultus<\/em>&#8220;, disse.<\/p>\n<p>No final, Frei Carlos disse que n\u00e3o adianta passar pelas Portas Santas e n\u00e3o ter uma atitude de convers\u00e3o. &#8220;A minha vida tem que ser um sinal concreto de Deus est\u00e1 perto de n\u00f3s. Pequeno gesto de amor, de ternura, de cuidado, que levam a crer que o Senhor est\u00e1 perto de n\u00f3s. S\u00f3 assim se abre a porta da Miseric\u00f3rdia&#8221;, lembrou.<\/p>\n<p>Antes de terminar, Frei Carlos ainda mostrou curta animado da DreamWorks, o &#8220;Primeiro Voo&#8221;, que encantou e emocionou os participantes.<\/p>\n<p><iframe loading=\"lazy\" width=\"500\" height=\"375\" src=\"https:\/\/www.youtube.com\/embed\/YU7wrHu9jDY?feature=oembed\" frameborder=\"0\" allowfullscreen><\/iframe><\/p>\n<p>&#8220;Ningu\u00e9m nasce pronto. \u00c9 preciso dar o primeiro passo em dire\u00e7\u00e3o da miseric\u00f3rdia. D\u00ea o primeiro voo. A caridade tem que ser feita. Francisco diz: &#8216;E fiz miseric\u00f3rdia entre eles&#8217;.&#8221;, completou.<\/p>\n<p>Ap\u00f3s a reflex\u00e3o houve um momento de partilha e conv\u00edvio. O Encontro tamb\u00e9m teve apresenta\u00e7\u00f5es culturais e a nova coordena\u00e7\u00e3o regional foi apresentada aos participantes, assim como as metas do tri\u00eanio.\u00a0 Em seguida, os participantes se dividiram em grupos para estudar o tema. O Encontro terminou com uma prociss\u00e3o no p\u00e1tio do Col\u00e9gio Franciscano Pio XII.<\/p>\n<p><strong>Fotos: \u00a0Paulo Henrique (Prov\u00edncia dos Capuchinhos de S\u00e3o Paulo)<\/strong><\/p>\n<p><strong>Texto: Moacir Beggo (Prov\u00edncia Franciscana da Imaculada Concei\u00e7\u00e3o)<\/strong><\/p>\n","protected":false},"excerpt":{"rendered":"<p>CFFB-SP<\/p>\n","protected":false},"author":1,"featured_media":203389,"comment_status":"open","ping_status":"open","sticky":false,"template":"","format":"standard","meta":[],"categories":[1],"tags":[187,1263,1249],"acf":[],"yoast_head":"<!-- This site is optimized with the Yoast SEO plugin v19.2 - https:\/\/yoast.com\/wordpress\/plugins\/seo\/ -->\n<title>Emo\u00e7\u00e3o e forma\u00e7\u00e3o no Encontro da Fam\u00edlia Franciscana - Not\u00edcias - Franciscanos<\/title>\n<meta name=\"robots\" content=\"index, follow, max-snippet:-1, max-image-preview:large, max-video-preview:-1\" \/>\n<link rel=\"canonical\" href=\"https:\/\/franciscanos.org.br\/noticias\/emocao-e-formacao-no-encontro-da-familia-franciscana.html\" \/>\n<meta property=\"og:locale\" content=\"pt_BR\" \/>\n<meta property=\"og:type\" content=\"article\" \/>\n<meta property=\"og:title\" content=\"Emo\u00e7\u00e3o e forma\u00e7\u00e3o no Encontro da Fam\u00edlia Franciscana - Not\u00edcias - Franciscanos\" \/>\n<meta property=\"og:description\" content=\"CFFB-SP\" \/>\n<meta property=\"og:url\" content=\"https:\/\/franciscanos.org.br\/noticias\/emocao-e-formacao-no-encontro-da-familia-franciscana.html\" \/>\n<meta property=\"og:site_name\" content=\"Not\u00edcias - Franciscanos\" \/>\n<meta property=\"article:published_time\" content=\"2016-09-25T20:28:31+00:00\" \/>\n<meta property=\"article:modified_time\" content=\"2023-01-09T14:16:29+00:00\" \/>\n<meta property=\"og:image\" content=\"https:\/\/franciscanos.org.br\/noticias\/wp-content\/uploads\/2016\/09\/ffb_250916_1.jpg\" \/>\n\t<meta property=\"og:image:width\" content=\"273\" \/>\n\t<meta property=\"og:image:height\" content=\"181\" \/>\n\t<meta property=\"og:image:type\" content=\"image\/jpeg\" \/>\n<meta name=\"author\" content=\"admin\" \/>\n<meta name=\"twitter:card\" content=\"summary_large_image\" \/>\n<meta name=\"twitter:label1\" content=\"Escrito por\" \/>\n\t<meta name=\"twitter:data1\" content=\"admin\" \/>\n\t<meta name=\"twitter:label2\" content=\"Est. tempo de leitura\" \/>\n\t<meta name=\"twitter:data2\" content=\"11 minutos\" \/>\n<script type=\"application\/ld+json\" class=\"yoast-schema-graph\">{\"@context\":\"https:\/\/schema.org\",\"@graph\":[{\"@type\":\"WebSite\",\"@id\":\"https:\/\/franciscanos.org.br\/noticias\/#website\",\"url\":\"https:\/\/franciscanos.org.br\/noticias\/\",\"name\":\"Not\u00edcias - Franciscanos\",\"description\":\"Prov\u00edncia Franciscana da Imaculada Concei\u00e7\u00e3o do Brasil - Ordem dos Frades Menores - OFM\",\"potentialAction\":[{\"@type\":\"SearchAction\",\"target\":{\"@type\":\"EntryPoint\",\"urlTemplate\":\"https:\/\/franciscanos.org.br\/noticias\/?s={search_term_string}\"},\"query-input\":\"required name=search_term_string\"}],\"inLanguage\":\"pt-BR\"},{\"@type\":\"ImageObject\",\"inLanguage\":\"pt-BR\",\"@id\":\"https:\/\/franciscanos.org.br\/noticias\/emocao-e-formacao-no-encontro-da-familia-franciscana.html#primaryimage\",\"url\":\"https:\/\/franciscanos.org.br\/noticias\/wp-content\/uploads\/2016\/09\/ffb_250916_1.jpg\",\"contentUrl\":\"https:\/\/franciscanos.org.br\/noticias\/wp-content\/uploads\/2016\/09\/ffb_250916_1.jpg\",\"width\":273,\"height\":181},{\"@type\":\"WebPage\",\"@id\":\"https:\/\/franciscanos.org.br\/noticias\/emocao-e-formacao-no-encontro-da-familia-franciscana.html#webpage\",\"url\":\"https:\/\/franciscanos.org.br\/noticias\/emocao-e-formacao-no-encontro-da-familia-franciscana.html\",\"name\":\"Emo\u00e7\u00e3o e forma\u00e7\u00e3o no Encontro da Fam\u00edlia Franciscana - Not\u00edcias - Franciscanos\",\"isPartOf\":{\"@id\":\"https:\/\/franciscanos.org.br\/noticias\/#website\"},\"primaryImageOfPage\":{\"@id\":\"https:\/\/franciscanos.org.br\/noticias\/emocao-e-formacao-no-encontro-da-familia-franciscana.html#primaryimage\"},\"datePublished\":\"2016-09-25T20:28:31+00:00\",\"dateModified\":\"2023-01-09T14:16:29+00:00\",\"author\":{\"@id\":\"https:\/\/franciscanos.org.br\/noticias\/#\/schema\/person\/b38fbf43118f02820bd932f2e4b14ad3\"},\"breadcrumb\":{\"@id\":\"https:\/\/franciscanos.org.br\/noticias\/emocao-e-formacao-no-encontro-da-familia-franciscana.html#breadcrumb\"},\"inLanguage\":\"pt-BR\",\"potentialAction\":[{\"@type\":\"ReadAction\",\"target\":[\"https:\/\/franciscanos.org.br\/noticias\/emocao-e-formacao-no-encontro-da-familia-franciscana.html\"]}]},{\"@type\":\"BreadcrumbList\",\"@id\":\"https:\/\/franciscanos.org.br\/noticias\/emocao-e-formacao-no-encontro-da-familia-franciscana.html#breadcrumb\",\"itemListElement\":[{\"@type\":\"ListItem\",\"position\":1,\"name\":\"Home\",\"item\":\"https:\/\/franciscanos.org.br\/noticias\"},{\"@type\":\"ListItem\",\"position\":2,\"name\":\"Emo\u00e7\u00e3o e forma\u00e7\u00e3o no Encontro da Fam\u00edlia Franciscana\"}]},{\"@type\":\"Person\",\"@id\":\"https:\/\/franciscanos.org.br\/noticias\/#\/schema\/person\/b38fbf43118f02820bd932f2e4b14ad3\",\"name\":\"admin\",\"image\":{\"@type\":\"ImageObject\",\"inLanguage\":\"pt-BR\",\"@id\":\"https:\/\/franciscanos.org.br\/noticias\/#\/schema\/person\/image\/\",\"url\":\"https:\/\/secure.gravatar.com\/avatar\/e8495742d34d0ba6448ea1c628263b3e?s=96&d=mm&r=g\",\"contentUrl\":\"https:\/\/secure.gravatar.com\/avatar\/e8495742d34d0ba6448ea1c628263b3e?s=96&d=mm&r=g\",\"caption\":\"admin\"},\"url\":\"https:\/\/franciscanos.org.br\/noticias\/author\/admin\"}]}<\/script>\n<!-- \/ Yoast SEO plugin. -->","yoast_head_json":{"title":"Emo\u00e7\u00e3o e forma\u00e7\u00e3o no Encontro da Fam\u00edlia Franciscana - Not\u00edcias - Franciscanos","robots":{"index":"index","follow":"follow","max-snippet":"max-snippet:-1","max-image-preview":"max-image-preview:large","max-video-preview":"max-video-preview:-1"},"canonical":"https:\/\/franciscanos.org.br\/noticias\/emocao-e-formacao-no-encontro-da-familia-franciscana.html","og_locale":"pt_BR","og_type":"article","og_title":"Emo\u00e7\u00e3o e forma\u00e7\u00e3o no Encontro da Fam\u00edlia Franciscana - Not\u00edcias - Franciscanos","og_description":"CFFB-SP","og_url":"https:\/\/franciscanos.org.br\/noticias\/emocao-e-formacao-no-encontro-da-familia-franciscana.html","og_site_name":"Not\u00edcias - Franciscanos","article_published_time":"2016-09-25T20:28:31+00:00","article_modified_time":"2023-01-09T14:16:29+00:00","og_image":[{"width":273,"height":181,"url":"https:\/\/franciscanos.org.br\/noticias\/wp-content\/uploads\/2016\/09\/ffb_250916_1.jpg","type":"image\/jpeg"}],"author":"admin","twitter_card":"summary_large_image","twitter_misc":{"Escrito por":"admin","Est. tempo de leitura":"11 minutos"},"schema":{"@context":"https:\/\/schema.org","@graph":[{"@type":"WebSite","@id":"https:\/\/franciscanos.org.br\/noticias\/#website","url":"https:\/\/franciscanos.org.br\/noticias\/","name":"Not\u00edcias - Franciscanos","description":"Prov\u00edncia Franciscana da Imaculada Concei\u00e7\u00e3o do Brasil - Ordem dos Frades Menores - OFM","potentialAction":[{"@type":"SearchAction","target":{"@type":"EntryPoint","urlTemplate":"https:\/\/franciscanos.org.br\/noticias\/?s={search_term_string}"},"query-input":"required name=search_term_string"}],"inLanguage":"pt-BR"},{"@type":"ImageObject","inLanguage":"pt-BR","@id":"https:\/\/franciscanos.org.br\/noticias\/emocao-e-formacao-no-encontro-da-familia-franciscana.html#primaryimage","url":"https:\/\/franciscanos.org.br\/noticias\/wp-content\/uploads\/2016\/09\/ffb_250916_1.jpg","contentUrl":"https:\/\/franciscanos.org.br\/noticias\/wp-content\/uploads\/2016\/09\/ffb_250916_1.jpg","width":273,"height":181},{"@type":"WebPage","@id":"https:\/\/franciscanos.org.br\/noticias\/emocao-e-formacao-no-encontro-da-familia-franciscana.html#webpage","url":"https:\/\/franciscanos.org.br\/noticias\/emocao-e-formacao-no-encontro-da-familia-franciscana.html","name":"Emo\u00e7\u00e3o e forma\u00e7\u00e3o no Encontro da Fam\u00edlia Franciscana - Not\u00edcias - Franciscanos","isPartOf":{"@id":"https:\/\/franciscanos.org.br\/noticias\/#website"},"primaryImageOfPage":{"@id":"https:\/\/franciscanos.org.br\/noticias\/emocao-e-formacao-no-encontro-da-familia-franciscana.html#primaryimage"},"datePublished":"2016-09-25T20:28:31+00:00","dateModified":"2023-01-09T14:16:29+00:00","author":{"@id":"https:\/\/franciscanos.org.br\/noticias\/#\/schema\/person\/b38fbf43118f02820bd932f2e4b14ad3"},"breadcrumb":{"@id":"https:\/\/franciscanos.org.br\/noticias\/emocao-e-formacao-no-encontro-da-familia-franciscana.html#breadcrumb"},"inLanguage":"pt-BR","potentialAction":[{"@type":"ReadAction","target":["https:\/\/franciscanos.org.br\/noticias\/emocao-e-formacao-no-encontro-da-familia-franciscana.html"]}]},{"@type":"BreadcrumbList","@id":"https:\/\/franciscanos.org.br\/noticias\/emocao-e-formacao-no-encontro-da-familia-franciscana.html#breadcrumb","itemListElement":[{"@type":"ListItem","position":1,"name":"Home","item":"https:\/\/franciscanos.org.br\/noticias"},{"@type":"ListItem","position":2,"name":"Emo\u00e7\u00e3o e forma\u00e7\u00e3o no Encontro da Fam\u00edlia Franciscana"}]},{"@type":"Person","@id":"https:\/\/franciscanos.org.br\/noticias\/#\/schema\/person\/b38fbf43118f02820bd932f2e4b14ad3","name":"admin","image":{"@type":"ImageObject","inLanguage":"pt-BR","@id":"https:\/\/franciscanos.org.br\/noticias\/#\/schema\/person\/image\/","url":"https:\/\/secure.gravatar.com\/avatar\/e8495742d34d0ba6448ea1c628263b3e?s=96&d=mm&r=g","contentUrl":"https:\/\/secure.gravatar.com\/avatar\/e8495742d34d0ba6448ea1c628263b3e?s=96&d=mm&r=g","caption":"admin"},"url":"https:\/\/franciscanos.org.br\/noticias\/author\/admin"}]}},"_links":{"self":[{"href":"https:\/\/franciscanos.org.br\/noticias\/wp-json\/wp\/v2\/posts\/117470"}],"collection":[{"href":"https:\/\/franciscanos.org.br\/noticias\/wp-json\/wp\/v2\/posts"}],"about":[{"href":"https:\/\/franciscanos.org.br\/noticias\/wp-json\/wp\/v2\/types\/post"}],"author":[{"embeddable":true,"href":"https:\/\/franciscanos.org.br\/noticias\/wp-json\/wp\/v2\/users\/1"}],"replies":[{"embeddable":true,"href":"https:\/\/franciscanos.org.br\/noticias\/wp-json\/wp\/v2\/comments?post=117470"}],"version-history":[{"count":1,"href":"https:\/\/franciscanos.org.br\/noticias\/wp-json\/wp\/v2\/posts\/117470\/revisions"}],"predecessor-version":[{"id":222248,"href":"https:\/\/franciscanos.org.br\/noticias\/wp-json\/wp\/v2\/posts\/117470\/revisions\/222248"}],"wp:featuredmedia":[{"embeddable":true,"href":"https:\/\/franciscanos.org.br\/noticias\/wp-json\/wp\/v2\/media\/203389"}],"wp:attachment":[{"href":"https:\/\/franciscanos.org.br\/noticias\/wp-json\/wp\/v2\/media?parent=117470"}],"wp:term":[{"taxonomy":"category","embeddable":true,"href":"https:\/\/franciscanos.org.br\/noticias\/wp-json\/wp\/v2\/categories?post=117470"},{"taxonomy":"post_tag","embeddable":true,"href":"https:\/\/franciscanos.org.br\/noticias\/wp-json\/wp\/v2\/tags?post=117470"}],"curies":[{"name":"wp","href":"https:\/\/api.w.org\/{rel}","templated":true}]}}