{"id":117421,"date":"2016-09-23T13:37:45","date_gmt":"2016-09-23T16:37:45","guid":{"rendered":"http:\/\/franciscanos.org.br\/?p=117421"},"modified":"2020-03-23T11:13:28","modified_gmt":"2020-03-23T14:13:28","slug":"terminou-hoje-a-assembleia-em-rondinha","status":"publish","type":"post","link":"https:\/\/franciscanos.org.br\/noticias\/terminou-hoje-a-assembleia-em-rondinha.html","title":{"rendered":"Rondinha sediou a Assembleia Ampliada da CFMB"},"content":{"rendered":"<p><img loading=\"lazy\" src=\"https:\/\/franciscanos.org.br\/noticias\/wp-content\/uploads\/2016\/09\/IMG_1357-1.jpg\" alt=\"\" width=\"840\" height=\"560\" \/><\/p>\n<p><strong>Frei Augusto Luiz Gabriel<\/strong><\/p>\n<p>Com preces de gratid\u00e3o pelo bom \u00eaxito da Assembleia Ampliada da Confer\u00eancia dos Frades Menores do Brasil (CFMB) e agraciados com o dom da vida e voca\u00e7\u00e3o, os frades reuniram-se na capela da Fraternidade Franciscana S\u00e3o Boaventura logo pela manh\u00e3, para iniciar o \u00faltimo dia de trabalhos com a celebra\u00e7\u00e3o da Santa Missa. O presidente da celebra\u00e7\u00e3o foi Frei In\u00e1cio Delazarri, ministro provincial da Prov\u00edncia Franciscana S\u00e3o Francisco de Assis, de Porto Alegre (RS), tendo como concelebrantes Frei C\u00e9sar K\u00fclkamp, vig\u00e1rio provincial da Prov\u00edncia Franciscana da Imaculada Concei\u00e7\u00e3o do Brasil e Frei Vicente Paulo, da Prov\u00edncia de Santa Cruz, o novo delegado do SERFE (Servi\u00e7o para a Forma\u00e7\u00e3o e Estudos).<\/p>\n<p>Em sua homilia, Frei In\u00e1cio destacou: \u201cNos reunimos aqui como irm\u00e3os e menores do Brasil em nosso tempo. N\u00f3s fizemos a experi\u00eancia de cumprir juntos uma caminhada que nos identifica como frades menores. Viemos dos mais diversos lugares, das mais diversas atividades, e Deus nos capacitou para trabalharmos e caminharmos juntos, refletindo a partir do mesmo enfoque e vivermos o Evangelho a partir do mesmo esp\u00edrito de S\u00e3o Francisco e isso, meus confrades, \u00e9 uma coisa muito bonita\u201d, afirmou.<\/p>\n<p>Tendo como base o Evangelho do dia (Lc 9, 18-22), Frei Delazarri enfatiza: \u201cJesus lan\u00e7ou a seguinte pergunta: \u2018Quem dizem os homens que eu sou?\u2019 Este \u00e9 um questionamento muito f\u00e1cil de responder, por isso Jesus faz outra pergunta: \u2018e para voc\u00ea quem sou eu?\u2019 S\u00e3o Francisco teve que responder, Santa Clara tamb\u00e9m, e n\u00f3s podemos dizer que na origem de nossa voca\u00e7\u00e3o, similarmente, n\u00f3s nos encontramos com esta indaga\u00e7\u00e3o. A minha vida ir\u00e1 depender da resposta que damos a estes questionamentos,\u201d afirmou o presidente da CFMB.<\/p>\n<p>No final da missa, o celebrante agradeceu com muito carinho \u00e0 Prov\u00edncia da Imaculada pela calorosa acolhida.<\/p>\n<p>Ap\u00f3s a celebra\u00e7\u00e3o, os frades reuniram-se para a realiza\u00e7\u00e3o de uma avalia\u00e7\u00e3o em seus respectivos grupos. Em seguida, estando a assembleia toda reunida, Frei In\u00e1cio, representando os provinciais e cust\u00f3dios, exp\u00f4s ao grupo uma rica agenda de atividades apresentando as propostas aprovadas e ousadas para o pr\u00f3ximo tri\u00eanio 2016-2019.<\/p>\n<p>Finalizando a assembleia, Frei In\u00e1cio leu uma carta do Ministro Geral da Ordem dos Frades Menores, Frei Michael Perry, para as Prov\u00edncias e Cust\u00f3dias das nove entidades da CFMB. Em seguida, convidou a todos para a ora\u00e7\u00e3o final e b\u00ean\u00e7\u00e3o de envio.<\/p>\n<p>Que Deus seja louvado pelo bom \u00eaxito da Assembleia da CFMB, que Ele continue alimentando e cultivando esta nossa vida, esta nossa voca\u00e7\u00e3o franciscana e que Ele tamb\u00e9m inspire sempre mais pessoas a descobrirem o tesouro desta voca\u00e7\u00e3o, que \u00e9 seguir os passos de Jesus, ao modo de S\u00e3o Francisco e de Santa Clara de Assis!<\/p>\n","protected":false},"excerpt":{"rendered":"<p>CFMB<\/p>\n","protected":false},"author":5,"featured_media":203404,"comment_status":"open","ping_status":"open","sticky":false,"template":"","format":"standard","meta":[],"categories":[1],"tags":[240],"acf":[],"yoast_head":"<!-- This site is optimized with the Yoast SEO plugin v19.2 - https:\/\/yoast.com\/wordpress\/plugins\/seo\/ -->\n<title>Rondinha sediou a Assembleia Ampliada da CFMB - Not\u00edcias - Franciscanos<\/title>\n<meta name=\"robots\" content=\"index, follow, max-snippet:-1, max-image-preview:large, max-video-preview:-1\" \/>\n<link rel=\"canonical\" href=\"https:\/\/franciscanos.org.br\/noticias\/terminou-hoje-a-assembleia-em-rondinha.html\" \/>\n<meta property=\"og:locale\" content=\"pt_BR\" \/>\n<meta property=\"og:type\" content=\"article\" \/>\n<meta property=\"og:title\" content=\"Rondinha sediou a Assembleia Ampliada da CFMB - Not\u00edcias - Franciscanos\" \/>\n<meta property=\"og:description\" content=\"CFMB\" \/>\n<meta property=\"og:url\" content=\"https:\/\/franciscanos.org.br\/noticias\/terminou-hoje-a-assembleia-em-rondinha.html\" \/>\n<meta property=\"og:site_name\" content=\"Not\u00edcias - Franciscanos\" \/>\n<meta property=\"article:published_time\" content=\"2016-09-23T16:37:45+00:00\" \/>\n<meta property=\"article:modified_time\" content=\"2020-03-23T14:13:28+00:00\" \/>\n<meta property=\"og:image\" content=\"https:\/\/franciscanos.org.br\/noticias\/wp-content\/uploads\/2016\/09\/IMG_1357.jpg\" \/>\n\t<meta property=\"og:image:width\" content=\"273\" \/>\n\t<meta property=\"og:image:height\" content=\"182\" \/>\n\t<meta property=\"og:image:type\" content=\"image\/jpeg\" \/>\n<meta name=\"author\" content=\"freiaugusto\" \/>\n<meta name=\"twitter:card\" content=\"summary_large_image\" \/>\n<meta name=\"twitter:label1\" content=\"Escrito por\" \/>\n\t<meta name=\"twitter:data1\" content=\"freiaugusto\" \/>\n\t<meta name=\"twitter:label2\" content=\"Est. tempo de leitura\" \/>\n\t<meta name=\"twitter:data2\" content=\"2 minutos\" \/>\n<script type=\"application\/ld+json\" class=\"yoast-schema-graph\">{\"@context\":\"https:\/\/schema.org\",\"@graph\":[{\"@type\":\"WebSite\",\"@id\":\"https:\/\/franciscanos.org.br\/noticias\/#website\",\"url\":\"https:\/\/franciscanos.org.br\/noticias\/\",\"name\":\"Not\u00edcias - Franciscanos\",\"description\":\"Prov\u00edncia Franciscana da Imaculada Concei\u00e7\u00e3o do Brasil - Ordem dos Frades Menores - OFM\",\"potentialAction\":[{\"@type\":\"SearchAction\",\"target\":{\"@type\":\"EntryPoint\",\"urlTemplate\":\"https:\/\/franciscanos.org.br\/noticias\/?s={search_term_string}\"},\"query-input\":\"required name=search_term_string\"}],\"inLanguage\":\"pt-BR\"},{\"@type\":\"ImageObject\",\"inLanguage\":\"pt-BR\",\"@id\":\"https:\/\/franciscanos.org.br\/noticias\/terminou-hoje-a-assembleia-em-rondinha.html#primaryimage\",\"url\":\"https:\/\/franciscanos.org.br\/noticias\/wp-content\/uploads\/2016\/09\/IMG_1357.jpg\",\"contentUrl\":\"https:\/\/franciscanos.org.br\/noticias\/wp-content\/uploads\/2016\/09\/IMG_1357.jpg\",\"width\":273,\"height\":182},{\"@type\":\"WebPage\",\"@id\":\"https:\/\/franciscanos.org.br\/noticias\/terminou-hoje-a-assembleia-em-rondinha.html#webpage\",\"url\":\"https:\/\/franciscanos.org.br\/noticias\/terminou-hoje-a-assembleia-em-rondinha.html\",\"name\":\"Rondinha sediou a Assembleia Ampliada da CFMB - Not\u00edcias - Franciscanos\",\"isPartOf\":{\"@id\":\"https:\/\/franciscanos.org.br\/noticias\/#website\"},\"primaryImageOfPage\":{\"@id\":\"https:\/\/franciscanos.org.br\/noticias\/terminou-hoje-a-assembleia-em-rondinha.html#primaryimage\"},\"datePublished\":\"2016-09-23T16:37:45+00:00\",\"dateModified\":\"2020-03-23T14:13:28+00:00\",\"author\":{\"@id\":\"https:\/\/franciscanos.org.br\/noticias\/#\/schema\/person\/37f88f0d111cd5358b12a6556a99eb91\"},\"breadcrumb\":{\"@id\":\"https:\/\/franciscanos.org.br\/noticias\/terminou-hoje-a-assembleia-em-rondinha.html#breadcrumb\"},\"inLanguage\":\"pt-BR\",\"potentialAction\":[{\"@type\":\"ReadAction\",\"target\":[\"https:\/\/franciscanos.org.br\/noticias\/terminou-hoje-a-assembleia-em-rondinha.html\"]}]},{\"@type\":\"BreadcrumbList\",\"@id\":\"https:\/\/franciscanos.org.br\/noticias\/terminou-hoje-a-assembleia-em-rondinha.html#breadcrumb\",\"itemListElement\":[{\"@type\":\"ListItem\",\"position\":1,\"name\":\"Home\",\"item\":\"https:\/\/franciscanos.org.br\/noticias\"},{\"@type\":\"ListItem\",\"position\":2,\"name\":\"Rondinha sediou a Assembleia Ampliada da CFMB\"}]},{\"@type\":\"Person\",\"@id\":\"https:\/\/franciscanos.org.br\/noticias\/#\/schema\/person\/37f88f0d111cd5358b12a6556a99eb91\",\"name\":\"freiaugusto\",\"image\":{\"@type\":\"ImageObject\",\"inLanguage\":\"pt-BR\",\"@id\":\"https:\/\/franciscanos.org.br\/noticias\/#\/schema\/person\/image\/\",\"url\":\"https:\/\/secure.gravatar.com\/avatar\/9840b940e621801b24f3e6b059efb4b7?s=96&d=mm&r=g\",\"contentUrl\":\"https:\/\/secure.gravatar.com\/avatar\/9840b940e621801b24f3e6b059efb4b7?s=96&d=mm&r=g\",\"caption\":\"freiaugusto\"},\"url\":\"https:\/\/franciscanos.org.br\/noticias\/author\/freiaugusto\"}]}<\/script>\n<!-- \/ Yoast SEO plugin. -->","yoast_head_json":{"title":"Rondinha sediou a Assembleia Ampliada da CFMB - Not\u00edcias - Franciscanos","robots":{"index":"index","follow":"follow","max-snippet":"max-snippet:-1","max-image-preview":"max-image-preview:large","max-video-preview":"max-video-preview:-1"},"canonical":"https:\/\/franciscanos.org.br\/noticias\/terminou-hoje-a-assembleia-em-rondinha.html","og_locale":"pt_BR","og_type":"article","og_title":"Rondinha sediou a Assembleia Ampliada da CFMB - Not\u00edcias - Franciscanos","og_description":"CFMB","og_url":"https:\/\/franciscanos.org.br\/noticias\/terminou-hoje-a-assembleia-em-rondinha.html","og_site_name":"Not\u00edcias - Franciscanos","article_published_time":"2016-09-23T16:37:45+00:00","article_modified_time":"2020-03-23T14:13:28+00:00","og_image":[{"width":273,"height":182,"url":"https:\/\/franciscanos.org.br\/noticias\/wp-content\/uploads\/2016\/09\/IMG_1357.jpg","type":"image\/jpeg"}],"author":"freiaugusto","twitter_card":"summary_large_image","twitter_misc":{"Escrito por":"freiaugusto","Est. tempo de leitura":"2 minutos"},"schema":{"@context":"https:\/\/schema.org","@graph":[{"@type":"WebSite","@id":"https:\/\/franciscanos.org.br\/noticias\/#website","url":"https:\/\/franciscanos.org.br\/noticias\/","name":"Not\u00edcias - Franciscanos","description":"Prov\u00edncia Franciscana da Imaculada Concei\u00e7\u00e3o do Brasil - Ordem dos Frades Menores - OFM","potentialAction":[{"@type":"SearchAction","target":{"@type":"EntryPoint","urlTemplate":"https:\/\/franciscanos.org.br\/noticias\/?s={search_term_string}"},"query-input":"required name=search_term_string"}],"inLanguage":"pt-BR"},{"@type":"ImageObject","inLanguage":"pt-BR","@id":"https:\/\/franciscanos.org.br\/noticias\/terminou-hoje-a-assembleia-em-rondinha.html#primaryimage","url":"https:\/\/franciscanos.org.br\/noticias\/wp-content\/uploads\/2016\/09\/IMG_1357.jpg","contentUrl":"https:\/\/franciscanos.org.br\/noticias\/wp-content\/uploads\/2016\/09\/IMG_1357.jpg","width":273,"height":182},{"@type":"WebPage","@id":"https:\/\/franciscanos.org.br\/noticias\/terminou-hoje-a-assembleia-em-rondinha.html#webpage","url":"https:\/\/franciscanos.org.br\/noticias\/terminou-hoje-a-assembleia-em-rondinha.html","name":"Rondinha sediou a Assembleia Ampliada da CFMB - Not\u00edcias - Franciscanos","isPartOf":{"@id":"https:\/\/franciscanos.org.br\/noticias\/#website"},"primaryImageOfPage":{"@id":"https:\/\/franciscanos.org.br\/noticias\/terminou-hoje-a-assembleia-em-rondinha.html#primaryimage"},"datePublished":"2016-09-23T16:37:45+00:00","dateModified":"2020-03-23T14:13:28+00:00","author":{"@id":"https:\/\/franciscanos.org.br\/noticias\/#\/schema\/person\/37f88f0d111cd5358b12a6556a99eb91"},"breadcrumb":{"@id":"https:\/\/franciscanos.org.br\/noticias\/terminou-hoje-a-assembleia-em-rondinha.html#breadcrumb"},"inLanguage":"pt-BR","potentialAction":[{"@type":"ReadAction","target":["https:\/\/franciscanos.org.br\/noticias\/terminou-hoje-a-assembleia-em-rondinha.html"]}]},{"@type":"BreadcrumbList","@id":"https:\/\/franciscanos.org.br\/noticias\/terminou-hoje-a-assembleia-em-rondinha.html#breadcrumb","itemListElement":[{"@type":"ListItem","position":1,"name":"Home","item":"https:\/\/franciscanos.org.br\/noticias"},{"@type":"ListItem","position":2,"name":"Rondinha sediou a Assembleia Ampliada da CFMB"}]},{"@type":"Person","@id":"https:\/\/franciscanos.org.br\/noticias\/#\/schema\/person\/37f88f0d111cd5358b12a6556a99eb91","name":"freiaugusto","image":{"@type":"ImageObject","inLanguage":"pt-BR","@id":"https:\/\/franciscanos.org.br\/noticias\/#\/schema\/person\/image\/","url":"https:\/\/secure.gravatar.com\/avatar\/9840b940e621801b24f3e6b059efb4b7?s=96&d=mm&r=g","contentUrl":"https:\/\/secure.gravatar.com\/avatar\/9840b940e621801b24f3e6b059efb4b7?s=96&d=mm&r=g","caption":"freiaugusto"},"url":"https:\/\/franciscanos.org.br\/noticias\/author\/freiaugusto"}]}},"_links":{"self":[{"href":"https:\/\/franciscanos.org.br\/noticias\/wp-json\/wp\/v2\/posts\/117421"}],"collection":[{"href":"https:\/\/franciscanos.org.br\/noticias\/wp-json\/wp\/v2\/posts"}],"about":[{"href":"https:\/\/franciscanos.org.br\/noticias\/wp-json\/wp\/v2\/types\/post"}],"author":[{"embeddable":true,"href":"https:\/\/franciscanos.org.br\/noticias\/wp-json\/wp\/v2\/users\/5"}],"replies":[{"embeddable":true,"href":"https:\/\/franciscanos.org.br\/noticias\/wp-json\/wp\/v2\/comments?post=117421"}],"version-history":[{"count":2,"href":"https:\/\/franciscanos.org.br\/noticias\/wp-json\/wp\/v2\/posts\/117421\/revisions"}],"predecessor-version":[{"id":222251,"href":"https:\/\/franciscanos.org.br\/noticias\/wp-json\/wp\/v2\/posts\/117421\/revisions\/222251"}],"wp:featuredmedia":[{"embeddable":true,"href":"https:\/\/franciscanos.org.br\/noticias\/wp-json\/wp\/v2\/media\/203404"}],"wp:attachment":[{"href":"https:\/\/franciscanos.org.br\/noticias\/wp-json\/wp\/v2\/media?parent=117421"}],"wp:term":[{"taxonomy":"category","embeddable":true,"href":"https:\/\/franciscanos.org.br\/noticias\/wp-json\/wp\/v2\/categories?post=117421"},{"taxonomy":"post_tag","embeddable":true,"href":"https:\/\/franciscanos.org.br\/noticias\/wp-json\/wp\/v2\/tags?post=117421"}],"curies":[{"name":"wp","href":"https:\/\/api.w.org\/{rel}","templated":true}]}}