{"id":117390,"date":"2016-09-23T08:23:29","date_gmt":"2016-09-23T11:23:29","guid":{"rendered":"http:\/\/franciscanos.org.br\/?p=117390"},"modified":"2019-11-06T10:44:40","modified_gmt":"2019-11-06T13:44:40","slug":"3o-dia-da-assembleia-da-cfmb-em-rondinha","status":"publish","type":"post","link":"https:\/\/franciscanos.org.br\/noticias\/3o-dia-da-assembleia-da-cfmb-em-rondinha.html","title":{"rendered":"3\u00ba dia da Assembleia da CFMB em Rondinha"},"content":{"rendered":"<p><strong>Frei Diego Atalino de Melo<\/strong><\/p>\n<p>Embora o terceiro dia (22\/09) da Assembleia da Confer\u00eancia dos Frades Menores do Brasil (CFMB) coincidisse com o in\u00edcio da primavera, o clima paranaense ainda insistia em demonstrar que o inverno n\u00e3o queria dar espa\u00e7o para a esta\u00e7\u00e3o das flores. Assim, mesmo com o frio e a garoa, os frades iniciaram as suas atividades alimentando-se da Palavra e da Eucaristia, verdadeiro sentido da a\u00e7\u00e3o evangelizadora de todo frade menor.<\/p>\n<p>Presidida por Frei Hilton Farias de Souza, Ministro Provincial da Prov\u00edncia de Santa Cruz, a eucaristia foi celebrada na inten\u00e7\u00e3o das voca\u00e7\u00f5es religiosas, pedindo n\u00e3o s\u00f3 pelos que se preparam para ingressar em nossa forma de vida, mas tamb\u00e9m pela perseveran\u00e7a dos que j\u00e1 abra\u00e7aram a vida franciscana.<\/p>\n<p><img loading=\"lazy\" class=\"alignright wp-image-117391\" src=\"http:\/\/franciscanos.org.br\/wp-content\/uploads\/2016\/09\/IMG_1276.jpg\" alt=\"IMG_1276\" width=\"500\" height=\"334\" \/>Frei Gilberto Magno da Cruz, em sua homilia, ressaltou a import\u00e2ncia de n\u00e3o se perder o verdadeiro encanto, de estar voltando-se sempre para o primeiro amor, raz\u00e3o de ser de nossa voca\u00e7\u00e3o. Al\u00e9m disso, ressaltou que o Papa Francisco tem nos inspirado para n\u00e3o perdermos aquilo que nos \u00e9 pr\u00f3prio, lembrando que a nossa sobreviv\u00eancia depende da nossa capacidade de sairmos de nossos comodismos e irmos em dire\u00e7\u00e3o \u00e0s periferias.<\/p>\n<p>Ap\u00f3s a celebra\u00e7\u00e3o, os frades que pertencem ao SERFE (Servi\u00e7o para a Forma\u00e7\u00e3o e Estudos) reuniram-se para a \u00faltima elei\u00e7\u00e3o que ainda restava, escolhendo a Frei Vicente Paulo, da Prov\u00edncia de Santa Cruz, como o novo delegado do SERFE. Frei Vicente, que nesse \u00faltimo tri\u00eanio j\u00e1 tinha sido membro da comiss\u00e3o executiva, agora continua sua atividade representando os Secret\u00e1rios de Forma\u00e7\u00e3o e Estudos de toda a CFMB.<\/p>\n<p>Em seguida, como \u00e9 um costume j\u00e1 consolidado de que a entidade anfitri\u00e3 do encontro apresente a sua caminhada formativa, Frei Jo\u00e3o Francisco da Silva, Secret\u00e1rio para a Forma\u00e7\u00e3o e Estudos da Prov\u00edncia Franciscana da Imaculada Concei\u00e7\u00e3o do Brasil, partilhou detalhadamente como se d\u00e1 o processo formativo da institui\u00e7\u00e3o. Ap\u00f3s a sua fala, houve momento oportuno para perguntas, questionamentos e esclarecimentos, tendo em vista que um dos aspectos dessa Assembleia \u00e9 exatamente a partilha entre as entidades.<\/p>\n<p>Por fim, encerrando a manh\u00e3 e com a nova comiss\u00e3o executiva do SERFE completamente composta, houve uma primeira reuni\u00e3o para agendamento dos pr\u00f3ximos encontros e dos pr\u00f3ximos passos a serem dados.<\/p>\n<p>O per\u00edodo da tarde ficou reservado para a realiza\u00e7\u00e3o de um passeio fraterno visitando os pontos tur\u00edsticos de Curitiba. E ainda nesse clima, a noite realizou-se um recreio festivo!<br \/>\nQue S\u00e3o Francisco nos aben\u00e7oe e nos ilumine, para que assim possamos trabalhar com fidelidade \u00e0 nossa regra de vida que \u00e9 viver o Santo Evangelho, sendo irm\u00e3os e menores em nosso tempo! A Assembleia da CFMB termina na sexta-feira, 23 de setembro.<\/p>\n","protected":false},"excerpt":{"rendered":"<p>CFMB<\/p>\n","protected":false},"author":1,"featured_media":213708,"comment_status":"open","ping_status":"open","sticky":false,"template":"","format":"standard","meta":[],"categories":[1],"tags":[492,240],"acf":[],"yoast_head":"<!-- This site is optimized with the Yoast SEO plugin v19.2 - https:\/\/yoast.com\/wordpress\/plugins\/seo\/ -->\n<title>3\u00ba dia da Assembleia da CFMB em Rondinha - Not\u00edcias - Franciscanos<\/title>\n<meta name=\"robots\" content=\"index, follow, max-snippet:-1, max-image-preview:large, max-video-preview:-1\" \/>\n<link rel=\"canonical\" href=\"https:\/\/franciscanos.org.br\/noticias\/3o-dia-da-assembleia-da-cfmb-em-rondinha.html\" \/>\n<meta property=\"og:locale\" content=\"pt_BR\" \/>\n<meta property=\"og:type\" content=\"article\" \/>\n<meta property=\"og:title\" content=\"3\u00ba dia da Assembleia da CFMB em Rondinha - Not\u00edcias - Franciscanos\" \/>\n<meta property=\"og:description\" content=\"CFMB\" \/>\n<meta property=\"og:url\" content=\"https:\/\/franciscanos.org.br\/noticias\/3o-dia-da-assembleia-da-cfmb-em-rondinha.html\" \/>\n<meta property=\"og:site_name\" content=\"Not\u00edcias - Franciscanos\" \/>\n<meta property=\"article:published_time\" content=\"2016-09-23T11:23:29+00:00\" \/>\n<meta property=\"article:modified_time\" content=\"2019-11-06T13:44:40+00:00\" \/>\n<meta property=\"og:image\" content=\"https:\/\/franciscanos.org.br\/noticias\/wp-content\/uploads\/2016\/09\/IMG_1276.jpg\" \/>\n\t<meta property=\"og:image:width\" content=\"273\" \/>\n\t<meta property=\"og:image:height\" content=\"181\" \/>\n\t<meta property=\"og:image:type\" content=\"image\/jpeg\" \/>\n<meta name=\"author\" content=\"admin\" \/>\n<meta name=\"twitter:card\" content=\"summary_large_image\" \/>\n<meta name=\"twitter:label1\" content=\"Escrito por\" \/>\n\t<meta name=\"twitter:data1\" content=\"admin\" \/>\n\t<meta name=\"twitter:label2\" content=\"Est. tempo de leitura\" \/>\n\t<meta name=\"twitter:data2\" content=\"2 minutos\" \/>\n<script type=\"application\/ld+json\" class=\"yoast-schema-graph\">{\"@context\":\"https:\/\/schema.org\",\"@graph\":[{\"@type\":\"WebSite\",\"@id\":\"https:\/\/franciscanos.org.br\/noticias\/#website\",\"url\":\"https:\/\/franciscanos.org.br\/noticias\/\",\"name\":\"Not\u00edcias - Franciscanos\",\"description\":\"Prov\u00edncia Franciscana da Imaculada Concei\u00e7\u00e3o do Brasil - Ordem dos Frades Menores - OFM\",\"potentialAction\":[{\"@type\":\"SearchAction\",\"target\":{\"@type\":\"EntryPoint\",\"urlTemplate\":\"https:\/\/franciscanos.org.br\/noticias\/?s={search_term_string}\"},\"query-input\":\"required name=search_term_string\"}],\"inLanguage\":\"pt-BR\"},{\"@type\":\"ImageObject\",\"inLanguage\":\"pt-BR\",\"@id\":\"https:\/\/franciscanos.org.br\/noticias\/3o-dia-da-assembleia-da-cfmb-em-rondinha.html#primaryimage\",\"url\":\"https:\/\/franciscanos.org.br\/noticias\/wp-content\/uploads\/2016\/09\/IMG_1276.jpg\",\"contentUrl\":\"https:\/\/franciscanos.org.br\/noticias\/wp-content\/uploads\/2016\/09\/IMG_1276.jpg\",\"width\":273,\"height\":181},{\"@type\":\"WebPage\",\"@id\":\"https:\/\/franciscanos.org.br\/noticias\/3o-dia-da-assembleia-da-cfmb-em-rondinha.html#webpage\",\"url\":\"https:\/\/franciscanos.org.br\/noticias\/3o-dia-da-assembleia-da-cfmb-em-rondinha.html\",\"name\":\"3\u00ba dia da Assembleia da CFMB em Rondinha - Not\u00edcias - Franciscanos\",\"isPartOf\":{\"@id\":\"https:\/\/franciscanos.org.br\/noticias\/#website\"},\"primaryImageOfPage\":{\"@id\":\"https:\/\/franciscanos.org.br\/noticias\/3o-dia-da-assembleia-da-cfmb-em-rondinha.html#primaryimage\"},\"datePublished\":\"2016-09-23T11:23:29+00:00\",\"dateModified\":\"2019-11-06T13:44:40+00:00\",\"author\":{\"@id\":\"https:\/\/franciscanos.org.br\/noticias\/#\/schema\/person\/b38fbf43118f02820bd932f2e4b14ad3\"},\"breadcrumb\":{\"@id\":\"https:\/\/franciscanos.org.br\/noticias\/3o-dia-da-assembleia-da-cfmb-em-rondinha.html#breadcrumb\"},\"inLanguage\":\"pt-BR\",\"potentialAction\":[{\"@type\":\"ReadAction\",\"target\":[\"https:\/\/franciscanos.org.br\/noticias\/3o-dia-da-assembleia-da-cfmb-em-rondinha.html\"]}]},{\"@type\":\"BreadcrumbList\",\"@id\":\"https:\/\/franciscanos.org.br\/noticias\/3o-dia-da-assembleia-da-cfmb-em-rondinha.html#breadcrumb\",\"itemListElement\":[{\"@type\":\"ListItem\",\"position\":1,\"name\":\"Home\",\"item\":\"https:\/\/franciscanos.org.br\/noticias\"},{\"@type\":\"ListItem\",\"position\":2,\"name\":\"3\u00ba dia da Assembleia da CFMB em Rondinha\"}]},{\"@type\":\"Person\",\"@id\":\"https:\/\/franciscanos.org.br\/noticias\/#\/schema\/person\/b38fbf43118f02820bd932f2e4b14ad3\",\"name\":\"admin\",\"image\":{\"@type\":\"ImageObject\",\"inLanguage\":\"pt-BR\",\"@id\":\"https:\/\/franciscanos.org.br\/noticias\/#\/schema\/person\/image\/\",\"url\":\"https:\/\/secure.gravatar.com\/avatar\/e8495742d34d0ba6448ea1c628263b3e?s=96&d=mm&r=g\",\"contentUrl\":\"https:\/\/secure.gravatar.com\/avatar\/e8495742d34d0ba6448ea1c628263b3e?s=96&d=mm&r=g\",\"caption\":\"admin\"},\"url\":\"https:\/\/franciscanos.org.br\/noticias\/author\/admin\"}]}<\/script>\n<!-- \/ Yoast SEO plugin. -->","yoast_head_json":{"title":"3\u00ba dia da Assembleia da CFMB em Rondinha - Not\u00edcias - Franciscanos","robots":{"index":"index","follow":"follow","max-snippet":"max-snippet:-1","max-image-preview":"max-image-preview:large","max-video-preview":"max-video-preview:-1"},"canonical":"https:\/\/franciscanos.org.br\/noticias\/3o-dia-da-assembleia-da-cfmb-em-rondinha.html","og_locale":"pt_BR","og_type":"article","og_title":"3\u00ba dia da Assembleia da CFMB em Rondinha - Not\u00edcias - Franciscanos","og_description":"CFMB","og_url":"https:\/\/franciscanos.org.br\/noticias\/3o-dia-da-assembleia-da-cfmb-em-rondinha.html","og_site_name":"Not\u00edcias - Franciscanos","article_published_time":"2016-09-23T11:23:29+00:00","article_modified_time":"2019-11-06T13:44:40+00:00","og_image":[{"width":273,"height":181,"url":"https:\/\/franciscanos.org.br\/noticias\/wp-content\/uploads\/2016\/09\/IMG_1276.jpg","type":"image\/jpeg"}],"author":"admin","twitter_card":"summary_large_image","twitter_misc":{"Escrito por":"admin","Est. tempo de leitura":"2 minutos"},"schema":{"@context":"https:\/\/schema.org","@graph":[{"@type":"WebSite","@id":"https:\/\/franciscanos.org.br\/noticias\/#website","url":"https:\/\/franciscanos.org.br\/noticias\/","name":"Not\u00edcias - Franciscanos","description":"Prov\u00edncia Franciscana da Imaculada Concei\u00e7\u00e3o do Brasil - Ordem dos Frades Menores - OFM","potentialAction":[{"@type":"SearchAction","target":{"@type":"EntryPoint","urlTemplate":"https:\/\/franciscanos.org.br\/noticias\/?s={search_term_string}"},"query-input":"required name=search_term_string"}],"inLanguage":"pt-BR"},{"@type":"ImageObject","inLanguage":"pt-BR","@id":"https:\/\/franciscanos.org.br\/noticias\/3o-dia-da-assembleia-da-cfmb-em-rondinha.html#primaryimage","url":"https:\/\/franciscanos.org.br\/noticias\/wp-content\/uploads\/2016\/09\/IMG_1276.jpg","contentUrl":"https:\/\/franciscanos.org.br\/noticias\/wp-content\/uploads\/2016\/09\/IMG_1276.jpg","width":273,"height":181},{"@type":"WebPage","@id":"https:\/\/franciscanos.org.br\/noticias\/3o-dia-da-assembleia-da-cfmb-em-rondinha.html#webpage","url":"https:\/\/franciscanos.org.br\/noticias\/3o-dia-da-assembleia-da-cfmb-em-rondinha.html","name":"3\u00ba dia da Assembleia da CFMB em Rondinha - Not\u00edcias - Franciscanos","isPartOf":{"@id":"https:\/\/franciscanos.org.br\/noticias\/#website"},"primaryImageOfPage":{"@id":"https:\/\/franciscanos.org.br\/noticias\/3o-dia-da-assembleia-da-cfmb-em-rondinha.html#primaryimage"},"datePublished":"2016-09-23T11:23:29+00:00","dateModified":"2019-11-06T13:44:40+00:00","author":{"@id":"https:\/\/franciscanos.org.br\/noticias\/#\/schema\/person\/b38fbf43118f02820bd932f2e4b14ad3"},"breadcrumb":{"@id":"https:\/\/franciscanos.org.br\/noticias\/3o-dia-da-assembleia-da-cfmb-em-rondinha.html#breadcrumb"},"inLanguage":"pt-BR","potentialAction":[{"@type":"ReadAction","target":["https:\/\/franciscanos.org.br\/noticias\/3o-dia-da-assembleia-da-cfmb-em-rondinha.html"]}]},{"@type":"BreadcrumbList","@id":"https:\/\/franciscanos.org.br\/noticias\/3o-dia-da-assembleia-da-cfmb-em-rondinha.html#breadcrumb","itemListElement":[{"@type":"ListItem","position":1,"name":"Home","item":"https:\/\/franciscanos.org.br\/noticias"},{"@type":"ListItem","position":2,"name":"3\u00ba dia da Assembleia da CFMB em Rondinha"}]},{"@type":"Person","@id":"https:\/\/franciscanos.org.br\/noticias\/#\/schema\/person\/b38fbf43118f02820bd932f2e4b14ad3","name":"admin","image":{"@type":"ImageObject","inLanguage":"pt-BR","@id":"https:\/\/franciscanos.org.br\/noticias\/#\/schema\/person\/image\/","url":"https:\/\/secure.gravatar.com\/avatar\/e8495742d34d0ba6448ea1c628263b3e?s=96&d=mm&r=g","contentUrl":"https:\/\/secure.gravatar.com\/avatar\/e8495742d34d0ba6448ea1c628263b3e?s=96&d=mm&r=g","caption":"admin"},"url":"https:\/\/franciscanos.org.br\/noticias\/author\/admin"}]}},"_links":{"self":[{"href":"https:\/\/franciscanos.org.br\/noticias\/wp-json\/wp\/v2\/posts\/117390"}],"collection":[{"href":"https:\/\/franciscanos.org.br\/noticias\/wp-json\/wp\/v2\/posts"}],"about":[{"href":"https:\/\/franciscanos.org.br\/noticias\/wp-json\/wp\/v2\/types\/post"}],"author":[{"embeddable":true,"href":"https:\/\/franciscanos.org.br\/noticias\/wp-json\/wp\/v2\/users\/1"}],"replies":[{"embeddable":true,"href":"https:\/\/franciscanos.org.br\/noticias\/wp-json\/wp\/v2\/comments?post=117390"}],"version-history":[{"count":0,"href":"https:\/\/franciscanos.org.br\/noticias\/wp-json\/wp\/v2\/posts\/117390\/revisions"}],"wp:featuredmedia":[{"embeddable":true,"href":"https:\/\/franciscanos.org.br\/noticias\/wp-json\/wp\/v2\/media\/213708"}],"wp:attachment":[{"href":"https:\/\/franciscanos.org.br\/noticias\/wp-json\/wp\/v2\/media?parent=117390"}],"wp:term":[{"taxonomy":"category","embeddable":true,"href":"https:\/\/franciscanos.org.br\/noticias\/wp-json\/wp\/v2\/categories?post=117390"},{"taxonomy":"post_tag","embeddable":true,"href":"https:\/\/franciscanos.org.br\/noticias\/wp-json\/wp\/v2\/tags?post=117390"}],"curies":[{"name":"wp","href":"https:\/\/api.w.org\/{rel}","templated":true}]}}