{"id":117345,"date":"2016-09-22T11:17:47","date_gmt":"2016-09-22T14:17:47","guid":{"rendered":"http:\/\/franciscanos.org.br\/?p=117345"},"modified":"2020-03-23T11:15:32","modified_gmt":"2020-03-23T14:15:32","slug":"paroquia-sao-paulo-apostolo-realiza-festa-de-sao-francisco-de-assis","status":"publish","type":"post","link":"https:\/\/franciscanos.org.br\/noticias\/paroquia-sao-paulo-apostolo-realiza-festa-de-sao-francisco-de-assis.html","title":{"rendered":"Par\u00f3quia S\u00e3o Paulo Ap\u00f3stolo realiza festa de S\u00e3o Francisco"},"content":{"rendered":"<p><img loading=\"lazy\" src=\"http:\/\/franciscanos.org.br\/wp-content\/uploads\/2016\/09\/agudos_220916g.jpg\" alt=\"agudos_220916g\" width=\"830\" height=\"360\" \/><\/p>\n<p><strong>Agudos (SP)<\/strong>\u00a0&#8211; O Setor S\u00e3o Francisco de Assis, da Par\u00f3quia S\u00e3o Paulo Ap\u00f3stolo de Agudos, realizar\u00e1 entre o dia 17 de setembro e 9 de outubro a Festa de S\u00e3o Francisco de Assis. As comemora\u00e7\u00f5es contar\u00e3o com quermesse, tr\u00edduo religioso, missa festiva, prociss\u00e3o, b\u00ean\u00e7\u00e3o, almo\u00e7o e leil\u00e3o.<\/p>\n<p>A quermesse teve in\u00edcio no \u00faltimo s\u00e1bado (17) e continuar\u00e1 no fim de semana seguinte, 24 e 25\/09, com in\u00edcio \u00e0s 19h30.<\/p>\n<p>J\u00e1 a parte religiosa, marcada pelo tr\u00edduo, ter\u00e1 in\u00edcio em outubro com missas e b\u00ean\u00e7\u00e3os diariamente, sempre \u00e0s 19h30. No primeiro dia do m\u00eas haver\u00e1 a b\u00ean\u00e7\u00e3o das rosas, no dia 02\/10 b\u00ean\u00e7\u00e3o das crian\u00e7as e no \u00faltimo (03\/10) a b\u00ean\u00e7\u00e3o das fam\u00edlias, do sal e da \u00e1gua.<\/p>\n<p>No dia de S\u00e3o Francisco de Assis, ter\u00e7a-feira (04\/10), haver\u00e1 uma programa\u00e7\u00e3o especial. Das 18h \u00e0s 19h ser\u00e1 realizada a b\u00ean\u00e7\u00e3o dos animais e, \u00e0s 19h30, a missa festiva e prociss\u00e3o, seguida da venda do bolo.<\/p>\n<p>No dia 09\/10 (domingo), encerrando a festa de S\u00e3o Francisco, haver\u00e1 o almo\u00e7o e leil\u00e3o a partir das 11h30.<\/p>\n<p>Mais informa\u00e7\u00f5es pelo telefone (14) 3262-1237.<\/p>\n<p>O setor S\u00e3o Francisco de Assis fica na Rua Ars\u00eanio De Conti, 15, Jardim Cruzeiro, Agudos &#8211; SP.<\/p>\n<p><em>Isabela Gaspar, especial para este site.<\/em><\/p>\n","protected":false},"excerpt":{"rendered":"<p>Agudos<\/p>\n","protected":false},"author":1,"featured_media":220583,"comment_status":"open","ping_status":"open","sticky":false,"template":"","format":"standard","meta":[],"categories":[1],"tags":[],"acf":[],"yoast_head":"<!-- This site is optimized with the Yoast SEO plugin v19.2 - https:\/\/yoast.com\/wordpress\/plugins\/seo\/ -->\n<title>Par\u00f3quia S\u00e3o Paulo Ap\u00f3stolo realiza festa de S\u00e3o Francisco - Not\u00edcias - Franciscanos<\/title>\n<meta name=\"robots\" content=\"index, follow, max-snippet:-1, max-image-preview:large, max-video-preview:-1\" \/>\n<link rel=\"canonical\" href=\"https:\/\/franciscanos.org.br\/noticias\/paroquia-sao-paulo-apostolo-realiza-festa-de-sao-francisco-de-assis.html\" \/>\n<meta property=\"og:locale\" content=\"pt_BR\" \/>\n<meta property=\"og:type\" content=\"article\" \/>\n<meta property=\"og:title\" content=\"Par\u00f3quia S\u00e3o Paulo Ap\u00f3stolo realiza festa de S\u00e3o Francisco - Not\u00edcias - Franciscanos\" \/>\n<meta property=\"og:description\" content=\"Agudos\" \/>\n<meta property=\"og:url\" content=\"https:\/\/franciscanos.org.br\/noticias\/paroquia-sao-paulo-apostolo-realiza-festa-de-sao-francisco-de-assis.html\" \/>\n<meta property=\"og:site_name\" content=\"Not\u00edcias - Franciscanos\" \/>\n<meta property=\"article:published_time\" content=\"2016-09-22T14:17:47+00:00\" \/>\n<meta property=\"article:modified_time\" content=\"2020-03-23T14:15:32+00:00\" \/>\n<meta property=\"og:image\" content=\"https:\/\/franciscanos.org.br\/noticias\/wp-content\/uploads\/2016\/09\/agudos_220916g.jpg\" \/>\n\t<meta property=\"og:image:width\" content=\"273\" \/>\n\t<meta property=\"og:image:height\" content=\"181\" \/>\n\t<meta property=\"og:image:type\" content=\"image\/jpeg\" \/>\n<meta name=\"author\" content=\"admin\" \/>\n<meta name=\"twitter:card\" content=\"summary_large_image\" \/>\n<meta name=\"twitter:label1\" content=\"Escrito por\" \/>\n\t<meta name=\"twitter:data1\" content=\"admin\" \/>\n\t<meta name=\"twitter:label2\" content=\"Est. tempo de leitura\" \/>\n\t<meta name=\"twitter:data2\" content=\"1 minuto\" \/>\n<script type=\"application\/ld+json\" class=\"yoast-schema-graph\">{\"@context\":\"https:\/\/schema.org\",\"@graph\":[{\"@type\":\"WebSite\",\"@id\":\"https:\/\/franciscanos.org.br\/noticias\/#website\",\"url\":\"https:\/\/franciscanos.org.br\/noticias\/\",\"name\":\"Not\u00edcias - Franciscanos\",\"description\":\"Prov\u00edncia Franciscana da Imaculada Concei\u00e7\u00e3o do Brasil - Ordem dos Frades Menores - OFM\",\"potentialAction\":[{\"@type\":\"SearchAction\",\"target\":{\"@type\":\"EntryPoint\",\"urlTemplate\":\"https:\/\/franciscanos.org.br\/noticias\/?s={search_term_string}\"},\"query-input\":\"required name=search_term_string\"}],\"inLanguage\":\"pt-BR\"},{\"@type\":\"ImageObject\",\"inLanguage\":\"pt-BR\",\"@id\":\"https:\/\/franciscanos.org.br\/noticias\/paroquia-sao-paulo-apostolo-realiza-festa-de-sao-francisco-de-assis.html#primaryimage\",\"url\":\"https:\/\/franciscanos.org.br\/noticias\/wp-content\/uploads\/2016\/09\/agudos_220916g.jpg\",\"contentUrl\":\"https:\/\/franciscanos.org.br\/noticias\/wp-content\/uploads\/2016\/09\/agudos_220916g.jpg\",\"width\":273,\"height\":181},{\"@type\":\"WebPage\",\"@id\":\"https:\/\/franciscanos.org.br\/noticias\/paroquia-sao-paulo-apostolo-realiza-festa-de-sao-francisco-de-assis.html#webpage\",\"url\":\"https:\/\/franciscanos.org.br\/noticias\/paroquia-sao-paulo-apostolo-realiza-festa-de-sao-francisco-de-assis.html\",\"name\":\"Par\u00f3quia S\u00e3o Paulo Ap\u00f3stolo realiza festa de S\u00e3o Francisco - Not\u00edcias - Franciscanos\",\"isPartOf\":{\"@id\":\"https:\/\/franciscanos.org.br\/noticias\/#website\"},\"primaryImageOfPage\":{\"@id\":\"https:\/\/franciscanos.org.br\/noticias\/paroquia-sao-paulo-apostolo-realiza-festa-de-sao-francisco-de-assis.html#primaryimage\"},\"datePublished\":\"2016-09-22T14:17:47+00:00\",\"dateModified\":\"2020-03-23T14:15:32+00:00\",\"author\":{\"@id\":\"https:\/\/franciscanos.org.br\/noticias\/#\/schema\/person\/b38fbf43118f02820bd932f2e4b14ad3\"},\"breadcrumb\":{\"@id\":\"https:\/\/franciscanos.org.br\/noticias\/paroquia-sao-paulo-apostolo-realiza-festa-de-sao-francisco-de-assis.html#breadcrumb\"},\"inLanguage\":\"pt-BR\",\"potentialAction\":[{\"@type\":\"ReadAction\",\"target\":[\"https:\/\/franciscanos.org.br\/noticias\/paroquia-sao-paulo-apostolo-realiza-festa-de-sao-francisco-de-assis.html\"]}]},{\"@type\":\"BreadcrumbList\",\"@id\":\"https:\/\/franciscanos.org.br\/noticias\/paroquia-sao-paulo-apostolo-realiza-festa-de-sao-francisco-de-assis.html#breadcrumb\",\"itemListElement\":[{\"@type\":\"ListItem\",\"position\":1,\"name\":\"Home\",\"item\":\"https:\/\/franciscanos.org.br\/noticias\"},{\"@type\":\"ListItem\",\"position\":2,\"name\":\"Par\u00f3quia S\u00e3o Paulo Ap\u00f3stolo realiza festa de S\u00e3o Francisco\"}]},{\"@type\":\"Person\",\"@id\":\"https:\/\/franciscanos.org.br\/noticias\/#\/schema\/person\/b38fbf43118f02820bd932f2e4b14ad3\",\"name\":\"admin\",\"image\":{\"@type\":\"ImageObject\",\"inLanguage\":\"pt-BR\",\"@id\":\"https:\/\/franciscanos.org.br\/noticias\/#\/schema\/person\/image\/\",\"url\":\"https:\/\/secure.gravatar.com\/avatar\/e8495742d34d0ba6448ea1c628263b3e?s=96&d=mm&r=g\",\"contentUrl\":\"https:\/\/secure.gravatar.com\/avatar\/e8495742d34d0ba6448ea1c628263b3e?s=96&d=mm&r=g\",\"caption\":\"admin\"},\"url\":\"https:\/\/franciscanos.org.br\/noticias\/author\/admin\"}]}<\/script>\n<!-- \/ Yoast SEO plugin. -->","yoast_head_json":{"title":"Par\u00f3quia S\u00e3o Paulo Ap\u00f3stolo realiza festa de S\u00e3o Francisco - Not\u00edcias - Franciscanos","robots":{"index":"index","follow":"follow","max-snippet":"max-snippet:-1","max-image-preview":"max-image-preview:large","max-video-preview":"max-video-preview:-1"},"canonical":"https:\/\/franciscanos.org.br\/noticias\/paroquia-sao-paulo-apostolo-realiza-festa-de-sao-francisco-de-assis.html","og_locale":"pt_BR","og_type":"article","og_title":"Par\u00f3quia S\u00e3o Paulo Ap\u00f3stolo realiza festa de S\u00e3o Francisco - Not\u00edcias - Franciscanos","og_description":"Agudos","og_url":"https:\/\/franciscanos.org.br\/noticias\/paroquia-sao-paulo-apostolo-realiza-festa-de-sao-francisco-de-assis.html","og_site_name":"Not\u00edcias - Franciscanos","article_published_time":"2016-09-22T14:17:47+00:00","article_modified_time":"2020-03-23T14:15:32+00:00","og_image":[{"width":273,"height":181,"url":"https:\/\/franciscanos.org.br\/noticias\/wp-content\/uploads\/2016\/09\/agudos_220916g.jpg","type":"image\/jpeg"}],"author":"admin","twitter_card":"summary_large_image","twitter_misc":{"Escrito por":"admin","Est. tempo de leitura":"1 minuto"},"schema":{"@context":"https:\/\/schema.org","@graph":[{"@type":"WebSite","@id":"https:\/\/franciscanos.org.br\/noticias\/#website","url":"https:\/\/franciscanos.org.br\/noticias\/","name":"Not\u00edcias - Franciscanos","description":"Prov\u00edncia Franciscana da Imaculada Concei\u00e7\u00e3o do Brasil - Ordem dos Frades Menores - OFM","potentialAction":[{"@type":"SearchAction","target":{"@type":"EntryPoint","urlTemplate":"https:\/\/franciscanos.org.br\/noticias\/?s={search_term_string}"},"query-input":"required name=search_term_string"}],"inLanguage":"pt-BR"},{"@type":"ImageObject","inLanguage":"pt-BR","@id":"https:\/\/franciscanos.org.br\/noticias\/paroquia-sao-paulo-apostolo-realiza-festa-de-sao-francisco-de-assis.html#primaryimage","url":"https:\/\/franciscanos.org.br\/noticias\/wp-content\/uploads\/2016\/09\/agudos_220916g.jpg","contentUrl":"https:\/\/franciscanos.org.br\/noticias\/wp-content\/uploads\/2016\/09\/agudos_220916g.jpg","width":273,"height":181},{"@type":"WebPage","@id":"https:\/\/franciscanos.org.br\/noticias\/paroquia-sao-paulo-apostolo-realiza-festa-de-sao-francisco-de-assis.html#webpage","url":"https:\/\/franciscanos.org.br\/noticias\/paroquia-sao-paulo-apostolo-realiza-festa-de-sao-francisco-de-assis.html","name":"Par\u00f3quia S\u00e3o Paulo Ap\u00f3stolo realiza festa de S\u00e3o Francisco - Not\u00edcias - Franciscanos","isPartOf":{"@id":"https:\/\/franciscanos.org.br\/noticias\/#website"},"primaryImageOfPage":{"@id":"https:\/\/franciscanos.org.br\/noticias\/paroquia-sao-paulo-apostolo-realiza-festa-de-sao-francisco-de-assis.html#primaryimage"},"datePublished":"2016-09-22T14:17:47+00:00","dateModified":"2020-03-23T14:15:32+00:00","author":{"@id":"https:\/\/franciscanos.org.br\/noticias\/#\/schema\/person\/b38fbf43118f02820bd932f2e4b14ad3"},"breadcrumb":{"@id":"https:\/\/franciscanos.org.br\/noticias\/paroquia-sao-paulo-apostolo-realiza-festa-de-sao-francisco-de-assis.html#breadcrumb"},"inLanguage":"pt-BR","potentialAction":[{"@type":"ReadAction","target":["https:\/\/franciscanos.org.br\/noticias\/paroquia-sao-paulo-apostolo-realiza-festa-de-sao-francisco-de-assis.html"]}]},{"@type":"BreadcrumbList","@id":"https:\/\/franciscanos.org.br\/noticias\/paroquia-sao-paulo-apostolo-realiza-festa-de-sao-francisco-de-assis.html#breadcrumb","itemListElement":[{"@type":"ListItem","position":1,"name":"Home","item":"https:\/\/franciscanos.org.br\/noticias"},{"@type":"ListItem","position":2,"name":"Par\u00f3quia S\u00e3o Paulo Ap\u00f3stolo realiza festa de S\u00e3o Francisco"}]},{"@type":"Person","@id":"https:\/\/franciscanos.org.br\/noticias\/#\/schema\/person\/b38fbf43118f02820bd932f2e4b14ad3","name":"admin","image":{"@type":"ImageObject","inLanguage":"pt-BR","@id":"https:\/\/franciscanos.org.br\/noticias\/#\/schema\/person\/image\/","url":"https:\/\/secure.gravatar.com\/avatar\/e8495742d34d0ba6448ea1c628263b3e?s=96&d=mm&r=g","contentUrl":"https:\/\/secure.gravatar.com\/avatar\/e8495742d34d0ba6448ea1c628263b3e?s=96&d=mm&r=g","caption":"admin"},"url":"https:\/\/franciscanos.org.br\/noticias\/author\/admin"}]}},"_links":{"self":[{"href":"https:\/\/franciscanos.org.br\/noticias\/wp-json\/wp\/v2\/posts\/117345"}],"collection":[{"href":"https:\/\/franciscanos.org.br\/noticias\/wp-json\/wp\/v2\/posts"}],"about":[{"href":"https:\/\/franciscanos.org.br\/noticias\/wp-json\/wp\/v2\/types\/post"}],"author":[{"embeddable":true,"href":"https:\/\/franciscanos.org.br\/noticias\/wp-json\/wp\/v2\/users\/1"}],"replies":[{"embeddable":true,"href":"https:\/\/franciscanos.org.br\/noticias\/wp-json\/wp\/v2\/comments?post=117345"}],"version-history":[{"count":1,"href":"https:\/\/franciscanos.org.br\/noticias\/wp-json\/wp\/v2\/posts\/117345\/revisions"}],"predecessor-version":[{"id":222252,"href":"https:\/\/franciscanos.org.br\/noticias\/wp-json\/wp\/v2\/posts\/117345\/revisions\/222252"}],"wp:featuredmedia":[{"embeddable":true,"href":"https:\/\/franciscanos.org.br\/noticias\/wp-json\/wp\/v2\/media\/220583"}],"wp:attachment":[{"href":"https:\/\/franciscanos.org.br\/noticias\/wp-json\/wp\/v2\/media?parent=117345"}],"wp:term":[{"taxonomy":"category","embeddable":true,"href":"https:\/\/franciscanos.org.br\/noticias\/wp-json\/wp\/v2\/categories?post=117345"},{"taxonomy":"post_tag","embeddable":true,"href":"https:\/\/franciscanos.org.br\/noticias\/wp-json\/wp\/v2\/tags?post=117345"}],"curies":[{"name":"wp","href":"https:\/\/api.w.org\/{rel}","templated":true}]}}