{"id":11720,"date":"2012-02-13T07:11:35","date_gmt":"2012-02-13T09:11:35","guid":{"rendered":"http:\/\/new.franciscanos.org.br\/?p=11720"},"modified":"2023-01-09T10:53:26","modified_gmt":"2023-01-09T13:53:26","slug":"frei-diego-inicia-seu-ministerio-presbiteral","status":"publish","type":"post","link":"https:\/\/franciscanos.org.br\/noticias\/frei-diego-inicia-seu-ministerio-presbiteral.html","title":{"rendered":"Frei Diego inicia seu minist\u00e9rio presbiteral"},"content":{"rendered":"<p><img loading=\"lazy\" class=\"alignnone size-full wp-image-199063\" src=\"https:\/\/franciscanos.org.br\/noticias\/wp-content\/uploads\/2012\/02\/missa_g130212.jpg\" alt=\"\" width=\"830\" height=\"425\" srcset=\"https:\/\/franciscanos.org.br\/noticias\/wp-content\/uploads\/2012\/02\/missa_g130212.jpg 830w, https:\/\/franciscanos.org.br\/noticias\/wp-content\/uploads\/2012\/02\/missa_g130212-450x230.jpg 450w, https:\/\/franciscanos.org.br\/noticias\/wp-content\/uploads\/2012\/02\/missa_g130212-768x393.jpg 768w, https:\/\/franciscanos.org.br\/noticias\/wp-content\/uploads\/2012\/02\/missa_g130212-150x77.jpg 150w\" sizes=\"(max-width: 830px) 100vw, 830px\" \/><\/p>\n<p><strong>Por Moacir Beggo<\/strong><\/p>\n<p><strong>Lages (SC)<\/strong> &#8211; O novo presb\u00edtero Frei Diego Melo n\u00e3o poderia ter ganho melhor presente do que o carinho e o acolhimento da Comunidade S\u00e3o Miguel, em Lages (SC), onde nasceu, cresceu e voltou para realizar o sonho de ser um ap\u00f3stolo de Cristo. Durante uma semana, a Comunidade se mobilizou para preparar a ordena\u00e7\u00e3o presbiteral (<a href=\"http:\/\/franciscanos.org.br\/?videos=ordenacao-presbiteral-de-frei-diego\" target=\"_blank\" rel=\"noopener\">veja v\u00eddeo<\/a>) e deu uma grande demonstra\u00e7\u00e3o de afeto e f\u00e9 na Primeira Missa, celebrada neste domingo (12\/02).Como era de se esperar, a Comunidade n\u00e3o perdeu a oportunidade de participar deste momento e a Capela ficou pequena para tanta gente.<\/p>\n<p><img loading=\"lazy\" class=\"alignright size-full wp-image-199064\" src=\"https:\/\/franciscanos.org.br\/noticias\/wp-content\/uploads\/2012\/02\/15.jpg\" alt=\"\" width=\"375\" height=\"600\" srcset=\"https:\/\/franciscanos.org.br\/noticias\/wp-content\/uploads\/2012\/02\/15.jpg 375w, https:\/\/franciscanos.org.br\/noticias\/wp-content\/uploads\/2012\/02\/15-281x450.jpg 281w, https:\/\/franciscanos.org.br\/noticias\/wp-content\/uploads\/2012\/02\/15-150x240.jpg 150w\" sizes=\"(max-width: 375px) 100vw, 375px\" \/>Tranquilo e calmo, Frei Diego presidiu sua primeira celebra\u00e7\u00e3o eucar\u00edstica, tendo ao lado seus confrades e di\u00e1conos Frei Vanderlei Grassi e Frei Wilson Batista Sim\u00e3o, que ser\u00e3o ordenados ainda neste semestre; o p\u00e1roco de Nossa Senhora Aparecida, Frei Gentil Branco; o seu pregador, Frei Bertolino Thol; e o Ministro Provincial, Frei Fid\u00eancio Vanboemmel. O bispo ordenante Dom Irineu Andreassa, OFM, sentou na primeira fila da igreja ao lados dos pais e irm\u00e3os de Frei Diego.\u00a0 Mais 30 frades estiveram presentes, al\u00e9m de religiosos (as), seminaristas do Semin\u00e1rio S\u00e3o Francisco de Assis de Ituporanga e o grupo de amigos e paroquianos de Nil\u00f3polis e Petr\u00f3polis (RJ), que vieram para a sua ordena\u00e7\u00e3o.<\/p>\n<p>Frei Diego procurou os frades do Convento S\u00e3o Jos\u00e9 quando iniciou o seu discernimento vocacional em 2001. O primeiro frade a receb\u00ea-lo foi Frei Bertolino Tholl e, por isso, foi o escolhido de Frei Diego para fazer a homilia da sua Primeira Missa. Atual vig\u00e1rio paroquial de Ituporanga, Frei Bertolino iniciou a sua prega\u00e7\u00e3o lembrando que a miss\u00e3o assumida por Frei Diego, que \u00e9 a miss\u00e3o de todos os disc\u00edpulos de Cristo, \u00e9 a de evangelizar. Segundo ele,\u00a0 a evangeliza\u00e7\u00e3o \u00e9 muito mais que proclamar com palavras a presen\u00e7a do Reino de Deus entre n\u00f3s, mas \u00e9 torn\u00e1-lo presente por meio de nossas a\u00e7\u00f5es.<\/p>\n<p><img loading=\"lazy\" class=\"alignleft size-full wp-image-199067\" src=\"https:\/\/franciscanos.org.br\/noticias\/wp-content\/uploads\/2012\/02\/11.jpg\" alt=\"\" width=\"600\" height=\"338\" srcset=\"https:\/\/franciscanos.org.br\/noticias\/wp-content\/uploads\/2012\/02\/11.jpg 600w, https:\/\/franciscanos.org.br\/noticias\/wp-content\/uploads\/2012\/02\/11-450x254.jpg 450w, https:\/\/franciscanos.org.br\/noticias\/wp-content\/uploads\/2012\/02\/11-150x85.jpg 150w\" sizes=\"(max-width: 600px) 100vw, 600px\" \/>Para Frei Bertolino, o Evangelho de Marcos da cura do leproso, ajuda-nos a entender que conceito temos de Deus pelo modo que acolhemos o outro, especialmente quando esse outro \u00e9 um &#8220;leproso&#8221; de nossos dias, um marginalizado. &#8220;Frei Diego, voc\u00ea n\u00e3o pode deixar de evangelizar pelo an\u00fancio da Palavra, mas nunca se esque\u00e7a de evangelizar pela presen\u00e7a junto ao povo, indo ao encontro de todos os &#8216;leprosos&#8217; de nossos dias, como fez S\u00e3o Francisco de Assis, ouvindo os seus lamentos e afli\u00e7\u00f5es e promovendo a\u00e7\u00f5es que fazem a vida florescer onde est\u00e1 sendo maltratada. Para voc\u00ea se tornar um evangelizador que proporcione vida plena a todos, n\u00e3o tenha medo de retirar-se e subir a montanha para se encontrar-se com o Pai pela medita\u00e7\u00e3o constante da Palavra de Deus, pela Eucaristia e tendo a coragem de dobrar os joelhos todos os dias e muitas vezes ao dia&#8221;, ensinou.<\/p>\n<p>A resposta da comunidade emocionou Frei Diego, que n\u00e3o se cansou de elogiar e agradecer. &#8220;Ainda distribuindo a comunh\u00e3o, pude perceber as m\u00e3os calejadas das pessoas, m\u00e3os que trabalham em serralherias, no campo ou no trabalho dom\u00e9stico. Por isso, a cada vez que venho aqui, renovo a certeza de que o Reino de Deus \u00e9 para todos, mas de modo especial para os pobres&#8221;, disse Frei Diego, pedindo: &#8220;Nunca me deixem esquecer as minhas ra\u00edzes, de uma fam\u00edlia simples e uma comunidade simples e pobre, mas que n\u00e3o perde a f\u00e9&#8221;.<\/p>\n<p>\u00c0 fam\u00edlia, o novo presb\u00edtero sempre falou com emo\u00e7\u00e3o, especialmente da m\u00e3e, Dona Roseli, que teve um papel importante na sua voca\u00e7\u00e3o. &#8220;Quando eu era crian\u00e7a, ouvi algu\u00e9m dizer que quem tem Jesus tem uma luz dentro de si. Cheguei em casa, abri a boca para ver se via Jesus l\u00e1 dentro. N\u00e3o enxerguei. Hoje, vejo essa luz dentro de mim. N\u00e3o \u00e9 meu brilho, n\u00e3o \u00e9 uma luz minha, mas \u00e9 o pr\u00f3prio Jesus que est\u00e1 dentro de mim e que voc\u00eas me ajudaram a descobrir&#8221;, completou. Fora da celebra\u00e7\u00e3o, o que se viu em Lages foi o milagre da partilha. Tanto a Comunidade S\u00e3o Miguel, como a Fraternidade S\u00e3o Jos\u00e9 e a Par\u00f3quia Nossa Senhora Aparecida n\u00e3o pouparam esfor\u00e7os para acolher da melhor maneira poss\u00edvel os frades e visitantes.<\/p>\n<p><img loading=\"lazy\" class=\"alignleft wp-image-199065 size-full\" src=\"https:\/\/franciscanos.org.br\/noticias\/wp-content\/uploads\/2012\/02\/21.jpg\" alt=\"\" width=\"600\" height=\"338\" srcset=\"https:\/\/franciscanos.org.br\/noticias\/wp-content\/uploads\/2012\/02\/21.jpg 600w, https:\/\/franciscanos.org.br\/noticias\/wp-content\/uploads\/2012\/02\/21-450x254.jpg 450w, https:\/\/franciscanos.org.br\/noticias\/wp-content\/uploads\/2012\/02\/21-150x85.jpg 150w\" sizes=\"(max-width: 600px) 100vw, 600px\" \/><\/p>\n","protected":false},"excerpt":{"rendered":"<p>Ordena\u00e7\u00e3o presbiteral de Frei Diego<\/p>\n","protected":false},"author":1,"featured_media":200135,"comment_status":"closed","ping_status":"open","sticky":false,"template":"","format":"standard","meta":[],"categories":[1],"tags":[1330,157,167],"acf":[],"yoast_head":"<!-- This site is optimized with the Yoast SEO plugin v19.2 - https:\/\/yoast.com\/wordpress\/plugins\/seo\/ -->\n<title>Frei Diego inicia seu minist\u00e9rio presbiteral - Not\u00edcias - Franciscanos<\/title>\n<meta name=\"robots\" content=\"index, follow, max-snippet:-1, max-image-preview:large, max-video-preview:-1\" \/>\n<link rel=\"canonical\" href=\"https:\/\/franciscanos.org.br\/noticias\/frei-diego-inicia-seu-ministerio-presbiteral.html\" \/>\n<meta property=\"og:locale\" content=\"pt_BR\" \/>\n<meta property=\"og:type\" content=\"article\" \/>\n<meta property=\"og:title\" content=\"Frei Diego inicia seu minist\u00e9rio presbiteral - Not\u00edcias - Franciscanos\" \/>\n<meta property=\"og:description\" content=\"Ordena\u00e7\u00e3o presbiteral de Frei Diego\" \/>\n<meta property=\"og:url\" content=\"https:\/\/franciscanos.org.br\/noticias\/frei-diego-inicia-seu-ministerio-presbiteral.html\" \/>\n<meta property=\"og:site_name\" content=\"Not\u00edcias - Franciscanos\" \/>\n<meta property=\"article:published_time\" content=\"2012-02-13T09:11:35+00:00\" \/>\n<meta property=\"article:modified_time\" content=\"2023-01-09T13:53:26+00:00\" \/>\n<meta property=\"og:image\" content=\"https:\/\/franciscanos.org.br\/noticias\/wp-content\/uploads\/2012\/02\/freidiego_2012.jpg\" \/>\n\t<meta property=\"og:image:width\" content=\"273\" \/>\n\t<meta property=\"og:image:height\" content=\"181\" \/>\n\t<meta property=\"og:image:type\" content=\"image\/jpeg\" \/>\n<meta name=\"author\" content=\"admin\" \/>\n<meta name=\"twitter:card\" content=\"summary_large_image\" \/>\n<meta name=\"twitter:label1\" content=\"Escrito por\" \/>\n\t<meta name=\"twitter:data1\" content=\"admin\" \/>\n\t<meta name=\"twitter:label2\" content=\"Est. tempo de leitura\" \/>\n\t<meta name=\"twitter:data2\" content=\"4 minutos\" \/>\n<script type=\"application\/ld+json\" class=\"yoast-schema-graph\">{\"@context\":\"https:\/\/schema.org\",\"@graph\":[{\"@type\":\"WebSite\",\"@id\":\"https:\/\/franciscanos.org.br\/noticias\/#website\",\"url\":\"https:\/\/franciscanos.org.br\/noticias\/\",\"name\":\"Not\u00edcias - Franciscanos\",\"description\":\"Prov\u00edncia Franciscana da Imaculada Concei\u00e7\u00e3o do Brasil - Ordem dos Frades Menores - OFM\",\"potentialAction\":[{\"@type\":\"SearchAction\",\"target\":{\"@type\":\"EntryPoint\",\"urlTemplate\":\"https:\/\/franciscanos.org.br\/noticias\/?s={search_term_string}\"},\"query-input\":\"required name=search_term_string\"}],\"inLanguage\":\"pt-BR\"},{\"@type\":\"ImageObject\",\"inLanguage\":\"pt-BR\",\"@id\":\"https:\/\/franciscanos.org.br\/noticias\/frei-diego-inicia-seu-ministerio-presbiteral.html#primaryimage\",\"url\":\"https:\/\/franciscanos.org.br\/noticias\/wp-content\/uploads\/2012\/02\/freidiego_2012.jpg\",\"contentUrl\":\"https:\/\/franciscanos.org.br\/noticias\/wp-content\/uploads\/2012\/02\/freidiego_2012.jpg\",\"width\":273,\"height\":181},{\"@type\":\"WebPage\",\"@id\":\"https:\/\/franciscanos.org.br\/noticias\/frei-diego-inicia-seu-ministerio-presbiteral.html#webpage\",\"url\":\"https:\/\/franciscanos.org.br\/noticias\/frei-diego-inicia-seu-ministerio-presbiteral.html\",\"name\":\"Frei Diego inicia seu minist\u00e9rio presbiteral - Not\u00edcias - Franciscanos\",\"isPartOf\":{\"@id\":\"https:\/\/franciscanos.org.br\/noticias\/#website\"},\"primaryImageOfPage\":{\"@id\":\"https:\/\/franciscanos.org.br\/noticias\/frei-diego-inicia-seu-ministerio-presbiteral.html#primaryimage\"},\"datePublished\":\"2012-02-13T09:11:35+00:00\",\"dateModified\":\"2023-01-09T13:53:26+00:00\",\"author\":{\"@id\":\"https:\/\/franciscanos.org.br\/noticias\/#\/schema\/person\/b38fbf43118f02820bd932f2e4b14ad3\"},\"breadcrumb\":{\"@id\":\"https:\/\/franciscanos.org.br\/noticias\/frei-diego-inicia-seu-ministerio-presbiteral.html#breadcrumb\"},\"inLanguage\":\"pt-BR\",\"potentialAction\":[{\"@type\":\"ReadAction\",\"target\":[\"https:\/\/franciscanos.org.br\/noticias\/frei-diego-inicia-seu-ministerio-presbiteral.html\"]}]},{\"@type\":\"BreadcrumbList\",\"@id\":\"https:\/\/franciscanos.org.br\/noticias\/frei-diego-inicia-seu-ministerio-presbiteral.html#breadcrumb\",\"itemListElement\":[{\"@type\":\"ListItem\",\"position\":1,\"name\":\"Home\",\"item\":\"https:\/\/franciscanos.org.br\/noticias\"},{\"@type\":\"ListItem\",\"position\":2,\"name\":\"Frei Diego inicia seu minist\u00e9rio presbiteral\"}]},{\"@type\":\"Person\",\"@id\":\"https:\/\/franciscanos.org.br\/noticias\/#\/schema\/person\/b38fbf43118f02820bd932f2e4b14ad3\",\"name\":\"admin\",\"image\":{\"@type\":\"ImageObject\",\"inLanguage\":\"pt-BR\",\"@id\":\"https:\/\/franciscanos.org.br\/noticias\/#\/schema\/person\/image\/\",\"url\":\"https:\/\/secure.gravatar.com\/avatar\/e8495742d34d0ba6448ea1c628263b3e?s=96&d=mm&r=g\",\"contentUrl\":\"https:\/\/secure.gravatar.com\/avatar\/e8495742d34d0ba6448ea1c628263b3e?s=96&d=mm&r=g\",\"caption\":\"admin\"},\"url\":\"https:\/\/franciscanos.org.br\/noticias\/author\/admin\"}]}<\/script>\n<!-- \/ Yoast SEO plugin. -->","yoast_head_json":{"title":"Frei Diego inicia seu minist\u00e9rio presbiteral - Not\u00edcias - Franciscanos","robots":{"index":"index","follow":"follow","max-snippet":"max-snippet:-1","max-image-preview":"max-image-preview:large","max-video-preview":"max-video-preview:-1"},"canonical":"https:\/\/franciscanos.org.br\/noticias\/frei-diego-inicia-seu-ministerio-presbiteral.html","og_locale":"pt_BR","og_type":"article","og_title":"Frei Diego inicia seu minist\u00e9rio presbiteral - Not\u00edcias - Franciscanos","og_description":"Ordena\u00e7\u00e3o presbiteral de Frei Diego","og_url":"https:\/\/franciscanos.org.br\/noticias\/frei-diego-inicia-seu-ministerio-presbiteral.html","og_site_name":"Not\u00edcias - Franciscanos","article_published_time":"2012-02-13T09:11:35+00:00","article_modified_time":"2023-01-09T13:53:26+00:00","og_image":[{"width":273,"height":181,"url":"https:\/\/franciscanos.org.br\/noticias\/wp-content\/uploads\/2012\/02\/freidiego_2012.jpg","type":"image\/jpeg"}],"author":"admin","twitter_card":"summary_large_image","twitter_misc":{"Escrito por":"admin","Est. tempo de leitura":"4 minutos"},"schema":{"@context":"https:\/\/schema.org","@graph":[{"@type":"WebSite","@id":"https:\/\/franciscanos.org.br\/noticias\/#website","url":"https:\/\/franciscanos.org.br\/noticias\/","name":"Not\u00edcias - Franciscanos","description":"Prov\u00edncia Franciscana da Imaculada Concei\u00e7\u00e3o do Brasil - Ordem dos Frades Menores - OFM","potentialAction":[{"@type":"SearchAction","target":{"@type":"EntryPoint","urlTemplate":"https:\/\/franciscanos.org.br\/noticias\/?s={search_term_string}"},"query-input":"required name=search_term_string"}],"inLanguage":"pt-BR"},{"@type":"ImageObject","inLanguage":"pt-BR","@id":"https:\/\/franciscanos.org.br\/noticias\/frei-diego-inicia-seu-ministerio-presbiteral.html#primaryimage","url":"https:\/\/franciscanos.org.br\/noticias\/wp-content\/uploads\/2012\/02\/freidiego_2012.jpg","contentUrl":"https:\/\/franciscanos.org.br\/noticias\/wp-content\/uploads\/2012\/02\/freidiego_2012.jpg","width":273,"height":181},{"@type":"WebPage","@id":"https:\/\/franciscanos.org.br\/noticias\/frei-diego-inicia-seu-ministerio-presbiteral.html#webpage","url":"https:\/\/franciscanos.org.br\/noticias\/frei-diego-inicia-seu-ministerio-presbiteral.html","name":"Frei Diego inicia seu minist\u00e9rio presbiteral - Not\u00edcias - Franciscanos","isPartOf":{"@id":"https:\/\/franciscanos.org.br\/noticias\/#website"},"primaryImageOfPage":{"@id":"https:\/\/franciscanos.org.br\/noticias\/frei-diego-inicia-seu-ministerio-presbiteral.html#primaryimage"},"datePublished":"2012-02-13T09:11:35+00:00","dateModified":"2023-01-09T13:53:26+00:00","author":{"@id":"https:\/\/franciscanos.org.br\/noticias\/#\/schema\/person\/b38fbf43118f02820bd932f2e4b14ad3"},"breadcrumb":{"@id":"https:\/\/franciscanos.org.br\/noticias\/frei-diego-inicia-seu-ministerio-presbiteral.html#breadcrumb"},"inLanguage":"pt-BR","potentialAction":[{"@type":"ReadAction","target":["https:\/\/franciscanos.org.br\/noticias\/frei-diego-inicia-seu-ministerio-presbiteral.html"]}]},{"@type":"BreadcrumbList","@id":"https:\/\/franciscanos.org.br\/noticias\/frei-diego-inicia-seu-ministerio-presbiteral.html#breadcrumb","itemListElement":[{"@type":"ListItem","position":1,"name":"Home","item":"https:\/\/franciscanos.org.br\/noticias"},{"@type":"ListItem","position":2,"name":"Frei Diego inicia seu minist\u00e9rio presbiteral"}]},{"@type":"Person","@id":"https:\/\/franciscanos.org.br\/noticias\/#\/schema\/person\/b38fbf43118f02820bd932f2e4b14ad3","name":"admin","image":{"@type":"ImageObject","inLanguage":"pt-BR","@id":"https:\/\/franciscanos.org.br\/noticias\/#\/schema\/person\/image\/","url":"https:\/\/secure.gravatar.com\/avatar\/e8495742d34d0ba6448ea1c628263b3e?s=96&d=mm&r=g","contentUrl":"https:\/\/secure.gravatar.com\/avatar\/e8495742d34d0ba6448ea1c628263b3e?s=96&d=mm&r=g","caption":"admin"},"url":"https:\/\/franciscanos.org.br\/noticias\/author\/admin"}]}},"_links":{"self":[{"href":"https:\/\/franciscanos.org.br\/noticias\/wp-json\/wp\/v2\/posts\/11720"}],"collection":[{"href":"https:\/\/franciscanos.org.br\/noticias\/wp-json\/wp\/v2\/posts"}],"about":[{"href":"https:\/\/franciscanos.org.br\/noticias\/wp-json\/wp\/v2\/types\/post"}],"author":[{"embeddable":true,"href":"https:\/\/franciscanos.org.br\/noticias\/wp-json\/wp\/v2\/users\/1"}],"replies":[{"embeddable":true,"href":"https:\/\/franciscanos.org.br\/noticias\/wp-json\/wp\/v2\/comments?post=11720"}],"version-history":[{"count":1,"href":"https:\/\/franciscanos.org.br\/noticias\/wp-json\/wp\/v2\/posts\/11720\/revisions"}],"predecessor-version":[{"id":241596,"href":"https:\/\/franciscanos.org.br\/noticias\/wp-json\/wp\/v2\/posts\/11720\/revisions\/241596"}],"wp:featuredmedia":[{"embeddable":true,"href":"https:\/\/franciscanos.org.br\/noticias\/wp-json\/wp\/v2\/media\/200135"}],"wp:attachment":[{"href":"https:\/\/franciscanos.org.br\/noticias\/wp-json\/wp\/v2\/media?parent=11720"}],"wp:term":[{"taxonomy":"category","embeddable":true,"href":"https:\/\/franciscanos.org.br\/noticias\/wp-json\/wp\/v2\/categories?post=11720"},{"taxonomy":"post_tag","embeddable":true,"href":"https:\/\/franciscanos.org.br\/noticias\/wp-json\/wp\/v2\/tags?post=11720"}],"curies":[{"name":"wp","href":"https:\/\/api.w.org\/{rel}","templated":true}]}}