{"id":117120,"date":"2016-09-20T10:16:25","date_gmt":"2016-09-20T13:16:25","guid":{"rendered":"http:\/\/franciscanos.org.br\/?p=117120"},"modified":"2020-06-09T15:20:00","modified_gmt":"2020-06-09T18:20:00","slug":"francisco-rezar-ao-deus-da-paz-independente-da-religiao","status":"publish","type":"post","link":"https:\/\/franciscanos.org.br\/noticias\/francisco-rezar-ao-deus-da-paz-independente-da-religiao.html","title":{"rendered":"Rezar ao Deus da paz, independente da religi\u00e3o"},"content":{"rendered":"<p><img loading=\"lazy\" src=\"http:\/\/franciscanos.org.br\/wp-content\/uploads\/2016\/09\/marta_200916g.jpg\" alt=\"marta_200916g\" width=\"830\" height=\"401\" \/><\/p>\n<p><strong>Cidade do Vaticano<\/strong> \u2013 Antes de partir para Assis, o Papa Francisco celebrou a missa na capela da Casa Santa Marta na ter\u00e7a-feira (20\/09) e, em sua homilia, explicou com que esp\u00edrito partiu para a cidade de S\u00e3o Francisco.<\/p>\n<p>\u201cN\u00e3o existe um deus da guerra\u201d. A guerra, a desumanidade de um bomba que explode fazendo mortos e feridos, fechando a estrada para a ajuda humanit\u00e1ria que n\u00e3o pode chegar at\u00e9 as crian\u00e7as, aos idosos e aos doentes \u00e9 obra do \u201cmaligno\u201d, que \u201cquer matar todo mundo\u201d. Por isso, \u00e9 necess\u00e1rio rezar, e tamb\u00e9m chorar pela paz, todas as religi\u00f5es unidas na convic\u00e7\u00e3o de que \u201cDeus \u00e9 Deus de paz\u201d.<\/p>\n<p><strong>N\u00e3o tapar os ouvidos<\/strong><\/p>\n<p>\u201cHoje, homens e mulheres de todas as religi\u00f5es, iremos a Assis. N\u00e3o para fazer um espet\u00e1culo: simplesmente para rezar e rezar pela paz\u201d, foram as primeiras palavras do Papa na homilia. E em todos os lugares, como pediu o Papa numa carta a todos os bispos, hoje foram organizados \u201cencontros de ora\u00e7\u00e3o\u201d que convidam \u201cos crist\u00e3os, os fi\u00e9is e todos os homens e as mulheres de boa vontade, de qualquer religi\u00e3o, a rezar pela paz\u201d, j\u00e1 que \u2013 exclamou novamente \u2013 \u201co mundo est\u00e1 em guerra! O mundo sofre!\u201d<\/p>\n<p>\u201cHoje, a Primeira leitura termina assim: \u2018Quem tapa os ouvidos ao clamor do pobre, tamb\u00e9m h\u00e1 de clamar, mas n\u00e3o ser\u00e1 ouvido\u2019. Se n\u00f3s hoje fechamos os ouvidos ao clamor desta gente que sofre sob as bombas, que sofre a explora\u00e7\u00e3o dos traficantes de armas, pode ser que, quando caber\u00e1 a n\u00f3s, n\u00e3o obteremos respostas. N\u00e3o podemos fechar os ouvidos ao grito de dor desses nossos irm\u00e3os e irm\u00e3s que sofrem pela guerra\u201d.<\/p>\n<p><strong>A guerra come\u00e7a no cora\u00e7\u00e3o<\/strong><\/p>\n<p>A guerra, \u201cn\u00f3s n\u00e3o a vemos\u201d, disse o Papa. \u201cNos assustamos\u201d por \u201cqualquer ato de terrorismo\u201d mas \u201cisso n\u00e3o tem nada a ver com aquilo que acontece naqueles pa\u00edses, naquelas terras onde dia e noite as bombas caem e caem\u201d e \u201cmatam crian\u00e7as, idosos, homens e mulheres&#8230;\u201d. \u201cA guerra est\u00e1 distante?\u201d, pergunta-se o Papa. \u201cN\u00e3o! Est\u00e1 muito perto\u201d, porque \u201ca guerra atinge a todos\u201d, \u201ca guerra come\u00e7a no cora\u00e7\u00e3o\u201d:<\/p>\n<p>\u201cQue o Senhor nos d\u00ea paz ao cora\u00e7\u00e3o, nos tire qualquer vontade de avidez, de cobi\u00e7a, de luta. N\u00e3o! Paz, paz! Que o nosso cora\u00e7\u00e3o seja um cora\u00e7\u00e3o de homem e mulher de paz. Al\u00e9m das divis\u00f5es das religi\u00f5es: todos, todos, todos! Porque todos somos filhos de Deus. E Deus \u00e9 Deus de paz. N\u00e3o existe um deus da guerra: aquele que faz a guerra \u00e9 o maligno, \u00e9 o diabo, que quer matar todos\u201d.<\/p>\n<p><strong>Sentir vergonha<\/strong><\/p>\n<p>Diante disso n\u00e3o podem haver divis\u00f5es de f\u00e9, reitera Francisco. N\u00e3o basta agradecer a Deus porque talvez a guerra \u201cn\u00e3o nos atinge\u201d. \u201cSim, agrade\u00e7amos por isso \u2013 disse \u2013 mas pensemos tamb\u00e9m aos outros\u201d:<\/p>\n<p>\u201cPensemos hoje n\u00e3o somente nas bombas, nos mortos, nos feridos; mas tamb\u00e9m nas crian\u00e7as e idosos a quem a ajuda humanit\u00e1ria n\u00e3o chega com alimentos e rem\u00e9dios. Est\u00e3o famintos, doentes! Porque as bombas impedem isso. E, enquanto hoje rezamos, seria bom que cada um de n\u00f3s sentisse vergonha. Vergonha disso: que os humanos, os nossos irm\u00e3os, sejam capazes de fazer isso. Hoje, dia de ora\u00e7\u00e3o, de penit\u00eancia, de l\u00e1grimas pela paz; dia para ouvir o grito do pobre. Este grito que abre nosso cora\u00e7\u00e3o \u00e0 miseric\u00f3rdia, ao amor e nos salva do ego\u00edsmo.<\/p>\n<hr \/>\n<p><em>Fonte: R\u00e1dio Vaticano<\/em><\/p>\n","protected":false},"excerpt":{"rendered":"<p>Missa em Santa Marta<\/p>\n","protected":false},"author":1,"featured_media":222260,"comment_status":"open","ping_status":"open","sticky":false,"template":"","format":"standard","meta":[],"categories":[1428],"tags":[1586],"acf":[],"yoast_head":"<!-- This site is optimized with the Yoast SEO plugin v19.2 - https:\/\/yoast.com\/wordpress\/plugins\/seo\/ -->\n<title>Rezar ao Deus da paz, independente da religi\u00e3o - Not\u00edcias - Franciscanos<\/title>\n<meta name=\"robots\" content=\"index, follow, max-snippet:-1, max-image-preview:large, max-video-preview:-1\" \/>\n<link rel=\"canonical\" href=\"https:\/\/franciscanos.org.br\/noticias\/francisco-rezar-ao-deus-da-paz-independente-da-religiao.html\" \/>\n<meta property=\"og:locale\" content=\"pt_BR\" \/>\n<meta property=\"og:type\" content=\"article\" \/>\n<meta property=\"og:title\" content=\"Rezar ao Deus da paz, independente da religi\u00e3o - Not\u00edcias - Franciscanos\" \/>\n<meta property=\"og:description\" content=\"Missa em Santa Marta\" \/>\n<meta property=\"og:url\" content=\"https:\/\/franciscanos.org.br\/noticias\/francisco-rezar-ao-deus-da-paz-independente-da-religiao.html\" \/>\n<meta property=\"og:site_name\" content=\"Not\u00edcias - Franciscanos\" \/>\n<meta property=\"article:published_time\" content=\"2016-09-20T13:16:25+00:00\" \/>\n<meta property=\"article:modified_time\" content=\"2020-06-09T18:20:00+00:00\" \/>\n<meta property=\"og:image\" content=\"https:\/\/franciscanos.org.br\/noticias\/wp-content\/uploads\/2016\/09\/marta_200916g.jpg\" \/>\n\t<meta property=\"og:image:width\" content=\"273\" \/>\n\t<meta property=\"og:image:height\" content=\"180\" \/>\n\t<meta property=\"og:image:type\" content=\"image\/jpeg\" \/>\n<meta name=\"author\" content=\"admin\" \/>\n<meta name=\"twitter:card\" content=\"summary_large_image\" \/>\n<meta name=\"twitter:label1\" content=\"Escrito por\" \/>\n\t<meta name=\"twitter:data1\" content=\"admin\" \/>\n\t<meta name=\"twitter:label2\" content=\"Est. tempo de leitura\" \/>\n\t<meta name=\"twitter:data2\" content=\"3 minutos\" \/>\n<script type=\"application\/ld+json\" class=\"yoast-schema-graph\">{\"@context\":\"https:\/\/schema.org\",\"@graph\":[{\"@type\":\"WebSite\",\"@id\":\"https:\/\/franciscanos.org.br\/noticias\/#website\",\"url\":\"https:\/\/franciscanos.org.br\/noticias\/\",\"name\":\"Not\u00edcias - Franciscanos\",\"description\":\"Prov\u00edncia Franciscana da Imaculada Concei\u00e7\u00e3o do Brasil - Ordem dos Frades Menores - OFM\",\"potentialAction\":[{\"@type\":\"SearchAction\",\"target\":{\"@type\":\"EntryPoint\",\"urlTemplate\":\"https:\/\/franciscanos.org.br\/noticias\/?s={search_term_string}\"},\"query-input\":\"required name=search_term_string\"}],\"inLanguage\":\"pt-BR\"},{\"@type\":\"ImageObject\",\"inLanguage\":\"pt-BR\",\"@id\":\"https:\/\/franciscanos.org.br\/noticias\/francisco-rezar-ao-deus-da-paz-independente-da-religiao.html#primaryimage\",\"url\":\"https:\/\/franciscanos.org.br\/noticias\/wp-content\/uploads\/2016\/09\/marta_200916g.jpg\",\"contentUrl\":\"https:\/\/franciscanos.org.br\/noticias\/wp-content\/uploads\/2016\/09\/marta_200916g.jpg\",\"width\":273,\"height\":180},{\"@type\":\"WebPage\",\"@id\":\"https:\/\/franciscanos.org.br\/noticias\/francisco-rezar-ao-deus-da-paz-independente-da-religiao.html#webpage\",\"url\":\"https:\/\/franciscanos.org.br\/noticias\/francisco-rezar-ao-deus-da-paz-independente-da-religiao.html\",\"name\":\"Rezar ao Deus da paz, independente da religi\u00e3o - Not\u00edcias - Franciscanos\",\"isPartOf\":{\"@id\":\"https:\/\/franciscanos.org.br\/noticias\/#website\"},\"primaryImageOfPage\":{\"@id\":\"https:\/\/franciscanos.org.br\/noticias\/francisco-rezar-ao-deus-da-paz-independente-da-religiao.html#primaryimage\"},\"datePublished\":\"2016-09-20T13:16:25+00:00\",\"dateModified\":\"2020-06-09T18:20:00+00:00\",\"author\":{\"@id\":\"https:\/\/franciscanos.org.br\/noticias\/#\/schema\/person\/b38fbf43118f02820bd932f2e4b14ad3\"},\"breadcrumb\":{\"@id\":\"https:\/\/franciscanos.org.br\/noticias\/francisco-rezar-ao-deus-da-paz-independente-da-religiao.html#breadcrumb\"},\"inLanguage\":\"pt-BR\",\"potentialAction\":[{\"@type\":\"ReadAction\",\"target\":[\"https:\/\/franciscanos.org.br\/noticias\/francisco-rezar-ao-deus-da-paz-independente-da-religiao.html\"]}]},{\"@type\":\"BreadcrumbList\",\"@id\":\"https:\/\/franciscanos.org.br\/noticias\/francisco-rezar-ao-deus-da-paz-independente-da-religiao.html#breadcrumb\",\"itemListElement\":[{\"@type\":\"ListItem\",\"position\":1,\"name\":\"Home\",\"item\":\"https:\/\/franciscanos.org.br\/noticias\"},{\"@type\":\"ListItem\",\"position\":2,\"name\":\"Rezar ao Deus da paz, independente da religi\u00e3o\"}]},{\"@type\":\"Person\",\"@id\":\"https:\/\/franciscanos.org.br\/noticias\/#\/schema\/person\/b38fbf43118f02820bd932f2e4b14ad3\",\"name\":\"admin\",\"image\":{\"@type\":\"ImageObject\",\"inLanguage\":\"pt-BR\",\"@id\":\"https:\/\/franciscanos.org.br\/noticias\/#\/schema\/person\/image\/\",\"url\":\"https:\/\/secure.gravatar.com\/avatar\/e8495742d34d0ba6448ea1c628263b3e?s=96&d=mm&r=g\",\"contentUrl\":\"https:\/\/secure.gravatar.com\/avatar\/e8495742d34d0ba6448ea1c628263b3e?s=96&d=mm&r=g\",\"caption\":\"admin\"},\"url\":\"https:\/\/franciscanos.org.br\/noticias\/author\/admin\"}]}<\/script>\n<!-- \/ Yoast SEO plugin. -->","yoast_head_json":{"title":"Rezar ao Deus da paz, independente da religi\u00e3o - Not\u00edcias - Franciscanos","robots":{"index":"index","follow":"follow","max-snippet":"max-snippet:-1","max-image-preview":"max-image-preview:large","max-video-preview":"max-video-preview:-1"},"canonical":"https:\/\/franciscanos.org.br\/noticias\/francisco-rezar-ao-deus-da-paz-independente-da-religiao.html","og_locale":"pt_BR","og_type":"article","og_title":"Rezar ao Deus da paz, independente da religi\u00e3o - Not\u00edcias - Franciscanos","og_description":"Missa em Santa Marta","og_url":"https:\/\/franciscanos.org.br\/noticias\/francisco-rezar-ao-deus-da-paz-independente-da-religiao.html","og_site_name":"Not\u00edcias - Franciscanos","article_published_time":"2016-09-20T13:16:25+00:00","article_modified_time":"2020-06-09T18:20:00+00:00","og_image":[{"width":273,"height":180,"url":"https:\/\/franciscanos.org.br\/noticias\/wp-content\/uploads\/2016\/09\/marta_200916g.jpg","type":"image\/jpeg"}],"author":"admin","twitter_card":"summary_large_image","twitter_misc":{"Escrito por":"admin","Est. tempo de leitura":"3 minutos"},"schema":{"@context":"https:\/\/schema.org","@graph":[{"@type":"WebSite","@id":"https:\/\/franciscanos.org.br\/noticias\/#website","url":"https:\/\/franciscanos.org.br\/noticias\/","name":"Not\u00edcias - Franciscanos","description":"Prov\u00edncia Franciscana da Imaculada Concei\u00e7\u00e3o do Brasil - Ordem dos Frades Menores - OFM","potentialAction":[{"@type":"SearchAction","target":{"@type":"EntryPoint","urlTemplate":"https:\/\/franciscanos.org.br\/noticias\/?s={search_term_string}"},"query-input":"required name=search_term_string"}],"inLanguage":"pt-BR"},{"@type":"ImageObject","inLanguage":"pt-BR","@id":"https:\/\/franciscanos.org.br\/noticias\/francisco-rezar-ao-deus-da-paz-independente-da-religiao.html#primaryimage","url":"https:\/\/franciscanos.org.br\/noticias\/wp-content\/uploads\/2016\/09\/marta_200916g.jpg","contentUrl":"https:\/\/franciscanos.org.br\/noticias\/wp-content\/uploads\/2016\/09\/marta_200916g.jpg","width":273,"height":180},{"@type":"WebPage","@id":"https:\/\/franciscanos.org.br\/noticias\/francisco-rezar-ao-deus-da-paz-independente-da-religiao.html#webpage","url":"https:\/\/franciscanos.org.br\/noticias\/francisco-rezar-ao-deus-da-paz-independente-da-religiao.html","name":"Rezar ao Deus da paz, independente da religi\u00e3o - Not\u00edcias - Franciscanos","isPartOf":{"@id":"https:\/\/franciscanos.org.br\/noticias\/#website"},"primaryImageOfPage":{"@id":"https:\/\/franciscanos.org.br\/noticias\/francisco-rezar-ao-deus-da-paz-independente-da-religiao.html#primaryimage"},"datePublished":"2016-09-20T13:16:25+00:00","dateModified":"2020-06-09T18:20:00+00:00","author":{"@id":"https:\/\/franciscanos.org.br\/noticias\/#\/schema\/person\/b38fbf43118f02820bd932f2e4b14ad3"},"breadcrumb":{"@id":"https:\/\/franciscanos.org.br\/noticias\/francisco-rezar-ao-deus-da-paz-independente-da-religiao.html#breadcrumb"},"inLanguage":"pt-BR","potentialAction":[{"@type":"ReadAction","target":["https:\/\/franciscanos.org.br\/noticias\/francisco-rezar-ao-deus-da-paz-independente-da-religiao.html"]}]},{"@type":"BreadcrumbList","@id":"https:\/\/franciscanos.org.br\/noticias\/francisco-rezar-ao-deus-da-paz-independente-da-religiao.html#breadcrumb","itemListElement":[{"@type":"ListItem","position":1,"name":"Home","item":"https:\/\/franciscanos.org.br\/noticias"},{"@type":"ListItem","position":2,"name":"Rezar ao Deus da paz, independente da religi\u00e3o"}]},{"@type":"Person","@id":"https:\/\/franciscanos.org.br\/noticias\/#\/schema\/person\/b38fbf43118f02820bd932f2e4b14ad3","name":"admin","image":{"@type":"ImageObject","inLanguage":"pt-BR","@id":"https:\/\/franciscanos.org.br\/noticias\/#\/schema\/person\/image\/","url":"https:\/\/secure.gravatar.com\/avatar\/e8495742d34d0ba6448ea1c628263b3e?s=96&d=mm&r=g","contentUrl":"https:\/\/secure.gravatar.com\/avatar\/e8495742d34d0ba6448ea1c628263b3e?s=96&d=mm&r=g","caption":"admin"},"url":"https:\/\/franciscanos.org.br\/noticias\/author\/admin"}]}},"_links":{"self":[{"href":"https:\/\/franciscanos.org.br\/noticias\/wp-json\/wp\/v2\/posts\/117120"}],"collection":[{"href":"https:\/\/franciscanos.org.br\/noticias\/wp-json\/wp\/v2\/posts"}],"about":[{"href":"https:\/\/franciscanos.org.br\/noticias\/wp-json\/wp\/v2\/types\/post"}],"author":[{"embeddable":true,"href":"https:\/\/franciscanos.org.br\/noticias\/wp-json\/wp\/v2\/users\/1"}],"replies":[{"embeddable":true,"href":"https:\/\/franciscanos.org.br\/noticias\/wp-json\/wp\/v2\/comments?post=117120"}],"version-history":[{"count":4,"href":"https:\/\/franciscanos.org.br\/noticias\/wp-json\/wp\/v2\/posts\/117120\/revisions"}],"predecessor-version":[{"id":225611,"href":"https:\/\/franciscanos.org.br\/noticias\/wp-json\/wp\/v2\/posts\/117120\/revisions\/225611"}],"wp:featuredmedia":[{"embeddable":true,"href":"https:\/\/franciscanos.org.br\/noticias\/wp-json\/wp\/v2\/media\/222260"}],"wp:attachment":[{"href":"https:\/\/franciscanos.org.br\/noticias\/wp-json\/wp\/v2\/media?parent=117120"}],"wp:term":[{"taxonomy":"category","embeddable":true,"href":"https:\/\/franciscanos.org.br\/noticias\/wp-json\/wp\/v2\/categories?post=117120"},{"taxonomy":"post_tag","embeddable":true,"href":"https:\/\/franciscanos.org.br\/noticias\/wp-json\/wp\/v2\/tags?post=117120"}],"curies":[{"name":"wp","href":"https:\/\/api.w.org\/{rel}","templated":true}]}}