{"id":117110,"date":"2016-09-20T08:30:38","date_gmt":"2016-09-20T11:30:38","guid":{"rendered":"http:\/\/franciscanos.org.br\/?p=117110"},"modified":"2019-07-02T14:14:30","modified_gmt":"2019-07-02T17:14:30","slug":"paroquia-nossa-senhora-do-rosario-recebe-as-missoes-franciscanas","status":"publish","type":"post","link":"https:\/\/franciscanos.org.br\/noticias\/paroquia-nossa-senhora-do-rosario-recebe-as-missoes-franciscanas.html","title":{"rendered":"Juventude de Vila Velha recebe as Miss\u00f5es Franciscanas"},"content":{"rendered":"<p><img loading=\"lazy\" src=\"http:\/\/franciscanos.org.br\/wp-content\/uploads\/2016\/09\/missoes_190916g.jpg\" alt=\"missoes_190916g\" width=\"830\" height=\"430\" \/><\/p>\n<p><strong>Vila Velha (ES)<\/strong> &#8211; Nos dias 16, 17 e 18 de setembro, aconteceram as Miss\u00f5es Franciscanas da Juventude na Par\u00f3quia Nossa Senhora do Ros\u00e1rio, em Vila Velha (ES). O evento contou com a participa\u00e7\u00e3o de 200 jovens locais e mais de 50 jovens vindos da Par\u00f3quia Santa Clara de Assis, em Colatina (ES).<\/p>\n<p>Colatina foi a primeira cidade da Regi\u00e3o Sudeste a receber as Miss\u00f5es Franciscanas, em julho de 2015. Neste encontro, os jovens colatinenses e de Vila Velha vivenciaram tr\u00eas dias de atividades mission\u00e1rias e religiosas. A avalia\u00e7\u00e3o p\u00f3s-encontro foi positiva e, com isso, a Par\u00f3quia Nossa Senhora do Ros\u00e1rio foi escolhida para sediar as miss\u00f5es no ano seguinte.<\/p>\n<p>Na sexta\u2013feira (16), a programa\u00e7\u00e3o teve in\u00edcio \u00e0s 23h, quando os jovens colatinenses chegaram ao Santu\u00e1rio Divino Esp\u00edrito Santo. Ap\u00f3s o momento de confraterniza\u00e7\u00e3o entre os participantes, Frei Florival Mariano de Toledo fez abertura oficial do evento. A anima\u00e7\u00e3o da juventude marcou o primeiro dia do encontro.<\/p>\n<p>No s\u00e1bado os jovens se encontraram no Santu\u00e1rio de Vila Velha, e as atividades tiveram in\u00edcio \u00e0s 8h, com o momento de ora\u00e7\u00e3o. Em seguida, eles conheceram o trabalho mission\u00e1rio de Frei Diego Melo, coordenador do SAV. Ap\u00f3s a palestra, todos os participantes foram divididos em 10 grupos, para intera\u00e7\u00e3o e trocas de experi\u00eancias.<\/p>\n<p>Ap\u00f3s o almo\u00e7o, a juventude foi a p\u00e9 at\u00e9 o Convento da Penha. Durante o trajeto, a anima\u00e7\u00e3o e a quantidade de pessoas chamou aten\u00e7\u00e3o de pedestres e motoristas. Quando os jovens chegaram ao Santu\u00e1rio dedicado a Nossa Senhora da Penha, Frei Paulo Ferreira, reitor do Santu\u00e1rio, aben\u00e7oou os mission\u00e1rios.<\/p>\n<p>No final da tarde aconteceu a Missa das Chagas de S\u00e3o Francisco e em seguida os jovens participaram do momento de adora\u00e7\u00e3o ao Sant\u00edssimo. Encerrando as atividades do s\u00e1bado, os jovens de Colatina foram surpreendidos com outra confraterniza\u00e7\u00e3o.<\/p>\n<p>No domingo, \u00faltimo dia foi marcado pelas visitas mission\u00e1rias, o trabalho teve in\u00edcio \u00e0s 9h. Os mesmos grupos do dia anterior foram para as 10 comunidades que comp\u00f5e a Par\u00f3quia do Ros\u00e1rio. O objetivo principal era ir ao encontro dos jovens afastados da Igreja. Depois do almo\u00e7o, os jovens participaram de atividades esportivas numa escola particular do munic\u00edpio.<\/p>\n<p>No entardecer, \u00e0s 17h30, aconteceu a missa de encerramento das Miss\u00f5es, na Pra\u00e7a em frente \u00e0 Par\u00f3quia Nossa Senhora do Ros\u00e1rio. Paroquianos, visitantes e as fam\u00edlias visitadas participaram da Santa Missa.<\/p>\n<p>&nbsp;<\/p>\n","protected":false},"excerpt":{"rendered":"<p>SAV<\/p>\n","protected":false},"author":1,"featured_media":207139,"comment_status":"open","ping_status":"open","sticky":false,"template":"","format":"standard","meta":[],"categories":[1],"tags":[1206],"acf":[],"yoast_head":"<!-- This site is optimized with the Yoast SEO plugin v19.2 - https:\/\/yoast.com\/wordpress\/plugins\/seo\/ -->\n<title>Juventude de Vila Velha recebe as Miss\u00f5es Franciscanas - Not\u00edcias - Franciscanos<\/title>\n<meta name=\"robots\" content=\"index, follow, max-snippet:-1, max-image-preview:large, max-video-preview:-1\" \/>\n<link rel=\"canonical\" href=\"https:\/\/franciscanos.org.br\/noticias\/paroquia-nossa-senhora-do-rosario-recebe-as-missoes-franciscanas.html\" \/>\n<meta property=\"og:locale\" content=\"pt_BR\" \/>\n<meta property=\"og:type\" content=\"article\" \/>\n<meta property=\"og:title\" content=\"Juventude de Vila Velha recebe as Miss\u00f5es Franciscanas - Not\u00edcias - Franciscanos\" \/>\n<meta property=\"og:description\" content=\"SAV\" \/>\n<meta property=\"og:url\" content=\"https:\/\/franciscanos.org.br\/noticias\/paroquia-nossa-senhora-do-rosario-recebe-as-missoes-franciscanas.html\" \/>\n<meta property=\"og:site_name\" content=\"Not\u00edcias - Franciscanos\" \/>\n<meta property=\"article:published_time\" content=\"2016-09-20T11:30:38+00:00\" \/>\n<meta property=\"article:modified_time\" content=\"2019-07-02T17:14:30+00:00\" \/>\n<meta property=\"og:image\" content=\"https:\/\/franciscanos.org.br\/noticias\/wp-content\/uploads\/2016\/09\/missoes_190916g.jpg\" \/>\n\t<meta property=\"og:image:width\" content=\"273\" \/>\n\t<meta property=\"og:image:height\" content=\"181\" \/>\n\t<meta property=\"og:image:type\" content=\"image\/jpeg\" \/>\n<meta name=\"author\" content=\"admin\" \/>\n<meta name=\"twitter:card\" content=\"summary_large_image\" \/>\n<meta name=\"twitter:label1\" content=\"Escrito por\" \/>\n\t<meta name=\"twitter:data1\" content=\"admin\" \/>\n\t<meta name=\"twitter:label2\" content=\"Est. tempo de leitura\" \/>\n\t<meta name=\"twitter:data2\" content=\"2 minutos\" \/>\n<script type=\"application\/ld+json\" class=\"yoast-schema-graph\">{\"@context\":\"https:\/\/schema.org\",\"@graph\":[{\"@type\":\"WebSite\",\"@id\":\"https:\/\/franciscanos.org.br\/noticias\/#website\",\"url\":\"https:\/\/franciscanos.org.br\/noticias\/\",\"name\":\"Not\u00edcias - Franciscanos\",\"description\":\"Prov\u00edncia Franciscana da Imaculada Concei\u00e7\u00e3o do Brasil - Ordem dos Frades Menores - OFM\",\"potentialAction\":[{\"@type\":\"SearchAction\",\"target\":{\"@type\":\"EntryPoint\",\"urlTemplate\":\"https:\/\/franciscanos.org.br\/noticias\/?s={search_term_string}\"},\"query-input\":\"required name=search_term_string\"}],\"inLanguage\":\"pt-BR\"},{\"@type\":\"ImageObject\",\"inLanguage\":\"pt-BR\",\"@id\":\"https:\/\/franciscanos.org.br\/noticias\/paroquia-nossa-senhora-do-rosario-recebe-as-missoes-franciscanas.html#primaryimage\",\"url\":\"https:\/\/franciscanos.org.br\/noticias\/wp-content\/uploads\/2016\/09\/missoes_190916g.jpg\",\"contentUrl\":\"https:\/\/franciscanos.org.br\/noticias\/wp-content\/uploads\/2016\/09\/missoes_190916g.jpg\",\"width\":273,\"height\":181},{\"@type\":\"WebPage\",\"@id\":\"https:\/\/franciscanos.org.br\/noticias\/paroquia-nossa-senhora-do-rosario-recebe-as-missoes-franciscanas.html#webpage\",\"url\":\"https:\/\/franciscanos.org.br\/noticias\/paroquia-nossa-senhora-do-rosario-recebe-as-missoes-franciscanas.html\",\"name\":\"Juventude de Vila Velha recebe as Miss\u00f5es Franciscanas - Not\u00edcias - Franciscanos\",\"isPartOf\":{\"@id\":\"https:\/\/franciscanos.org.br\/noticias\/#website\"},\"primaryImageOfPage\":{\"@id\":\"https:\/\/franciscanos.org.br\/noticias\/paroquia-nossa-senhora-do-rosario-recebe-as-missoes-franciscanas.html#primaryimage\"},\"datePublished\":\"2016-09-20T11:30:38+00:00\",\"dateModified\":\"2019-07-02T17:14:30+00:00\",\"author\":{\"@id\":\"https:\/\/franciscanos.org.br\/noticias\/#\/schema\/person\/b38fbf43118f02820bd932f2e4b14ad3\"},\"breadcrumb\":{\"@id\":\"https:\/\/franciscanos.org.br\/noticias\/paroquia-nossa-senhora-do-rosario-recebe-as-missoes-franciscanas.html#breadcrumb\"},\"inLanguage\":\"pt-BR\",\"potentialAction\":[{\"@type\":\"ReadAction\",\"target\":[\"https:\/\/franciscanos.org.br\/noticias\/paroquia-nossa-senhora-do-rosario-recebe-as-missoes-franciscanas.html\"]}]},{\"@type\":\"BreadcrumbList\",\"@id\":\"https:\/\/franciscanos.org.br\/noticias\/paroquia-nossa-senhora-do-rosario-recebe-as-missoes-franciscanas.html#breadcrumb\",\"itemListElement\":[{\"@type\":\"ListItem\",\"position\":1,\"name\":\"Home\",\"item\":\"https:\/\/franciscanos.org.br\/noticias\"},{\"@type\":\"ListItem\",\"position\":2,\"name\":\"Juventude de Vila Velha recebe as Miss\u00f5es Franciscanas\"}]},{\"@type\":\"Person\",\"@id\":\"https:\/\/franciscanos.org.br\/noticias\/#\/schema\/person\/b38fbf43118f02820bd932f2e4b14ad3\",\"name\":\"admin\",\"image\":{\"@type\":\"ImageObject\",\"inLanguage\":\"pt-BR\",\"@id\":\"https:\/\/franciscanos.org.br\/noticias\/#\/schema\/person\/image\/\",\"url\":\"https:\/\/secure.gravatar.com\/avatar\/e8495742d34d0ba6448ea1c628263b3e?s=96&d=mm&r=g\",\"contentUrl\":\"https:\/\/secure.gravatar.com\/avatar\/e8495742d34d0ba6448ea1c628263b3e?s=96&d=mm&r=g\",\"caption\":\"admin\"},\"url\":\"https:\/\/franciscanos.org.br\/noticias\/author\/admin\"}]}<\/script>\n<!-- \/ Yoast SEO plugin. -->","yoast_head_json":{"title":"Juventude de Vila Velha recebe as Miss\u00f5es Franciscanas - Not\u00edcias - Franciscanos","robots":{"index":"index","follow":"follow","max-snippet":"max-snippet:-1","max-image-preview":"max-image-preview:large","max-video-preview":"max-video-preview:-1"},"canonical":"https:\/\/franciscanos.org.br\/noticias\/paroquia-nossa-senhora-do-rosario-recebe-as-missoes-franciscanas.html","og_locale":"pt_BR","og_type":"article","og_title":"Juventude de Vila Velha recebe as Miss\u00f5es Franciscanas - Not\u00edcias - Franciscanos","og_description":"SAV","og_url":"https:\/\/franciscanos.org.br\/noticias\/paroquia-nossa-senhora-do-rosario-recebe-as-missoes-franciscanas.html","og_site_name":"Not\u00edcias - Franciscanos","article_published_time":"2016-09-20T11:30:38+00:00","article_modified_time":"2019-07-02T17:14:30+00:00","og_image":[{"width":273,"height":181,"url":"https:\/\/franciscanos.org.br\/noticias\/wp-content\/uploads\/2016\/09\/missoes_190916g.jpg","type":"image\/jpeg"}],"author":"admin","twitter_card":"summary_large_image","twitter_misc":{"Escrito por":"admin","Est. tempo de leitura":"2 minutos"},"schema":{"@context":"https:\/\/schema.org","@graph":[{"@type":"WebSite","@id":"https:\/\/franciscanos.org.br\/noticias\/#website","url":"https:\/\/franciscanos.org.br\/noticias\/","name":"Not\u00edcias - Franciscanos","description":"Prov\u00edncia Franciscana da Imaculada Concei\u00e7\u00e3o do Brasil - Ordem dos Frades Menores - OFM","potentialAction":[{"@type":"SearchAction","target":{"@type":"EntryPoint","urlTemplate":"https:\/\/franciscanos.org.br\/noticias\/?s={search_term_string}"},"query-input":"required name=search_term_string"}],"inLanguage":"pt-BR"},{"@type":"ImageObject","inLanguage":"pt-BR","@id":"https:\/\/franciscanos.org.br\/noticias\/paroquia-nossa-senhora-do-rosario-recebe-as-missoes-franciscanas.html#primaryimage","url":"https:\/\/franciscanos.org.br\/noticias\/wp-content\/uploads\/2016\/09\/missoes_190916g.jpg","contentUrl":"https:\/\/franciscanos.org.br\/noticias\/wp-content\/uploads\/2016\/09\/missoes_190916g.jpg","width":273,"height":181},{"@type":"WebPage","@id":"https:\/\/franciscanos.org.br\/noticias\/paroquia-nossa-senhora-do-rosario-recebe-as-missoes-franciscanas.html#webpage","url":"https:\/\/franciscanos.org.br\/noticias\/paroquia-nossa-senhora-do-rosario-recebe-as-missoes-franciscanas.html","name":"Juventude de Vila Velha recebe as Miss\u00f5es Franciscanas - Not\u00edcias - Franciscanos","isPartOf":{"@id":"https:\/\/franciscanos.org.br\/noticias\/#website"},"primaryImageOfPage":{"@id":"https:\/\/franciscanos.org.br\/noticias\/paroquia-nossa-senhora-do-rosario-recebe-as-missoes-franciscanas.html#primaryimage"},"datePublished":"2016-09-20T11:30:38+00:00","dateModified":"2019-07-02T17:14:30+00:00","author":{"@id":"https:\/\/franciscanos.org.br\/noticias\/#\/schema\/person\/b38fbf43118f02820bd932f2e4b14ad3"},"breadcrumb":{"@id":"https:\/\/franciscanos.org.br\/noticias\/paroquia-nossa-senhora-do-rosario-recebe-as-missoes-franciscanas.html#breadcrumb"},"inLanguage":"pt-BR","potentialAction":[{"@type":"ReadAction","target":["https:\/\/franciscanos.org.br\/noticias\/paroquia-nossa-senhora-do-rosario-recebe-as-missoes-franciscanas.html"]}]},{"@type":"BreadcrumbList","@id":"https:\/\/franciscanos.org.br\/noticias\/paroquia-nossa-senhora-do-rosario-recebe-as-missoes-franciscanas.html#breadcrumb","itemListElement":[{"@type":"ListItem","position":1,"name":"Home","item":"https:\/\/franciscanos.org.br\/noticias"},{"@type":"ListItem","position":2,"name":"Juventude de Vila Velha recebe as Miss\u00f5es Franciscanas"}]},{"@type":"Person","@id":"https:\/\/franciscanos.org.br\/noticias\/#\/schema\/person\/b38fbf43118f02820bd932f2e4b14ad3","name":"admin","image":{"@type":"ImageObject","inLanguage":"pt-BR","@id":"https:\/\/franciscanos.org.br\/noticias\/#\/schema\/person\/image\/","url":"https:\/\/secure.gravatar.com\/avatar\/e8495742d34d0ba6448ea1c628263b3e?s=96&d=mm&r=g","contentUrl":"https:\/\/secure.gravatar.com\/avatar\/e8495742d34d0ba6448ea1c628263b3e?s=96&d=mm&r=g","caption":"admin"},"url":"https:\/\/franciscanos.org.br\/noticias\/author\/admin"}]}},"_links":{"self":[{"href":"https:\/\/franciscanos.org.br\/noticias\/wp-json\/wp\/v2\/posts\/117110"}],"collection":[{"href":"https:\/\/franciscanos.org.br\/noticias\/wp-json\/wp\/v2\/posts"}],"about":[{"href":"https:\/\/franciscanos.org.br\/noticias\/wp-json\/wp\/v2\/types\/post"}],"author":[{"embeddable":true,"href":"https:\/\/franciscanos.org.br\/noticias\/wp-json\/wp\/v2\/users\/1"}],"replies":[{"embeddable":true,"href":"https:\/\/franciscanos.org.br\/noticias\/wp-json\/wp\/v2\/comments?post=117110"}],"version-history":[{"count":0,"href":"https:\/\/franciscanos.org.br\/noticias\/wp-json\/wp\/v2\/posts\/117110\/revisions"}],"wp:featuredmedia":[{"embeddable":true,"href":"https:\/\/franciscanos.org.br\/noticias\/wp-json\/wp\/v2\/media\/207139"}],"wp:attachment":[{"href":"https:\/\/franciscanos.org.br\/noticias\/wp-json\/wp\/v2\/media?parent=117110"}],"wp:term":[{"taxonomy":"category","embeddable":true,"href":"https:\/\/franciscanos.org.br\/noticias\/wp-json\/wp\/v2\/categories?post=117110"},{"taxonomy":"post_tag","embeddable":true,"href":"https:\/\/franciscanos.org.br\/noticias\/wp-json\/wp\/v2\/tags?post=117110"}],"curies":[{"name":"wp","href":"https:\/\/api.w.org\/{rel}","templated":true}]}}