{"id":117065,"date":"2016-09-18T17:35:59","date_gmt":"2016-09-18T20:35:59","guid":{"rendered":"http:\/\/franciscanos.org.br\/?p=117065"},"modified":"2020-06-09T15:21:39","modified_gmt":"2020-06-09T18:21:39","slug":"corrupcao-vicia-gera-pobreza-exploracao-e-sofrimento","status":"publish","type":"post","link":"https:\/\/franciscanos.org.br\/noticias\/corrupcao-vicia-gera-pobreza-exploracao-e-sofrimento.html","title":{"rendered":"Corrup\u00e7\u00e3o vicia; gera pobreza, explora\u00e7\u00e3o e sofrimento"},"content":{"rendered":"<p><img loading=\"lazy\" src=\"http:\/\/franciscanos.org.br\/wp-content\/uploads\/2016\/09\/angelus_190916g.jpg\" alt=\"angelus_190916g\" width=\"830\" height=\"359\" \/><\/p>\n<p><strong>Cidade do Vaticano<\/strong> &#8211; A reflex\u00e3o do Papa no Angelus deste domingo (18\/09) teve como inspira\u00e7\u00e3o a liturgia do dia. Francisco falou aos milhares de fi\u00e9is presentes na Pra\u00e7a S\u00e3o Pedro sobre a diferen\u00e7a entre a &#8220;ast\u00facia mundana&#8221; e a &#8220;ast\u00facia crist\u00e3&#8221;.<\/p>\n<p>\u201cA mundanidade se manifesta com comportamentos de corrup\u00e7\u00e3o, de engano, de opress\u00e3o, e constitui a estrada mais errante, a estrada do pecado, mesmo se \u00e9 aquela mais c\u00f4moda de ser percorrida. O esp\u00edrito do Evangelho, ao contr\u00e1rio, requer um estilo de vida s\u00e9rio e compromissado, marcado pela honestidade, correto, no respeito aos outros e de sua dignidade, com senso de dever. Esta \u00e9 a ast\u00facia crist\u00e3!\u201d, esclareceu o Papa.<\/p>\n<p><strong>Escolha justa<\/strong><\/p>\n<p>Francisco afirmou que o \u201cpercurso da vida comporta uma escolha entre duas estradas\u201d opostas.<\/p>\n<p>\u201cN\u00e3o se pode oscilar entre uma e outra, porque se movem sobre l\u00f3gicas diferentes e contrastantes. \u00c9 importante decidir qual dire\u00e7\u00e3o tomar e, a seguir, escolhida aquela justa, caminhar com impulso e determina\u00e7\u00e3o, confiando na gra\u00e7a do Senhor e no apoio de seu Esp\u00edrito\u201d, disse.<\/p>\n<p><strong>\u00danico patr\u00e3o<\/strong><\/p>\n<p>Jesus \u2013 prosseguiu o Papa \u2013 \u201choje nos exorta a fazer uma escolha clara entre Ele e o esp\u00edrito do mundo, entre a l\u00f3gica da corrup\u00e7\u00e3o e da cobi\u00e7a, entre aquela da retid\u00e3o e da partilha\u201d.<\/p>\n<p>\u201cAlguns se comportam com a corrup\u00e7\u00e3o como com as drogas: pensa que pode us\u00e1-la e parar quando quiser. Por\u00e9m, a corrup\u00e7\u00e3o vicia e gera pobreza, explora\u00e7\u00e3o e sofrimento.<\/p>\n<p>E quantas v\u00edtimas existem hoje no mundo, desta corrup\u00e7\u00e3o difusa. Quando, ao contr\u00e1rio, procuramos seguir a l\u00f3gica evang\u00e9lica da integridade (&#8230;) servimos ao patr\u00e3o justo: Deus\u201d.<\/p>\n<p>Ao saudar os presentes na Pra\u00e7a S\u00e3o Pedro, Francisco recordou que visitar\u00e1 Assis na pr\u00f3xima ter\u00e7a-feira por ocasi\u00e3o do Dia de Ora\u00e7\u00e3o pela Paz e convidou todos a rezarem pela paz.<\/p>\n<p><em>Confira na \u00edntegra:<\/em><\/p>\n<p>Caros irm\u00e3os e irm\u00e3s, bom dia!<\/p>\n<p>Hoje Jesus nos leva a refletir sobre dois estilos de vida contrastantes: aquele mundano e aquele do Evangelho. E o faz por meio da par\u00e1bola do administrador infiel e corrupto, que \u00e9 louvado por Jesus apesar de sua desonestidade.<\/p>\n<p>\u00c9 preciso esclarecer imediatamente que este administrador n\u00e3o \u00e9 apresentado como um modelo a ser seguido, mas como exemplo de dissimula\u00e7\u00e3o. Este homem \u00e9 acusado de m\u00e1 administra\u00e7\u00e3o dos neg\u00f3cios de seu patr\u00e3o e, antes de ser afastado, procura com ast\u00facia conquistar a confian\u00e7a dos devedores, tomando parte dos d\u00e9bitos para assegurar seu futuro. Comentando este comportamento, Jesus observa: \u201cOs filhos deste mundo, de fato, para com os seu semelhantes s\u00e3o mais astutos que os filhos da luz\u201d.<\/p>\n<p>A esta ast\u00facia mundana somos chamados a responder com a ast\u00facia crist\u00e3, que \u00e9 o dom do Esp\u00edrito Santo. Trata-se de se afastar do esp\u00edrito e dos valores do mundo, que s\u00e3o t\u00e3o apreciados pelo dem\u00f4nio, para viver de acordo com o Evangelho. A mundanidade se manifesta com comportamentos de corrup\u00e7\u00e3o, de engano, de opress\u00e3o, e constitui a estrada mais errante, a estrada do pecado, mesmo se \u00e9 aquela mais c\u00f4moda de ser percorrida. O esp\u00edrito do Evangelho, ao contr\u00e1rio, requer um estilo de vida s\u00e9rio e compromissado, marcado pela honestidade, correto, no respeito aos outros e de sua dignidade, com senso de dever. Esta \u00e9 a ast\u00facia crist\u00e3!<\/p>\n<p>O percurso da vida comporta uma escolha entre duas estradas: entre honestidade e desonestidade, entre fidelidade e infidelidades, entre ego\u00edsmo e altru\u00edsmo, entre o bem e o mal. N\u00e3o se pode oscilar entre uma e outra, porque se movem sobre l\u00f3gicas diferentes e contrastantes. \u00c9 importante decidir qual dire\u00e7\u00e3o tomar e, a seguir, escolhida aquela justa, caminhar com impulso e determina\u00e7\u00e3o, confiando na gra\u00e7a do Senhor e no apoio de seu Esp\u00edrito. Forte e categ\u00f3rica \u00e9 a conclus\u00e3o do trecho do Evangelho: \u201cNenhum servo pode servir a dois patr\u00f5es, porque ou odiar\u00e1 um e amar\u00e1 o outro, o mesmo se afei\u00e7oar\u00e1 a um e desprezar\u00e1 o outro\u201d.<\/p>\n<p>Jesus hoje nos exorta a fazer uma escolha clara entre Ele e o esp\u00edrito do mundo, entre a l\u00f3gica da corrup\u00e7\u00e3o e da cobi\u00e7a, entre aquela da retid\u00e3o e da partilha.<\/p>\n<p>Alguns se comportam com a corrup\u00e7\u00e3o como com as drogas: pensa que pode us\u00e1-la e parar quando quiser. Por\u00e9m, a corrup\u00e7\u00e3o vicia e gera pobreza, explora\u00e7\u00e3o e sofrimento. Quando, ao contr\u00e1rio, procuramos seguir a l\u00f3gica evang\u00e9lica da integridade, da pureza nas inten\u00e7\u00f5es e nos comportamentos, da fraternidade, nos transformamos em artes\u00e3os de justi\u00e7a e abrimos horizontes de esperan\u00e7a para a humanidade. Na gratuidade e na doa\u00e7\u00e3o de n\u00f3s mesmos aos irm\u00e3os, servimos ao patr\u00e3o justo: Deus.<\/p>\n<p>Que Nossa Senhora nos ajude a escolher em todas as ocasi\u00f5es e a todo custo a estrada justa, encontrando tamb\u00e9m a coragem de ir contracorrente para seguir Jesus e seu Evangelho.<\/p>\n<p><em>Fonte: R\u00e1dio Vaticano<\/em><\/p>\n","protected":false},"excerpt":{"rendered":"<p>Angelus<\/p>\n","protected":false},"author":1,"featured_media":218782,"comment_status":"open","ping_status":"open","sticky":false,"template":"","format":"standard","meta":[],"categories":[1428],"tags":[403],"acf":[],"yoast_head":"<!-- This site is optimized with the Yoast SEO plugin v19.2 - https:\/\/yoast.com\/wordpress\/plugins\/seo\/ -->\n<title>Corrup\u00e7\u00e3o vicia; gera pobreza, explora\u00e7\u00e3o e sofrimento - Not\u00edcias - Franciscanos<\/title>\n<meta name=\"robots\" content=\"index, follow, max-snippet:-1, max-image-preview:large, max-video-preview:-1\" \/>\n<link rel=\"canonical\" href=\"https:\/\/franciscanos.org.br\/noticias\/corrupcao-vicia-gera-pobreza-exploracao-e-sofrimento.html\" \/>\n<meta property=\"og:locale\" content=\"pt_BR\" \/>\n<meta property=\"og:type\" content=\"article\" \/>\n<meta property=\"og:title\" content=\"Corrup\u00e7\u00e3o vicia; gera pobreza, explora\u00e7\u00e3o e sofrimento - Not\u00edcias - Franciscanos\" \/>\n<meta property=\"og:description\" content=\"Angelus\" \/>\n<meta property=\"og:url\" content=\"https:\/\/franciscanos.org.br\/noticias\/corrupcao-vicia-gera-pobreza-exploracao-e-sofrimento.html\" \/>\n<meta property=\"og:site_name\" content=\"Not\u00edcias - Franciscanos\" \/>\n<meta property=\"article:published_time\" content=\"2016-09-18T20:35:59+00:00\" \/>\n<meta property=\"article:modified_time\" content=\"2020-06-09T18:21:39+00:00\" \/>\n<meta property=\"og:image\" content=\"https:\/\/franciscanos.org.br\/noticias\/wp-content\/uploads\/2016\/09\/angelus_190916g.jpg\" \/>\n\t<meta property=\"og:image:width\" content=\"273\" \/>\n\t<meta property=\"og:image:height\" content=\"181\" \/>\n\t<meta property=\"og:image:type\" content=\"image\/jpeg\" \/>\n<meta name=\"author\" content=\"admin\" \/>\n<meta name=\"twitter:card\" content=\"summary_large_image\" \/>\n<meta name=\"twitter:label1\" content=\"Escrito por\" \/>\n\t<meta name=\"twitter:data1\" content=\"admin\" \/>\n\t<meta name=\"twitter:label2\" content=\"Est. tempo de leitura\" \/>\n\t<meta name=\"twitter:data2\" content=\"4 minutos\" \/>\n<script type=\"application\/ld+json\" class=\"yoast-schema-graph\">{\"@context\":\"https:\/\/schema.org\",\"@graph\":[{\"@type\":\"WebSite\",\"@id\":\"https:\/\/franciscanos.org.br\/noticias\/#website\",\"url\":\"https:\/\/franciscanos.org.br\/noticias\/\",\"name\":\"Not\u00edcias - Franciscanos\",\"description\":\"Prov\u00edncia Franciscana da Imaculada Concei\u00e7\u00e3o do Brasil - Ordem dos Frades Menores - OFM\",\"potentialAction\":[{\"@type\":\"SearchAction\",\"target\":{\"@type\":\"EntryPoint\",\"urlTemplate\":\"https:\/\/franciscanos.org.br\/noticias\/?s={search_term_string}\"},\"query-input\":\"required name=search_term_string\"}],\"inLanguage\":\"pt-BR\"},{\"@type\":\"ImageObject\",\"inLanguage\":\"pt-BR\",\"@id\":\"https:\/\/franciscanos.org.br\/noticias\/corrupcao-vicia-gera-pobreza-exploracao-e-sofrimento.html#primaryimage\",\"url\":\"https:\/\/franciscanos.org.br\/noticias\/wp-content\/uploads\/2016\/09\/angelus_190916g.jpg\",\"contentUrl\":\"https:\/\/franciscanos.org.br\/noticias\/wp-content\/uploads\/2016\/09\/angelus_190916g.jpg\",\"width\":273,\"height\":181},{\"@type\":\"WebPage\",\"@id\":\"https:\/\/franciscanos.org.br\/noticias\/corrupcao-vicia-gera-pobreza-exploracao-e-sofrimento.html#webpage\",\"url\":\"https:\/\/franciscanos.org.br\/noticias\/corrupcao-vicia-gera-pobreza-exploracao-e-sofrimento.html\",\"name\":\"Corrup\u00e7\u00e3o vicia; gera pobreza, explora\u00e7\u00e3o e sofrimento - Not\u00edcias - Franciscanos\",\"isPartOf\":{\"@id\":\"https:\/\/franciscanos.org.br\/noticias\/#website\"},\"primaryImageOfPage\":{\"@id\":\"https:\/\/franciscanos.org.br\/noticias\/corrupcao-vicia-gera-pobreza-exploracao-e-sofrimento.html#primaryimage\"},\"datePublished\":\"2016-09-18T20:35:59+00:00\",\"dateModified\":\"2020-06-09T18:21:39+00:00\",\"author\":{\"@id\":\"https:\/\/franciscanos.org.br\/noticias\/#\/schema\/person\/b38fbf43118f02820bd932f2e4b14ad3\"},\"breadcrumb\":{\"@id\":\"https:\/\/franciscanos.org.br\/noticias\/corrupcao-vicia-gera-pobreza-exploracao-e-sofrimento.html#breadcrumb\"},\"inLanguage\":\"pt-BR\",\"potentialAction\":[{\"@type\":\"ReadAction\",\"target\":[\"https:\/\/franciscanos.org.br\/noticias\/corrupcao-vicia-gera-pobreza-exploracao-e-sofrimento.html\"]}]},{\"@type\":\"BreadcrumbList\",\"@id\":\"https:\/\/franciscanos.org.br\/noticias\/corrupcao-vicia-gera-pobreza-exploracao-e-sofrimento.html#breadcrumb\",\"itemListElement\":[{\"@type\":\"ListItem\",\"position\":1,\"name\":\"Home\",\"item\":\"https:\/\/franciscanos.org.br\/noticias\"},{\"@type\":\"ListItem\",\"position\":2,\"name\":\"Corrup\u00e7\u00e3o vicia; gera pobreza, explora\u00e7\u00e3o e sofrimento\"}]},{\"@type\":\"Person\",\"@id\":\"https:\/\/franciscanos.org.br\/noticias\/#\/schema\/person\/b38fbf43118f02820bd932f2e4b14ad3\",\"name\":\"admin\",\"image\":{\"@type\":\"ImageObject\",\"inLanguage\":\"pt-BR\",\"@id\":\"https:\/\/franciscanos.org.br\/noticias\/#\/schema\/person\/image\/\",\"url\":\"https:\/\/secure.gravatar.com\/avatar\/e8495742d34d0ba6448ea1c628263b3e?s=96&d=mm&r=g\",\"contentUrl\":\"https:\/\/secure.gravatar.com\/avatar\/e8495742d34d0ba6448ea1c628263b3e?s=96&d=mm&r=g\",\"caption\":\"admin\"},\"url\":\"https:\/\/franciscanos.org.br\/noticias\/author\/admin\"}]}<\/script>\n<!-- \/ Yoast SEO plugin. -->","yoast_head_json":{"title":"Corrup\u00e7\u00e3o vicia; gera pobreza, explora\u00e7\u00e3o e sofrimento - Not\u00edcias - Franciscanos","robots":{"index":"index","follow":"follow","max-snippet":"max-snippet:-1","max-image-preview":"max-image-preview:large","max-video-preview":"max-video-preview:-1"},"canonical":"https:\/\/franciscanos.org.br\/noticias\/corrupcao-vicia-gera-pobreza-exploracao-e-sofrimento.html","og_locale":"pt_BR","og_type":"article","og_title":"Corrup\u00e7\u00e3o vicia; gera pobreza, explora\u00e7\u00e3o e sofrimento - Not\u00edcias - Franciscanos","og_description":"Angelus","og_url":"https:\/\/franciscanos.org.br\/noticias\/corrupcao-vicia-gera-pobreza-exploracao-e-sofrimento.html","og_site_name":"Not\u00edcias - Franciscanos","article_published_time":"2016-09-18T20:35:59+00:00","article_modified_time":"2020-06-09T18:21:39+00:00","og_image":[{"width":273,"height":181,"url":"https:\/\/franciscanos.org.br\/noticias\/wp-content\/uploads\/2016\/09\/angelus_190916g.jpg","type":"image\/jpeg"}],"author":"admin","twitter_card":"summary_large_image","twitter_misc":{"Escrito por":"admin","Est. tempo de leitura":"4 minutos"},"schema":{"@context":"https:\/\/schema.org","@graph":[{"@type":"WebSite","@id":"https:\/\/franciscanos.org.br\/noticias\/#website","url":"https:\/\/franciscanos.org.br\/noticias\/","name":"Not\u00edcias - Franciscanos","description":"Prov\u00edncia Franciscana da Imaculada Concei\u00e7\u00e3o do Brasil - Ordem dos Frades Menores - OFM","potentialAction":[{"@type":"SearchAction","target":{"@type":"EntryPoint","urlTemplate":"https:\/\/franciscanos.org.br\/noticias\/?s={search_term_string}"},"query-input":"required name=search_term_string"}],"inLanguage":"pt-BR"},{"@type":"ImageObject","inLanguage":"pt-BR","@id":"https:\/\/franciscanos.org.br\/noticias\/corrupcao-vicia-gera-pobreza-exploracao-e-sofrimento.html#primaryimage","url":"https:\/\/franciscanos.org.br\/noticias\/wp-content\/uploads\/2016\/09\/angelus_190916g.jpg","contentUrl":"https:\/\/franciscanos.org.br\/noticias\/wp-content\/uploads\/2016\/09\/angelus_190916g.jpg","width":273,"height":181},{"@type":"WebPage","@id":"https:\/\/franciscanos.org.br\/noticias\/corrupcao-vicia-gera-pobreza-exploracao-e-sofrimento.html#webpage","url":"https:\/\/franciscanos.org.br\/noticias\/corrupcao-vicia-gera-pobreza-exploracao-e-sofrimento.html","name":"Corrup\u00e7\u00e3o vicia; gera pobreza, explora\u00e7\u00e3o e sofrimento - Not\u00edcias - Franciscanos","isPartOf":{"@id":"https:\/\/franciscanos.org.br\/noticias\/#website"},"primaryImageOfPage":{"@id":"https:\/\/franciscanos.org.br\/noticias\/corrupcao-vicia-gera-pobreza-exploracao-e-sofrimento.html#primaryimage"},"datePublished":"2016-09-18T20:35:59+00:00","dateModified":"2020-06-09T18:21:39+00:00","author":{"@id":"https:\/\/franciscanos.org.br\/noticias\/#\/schema\/person\/b38fbf43118f02820bd932f2e4b14ad3"},"breadcrumb":{"@id":"https:\/\/franciscanos.org.br\/noticias\/corrupcao-vicia-gera-pobreza-exploracao-e-sofrimento.html#breadcrumb"},"inLanguage":"pt-BR","potentialAction":[{"@type":"ReadAction","target":["https:\/\/franciscanos.org.br\/noticias\/corrupcao-vicia-gera-pobreza-exploracao-e-sofrimento.html"]}]},{"@type":"BreadcrumbList","@id":"https:\/\/franciscanos.org.br\/noticias\/corrupcao-vicia-gera-pobreza-exploracao-e-sofrimento.html#breadcrumb","itemListElement":[{"@type":"ListItem","position":1,"name":"Home","item":"https:\/\/franciscanos.org.br\/noticias"},{"@type":"ListItem","position":2,"name":"Corrup\u00e7\u00e3o vicia; gera pobreza, explora\u00e7\u00e3o e sofrimento"}]},{"@type":"Person","@id":"https:\/\/franciscanos.org.br\/noticias\/#\/schema\/person\/b38fbf43118f02820bd932f2e4b14ad3","name":"admin","image":{"@type":"ImageObject","inLanguage":"pt-BR","@id":"https:\/\/franciscanos.org.br\/noticias\/#\/schema\/person\/image\/","url":"https:\/\/secure.gravatar.com\/avatar\/e8495742d34d0ba6448ea1c628263b3e?s=96&d=mm&r=g","contentUrl":"https:\/\/secure.gravatar.com\/avatar\/e8495742d34d0ba6448ea1c628263b3e?s=96&d=mm&r=g","caption":"admin"},"url":"https:\/\/franciscanos.org.br\/noticias\/author\/admin"}]}},"_links":{"self":[{"href":"https:\/\/franciscanos.org.br\/noticias\/wp-json\/wp\/v2\/posts\/117065"}],"collection":[{"href":"https:\/\/franciscanos.org.br\/noticias\/wp-json\/wp\/v2\/posts"}],"about":[{"href":"https:\/\/franciscanos.org.br\/noticias\/wp-json\/wp\/v2\/types\/post"}],"author":[{"embeddable":true,"href":"https:\/\/franciscanos.org.br\/noticias\/wp-json\/wp\/v2\/users\/1"}],"replies":[{"embeddable":true,"href":"https:\/\/franciscanos.org.br\/noticias\/wp-json\/wp\/v2\/comments?post=117065"}],"version-history":[{"count":3,"href":"https:\/\/franciscanos.org.br\/noticias\/wp-json\/wp\/v2\/posts\/117065\/revisions"}],"predecessor-version":[{"id":225613,"href":"https:\/\/franciscanos.org.br\/noticias\/wp-json\/wp\/v2\/posts\/117065\/revisions\/225613"}],"wp:featuredmedia":[{"embeddable":true,"href":"https:\/\/franciscanos.org.br\/noticias\/wp-json\/wp\/v2\/media\/218782"}],"wp:attachment":[{"href":"https:\/\/franciscanos.org.br\/noticias\/wp-json\/wp\/v2\/media?parent=117065"}],"wp:term":[{"taxonomy":"category","embeddable":true,"href":"https:\/\/franciscanos.org.br\/noticias\/wp-json\/wp\/v2\/categories?post=117065"},{"taxonomy":"post_tag","embeddable":true,"href":"https:\/\/franciscanos.org.br\/noticias\/wp-json\/wp\/v2\/tags?post=117065"}],"curies":[{"name":"wp","href":"https:\/\/api.w.org\/{rel}","templated":true}]}}