{"id":11703,"date":"2012-02-11T23:56:29","date_gmt":"2012-02-12T01:56:29","guid":{"rendered":"http:\/\/new.franciscanos.org.br\/?p=11703"},"modified":"2023-01-09T10:53:35","modified_gmt":"2023-01-09T13:53:35","slug":"frei-diego-seja-um-sacerdote-eucaristico","status":"publish","type":"post","link":"https:\/\/franciscanos.org.br\/noticias\/frei-diego-seja-um-sacerdote-eucaristico.html","title":{"rendered":"&#8220;Frei Diego, seja um sacerdote eucar\u00edstico!&#8221;"},"content":{"rendered":"<p><img loading=\"lazy\" class=\"alignnone size-full wp-image-199069\" src=\"https:\/\/franciscanos.org.br\/noticias\/wp-content\/uploads\/2012\/02\/abre_g11.jpg\" alt=\"\" width=\"830\" height=\"467\" srcset=\"https:\/\/franciscanos.org.br\/noticias\/wp-content\/uploads\/2012\/02\/abre_g11.jpg 830w, https:\/\/franciscanos.org.br\/noticias\/wp-content\/uploads\/2012\/02\/abre_g11-450x253.jpg 450w, https:\/\/franciscanos.org.br\/noticias\/wp-content\/uploads\/2012\/02\/abre_g11-768x432.jpg 768w, https:\/\/franciscanos.org.br\/noticias\/wp-content\/uploads\/2012\/02\/abre_g11-150x84.jpg 150w\" sizes=\"(max-width: 830px) 100vw, 830px\" \/><\/p>\n<p><strong>Por Moacir Beggo<\/strong><\/p>\n<p><strong>Lages (SC)<\/strong> &#8211; O gin\u00e1sio de esportes do Col\u00e9gio Santa Rosa, em Lages (SC), cedeu seu espa\u00e7o neste s\u00e1bado (11\/02) para registrar na sua hist\u00f3ria um dos momentos mais belos e intensos da liturgia cat\u00f3lica: a ordena\u00e7\u00e3o presbiteral. No altar montado no centro da quadra, com o Crucifixo no alto e a imagem de S\u00e3o Francisco no lado direito, o bispo de Lages, Dom Irineu Andreassa, OFM, imp\u00f4s as m\u00e3os sobre a cabe\u00e7a de Frei Diego Atalino de Melo para receber o Sacramento da Ordem.<\/p>\n<p><img loading=\"lazy\" class=\"alignright size-full wp-image-199070\" src=\"https:\/\/franciscanos.org.br\/noticias\/wp-content\/uploads\/2012\/02\/02.jpg\" alt=\"\" width=\"600\" height=\"338\" srcset=\"https:\/\/franciscanos.org.br\/noticias\/wp-content\/uploads\/2012\/02\/02.jpg 600w, https:\/\/franciscanos.org.br\/noticias\/wp-content\/uploads\/2012\/02\/02-450x254.jpg 450w, https:\/\/franciscanos.org.br\/noticias\/wp-content\/uploads\/2012\/02\/02-150x85.jpg 150w\" sizes=\"(max-width: 600px) 100vw, 600px\" \/>Tudo colaborou para que Frei Diego tivesse uma bonita festa: Um lindo dia de sol, o local da celebra\u00e7\u00e3o ao lado da Fraternidade S\u00e3o Jos\u00e9, ou do &#8220;Conventinho&#8221;, como \u00e9 mais conhecida esta casa da Prov\u00edncia da Imaculada Concei\u00e7\u00e3o, a cuidadosa prepara\u00e7\u00e3o da quadra e da liturgia para que a celebra\u00e7\u00e3o flu\u00edsse com leveza e f\u00e9. E um toque bem franciscano: al\u00e9m do bispo, um grande n\u00famero de confrades de Frei Diego esteve presente, assim como sacerdotes da Diocese.<\/p>\n<p>O povo de Lages participou com entusiasmo deste momento e, como acontece em todas as ordena\u00e7\u00f5es presbiterais da Prov\u00edncia, um grupo fiel da Baixada Fluminense mais uma vez n\u00e3o economizou esfor\u00e7os para estar com o frade que conheceu devido \u00e0s atividades pastorais nesta regi\u00e3o do Rio de Janeiro.<\/p>\n<p>Dom Irineu teve como concelebrantes o Ministro Provincial, Frei Fid\u00eancio Vanboemmel, e o p\u00e1roco da Par\u00f3quia Nossa Senhora Aparecida, Frei Gentil Branco.<\/p>\n<p><img loading=\"lazy\" class=\"alignleft wp-image-199071 size-full\" src=\"https:\/\/franciscanos.org.br\/noticias\/wp-content\/uploads\/2012\/02\/15-2.jpg\" alt=\"\" width=\"600\" height=\"338\" srcset=\"https:\/\/franciscanos.org.br\/noticias\/wp-content\/uploads\/2012\/02\/15-2.jpg 600w, https:\/\/franciscanos.org.br\/noticias\/wp-content\/uploads\/2012\/02\/15-2-450x254.jpg 450w, https:\/\/franciscanos.org.br\/noticias\/wp-content\/uploads\/2012\/02\/15-2-150x85.jpg 150w\" sizes=\"(max-width: 600px) 100vw, 600px\" \/>Depois de tr\u00eas horas de celebra\u00e7\u00e3o, Frei Diego poder\u00e1 levar para o seu minist\u00e9rio uma recomenda\u00e7\u00e3o que o bispo franciscano repetiu com insist\u00eancia: &#8220;Frei Diego, seja um sacerdote eucar\u00edstico&#8221;!<\/p>\n<p>&#8220;Nos teus l\u00e1bios as palavras de Jesus ser\u00e3o n\u00e3o s\u00f3 ditas, mas realizadas: &#8216;Tomai todos e comei: isto \u00e9 o meu corpo&#8217;, &#8216;tomai todos e bebei, isto \u00e9 o meu sangue'&#8221;, disse, pedindo a Frei Diego que lembre sempre que a eucaristia faz a Igreja e &#8220;que a Igreja faz a Eucaristia&#8221;.<\/p>\n<p>Dom Irineu tamb\u00e9m fez uma reflex\u00e3o sobre o lema que Frei Diego escolheu para a sua ordena\u00e7\u00e3o: &#8220;N\u00e3o fostes v\u00f3s que me escolhestes, mas fui eu que vos escolhi&#8221;, referindo-se ao espanto do profeta Jeremias ao ser escolhido pelo Senhor. Segundo o bispo, ele n\u00e3o sabia falar, era muito jovem, e tinha medo de assumir t\u00e3o grande miss\u00e3o. &#8220;Hoje, Frei Diego, o Senhor o escolhe com tuas limita\u00e7\u00f5es, fragilidades e medos. Ao mesmo tempo uma certeza \u00e9 confortadora: foi o Senhor que te chamou. Ele que te escolheu, te separou e te ama e estar\u00e1 contigo em todos os momentos do teu minist\u00e9rio. Ele \u00e9 que estende as m\u00e3os sobre ti e por isso, tua miss\u00e3o ser\u00e1 a de retribuir esta confian\u00e7a. N\u00e3o tenhas medo de viver o sacerd\u00f3cio&#8221;, confortou-o.<\/p>\n<p>E concluiu o bispo: &#8220;Desempenha, portanto, com verdadeira caridade e cont\u00ednua alegria, a miss\u00e3o do Cristo sacerdote, procurando n\u00e3o o que \u00e9 teu, mas o que \u00e9 de Cristo&#8221;.<\/p>\n<p><strong><img loading=\"lazy\" class=\"alignright size-full wp-image-199073\" src=\"https:\/\/franciscanos.org.br\/noticias\/wp-content\/uploads\/2012\/02\/25.jpg\" alt=\"\" width=\"600\" height=\"338\" srcset=\"https:\/\/franciscanos.org.br\/noticias\/wp-content\/uploads\/2012\/02\/25.jpg 600w, https:\/\/franciscanos.org.br\/noticias\/wp-content\/uploads\/2012\/02\/25-450x254.jpg 450w, https:\/\/franciscanos.org.br\/noticias\/wp-content\/uploads\/2012\/02\/25-150x85.jpg 150w\" sizes=\"(max-width: 600px) 100vw, 600px\" \/>Rito da ordena\u00e7\u00e3o presbiteral<\/strong><\/p>\n<p>Frei Pedro da Silva, animador \u00a0do Servi\u00e7o Vocacional da Prov\u00edncia (SAV), \u00a0passou a explicar liturgicamente, ap\u00f3s a homilia, todos os passos do rito da ordena\u00e7\u00e3o presbiteral, desde o momento em que Frei Diego foi chamado para perto do bispo e foi feita a apresenta\u00e7\u00e3o do candidato. O paroquiano Ant\u00f4nio, de Nil\u00f3polis, foi convidado pelo Ministro Provincial para falar ao bispo por que Frei Diego era digno do minist\u00e9rio presbiteral. Com a aceita\u00e7\u00e3o do bispo e o prop\u00f3sito do eleito, teve in\u00edcio a Ladainha de Todos os Santos, quando Frei Diego se prostrou ao ch\u00e3o, enquanto o povo pedia a intercess\u00e3o de todos os santos.<\/p>\n<p>Na sequ\u00eancia, pela imposi\u00e7\u00e3o das m\u00e3os de Dom Irineu e de todos os presb\u00edteros na celebra\u00e7\u00e3o, Frei Diego recebeu o Sacramento da Ordem. Esse momento terminou com a ora\u00e7\u00e3o Consecrat\u00f3ria. Em seguida, Frei Vilmar Alves da Silva e Frei Jos\u00e9 Lino L\u00fcckmann ajudaram a Frei Diego na investidura das vestes lit\u00fargicas: casula e estola.<\/p>\n<p>J\u00e1 como novo presb\u00edtero, Frei Diego teve as m\u00e3os ungidas com o \u00f3leo do Santo Crisma. Na sequ\u00eancia, suas m\u00e3os foram amarradas pelo bispo e desamarradas pelos pais, Roseli e Alfredo, significando que agora suas m\u00e3os est\u00e3o a servi\u00e7o do povo de Deus. Com as m\u00e3os livres, Frei Diego deu a sua primeira b\u00ean\u00e7\u00e3o aos pais.<\/p>\n<p>J\u00e1 no fim do rito, o ordenando recebeu, de joelhos, a patena com o p\u00e3o e o c\u00e1lice com o vinho e a \u00e1gua. A celebra\u00e7\u00e3o eucar\u00edstica continuou e terminou com a b\u00ean\u00e7\u00e3o do novo presb\u00edtero para toda a assembleia.<\/p>\n<p><strong><img loading=\"lazy\" class=\"alignleft size-full wp-image-199074\" src=\"https:\/\/franciscanos.org.br\/noticias\/wp-content\/uploads\/2012\/02\/28-1.jpg\" alt=\"\" width=\"600\" height=\"338\" srcset=\"https:\/\/franciscanos.org.br\/noticias\/wp-content\/uploads\/2012\/02\/28-1.jpg 600w, https:\/\/franciscanos.org.br\/noticias\/wp-content\/uploads\/2012\/02\/28-1-450x254.jpg 450w, https:\/\/franciscanos.org.br\/noticias\/wp-content\/uploads\/2012\/02\/28-1-150x85.jpg 150w\" sizes=\"(max-width: 600px) 100vw, 600px\" \/>Agradecimentos<\/strong><\/p>\n<p>O Ministro Provincial Frei Fid\u00eancio Vanboemmel agradeceu a Dom Irineu pela presid\u00eancia da celebra\u00e7\u00e3o, a fraternidade S\u00e3o Jos\u00e9, o povo de Lages e de outros estados e os confrades da Prov\u00edncia, sacerdotes da Diocese e religiosas (os) pela participa\u00e7\u00e3o. Reservou um agradecimento especial \u00e0 fam\u00edlia de Frei Diego e falou diretamente para o novo presb\u00edtero citando uma frase de S\u00e3o Francisco:\u00a0 &#8220;Considerai vossa dignidade, irm\u00e3os sacerdotes! Sede santos porque o Senhor \u00e9 santo&#8221;.<\/p>\n<p>Frei Jos\u00e9 Lino L\u00fcckman, guardi\u00e3o do Convento S\u00e3o Jos\u00e9, trouxe para o novo presb\u00edtero uma mensagem das Clarissas, que segundo Frei Diego tiveram um papel importante na sua voca\u00e7\u00e3o.<\/p>\n<p>Por fim, Frei Diego fez os seus agradecimentos e se emocionou muito quando falou diretamente para a sua fam\u00edlia: &#8220;Um dos maiores tesouros que eu poderia ter: pai, m\u00e3e, Tiago e Cinthia. Muito obrigado pelo que representam para mim. Obrigado pelas vezes que voc\u00eas sofreram e se privaram de tantas coisas por mim&#8221;, completou.<\/p>\n<p>Frei Diego celebra neste domingo, \u00e0s 9 horas, na Comunidade S\u00e3o Miguel, a sua Primeira Missa.<\/p>\n<p>&nbsp;<\/p>\n","protected":false},"excerpt":{"rendered":"<p>Ordena\u00e7\u00e3o presbiteral de Frei Diego A. Melo<\/p>\n","protected":false},"author":1,"featured_media":200131,"comment_status":"closed","ping_status":"open","sticky":false,"template":"","format":"standard","meta":[],"categories":[1],"tags":[1330,166,157],"acf":[],"yoast_head":"<!-- This site is optimized with the Yoast SEO plugin v19.2 - https:\/\/yoast.com\/wordpress\/plugins\/seo\/ -->\n<title>&quot;Frei Diego, seja um sacerdote eucar\u00edstico!&quot; - Not\u00edcias - Franciscanos<\/title>\n<meta name=\"robots\" content=\"index, follow, max-snippet:-1, max-image-preview:large, max-video-preview:-1\" \/>\n<link rel=\"canonical\" href=\"https:\/\/franciscanos.org.br\/noticias\/frei-diego-seja-um-sacerdote-eucaristico.html\" \/>\n<meta property=\"og:locale\" content=\"pt_BR\" \/>\n<meta property=\"og:type\" content=\"article\" \/>\n<meta property=\"og:title\" content=\"&quot;Frei Diego, seja um sacerdote eucar\u00edstico!&quot; - Not\u00edcias - Franciscanos\" \/>\n<meta property=\"og:description\" content=\"Ordena\u00e7\u00e3o presbiteral de Frei Diego A. Melo\" \/>\n<meta property=\"og:url\" content=\"https:\/\/franciscanos.org.br\/noticias\/frei-diego-seja-um-sacerdote-eucaristico.html\" \/>\n<meta property=\"og:site_name\" content=\"Not\u00edcias - Franciscanos\" \/>\n<meta property=\"article:published_time\" content=\"2012-02-12T01:56:29+00:00\" \/>\n<meta property=\"article:modified_time\" content=\"2023-01-09T13:53:35+00:00\" \/>\n<meta property=\"og:image\" content=\"https:\/\/franciscanos.org.br\/noticias\/wp-content\/uploads\/2012\/02\/abre_g11-1.jpg\" \/>\n\t<meta property=\"og:image:width\" content=\"273\" \/>\n\t<meta property=\"og:image:height\" content=\"181\" \/>\n\t<meta property=\"og:image:type\" content=\"image\/jpeg\" \/>\n<meta name=\"author\" content=\"admin\" \/>\n<meta name=\"twitter:card\" content=\"summary_large_image\" \/>\n<meta name=\"twitter:label1\" content=\"Escrito por\" \/>\n\t<meta name=\"twitter:data1\" content=\"admin\" \/>\n\t<meta name=\"twitter:label2\" content=\"Est. tempo de leitura\" \/>\n\t<meta name=\"twitter:data2\" content=\"5 minutos\" \/>\n<script type=\"application\/ld+json\" class=\"yoast-schema-graph\">{\"@context\":\"https:\/\/schema.org\",\"@graph\":[{\"@type\":\"WebSite\",\"@id\":\"https:\/\/franciscanos.org.br\/noticias\/#website\",\"url\":\"https:\/\/franciscanos.org.br\/noticias\/\",\"name\":\"Not\u00edcias - Franciscanos\",\"description\":\"Prov\u00edncia Franciscana da Imaculada Concei\u00e7\u00e3o do Brasil - Ordem dos Frades Menores - OFM\",\"potentialAction\":[{\"@type\":\"SearchAction\",\"target\":{\"@type\":\"EntryPoint\",\"urlTemplate\":\"https:\/\/franciscanos.org.br\/noticias\/?s={search_term_string}\"},\"query-input\":\"required name=search_term_string\"}],\"inLanguage\":\"pt-BR\"},{\"@type\":\"ImageObject\",\"inLanguage\":\"pt-BR\",\"@id\":\"https:\/\/franciscanos.org.br\/noticias\/frei-diego-seja-um-sacerdote-eucaristico.html#primaryimage\",\"url\":\"https:\/\/franciscanos.org.br\/noticias\/wp-content\/uploads\/2012\/02\/abre_g11-1.jpg\",\"contentUrl\":\"https:\/\/franciscanos.org.br\/noticias\/wp-content\/uploads\/2012\/02\/abre_g11-1.jpg\",\"width\":273,\"height\":181},{\"@type\":\"WebPage\",\"@id\":\"https:\/\/franciscanos.org.br\/noticias\/frei-diego-seja-um-sacerdote-eucaristico.html#webpage\",\"url\":\"https:\/\/franciscanos.org.br\/noticias\/frei-diego-seja-um-sacerdote-eucaristico.html\",\"name\":\"\\\"Frei Diego, seja um sacerdote eucar\u00edstico!\\\" - Not\u00edcias - Franciscanos\",\"isPartOf\":{\"@id\":\"https:\/\/franciscanos.org.br\/noticias\/#website\"},\"primaryImageOfPage\":{\"@id\":\"https:\/\/franciscanos.org.br\/noticias\/frei-diego-seja-um-sacerdote-eucaristico.html#primaryimage\"},\"datePublished\":\"2012-02-12T01:56:29+00:00\",\"dateModified\":\"2023-01-09T13:53:35+00:00\",\"author\":{\"@id\":\"https:\/\/franciscanos.org.br\/noticias\/#\/schema\/person\/b38fbf43118f02820bd932f2e4b14ad3\"},\"breadcrumb\":{\"@id\":\"https:\/\/franciscanos.org.br\/noticias\/frei-diego-seja-um-sacerdote-eucaristico.html#breadcrumb\"},\"inLanguage\":\"pt-BR\",\"potentialAction\":[{\"@type\":\"ReadAction\",\"target\":[\"https:\/\/franciscanos.org.br\/noticias\/frei-diego-seja-um-sacerdote-eucaristico.html\"]}]},{\"@type\":\"BreadcrumbList\",\"@id\":\"https:\/\/franciscanos.org.br\/noticias\/frei-diego-seja-um-sacerdote-eucaristico.html#breadcrumb\",\"itemListElement\":[{\"@type\":\"ListItem\",\"position\":1,\"name\":\"Home\",\"item\":\"https:\/\/franciscanos.org.br\/noticias\"},{\"@type\":\"ListItem\",\"position\":2,\"name\":\"&#8220;Frei Diego, seja um sacerdote eucar\u00edstico!&#8221;\"}]},{\"@type\":\"Person\",\"@id\":\"https:\/\/franciscanos.org.br\/noticias\/#\/schema\/person\/b38fbf43118f02820bd932f2e4b14ad3\",\"name\":\"admin\",\"image\":{\"@type\":\"ImageObject\",\"inLanguage\":\"pt-BR\",\"@id\":\"https:\/\/franciscanos.org.br\/noticias\/#\/schema\/person\/image\/\",\"url\":\"https:\/\/secure.gravatar.com\/avatar\/e8495742d34d0ba6448ea1c628263b3e?s=96&d=mm&r=g\",\"contentUrl\":\"https:\/\/secure.gravatar.com\/avatar\/e8495742d34d0ba6448ea1c628263b3e?s=96&d=mm&r=g\",\"caption\":\"admin\"},\"url\":\"https:\/\/franciscanos.org.br\/noticias\/author\/admin\"}]}<\/script>\n<!-- \/ Yoast SEO plugin. -->","yoast_head_json":{"title":"\"Frei Diego, seja um sacerdote eucar\u00edstico!\" - Not\u00edcias - Franciscanos","robots":{"index":"index","follow":"follow","max-snippet":"max-snippet:-1","max-image-preview":"max-image-preview:large","max-video-preview":"max-video-preview:-1"},"canonical":"https:\/\/franciscanos.org.br\/noticias\/frei-diego-seja-um-sacerdote-eucaristico.html","og_locale":"pt_BR","og_type":"article","og_title":"\"Frei Diego, seja um sacerdote eucar\u00edstico!\" - Not\u00edcias - Franciscanos","og_description":"Ordena\u00e7\u00e3o presbiteral de Frei Diego A. Melo","og_url":"https:\/\/franciscanos.org.br\/noticias\/frei-diego-seja-um-sacerdote-eucaristico.html","og_site_name":"Not\u00edcias - Franciscanos","article_published_time":"2012-02-12T01:56:29+00:00","article_modified_time":"2023-01-09T13:53:35+00:00","og_image":[{"width":273,"height":181,"url":"https:\/\/franciscanos.org.br\/noticias\/wp-content\/uploads\/2012\/02\/abre_g11-1.jpg","type":"image\/jpeg"}],"author":"admin","twitter_card":"summary_large_image","twitter_misc":{"Escrito por":"admin","Est. tempo de leitura":"5 minutos"},"schema":{"@context":"https:\/\/schema.org","@graph":[{"@type":"WebSite","@id":"https:\/\/franciscanos.org.br\/noticias\/#website","url":"https:\/\/franciscanos.org.br\/noticias\/","name":"Not\u00edcias - Franciscanos","description":"Prov\u00edncia Franciscana da Imaculada Concei\u00e7\u00e3o do Brasil - Ordem dos Frades Menores - OFM","potentialAction":[{"@type":"SearchAction","target":{"@type":"EntryPoint","urlTemplate":"https:\/\/franciscanos.org.br\/noticias\/?s={search_term_string}"},"query-input":"required name=search_term_string"}],"inLanguage":"pt-BR"},{"@type":"ImageObject","inLanguage":"pt-BR","@id":"https:\/\/franciscanos.org.br\/noticias\/frei-diego-seja-um-sacerdote-eucaristico.html#primaryimage","url":"https:\/\/franciscanos.org.br\/noticias\/wp-content\/uploads\/2012\/02\/abre_g11-1.jpg","contentUrl":"https:\/\/franciscanos.org.br\/noticias\/wp-content\/uploads\/2012\/02\/abre_g11-1.jpg","width":273,"height":181},{"@type":"WebPage","@id":"https:\/\/franciscanos.org.br\/noticias\/frei-diego-seja-um-sacerdote-eucaristico.html#webpage","url":"https:\/\/franciscanos.org.br\/noticias\/frei-diego-seja-um-sacerdote-eucaristico.html","name":"\"Frei Diego, seja um sacerdote eucar\u00edstico!\" - Not\u00edcias - Franciscanos","isPartOf":{"@id":"https:\/\/franciscanos.org.br\/noticias\/#website"},"primaryImageOfPage":{"@id":"https:\/\/franciscanos.org.br\/noticias\/frei-diego-seja-um-sacerdote-eucaristico.html#primaryimage"},"datePublished":"2012-02-12T01:56:29+00:00","dateModified":"2023-01-09T13:53:35+00:00","author":{"@id":"https:\/\/franciscanos.org.br\/noticias\/#\/schema\/person\/b38fbf43118f02820bd932f2e4b14ad3"},"breadcrumb":{"@id":"https:\/\/franciscanos.org.br\/noticias\/frei-diego-seja-um-sacerdote-eucaristico.html#breadcrumb"},"inLanguage":"pt-BR","potentialAction":[{"@type":"ReadAction","target":["https:\/\/franciscanos.org.br\/noticias\/frei-diego-seja-um-sacerdote-eucaristico.html"]}]},{"@type":"BreadcrumbList","@id":"https:\/\/franciscanos.org.br\/noticias\/frei-diego-seja-um-sacerdote-eucaristico.html#breadcrumb","itemListElement":[{"@type":"ListItem","position":1,"name":"Home","item":"https:\/\/franciscanos.org.br\/noticias"},{"@type":"ListItem","position":2,"name":"&#8220;Frei Diego, seja um sacerdote eucar\u00edstico!&#8221;"}]},{"@type":"Person","@id":"https:\/\/franciscanos.org.br\/noticias\/#\/schema\/person\/b38fbf43118f02820bd932f2e4b14ad3","name":"admin","image":{"@type":"ImageObject","inLanguage":"pt-BR","@id":"https:\/\/franciscanos.org.br\/noticias\/#\/schema\/person\/image\/","url":"https:\/\/secure.gravatar.com\/avatar\/e8495742d34d0ba6448ea1c628263b3e?s=96&d=mm&r=g","contentUrl":"https:\/\/secure.gravatar.com\/avatar\/e8495742d34d0ba6448ea1c628263b3e?s=96&d=mm&r=g","caption":"admin"},"url":"https:\/\/franciscanos.org.br\/noticias\/author\/admin"}]}},"_links":{"self":[{"href":"https:\/\/franciscanos.org.br\/noticias\/wp-json\/wp\/v2\/posts\/11703"}],"collection":[{"href":"https:\/\/franciscanos.org.br\/noticias\/wp-json\/wp\/v2\/posts"}],"about":[{"href":"https:\/\/franciscanos.org.br\/noticias\/wp-json\/wp\/v2\/types\/post"}],"author":[{"embeddable":true,"href":"https:\/\/franciscanos.org.br\/noticias\/wp-json\/wp\/v2\/users\/1"}],"replies":[{"embeddable":true,"href":"https:\/\/franciscanos.org.br\/noticias\/wp-json\/wp\/v2\/comments?post=11703"}],"version-history":[{"count":1,"href":"https:\/\/franciscanos.org.br\/noticias\/wp-json\/wp\/v2\/posts\/11703\/revisions"}],"predecessor-version":[{"id":241597,"href":"https:\/\/franciscanos.org.br\/noticias\/wp-json\/wp\/v2\/posts\/11703\/revisions\/241597"}],"wp:featuredmedia":[{"embeddable":true,"href":"https:\/\/franciscanos.org.br\/noticias\/wp-json\/wp\/v2\/media\/200131"}],"wp:attachment":[{"href":"https:\/\/franciscanos.org.br\/noticias\/wp-json\/wp\/v2\/media?parent=11703"}],"wp:term":[{"taxonomy":"category","embeddable":true,"href":"https:\/\/franciscanos.org.br\/noticias\/wp-json\/wp\/v2\/categories?post=11703"},{"taxonomy":"post_tag","embeddable":true,"href":"https:\/\/franciscanos.org.br\/noticias\/wp-json\/wp\/v2\/tags?post=11703"}],"curies":[{"name":"wp","href":"https:\/\/api.w.org\/{rel}","templated":true}]}}