{"id":11694,"date":"2012-02-11T10:08:17","date_gmt":"2012-02-11T12:08:17","guid":{"rendered":"http:\/\/new.franciscanos.org.br\/?p=11694"},"modified":"2023-01-09T10:53:43","modified_gmt":"2023-01-09T13:53:43","slug":"frei-diego-faz-o-juramento-de-fidelidade-que-vai-confirmar-hoje-diante-do-bispo","status":"publish","type":"post","link":"https:\/\/franciscanos.org.br\/noticias\/frei-diego-faz-o-juramento-de-fidelidade-que-vai-confirmar-hoje-diante-do-bispo.html","title":{"rendered":"Tr\u00edduo preparat\u00f3rio para ordena\u00e7\u00e3o presbiteral de Frei Diego"},"content":{"rendered":"<p><img loading=\"lazy\" class=\"alignnone size-full wp-image-199078\" src=\"https:\/\/franciscanos.org.br\/noticias\/wp-content\/uploads\/2012\/02\/diego_g110212.jpg\" alt=\"\" width=\"830\" height=\"359\" srcset=\"https:\/\/franciscanos.org.br\/noticias\/wp-content\/uploads\/2012\/02\/diego_g110212.jpg 830w, https:\/\/franciscanos.org.br\/noticias\/wp-content\/uploads\/2012\/02\/diego_g110212-450x195.jpg 450w, https:\/\/franciscanos.org.br\/noticias\/wp-content\/uploads\/2012\/02\/diego_g110212-768x332.jpg 768w, https:\/\/franciscanos.org.br\/noticias\/wp-content\/uploads\/2012\/02\/diego_g110212-150x65.jpg 150w\" sizes=\"(max-width: 830px) 100vw, 830px\" \/><\/p>\n<p><strong>Por Moacir Beggo<\/strong><\/p>\n<p><strong>Lages (SC)<\/strong> &#8211; Em uma bonita celebra\u00e7\u00e3o eucar\u00edstica na Comunidade de S\u00e3o Miguel, em Lages, Frei Diego de Atalino Melo fez o Juramento de Fidelidade no \u00faltimo dia do Tr\u00edduo em prepara\u00e7\u00e3o para a sua ordena\u00e7\u00e3o presbiteral, que acontece hoje, \u00e0s 17 horas, em Lages (SC). Ele ser\u00e1 ordenado presb\u00edtero pelas m\u00e3os de Dom Irineu Andreassa, bispo da Diocese de Lages e franciscano da Cust\u00f3dia do Sagrado Cora\u00e7\u00e3o (SP), e vai celebrar a Primeira Missa no domingo, \u00e0s 10 horas, nesta comunidade, onde residem seus familiares e onde viveu at\u00e9 iniciar a forma\u00e7\u00e3o religiosa no Semin\u00e1rio de Ituporanga.<\/p>\n<p>O tamb\u00e9m lageano Frei Vilmar Alves da Silva, guardi\u00e3o e p\u00e1roco em Niter\u00f3i (RJ) foi o celebrante, que teve entre os concelebrantes o Ministro Provincial, Frei Fid\u00eancio Vanboemmel e frades de toda a Prov\u00edncia da Imaculada Concei\u00e7\u00e3o. A celebra\u00e7\u00e3o tamb\u00e9m encerrou a Semana Mission\u00e1ria, que envolveu um grande grupo de frades estudantes de Filosofia e Teologia da Prov\u00edncia e religiosas.<\/p>\n<p><img loading=\"lazy\" class=\"alignleft wp-image-199079\" src=\"https:\/\/franciscanos.org.br\/noticias\/wp-content\/uploads\/2012\/02\/10.jpg\" alt=\"\" width=\"376\" height=\"348\" srcset=\"https:\/\/franciscanos.org.br\/noticias\/wp-content\/uploads\/2012\/02\/10.jpg 600w, https:\/\/franciscanos.org.br\/noticias\/wp-content\/uploads\/2012\/02\/10-450x416.jpg 450w, https:\/\/franciscanos.org.br\/noticias\/wp-content\/uploads\/2012\/02\/10-150x139.jpg 150w\" sizes=\"(max-width: 376px) 100vw, 376px\" \/>Frei Vilmar falou na sua homilia sobre a voca\u00e7\u00e3o e destacou especialmente a voca\u00e7\u00e3o sacerdotal. Segundo ele, a voca\u00e7\u00e3o para a vida presbiteral \u00e9 um chamado de Deus para servir. &#8220;Essa resposta tem que ser dada com amor e carinho&#8221;, enfatizou.<\/p>\n<p>Logo em seguida \u00e0 homilia, Frei Diego postou suas m\u00e3os no Evangelho, tendo ao lado o Ministro Provincial como testemunha, e fez o juramento de ser fiel \u00e0 Igreja Cat\u00f3lica na fun\u00e7\u00e3o que ir\u00e1 assumir como presb\u00edtero, a partir deste dia 11 de fevereiro, quando ser\u00e1 ordenado diante do povo lageano no Gin\u00e1sio de Esportes do Col\u00e9gio Santa Rosa, ao lado do Convento S\u00e3o Jos\u00e9, resid\u00eancia dos frades franciscanos em Lages.<\/p>\n<p>Frei Diego recebeu, ent\u00e3o, a b\u00ean\u00e7\u00e3o dos pais, Roseli e Alfredo Melo, num momento de muita emo\u00e7\u00e3o, quando durante o ofert\u00f3rio foram oferecidos junto ao altar alguns objetos que marcaram a caminhada de Frei Diego at\u00e9 este momento importante em sua vida. Um deles foi um cesto com past\u00e9is, que Frei Diego vendia quando era crian\u00e7a para ajudar no or\u00e7amento da fam\u00edlia. Segundo o ordenando, muito emocionado, esse trabalho o ensinou a ser solid\u00e1rio com os pobres.<\/p>\n<p>A Comunidade S\u00e3o Miguel pertence \u00e0 Par\u00f3quia Nossa Senhora do Ros\u00e1rio, que tem como p\u00e1roco o redentorista Pe. Ol\u00edmpio Rhoden. Ele chegou a tempo de participar dos momentos finais da celebra\u00e7\u00e3o e deu boas vindas aos frades e lembrou a import\u00e2ncia hist\u00f3rica dos franciscanos na evangeliza\u00e7\u00e3o de Lages. Foi a partir desta capelinha que os frades evangelizaram esta regi\u00e3o, especialmente a partir da chegada de Frei Rog\u00e9rio, que chegou a Lages em 22 de fevereiro de 1892 e residiu numa casinha ao lado da Capela de Nossa Senhora do Ros\u00e1rio. Depois, em 1942, Frei Cristiano e Frei Ast\u00e9sio constru\u00edram a Capela de Nossa Senhora do Ros\u00e1rio em outro lugar, na sa\u00edda para Florian\u00f3polis.<\/p>\n<p>Padre Ol\u00edmpio disse que, com tantos frades em Lages, pensava que a Prov\u00edncia estava vazia. Mas um frade lhe contou que a Prov\u00edncia conta com mais de 300 frades. &#8220;Olha pessoal, juventude, daqui para frente, t\u00e1 na hora de repartir um pouco com os redentoristas!&#8221;, brincou, para acrescentar: &#8220;Mas se \u00e9 para repetir este momento bonito, pode ser franciscano, sim! Bem-vindos a todos&#8221;, disse, agradecendo a belo exemplo que sua comunidade dava ao receberem bem os frades.<\/p>\n<p>A presen\u00e7a franciscana em Lages \u00e9 t\u00e3o marcante que hoje, al\u00e9m da Primeira Ordem, tem a Segunda e a Terceira Ordens de S\u00e3o Francisco.<\/p>\n<hr \/>\n<p><strong><img loading=\"lazy\" class=\"alignright size-full wp-image-199080\" src=\"https:\/\/franciscanos.org.br\/noticias\/wp-content\/uploads\/2012\/02\/05-2.jpg\" alt=\"\" width=\"600\" height=\"338\" srcset=\"https:\/\/franciscanos.org.br\/noticias\/wp-content\/uploads\/2012\/02\/05-2.jpg 600w, https:\/\/franciscanos.org.br\/noticias\/wp-content\/uploads\/2012\/02\/05-2-450x254.jpg 450w, https:\/\/franciscanos.org.br\/noticias\/wp-content\/uploads\/2012\/02\/05-2-150x85.jpg 150w\" sizes=\"(max-width: 600px) 100vw, 600px\" \/>2\u00ba DIA<\/strong><br \/>\nNo segundo dia de miss\u00f5es em prepara\u00e7\u00e3o \u00e0 Ordena\u00e7\u00e3o Sacerdotalde Frei Diego, em Lages (SC), foram visitadas diversas casas da Comunidade Nossa Senhora da Penha. Mas devido ao grande n\u00famero de domic\u00edlios no bairro, que leva o nome da padroeira da comunidade, isto \u00e9, Penha, um dia n\u00e3o foi suficiente.<\/p>\n<p>Ao final da tarde, houve uma celebra\u00e7\u00e3o no Convento Patroc\u00ednio de S\u00e3o Jos\u00e9, com a presen\u00e7a de todos os frades envolvidos na miss\u00e3o. Na ocasi\u00e3o, Frei Jos\u00e9 Lino L\u00fcckmann partilhou um pouco do seu dia de miss\u00e3o, destacando a visita que fez a um centro de deten\u00e7\u00e3o de menores infratores. J\u00e1 Frei Diego partilhou brevemente a hist\u00f3ria do in\u00edcio de sua voca\u00e7\u00e3o religiosa.<\/p>\n<p>Pela noite, aconteceu uma celebra\u00e7\u00e3o na Comunidade da Penha, presidida por Frei Paulo C\u00e9sar Ferreira, que contou com boa participa\u00e7\u00e3o dos fieis, embora chovesse no momento da missa. Al\u00e9m dessa, foi celebrada outra missa em uma comunidade da Par\u00f3quia Nossa Senhora Aparecida, a Par\u00f3quia do Navio. Frei Vilmar, que tamb\u00e9m \u00e9 lageano, presidiu esta celebra\u00e7\u00e3o.<\/p>\n<p>Apesar do forte calor nesses dias, os mission\u00e1rios est\u00e3o muito animados e encorajados na miss\u00e3o, que deve se encerrar na pr\u00f3xima sexta-feira, v\u00e9speras da Ordena\u00e7\u00e3o de Frei Diego.<\/p>\n<hr \/>\n<div id=\"linha_identificacao\"><\/div>\n<div class=\"conteudo\">\n<p><img loading=\"lazy\" class=\"alignleft size-full wp-image-199081\" src=\"https:\/\/franciscanos.org.br\/noticias\/wp-content\/uploads\/2012\/02\/03-1.jpg\" alt=\"\" width=\"600\" height=\"450\" srcset=\"https:\/\/franciscanos.org.br\/noticias\/wp-content\/uploads\/2012\/02\/03-1.jpg 600w, https:\/\/franciscanos.org.br\/noticias\/wp-content\/uploads\/2012\/02\/03-1-450x338.jpg 450w, https:\/\/franciscanos.org.br\/noticias\/wp-content\/uploads\/2012\/02\/03-1-150x113.jpg 150w\" sizes=\"(max-width: 600px) 100vw, 600px\" \/>Duas missas no \u00faltimo domingo marcaram o in\u00edcio da semana mission\u00e1ria em prepara\u00e7\u00e3o para a Ordena\u00e7\u00e3o Presbiteral de Frei Diego, a realizar-se no pr\u00f3ximo s\u00e1bado, em Lages (SC). A primeira Missa de Envio (dos mission\u00e1rios) aconteceu pela manh\u00e3 na matriz da Par\u00f3quia Nossa Senhora do Ros\u00e1rio, da qual Frei Diego \u00e9 oriundo e na qual est\u00e3o concentradas as miss\u00f5es. A Par\u00f3quia, que est\u00e1 sob os cuidados dos Padres Redentoristas, tem sua matriz no bairro Coral e receber\u00e1 a visita dos mission\u00e1rios em quatro comunidades ao longo dessa semana, inclusive a Comunidade S\u00e3o Miguel, que \u00e9 onde acontecer\u00e1 o Tr\u00edduo e onde Frei Diego celebrar\u00e1 sua Primeira Missa, no domingo \u00e0s 9h30.<\/p>\n<p>Pela noite, foi celebrada a segunda Missa de Envio, presidida por Frei Pedro da Silva. Desta vez, na matriz da Par\u00f3quia Nossa Senhora Aparecida, mais conhecida como Par\u00f3quia do Navio, a qual est\u00e1 sob os cuidados dos Frades. Atualmente \u00e9 p\u00e1roco Frei Gentil de Lima Branco. O n\u00famero expressivo de frades deu uma t\u00f4nica franciscana nas celebra\u00e7\u00f5es.<\/p>\n<p>Nesta segunda-feira, primeiro dia de miss\u00e3o, foram visitadas as casas da comunidade Nossa Senhora de Lourdes, no bairro do Nadir. Ao final do dia, realizou-se a celebra\u00e7\u00e3o de encerramento das miss\u00f5es na comunidade, presidida por Frei Renato Pezenti.<\/p>\n<p>Est\u00e3o atuando nas miss\u00f5es cerca de 15 frades Franciscanos, dois padres Redentoristas, quatro irm\u00e3s Franciscanas do Apostolado Paroquial, uma irm\u00e3 Salvatoriana e um bom n\u00famero de leigos.<\/p>\n<p><strong>Por\u00a0Frei Douglas Paulo Machado, OFM<\/strong><\/p>\n<\/div>\n","protected":false},"excerpt":{"rendered":"<p>Ordena\u00e7\u00e3o presbiteral de Frei Diego A. de Melo<\/p>\n","protected":false},"author":1,"featured_media":200136,"comment_status":"closed","ping_status":"closed","sticky":false,"template":"","format":"standard","meta":[],"categories":[1],"tags":[1330,157],"acf":[],"yoast_head":"<!-- This site is optimized with the Yoast SEO plugin v19.2 - https:\/\/yoast.com\/wordpress\/plugins\/seo\/ -->\n<title>Tr\u00edduo preparat\u00f3rio para ordena\u00e7\u00e3o presbiteral de Frei Diego - Not\u00edcias - Franciscanos<\/title>\n<meta name=\"robots\" content=\"index, follow, max-snippet:-1, max-image-preview:large, max-video-preview:-1\" \/>\n<link rel=\"canonical\" href=\"https:\/\/franciscanos.org.br\/noticias\/frei-diego-faz-o-juramento-de-fidelidade-que-vai-confirmar-hoje-diante-do-bispo.html\" \/>\n<meta property=\"og:locale\" content=\"pt_BR\" \/>\n<meta property=\"og:type\" content=\"article\" \/>\n<meta property=\"og:title\" content=\"Tr\u00edduo preparat\u00f3rio para ordena\u00e7\u00e3o presbiteral de Frei Diego - Not\u00edcias - Franciscanos\" \/>\n<meta property=\"og:description\" content=\"Ordena\u00e7\u00e3o presbiteral de Frei Diego A. de Melo\" \/>\n<meta property=\"og:url\" content=\"https:\/\/franciscanos.org.br\/noticias\/frei-diego-faz-o-juramento-de-fidelidade-que-vai-confirmar-hoje-diante-do-bispo.html\" \/>\n<meta property=\"og:site_name\" content=\"Not\u00edcias - Franciscanos\" \/>\n<meta property=\"article:published_time\" content=\"2012-02-11T12:08:17+00:00\" \/>\n<meta property=\"article:modified_time\" content=\"2023-01-09T13:53:43+00:00\" \/>\n<meta property=\"og:image\" content=\"https:\/\/franciscanos.org.br\/noticias\/wp-content\/uploads\/2012\/02\/freidiego_2012_1.jpg\" \/>\n\t<meta property=\"og:image:width\" content=\"273\" \/>\n\t<meta property=\"og:image:height\" content=\"181\" \/>\n\t<meta property=\"og:image:type\" content=\"image\/jpeg\" \/>\n<meta name=\"author\" content=\"admin\" \/>\n<meta name=\"twitter:card\" content=\"summary_large_image\" \/>\n<meta name=\"twitter:label1\" content=\"Escrito por\" \/>\n\t<meta name=\"twitter:data1\" content=\"admin\" \/>\n\t<meta name=\"twitter:label2\" content=\"Est. tempo de leitura\" \/>\n\t<meta name=\"twitter:data2\" content=\"6 minutos\" \/>\n<script type=\"application\/ld+json\" class=\"yoast-schema-graph\">{\"@context\":\"https:\/\/schema.org\",\"@graph\":[{\"@type\":\"WebSite\",\"@id\":\"https:\/\/franciscanos.org.br\/noticias\/#website\",\"url\":\"https:\/\/franciscanos.org.br\/noticias\/\",\"name\":\"Not\u00edcias - Franciscanos\",\"description\":\"Prov\u00edncia Franciscana da Imaculada Concei\u00e7\u00e3o do Brasil - Ordem dos Frades Menores - OFM\",\"potentialAction\":[{\"@type\":\"SearchAction\",\"target\":{\"@type\":\"EntryPoint\",\"urlTemplate\":\"https:\/\/franciscanos.org.br\/noticias\/?s={search_term_string}\"},\"query-input\":\"required name=search_term_string\"}],\"inLanguage\":\"pt-BR\"},{\"@type\":\"ImageObject\",\"inLanguage\":\"pt-BR\",\"@id\":\"https:\/\/franciscanos.org.br\/noticias\/frei-diego-faz-o-juramento-de-fidelidade-que-vai-confirmar-hoje-diante-do-bispo.html#primaryimage\",\"url\":\"https:\/\/franciscanos.org.br\/noticias\/wp-content\/uploads\/2012\/02\/freidiego_2012_1.jpg\",\"contentUrl\":\"https:\/\/franciscanos.org.br\/noticias\/wp-content\/uploads\/2012\/02\/freidiego_2012_1.jpg\",\"width\":273,\"height\":181},{\"@type\":\"WebPage\",\"@id\":\"https:\/\/franciscanos.org.br\/noticias\/frei-diego-faz-o-juramento-de-fidelidade-que-vai-confirmar-hoje-diante-do-bispo.html#webpage\",\"url\":\"https:\/\/franciscanos.org.br\/noticias\/frei-diego-faz-o-juramento-de-fidelidade-que-vai-confirmar-hoje-diante-do-bispo.html\",\"name\":\"Tr\u00edduo preparat\u00f3rio para ordena\u00e7\u00e3o presbiteral de Frei Diego - Not\u00edcias - Franciscanos\",\"isPartOf\":{\"@id\":\"https:\/\/franciscanos.org.br\/noticias\/#website\"},\"primaryImageOfPage\":{\"@id\":\"https:\/\/franciscanos.org.br\/noticias\/frei-diego-faz-o-juramento-de-fidelidade-que-vai-confirmar-hoje-diante-do-bispo.html#primaryimage\"},\"datePublished\":\"2012-02-11T12:08:17+00:00\",\"dateModified\":\"2023-01-09T13:53:43+00:00\",\"author\":{\"@id\":\"https:\/\/franciscanos.org.br\/noticias\/#\/schema\/person\/b38fbf43118f02820bd932f2e4b14ad3\"},\"breadcrumb\":{\"@id\":\"https:\/\/franciscanos.org.br\/noticias\/frei-diego-faz-o-juramento-de-fidelidade-que-vai-confirmar-hoje-diante-do-bispo.html#breadcrumb\"},\"inLanguage\":\"pt-BR\",\"potentialAction\":[{\"@type\":\"ReadAction\",\"target\":[\"https:\/\/franciscanos.org.br\/noticias\/frei-diego-faz-o-juramento-de-fidelidade-que-vai-confirmar-hoje-diante-do-bispo.html\"]}]},{\"@type\":\"BreadcrumbList\",\"@id\":\"https:\/\/franciscanos.org.br\/noticias\/frei-diego-faz-o-juramento-de-fidelidade-que-vai-confirmar-hoje-diante-do-bispo.html#breadcrumb\",\"itemListElement\":[{\"@type\":\"ListItem\",\"position\":1,\"name\":\"Home\",\"item\":\"https:\/\/franciscanos.org.br\/noticias\"},{\"@type\":\"ListItem\",\"position\":2,\"name\":\"Tr\u00edduo preparat\u00f3rio para ordena\u00e7\u00e3o presbiteral de Frei Diego\"}]},{\"@type\":\"Person\",\"@id\":\"https:\/\/franciscanos.org.br\/noticias\/#\/schema\/person\/b38fbf43118f02820bd932f2e4b14ad3\",\"name\":\"admin\",\"image\":{\"@type\":\"ImageObject\",\"inLanguage\":\"pt-BR\",\"@id\":\"https:\/\/franciscanos.org.br\/noticias\/#\/schema\/person\/image\/\",\"url\":\"https:\/\/secure.gravatar.com\/avatar\/e8495742d34d0ba6448ea1c628263b3e?s=96&d=mm&r=g\",\"contentUrl\":\"https:\/\/secure.gravatar.com\/avatar\/e8495742d34d0ba6448ea1c628263b3e?s=96&d=mm&r=g\",\"caption\":\"admin\"},\"url\":\"https:\/\/franciscanos.org.br\/noticias\/author\/admin\"}]}<\/script>\n<!-- \/ Yoast SEO plugin. -->","yoast_head_json":{"title":"Tr\u00edduo preparat\u00f3rio para ordena\u00e7\u00e3o presbiteral de Frei Diego - Not\u00edcias - Franciscanos","robots":{"index":"index","follow":"follow","max-snippet":"max-snippet:-1","max-image-preview":"max-image-preview:large","max-video-preview":"max-video-preview:-1"},"canonical":"https:\/\/franciscanos.org.br\/noticias\/frei-diego-faz-o-juramento-de-fidelidade-que-vai-confirmar-hoje-diante-do-bispo.html","og_locale":"pt_BR","og_type":"article","og_title":"Tr\u00edduo preparat\u00f3rio para ordena\u00e7\u00e3o presbiteral de Frei Diego - Not\u00edcias - Franciscanos","og_description":"Ordena\u00e7\u00e3o presbiteral de Frei Diego A. de Melo","og_url":"https:\/\/franciscanos.org.br\/noticias\/frei-diego-faz-o-juramento-de-fidelidade-que-vai-confirmar-hoje-diante-do-bispo.html","og_site_name":"Not\u00edcias - Franciscanos","article_published_time":"2012-02-11T12:08:17+00:00","article_modified_time":"2023-01-09T13:53:43+00:00","og_image":[{"width":273,"height":181,"url":"https:\/\/franciscanos.org.br\/noticias\/wp-content\/uploads\/2012\/02\/freidiego_2012_1.jpg","type":"image\/jpeg"}],"author":"admin","twitter_card":"summary_large_image","twitter_misc":{"Escrito por":"admin","Est. tempo de leitura":"6 minutos"},"schema":{"@context":"https:\/\/schema.org","@graph":[{"@type":"WebSite","@id":"https:\/\/franciscanos.org.br\/noticias\/#website","url":"https:\/\/franciscanos.org.br\/noticias\/","name":"Not\u00edcias - Franciscanos","description":"Prov\u00edncia Franciscana da Imaculada Concei\u00e7\u00e3o do Brasil - Ordem dos Frades Menores - OFM","potentialAction":[{"@type":"SearchAction","target":{"@type":"EntryPoint","urlTemplate":"https:\/\/franciscanos.org.br\/noticias\/?s={search_term_string}"},"query-input":"required name=search_term_string"}],"inLanguage":"pt-BR"},{"@type":"ImageObject","inLanguage":"pt-BR","@id":"https:\/\/franciscanos.org.br\/noticias\/frei-diego-faz-o-juramento-de-fidelidade-que-vai-confirmar-hoje-diante-do-bispo.html#primaryimage","url":"https:\/\/franciscanos.org.br\/noticias\/wp-content\/uploads\/2012\/02\/freidiego_2012_1.jpg","contentUrl":"https:\/\/franciscanos.org.br\/noticias\/wp-content\/uploads\/2012\/02\/freidiego_2012_1.jpg","width":273,"height":181},{"@type":"WebPage","@id":"https:\/\/franciscanos.org.br\/noticias\/frei-diego-faz-o-juramento-de-fidelidade-que-vai-confirmar-hoje-diante-do-bispo.html#webpage","url":"https:\/\/franciscanos.org.br\/noticias\/frei-diego-faz-o-juramento-de-fidelidade-que-vai-confirmar-hoje-diante-do-bispo.html","name":"Tr\u00edduo preparat\u00f3rio para ordena\u00e7\u00e3o presbiteral de Frei Diego - Not\u00edcias - Franciscanos","isPartOf":{"@id":"https:\/\/franciscanos.org.br\/noticias\/#website"},"primaryImageOfPage":{"@id":"https:\/\/franciscanos.org.br\/noticias\/frei-diego-faz-o-juramento-de-fidelidade-que-vai-confirmar-hoje-diante-do-bispo.html#primaryimage"},"datePublished":"2012-02-11T12:08:17+00:00","dateModified":"2023-01-09T13:53:43+00:00","author":{"@id":"https:\/\/franciscanos.org.br\/noticias\/#\/schema\/person\/b38fbf43118f02820bd932f2e4b14ad3"},"breadcrumb":{"@id":"https:\/\/franciscanos.org.br\/noticias\/frei-diego-faz-o-juramento-de-fidelidade-que-vai-confirmar-hoje-diante-do-bispo.html#breadcrumb"},"inLanguage":"pt-BR","potentialAction":[{"@type":"ReadAction","target":["https:\/\/franciscanos.org.br\/noticias\/frei-diego-faz-o-juramento-de-fidelidade-que-vai-confirmar-hoje-diante-do-bispo.html"]}]},{"@type":"BreadcrumbList","@id":"https:\/\/franciscanos.org.br\/noticias\/frei-diego-faz-o-juramento-de-fidelidade-que-vai-confirmar-hoje-diante-do-bispo.html#breadcrumb","itemListElement":[{"@type":"ListItem","position":1,"name":"Home","item":"https:\/\/franciscanos.org.br\/noticias"},{"@type":"ListItem","position":2,"name":"Tr\u00edduo preparat\u00f3rio para ordena\u00e7\u00e3o presbiteral de Frei Diego"}]},{"@type":"Person","@id":"https:\/\/franciscanos.org.br\/noticias\/#\/schema\/person\/b38fbf43118f02820bd932f2e4b14ad3","name":"admin","image":{"@type":"ImageObject","inLanguage":"pt-BR","@id":"https:\/\/franciscanos.org.br\/noticias\/#\/schema\/person\/image\/","url":"https:\/\/secure.gravatar.com\/avatar\/e8495742d34d0ba6448ea1c628263b3e?s=96&d=mm&r=g","contentUrl":"https:\/\/secure.gravatar.com\/avatar\/e8495742d34d0ba6448ea1c628263b3e?s=96&d=mm&r=g","caption":"admin"},"url":"https:\/\/franciscanos.org.br\/noticias\/author\/admin"}]}},"_links":{"self":[{"href":"https:\/\/franciscanos.org.br\/noticias\/wp-json\/wp\/v2\/posts\/11694"}],"collection":[{"href":"https:\/\/franciscanos.org.br\/noticias\/wp-json\/wp\/v2\/posts"}],"about":[{"href":"https:\/\/franciscanos.org.br\/noticias\/wp-json\/wp\/v2\/types\/post"}],"author":[{"embeddable":true,"href":"https:\/\/franciscanos.org.br\/noticias\/wp-json\/wp\/v2\/users\/1"}],"replies":[{"embeddable":true,"href":"https:\/\/franciscanos.org.br\/noticias\/wp-json\/wp\/v2\/comments?post=11694"}],"version-history":[{"count":1,"href":"https:\/\/franciscanos.org.br\/noticias\/wp-json\/wp\/v2\/posts\/11694\/revisions"}],"predecessor-version":[{"id":241598,"href":"https:\/\/franciscanos.org.br\/noticias\/wp-json\/wp\/v2\/posts\/11694\/revisions\/241598"}],"wp:featuredmedia":[{"embeddable":true,"href":"https:\/\/franciscanos.org.br\/noticias\/wp-json\/wp\/v2\/media\/200136"}],"wp:attachment":[{"href":"https:\/\/franciscanos.org.br\/noticias\/wp-json\/wp\/v2\/media?parent=11694"}],"wp:term":[{"taxonomy":"category","embeddable":true,"href":"https:\/\/franciscanos.org.br\/noticias\/wp-json\/wp\/v2\/categories?post=11694"},{"taxonomy":"post_tag","embeddable":true,"href":"https:\/\/franciscanos.org.br\/noticias\/wp-json\/wp\/v2\/tags?post=11694"}],"curies":[{"name":"wp","href":"https:\/\/api.w.org\/{rel}","templated":true}]}}