{"id":116923,"date":"2016-09-15T10:34:18","date_gmt":"2016-09-15T13:34:18","guid":{"rendered":"http:\/\/franciscanos.org.br\/?p=116923"},"modified":"2020-03-23T11:53:44","modified_gmt":"2020-03-23T14:53:44","slug":"frei-almir-tantas-marias-das-dores","status":"publish","type":"post","link":"https:\/\/franciscanos.org.br\/noticias\/frei-almir-tantas-marias-das-dores.html","title":{"rendered":"Maria das Dores e outras Senhoras das Dores"},"content":{"rendered":"<p><img loading=\"lazy\" src=\"http:\/\/franciscanos.org.br\/wp-content\/uploads\/2016\/09\/dores_150916g.jpg\" alt=\"dores_150916g\" width=\"830\" height=\"400\" \/><\/p>\n<p><strong>Frei Almir Guimar\u00e3es<\/strong><\/p>\n<p><strong>Tantas Marias das Dores<\/strong><\/p>\n<p>H\u00e1 muitas mulheres m\u00e3es que experimentam, no fundo do cora\u00e7\u00e3o, muita alegria e grande contentamento com seus filhos e filhas. N\u00e3o duvidamos. H\u00e1, no entanto, tamb\u00e9m m\u00e3es que sofrem silenciosamente ou mesmo descontroladamente uma espada que se atravessa o cora\u00e7\u00e3o.<\/p>\n<p>Delicada e bela esta festa de Nossa Senhora das Dores. Maria, ao p\u00e9 da cruz de seu filho, filho desprezado, despeda\u00e7ado, rosto coberto de suor e cusparadas, pregado e indefeso, bom, profundamente bom e injustamente condenado. Quando sofreu o cora\u00e7\u00e3o delicado dessa mulher de Nazar\u00e9! Realmente uma espada de dor lhe traspassou a alma. No alto da cruz morria seu filho e ela, agarrada ao lenho, sofria e morria tamb\u00e9m.<\/p>\n<p>Aquela mulher esperava seu primeiro filho, era sua primeira gravidez. Tivera muitos abortos espont\u00e2neos, vividos com densa tristeza. Um dia ficou gr\u00e1vida. Nasceu-lhe um Francisco anencef\u00e1lico. Que dor para o cora\u00e7\u00e3o dessa mulher. Ela mesma batizou o menino e tentou, a duras penas, curar a dor da perda.<\/p>\n<p>Aquela outra, m\u00e3e solteira, m\u00e3e de uma \u00fanica filha, que tudo dela recebeu: vida, estudo, carinho. A m\u00e3e fora m\u00e3e e pai. Um dia a menino sumiu. Tinha come\u00e7ado a namorar um homem casado, envolvido em quest\u00f5es de droga. Procurado pela pol\u00edcia. Um dia sumiu a filha e o namorado. Foram queimados por bandidos inimigos? Foram eliminados&#8230; A m\u00e3e da menina berra de dor e sofre como Maria sofreu quando seu filho morreu.<\/p>\n<p>Aquela outra mulher \u00e9 m\u00e3e de muitos filhos, filhos homens e mulheres. Os dois mais velhos n\u00e3o se entendem. Quando um entra pela porta da frente, o outra sai pela porta dos fundos. No Natal vem um de manha e o outro \u00e0 tarde. \u00c9 espada de dor para essa m\u00e3e saber que seus filhos n\u00e3o se entendem&#8230; N\u00e3o se d\u00e3o conta da espada de dor que cravam no peito da m\u00e3e.<\/p>\n<p>Pedimos a Nossa Senhora da Piet\u00e0 que interceda por todas as m\u00e3es que sofrem demais: m\u00e3es de presidi\u00e1rios, de meninos e meninas desaparecidos, m\u00e3es de traficantes e assaltantes, m\u00e3es de filhos que moram sob as pontes, m\u00e3es de filhos que se suicidam.<\/p>\n<p>Que Nossa Senhora das Dores olhe por todos\u2026<\/p>\n<p>Confira:<\/p>\n<p><iframe loading=\"lazy\" title=\"Minuto com Maria - Dia 09\" width=\"500\" height=\"281\" src=\"https:\/\/www.youtube.com\/embed\/o4aPfh1GbGY?feature=oembed\" frameborder=\"0\" allow=\"accelerometer; autoplay; encrypted-media; gyroscope; picture-in-picture\" allowfullscreen><\/iframe><\/p>\n","protected":false},"excerpt":{"rendered":"<p>Artigo<\/p>\n","protected":false},"author":1,"featured_media":204739,"comment_status":"open","ping_status":"open","sticky":false,"template":"","format":"standard","meta":[],"categories":[1],"tags":[],"acf":[],"yoast_head":"<!-- This site is optimized with the Yoast SEO plugin v19.2 - https:\/\/yoast.com\/wordpress\/plugins\/seo\/ -->\n<title>Maria das Dores e outras Senhoras das Dores - Not\u00edcias - Franciscanos<\/title>\n<meta name=\"robots\" content=\"index, follow, max-snippet:-1, max-image-preview:large, max-video-preview:-1\" \/>\n<link rel=\"canonical\" href=\"https:\/\/franciscanos.org.br\/noticias\/frei-almir-tantas-marias-das-dores.html\" \/>\n<meta property=\"og:locale\" content=\"pt_BR\" \/>\n<meta property=\"og:type\" content=\"article\" \/>\n<meta property=\"og:title\" content=\"Maria das Dores e outras Senhoras das Dores - Not\u00edcias - Franciscanos\" \/>\n<meta property=\"og:description\" content=\"Artigo\" \/>\n<meta property=\"og:url\" content=\"https:\/\/franciscanos.org.br\/noticias\/frei-almir-tantas-marias-das-dores.html\" \/>\n<meta property=\"og:site_name\" content=\"Not\u00edcias - Franciscanos\" \/>\n<meta property=\"article:published_time\" content=\"2016-09-15T13:34:18+00:00\" \/>\n<meta property=\"article:modified_time\" content=\"2020-03-23T14:53:44+00:00\" \/>\n<meta property=\"og:image\" content=\"https:\/\/franciscanos.org.br\/noticias\/wp-content\/uploads\/2016\/09\/dores_150916g.jpg\" \/>\n\t<meta property=\"og:image:width\" content=\"273\" \/>\n\t<meta property=\"og:image:height\" content=\"181\" \/>\n\t<meta property=\"og:image:type\" content=\"image\/jpeg\" \/>\n<meta name=\"author\" content=\"admin\" \/>\n<meta name=\"twitter:card\" content=\"summary_large_image\" \/>\n<meta name=\"twitter:label1\" content=\"Escrito por\" \/>\n\t<meta name=\"twitter:data1\" content=\"admin\" \/>\n\t<meta name=\"twitter:label2\" content=\"Est. tempo de leitura\" \/>\n\t<meta name=\"twitter:data2\" content=\"2 minutos\" \/>\n<script type=\"application\/ld+json\" class=\"yoast-schema-graph\">{\"@context\":\"https:\/\/schema.org\",\"@graph\":[{\"@type\":\"WebSite\",\"@id\":\"https:\/\/franciscanos.org.br\/noticias\/#website\",\"url\":\"https:\/\/franciscanos.org.br\/noticias\/\",\"name\":\"Not\u00edcias - Franciscanos\",\"description\":\"Prov\u00edncia Franciscana da Imaculada Concei\u00e7\u00e3o do Brasil - Ordem dos Frades Menores - OFM\",\"potentialAction\":[{\"@type\":\"SearchAction\",\"target\":{\"@type\":\"EntryPoint\",\"urlTemplate\":\"https:\/\/franciscanos.org.br\/noticias\/?s={search_term_string}\"},\"query-input\":\"required name=search_term_string\"}],\"inLanguage\":\"pt-BR\"},{\"@type\":\"ImageObject\",\"inLanguage\":\"pt-BR\",\"@id\":\"https:\/\/franciscanos.org.br\/noticias\/frei-almir-tantas-marias-das-dores.html#primaryimage\",\"url\":\"https:\/\/franciscanos.org.br\/noticias\/wp-content\/uploads\/2016\/09\/dores_150916g.jpg\",\"contentUrl\":\"https:\/\/franciscanos.org.br\/noticias\/wp-content\/uploads\/2016\/09\/dores_150916g.jpg\",\"width\":273,\"height\":181},{\"@type\":\"WebPage\",\"@id\":\"https:\/\/franciscanos.org.br\/noticias\/frei-almir-tantas-marias-das-dores.html#webpage\",\"url\":\"https:\/\/franciscanos.org.br\/noticias\/frei-almir-tantas-marias-das-dores.html\",\"name\":\"Maria das Dores e outras Senhoras das Dores - Not\u00edcias - Franciscanos\",\"isPartOf\":{\"@id\":\"https:\/\/franciscanos.org.br\/noticias\/#website\"},\"primaryImageOfPage\":{\"@id\":\"https:\/\/franciscanos.org.br\/noticias\/frei-almir-tantas-marias-das-dores.html#primaryimage\"},\"datePublished\":\"2016-09-15T13:34:18+00:00\",\"dateModified\":\"2020-03-23T14:53:44+00:00\",\"author\":{\"@id\":\"https:\/\/franciscanos.org.br\/noticias\/#\/schema\/person\/b38fbf43118f02820bd932f2e4b14ad3\"},\"breadcrumb\":{\"@id\":\"https:\/\/franciscanos.org.br\/noticias\/frei-almir-tantas-marias-das-dores.html#breadcrumb\"},\"inLanguage\":\"pt-BR\",\"potentialAction\":[{\"@type\":\"ReadAction\",\"target\":[\"https:\/\/franciscanos.org.br\/noticias\/frei-almir-tantas-marias-das-dores.html\"]}]},{\"@type\":\"BreadcrumbList\",\"@id\":\"https:\/\/franciscanos.org.br\/noticias\/frei-almir-tantas-marias-das-dores.html#breadcrumb\",\"itemListElement\":[{\"@type\":\"ListItem\",\"position\":1,\"name\":\"Home\",\"item\":\"https:\/\/franciscanos.org.br\/noticias\"},{\"@type\":\"ListItem\",\"position\":2,\"name\":\"Maria das Dores e outras Senhoras das Dores\"}]},{\"@type\":\"Person\",\"@id\":\"https:\/\/franciscanos.org.br\/noticias\/#\/schema\/person\/b38fbf43118f02820bd932f2e4b14ad3\",\"name\":\"admin\",\"image\":{\"@type\":\"ImageObject\",\"inLanguage\":\"pt-BR\",\"@id\":\"https:\/\/franciscanos.org.br\/noticias\/#\/schema\/person\/image\/\",\"url\":\"https:\/\/secure.gravatar.com\/avatar\/e8495742d34d0ba6448ea1c628263b3e?s=96&d=mm&r=g\",\"contentUrl\":\"https:\/\/secure.gravatar.com\/avatar\/e8495742d34d0ba6448ea1c628263b3e?s=96&d=mm&r=g\",\"caption\":\"admin\"},\"url\":\"https:\/\/franciscanos.org.br\/noticias\/author\/admin\"}]}<\/script>\n<!-- \/ Yoast SEO plugin. -->","yoast_head_json":{"title":"Maria das Dores e outras Senhoras das Dores - Not\u00edcias - Franciscanos","robots":{"index":"index","follow":"follow","max-snippet":"max-snippet:-1","max-image-preview":"max-image-preview:large","max-video-preview":"max-video-preview:-1"},"canonical":"https:\/\/franciscanos.org.br\/noticias\/frei-almir-tantas-marias-das-dores.html","og_locale":"pt_BR","og_type":"article","og_title":"Maria das Dores e outras Senhoras das Dores - Not\u00edcias - Franciscanos","og_description":"Artigo","og_url":"https:\/\/franciscanos.org.br\/noticias\/frei-almir-tantas-marias-das-dores.html","og_site_name":"Not\u00edcias - Franciscanos","article_published_time":"2016-09-15T13:34:18+00:00","article_modified_time":"2020-03-23T14:53:44+00:00","og_image":[{"width":273,"height":181,"url":"https:\/\/franciscanos.org.br\/noticias\/wp-content\/uploads\/2016\/09\/dores_150916g.jpg","type":"image\/jpeg"}],"author":"admin","twitter_card":"summary_large_image","twitter_misc":{"Escrito por":"admin","Est. tempo de leitura":"2 minutos"},"schema":{"@context":"https:\/\/schema.org","@graph":[{"@type":"WebSite","@id":"https:\/\/franciscanos.org.br\/noticias\/#website","url":"https:\/\/franciscanos.org.br\/noticias\/","name":"Not\u00edcias - Franciscanos","description":"Prov\u00edncia Franciscana da Imaculada Concei\u00e7\u00e3o do Brasil - Ordem dos Frades Menores - OFM","potentialAction":[{"@type":"SearchAction","target":{"@type":"EntryPoint","urlTemplate":"https:\/\/franciscanos.org.br\/noticias\/?s={search_term_string}"},"query-input":"required name=search_term_string"}],"inLanguage":"pt-BR"},{"@type":"ImageObject","inLanguage":"pt-BR","@id":"https:\/\/franciscanos.org.br\/noticias\/frei-almir-tantas-marias-das-dores.html#primaryimage","url":"https:\/\/franciscanos.org.br\/noticias\/wp-content\/uploads\/2016\/09\/dores_150916g.jpg","contentUrl":"https:\/\/franciscanos.org.br\/noticias\/wp-content\/uploads\/2016\/09\/dores_150916g.jpg","width":273,"height":181},{"@type":"WebPage","@id":"https:\/\/franciscanos.org.br\/noticias\/frei-almir-tantas-marias-das-dores.html#webpage","url":"https:\/\/franciscanos.org.br\/noticias\/frei-almir-tantas-marias-das-dores.html","name":"Maria das Dores e outras Senhoras das Dores - Not\u00edcias - Franciscanos","isPartOf":{"@id":"https:\/\/franciscanos.org.br\/noticias\/#website"},"primaryImageOfPage":{"@id":"https:\/\/franciscanos.org.br\/noticias\/frei-almir-tantas-marias-das-dores.html#primaryimage"},"datePublished":"2016-09-15T13:34:18+00:00","dateModified":"2020-03-23T14:53:44+00:00","author":{"@id":"https:\/\/franciscanos.org.br\/noticias\/#\/schema\/person\/b38fbf43118f02820bd932f2e4b14ad3"},"breadcrumb":{"@id":"https:\/\/franciscanos.org.br\/noticias\/frei-almir-tantas-marias-das-dores.html#breadcrumb"},"inLanguage":"pt-BR","potentialAction":[{"@type":"ReadAction","target":["https:\/\/franciscanos.org.br\/noticias\/frei-almir-tantas-marias-das-dores.html"]}]},{"@type":"BreadcrumbList","@id":"https:\/\/franciscanos.org.br\/noticias\/frei-almir-tantas-marias-das-dores.html#breadcrumb","itemListElement":[{"@type":"ListItem","position":1,"name":"Home","item":"https:\/\/franciscanos.org.br\/noticias"},{"@type":"ListItem","position":2,"name":"Maria das Dores e outras Senhoras das Dores"}]},{"@type":"Person","@id":"https:\/\/franciscanos.org.br\/noticias\/#\/schema\/person\/b38fbf43118f02820bd932f2e4b14ad3","name":"admin","image":{"@type":"ImageObject","inLanguage":"pt-BR","@id":"https:\/\/franciscanos.org.br\/noticias\/#\/schema\/person\/image\/","url":"https:\/\/secure.gravatar.com\/avatar\/e8495742d34d0ba6448ea1c628263b3e?s=96&d=mm&r=g","contentUrl":"https:\/\/secure.gravatar.com\/avatar\/e8495742d34d0ba6448ea1c628263b3e?s=96&d=mm&r=g","caption":"admin"},"url":"https:\/\/franciscanos.org.br\/noticias\/author\/admin"}]}},"_links":{"self":[{"href":"https:\/\/franciscanos.org.br\/noticias\/wp-json\/wp\/v2\/posts\/116923"}],"collection":[{"href":"https:\/\/franciscanos.org.br\/noticias\/wp-json\/wp\/v2\/posts"}],"about":[{"href":"https:\/\/franciscanos.org.br\/noticias\/wp-json\/wp\/v2\/types\/post"}],"author":[{"embeddable":true,"href":"https:\/\/franciscanos.org.br\/noticias\/wp-json\/wp\/v2\/users\/1"}],"replies":[{"embeddable":true,"href":"https:\/\/franciscanos.org.br\/noticias\/wp-json\/wp\/v2\/comments?post=116923"}],"version-history":[{"count":1,"href":"https:\/\/franciscanos.org.br\/noticias\/wp-json\/wp\/v2\/posts\/116923\/revisions"}],"predecessor-version":[{"id":222269,"href":"https:\/\/franciscanos.org.br\/noticias\/wp-json\/wp\/v2\/posts\/116923\/revisions\/222269"}],"wp:featuredmedia":[{"embeddable":true,"href":"https:\/\/franciscanos.org.br\/noticias\/wp-json\/wp\/v2\/media\/204739"}],"wp:attachment":[{"href":"https:\/\/franciscanos.org.br\/noticias\/wp-json\/wp\/v2\/media?parent=116923"}],"wp:term":[{"taxonomy":"category","embeddable":true,"href":"https:\/\/franciscanos.org.br\/noticias\/wp-json\/wp\/v2\/categories?post=116923"},{"taxonomy":"post_tag","embeddable":true,"href":"https:\/\/franciscanos.org.br\/noticias\/wp-json\/wp\/v2\/tags?post=116923"}],"curies":[{"name":"wp","href":"https:\/\/api.w.org\/{rel}","templated":true}]}}