{"id":116905,"date":"2016-09-15T08:22:42","date_gmt":"2016-09-15T11:22:42","guid":{"rendered":"http:\/\/franciscanos.org.br\/?p=116905"},"modified":"2020-06-09T15:23:58","modified_gmt":"2020-06-09T18:23:58","slug":"num-mundo-orfao-maria-nos-acompanha-e-defende","status":"publish","type":"post","link":"https:\/\/franciscanos.org.br\/noticias\/num-mundo-orfao-maria-nos-acompanha-e-defende.html","title":{"rendered":"Num mundo \u00f3rf\u00e3o, Maria nos acompanha"},"content":{"rendered":"<p><img loading=\"lazy\" src=\"http:\/\/franciscanos.org.br\/wp-content\/uploads\/2016\/09\/marta_150916.jpg\" alt=\"marta_150916\" width=\"830\" height=\"349\" \/><\/p>\n<p><strong>Cidade do Vaticano<\/strong> &#8211; &#8220;Neste mundo que sofre a crise da grande orfandade, n\u00f3s temos uma M\u00e3e que nos acompanha e nos defende&#8221;: foi o que afirmou o Papa na missa da manh\u00e3 desta quinta-feira (15), presidida na Casa Santa Marta, no dia em que a Igreja celebra a mem\u00f3ria de Nossa Senhora das Dores.<\/p>\n<p>O Evangelho do dia prop\u00f5e uma cena no Calv\u00e1rio. Todos os disc\u00edpulos fugiram, com a exce\u00e7\u00e3o de Jo\u00e3o e algumas mulheres. Aos p\u00e9s da Cruz, ficou Maria, a M\u00e3e de Jesus.\u00a0\u201cTodos olhavam para ela. \u2018Aquela \u00e9 a m\u00e3e do delinquente; aquela \u00e9 a m\u00e3e deste subversivo!\u2019, diziam.<\/p>\n<p>&#8220;Maria ouvia tudo e sofria uma humilha\u00e7\u00e3o terr\u00edvel. Ouvia tamb\u00e9m os \u2018grandes\u2019, alguns sacerdotes que ela respeitava por serem sacerdotes.<\/p>\n<p>\u2018Mas tu, que \u00e9s t\u00e3o bom, des\u00e7a!\u2019. Com seu Filho, nu, ali. Maria tinha um sofrimento t\u00e3o grande, mas n\u00e3o foi embora; n\u00e3o renegou seu Filho! Era a sua carne\u201d.<\/p>\n<p>O Papa Francisco recordou quando visitava os detentos nos c\u00e1rceres, em Buenos Aires, e via sempre em fila as mulheres que aguardavam para entrar:\u00a0\u201cEram m\u00e3es, mas n\u00e3o se envergonhavam. A carne delas estava l\u00e1 dentro. Estas mulheres sofriam n\u00e3o s\u00f3 com a vergonha de estar ali. \u2018Olha aquela!&#8230; o que ser\u00e1 que seu filho fez?\u2019, mas tamb\u00e9m sofriam com a humilhante revista que lhes faziam antes de entrar. Mas eram m\u00e3es e iam visitar a pr\u00f3pria carne. Assim Maria estava ali com seu Filho, com aquele sofrimento t\u00e3o grande\u201d.<\/p>\n<p>Jesus \u2013 afirmou o Papa \u2013 prometeu n\u00e3o nos deixar \u00f3rf\u00e3os, e na Cruz nos doou a sua M\u00e3e como nossa M\u00e3e:\u00a0\u201cN\u00f3s, crist\u00e3os, temos uma M\u00e3e, a mesma de Jesus; temos um Pai, o mesmo de Jesus. N\u00e3o somos \u00f3rf\u00e3os! E Ela nos d\u00e1 \u00e0 luz naquele momento com tanta dor: \u00e9 realmente um mart\u00edrio. Com o cora\u00e7\u00e3o traspassado, aceita dar \u00e0 luz a todos naquele momento de dor. E a partir daquele momento, Ela se torna a nossa M\u00e3e, a partir daquele momento Ela \u00e9 nossa M\u00e3e, aquela que cuida de n\u00f3s e n\u00e3o tem vergonha de n\u00f3s, nos defende\u201d.<\/p>\n<p>Os m\u00edsticos russos dos primeiros s\u00e9culos \u2013 recordou o Papa Francisco \u2013, aconselhavam a se refugiar sob o manto da M\u00e3e de Deus no momento das turbul\u00eancias espirituais: &#8220;Ali o diabo n\u00e3o pode entrar. Porque Ela \u00e9 M\u00e3e e como M\u00e3e defende. Em seguida, o Ocidente acolheu este conselho e fez a primeira ant\u00edfona mariana &#8216;<em>Sub tuum&#8217; praedisum<\/em>&#8216;. Sob o seu manto, sob a sua cust\u00f3dia, oh M\u00e3e&#8217;. Ali, estamos seguros\u201d.<\/p>\n<p>\u201cEm um mundo que podemos chamar \u201c\u00f3rf\u00e3o\u201d &#8211; concluiu o Papa &#8211; neste mundo que sofre com a crise de uma grande orfandade, talvez a nossa ajuda \u00e9 dizer \u201cOlhe para sua m\u00e3e!\u201d. N\u00f3s temos uma que nos defende, nos ensina, nos acompanha; que n\u00e3o tem vergonha dos nossos pecados. N\u00e3o se envergonha, porque Ela \u00e9 m\u00e3e. Que o Esp\u00edrito Santo, este amigo, este companheiro de viagem, este Par\u00e1clito advogado que o Senhor nos enviou, nos fa\u00e7a compreender este mist\u00e9rio t\u00e3o grande da maternidade de Maria\u201d.<\/p>\n<hr \/>\n<p><em>Fonte: R\u00e1dio Vaticano<\/em><\/p>\n","protected":false},"excerpt":{"rendered":"<p>Missa em Santa Marta<\/p>\n","protected":false},"author":1,"featured_media":201929,"comment_status":"open","ping_status":"open","sticky":false,"template":"","format":"standard","meta":[],"categories":[1428],"tags":[1586],"acf":[],"yoast_head":"<!-- This site is optimized with the Yoast SEO plugin v19.2 - https:\/\/yoast.com\/wordpress\/plugins\/seo\/ -->\n<title>Num mundo \u00f3rf\u00e3o, Maria nos acompanha - Not\u00edcias - Franciscanos<\/title>\n<meta name=\"robots\" content=\"index, follow, max-snippet:-1, max-image-preview:large, max-video-preview:-1\" \/>\n<link rel=\"canonical\" href=\"https:\/\/franciscanos.org.br\/noticias\/num-mundo-orfao-maria-nos-acompanha-e-defende.html\" \/>\n<meta property=\"og:locale\" content=\"pt_BR\" \/>\n<meta property=\"og:type\" content=\"article\" \/>\n<meta property=\"og:title\" content=\"Num mundo \u00f3rf\u00e3o, Maria nos acompanha - Not\u00edcias - Franciscanos\" \/>\n<meta property=\"og:description\" content=\"Missa em Santa Marta\" \/>\n<meta property=\"og:url\" content=\"https:\/\/franciscanos.org.br\/noticias\/num-mundo-orfao-maria-nos-acompanha-e-defende.html\" \/>\n<meta property=\"og:site_name\" content=\"Not\u00edcias - Franciscanos\" \/>\n<meta property=\"article:published_time\" content=\"2016-09-15T11:22:42+00:00\" \/>\n<meta property=\"article:modified_time\" content=\"2020-06-09T18:23:58+00:00\" \/>\n<meta property=\"og:image\" content=\"https:\/\/franciscanos.org.br\/noticias\/wp-content\/uploads\/2016\/09\/marta_150916.jpg\" \/>\n\t<meta property=\"og:image:width\" content=\"273\" \/>\n\t<meta property=\"og:image:height\" content=\"181\" \/>\n\t<meta property=\"og:image:type\" content=\"image\/jpeg\" \/>\n<meta name=\"author\" content=\"admin\" \/>\n<meta name=\"twitter:card\" content=\"summary_large_image\" \/>\n<meta name=\"twitter:label1\" content=\"Escrito por\" \/>\n\t<meta name=\"twitter:data1\" content=\"admin\" \/>\n\t<meta name=\"twitter:label2\" content=\"Est. tempo de leitura\" \/>\n\t<meta name=\"twitter:data2\" content=\"3 minutos\" \/>\n<script type=\"application\/ld+json\" class=\"yoast-schema-graph\">{\"@context\":\"https:\/\/schema.org\",\"@graph\":[{\"@type\":\"WebSite\",\"@id\":\"https:\/\/franciscanos.org.br\/noticias\/#website\",\"url\":\"https:\/\/franciscanos.org.br\/noticias\/\",\"name\":\"Not\u00edcias - Franciscanos\",\"description\":\"Prov\u00edncia Franciscana da Imaculada Concei\u00e7\u00e3o do Brasil - Ordem dos Frades Menores - OFM\",\"potentialAction\":[{\"@type\":\"SearchAction\",\"target\":{\"@type\":\"EntryPoint\",\"urlTemplate\":\"https:\/\/franciscanos.org.br\/noticias\/?s={search_term_string}\"},\"query-input\":\"required name=search_term_string\"}],\"inLanguage\":\"pt-BR\"},{\"@type\":\"ImageObject\",\"inLanguage\":\"pt-BR\",\"@id\":\"https:\/\/franciscanos.org.br\/noticias\/num-mundo-orfao-maria-nos-acompanha-e-defende.html#primaryimage\",\"url\":\"https:\/\/franciscanos.org.br\/noticias\/wp-content\/uploads\/2016\/09\/marta_150916.jpg\",\"contentUrl\":\"https:\/\/franciscanos.org.br\/noticias\/wp-content\/uploads\/2016\/09\/marta_150916.jpg\",\"width\":273,\"height\":181},{\"@type\":\"WebPage\",\"@id\":\"https:\/\/franciscanos.org.br\/noticias\/num-mundo-orfao-maria-nos-acompanha-e-defende.html#webpage\",\"url\":\"https:\/\/franciscanos.org.br\/noticias\/num-mundo-orfao-maria-nos-acompanha-e-defende.html\",\"name\":\"Num mundo \u00f3rf\u00e3o, Maria nos acompanha - Not\u00edcias - Franciscanos\",\"isPartOf\":{\"@id\":\"https:\/\/franciscanos.org.br\/noticias\/#website\"},\"primaryImageOfPage\":{\"@id\":\"https:\/\/franciscanos.org.br\/noticias\/num-mundo-orfao-maria-nos-acompanha-e-defende.html#primaryimage\"},\"datePublished\":\"2016-09-15T11:22:42+00:00\",\"dateModified\":\"2020-06-09T18:23:58+00:00\",\"author\":{\"@id\":\"https:\/\/franciscanos.org.br\/noticias\/#\/schema\/person\/b38fbf43118f02820bd932f2e4b14ad3\"},\"breadcrumb\":{\"@id\":\"https:\/\/franciscanos.org.br\/noticias\/num-mundo-orfao-maria-nos-acompanha-e-defende.html#breadcrumb\"},\"inLanguage\":\"pt-BR\",\"potentialAction\":[{\"@type\":\"ReadAction\",\"target\":[\"https:\/\/franciscanos.org.br\/noticias\/num-mundo-orfao-maria-nos-acompanha-e-defende.html\"]}]},{\"@type\":\"BreadcrumbList\",\"@id\":\"https:\/\/franciscanos.org.br\/noticias\/num-mundo-orfao-maria-nos-acompanha-e-defende.html#breadcrumb\",\"itemListElement\":[{\"@type\":\"ListItem\",\"position\":1,\"name\":\"Home\",\"item\":\"https:\/\/franciscanos.org.br\/noticias\"},{\"@type\":\"ListItem\",\"position\":2,\"name\":\"Num mundo \u00f3rf\u00e3o, Maria nos acompanha\"}]},{\"@type\":\"Person\",\"@id\":\"https:\/\/franciscanos.org.br\/noticias\/#\/schema\/person\/b38fbf43118f02820bd932f2e4b14ad3\",\"name\":\"admin\",\"image\":{\"@type\":\"ImageObject\",\"inLanguage\":\"pt-BR\",\"@id\":\"https:\/\/franciscanos.org.br\/noticias\/#\/schema\/person\/image\/\",\"url\":\"https:\/\/secure.gravatar.com\/avatar\/e8495742d34d0ba6448ea1c628263b3e?s=96&d=mm&r=g\",\"contentUrl\":\"https:\/\/secure.gravatar.com\/avatar\/e8495742d34d0ba6448ea1c628263b3e?s=96&d=mm&r=g\",\"caption\":\"admin\"},\"url\":\"https:\/\/franciscanos.org.br\/noticias\/author\/admin\"}]}<\/script>\n<!-- \/ Yoast SEO plugin. -->","yoast_head_json":{"title":"Num mundo \u00f3rf\u00e3o, Maria nos acompanha - Not\u00edcias - Franciscanos","robots":{"index":"index","follow":"follow","max-snippet":"max-snippet:-1","max-image-preview":"max-image-preview:large","max-video-preview":"max-video-preview:-1"},"canonical":"https:\/\/franciscanos.org.br\/noticias\/num-mundo-orfao-maria-nos-acompanha-e-defende.html","og_locale":"pt_BR","og_type":"article","og_title":"Num mundo \u00f3rf\u00e3o, Maria nos acompanha - Not\u00edcias - Franciscanos","og_description":"Missa em Santa Marta","og_url":"https:\/\/franciscanos.org.br\/noticias\/num-mundo-orfao-maria-nos-acompanha-e-defende.html","og_site_name":"Not\u00edcias - Franciscanos","article_published_time":"2016-09-15T11:22:42+00:00","article_modified_time":"2020-06-09T18:23:58+00:00","og_image":[{"width":273,"height":181,"url":"https:\/\/franciscanos.org.br\/noticias\/wp-content\/uploads\/2016\/09\/marta_150916.jpg","type":"image\/jpeg"}],"author":"admin","twitter_card":"summary_large_image","twitter_misc":{"Escrito por":"admin","Est. tempo de leitura":"3 minutos"},"schema":{"@context":"https:\/\/schema.org","@graph":[{"@type":"WebSite","@id":"https:\/\/franciscanos.org.br\/noticias\/#website","url":"https:\/\/franciscanos.org.br\/noticias\/","name":"Not\u00edcias - Franciscanos","description":"Prov\u00edncia Franciscana da Imaculada Concei\u00e7\u00e3o do Brasil - Ordem dos Frades Menores - OFM","potentialAction":[{"@type":"SearchAction","target":{"@type":"EntryPoint","urlTemplate":"https:\/\/franciscanos.org.br\/noticias\/?s={search_term_string}"},"query-input":"required name=search_term_string"}],"inLanguage":"pt-BR"},{"@type":"ImageObject","inLanguage":"pt-BR","@id":"https:\/\/franciscanos.org.br\/noticias\/num-mundo-orfao-maria-nos-acompanha-e-defende.html#primaryimage","url":"https:\/\/franciscanos.org.br\/noticias\/wp-content\/uploads\/2016\/09\/marta_150916.jpg","contentUrl":"https:\/\/franciscanos.org.br\/noticias\/wp-content\/uploads\/2016\/09\/marta_150916.jpg","width":273,"height":181},{"@type":"WebPage","@id":"https:\/\/franciscanos.org.br\/noticias\/num-mundo-orfao-maria-nos-acompanha-e-defende.html#webpage","url":"https:\/\/franciscanos.org.br\/noticias\/num-mundo-orfao-maria-nos-acompanha-e-defende.html","name":"Num mundo \u00f3rf\u00e3o, Maria nos acompanha - Not\u00edcias - Franciscanos","isPartOf":{"@id":"https:\/\/franciscanos.org.br\/noticias\/#website"},"primaryImageOfPage":{"@id":"https:\/\/franciscanos.org.br\/noticias\/num-mundo-orfao-maria-nos-acompanha-e-defende.html#primaryimage"},"datePublished":"2016-09-15T11:22:42+00:00","dateModified":"2020-06-09T18:23:58+00:00","author":{"@id":"https:\/\/franciscanos.org.br\/noticias\/#\/schema\/person\/b38fbf43118f02820bd932f2e4b14ad3"},"breadcrumb":{"@id":"https:\/\/franciscanos.org.br\/noticias\/num-mundo-orfao-maria-nos-acompanha-e-defende.html#breadcrumb"},"inLanguage":"pt-BR","potentialAction":[{"@type":"ReadAction","target":["https:\/\/franciscanos.org.br\/noticias\/num-mundo-orfao-maria-nos-acompanha-e-defende.html"]}]},{"@type":"BreadcrumbList","@id":"https:\/\/franciscanos.org.br\/noticias\/num-mundo-orfao-maria-nos-acompanha-e-defende.html#breadcrumb","itemListElement":[{"@type":"ListItem","position":1,"name":"Home","item":"https:\/\/franciscanos.org.br\/noticias"},{"@type":"ListItem","position":2,"name":"Num mundo \u00f3rf\u00e3o, Maria nos acompanha"}]},{"@type":"Person","@id":"https:\/\/franciscanos.org.br\/noticias\/#\/schema\/person\/b38fbf43118f02820bd932f2e4b14ad3","name":"admin","image":{"@type":"ImageObject","inLanguage":"pt-BR","@id":"https:\/\/franciscanos.org.br\/noticias\/#\/schema\/person\/image\/","url":"https:\/\/secure.gravatar.com\/avatar\/e8495742d34d0ba6448ea1c628263b3e?s=96&d=mm&r=g","contentUrl":"https:\/\/secure.gravatar.com\/avatar\/e8495742d34d0ba6448ea1c628263b3e?s=96&d=mm&r=g","caption":"admin"},"url":"https:\/\/franciscanos.org.br\/noticias\/author\/admin"}]}},"_links":{"self":[{"href":"https:\/\/franciscanos.org.br\/noticias\/wp-json\/wp\/v2\/posts\/116905"}],"collection":[{"href":"https:\/\/franciscanos.org.br\/noticias\/wp-json\/wp\/v2\/posts"}],"about":[{"href":"https:\/\/franciscanos.org.br\/noticias\/wp-json\/wp\/v2\/types\/post"}],"author":[{"embeddable":true,"href":"https:\/\/franciscanos.org.br\/noticias\/wp-json\/wp\/v2\/users\/1"}],"replies":[{"embeddable":true,"href":"https:\/\/franciscanos.org.br\/noticias\/wp-json\/wp\/v2\/comments?post=116905"}],"version-history":[{"count":2,"href":"https:\/\/franciscanos.org.br\/noticias\/wp-json\/wp\/v2\/posts\/116905\/revisions"}],"predecessor-version":[{"id":225615,"href":"https:\/\/franciscanos.org.br\/noticias\/wp-json\/wp\/v2\/posts\/116905\/revisions\/225615"}],"wp:featuredmedia":[{"embeddable":true,"href":"https:\/\/franciscanos.org.br\/noticias\/wp-json\/wp\/v2\/media\/201929"}],"wp:attachment":[{"href":"https:\/\/franciscanos.org.br\/noticias\/wp-json\/wp\/v2\/media?parent=116905"}],"wp:term":[{"taxonomy":"category","embeddable":true,"href":"https:\/\/franciscanos.org.br\/noticias\/wp-json\/wp\/v2\/categories?post=116905"},{"taxonomy":"post_tag","embeddable":true,"href":"https:\/\/franciscanos.org.br\/noticias\/wp-json\/wp\/v2\/tags?post=116905"}],"curies":[{"name":"wp","href":"https:\/\/api.w.org\/{rel}","templated":true}]}}