{"id":116768,"date":"2016-12-14T12:23:25","date_gmt":"2016-12-14T14:23:25","guid":{"rendered":"http:\/\/franciscanos.org.br\/?p=116768"},"modified":"2020-03-05T14:16:33","modified_gmt":"2020-03-05T17:16:33","slug":"dom-paulo-evaristo-arns-95-anos-do-cardeal-da-esperanca","status":"publish","type":"post","link":"https:\/\/franciscanos.org.br\/noticias\/dom-paulo-evaristo-arns-95-anos-do-cardeal-da-esperanca.html","title":{"rendered":"Falece Dom Paulo Evaristo Arns"},"content":{"rendered":"<p><img loading=\"lazy\" class=\"alignnone wp-image-221602 size-full\" src=\"https:\/\/franciscanos.org.br\/noticias\/wp-content\/uploads\/2016\/12\/dompaulo_05.jpg\" alt=\"\" width=\"1280\" height=\"658\" srcset=\"https:\/\/franciscanos.org.br\/noticias\/wp-content\/uploads\/2016\/12\/dompaulo_05.jpg 1280w, https:\/\/franciscanos.org.br\/noticias\/wp-content\/uploads\/2016\/12\/dompaulo_05-450x231.jpg 450w, https:\/\/franciscanos.org.br\/noticias\/wp-content\/uploads\/2016\/12\/dompaulo_05-1024x526.jpg 1024w, https:\/\/franciscanos.org.br\/noticias\/wp-content\/uploads\/2016\/12\/dompaulo_05-768x395.jpg 768w, https:\/\/franciscanos.org.br\/noticias\/wp-content\/uploads\/2016\/12\/dompaulo_05-150x77.jpg 150w\" sizes=\"(max-width: 1280px) 100vw, 1280px\" \/><\/p>\n<p>Aos 95 anos, faleceu nesta quarta-feira (14\/12), Festa de S\u00e3o Jo\u00e3o da Cruz) o cardeal Dom Paulo Evaristo Arns, Arcebispo Em\u00e9rito da Arquidiocese de S\u00e3o Paulo. Ele estava internado no Hospital Santa Catarina em decorr\u00eancia de uma broncopneumonia.<\/p>\n<p>&#8220;Comunico, com imenso pesar, que no dia 14 de dezembro de 2016 \u00e0s 11h45, o Cardeal Paulo Evaristo Arns, Arcebispo Em\u00e9rito de S\u00e3o Paulo, entregou sua vida a Deus, depois de t\u00ea-la dedicado generosamente aos irm\u00e3os neste mundo&#8221;, informou o Cardeal Dom Odilo Pedro Scherer, Arcebispo Metropolitano de S\u00e3o Paulo, em nota divulgada hoje \u00e0s 13 horas. &#8220;Louvemos e agrade\u00e7amos ao \u201cAlt\u00edssimo, onipotente e bom Senhor\u201d pelos 95 anos de vida de Dom Paulo, seus 76 anos de consagra\u00e7\u00e3o religiosa, 71 anos de sacerd\u00f3cio ministerial, 50 de episcopado e 43 anos de cardinalato. Glorifiquemos a Deus pelos dons concedidos a Dom Paulo, e que ele soube partilhar com os irm\u00e3os. Louvemos a Deus pelo testemunho de vida franciscana de Dom Paulo e pelo seu engajamento corajoso na defesa da dignidade humana e dos direitos inalien\u00e1veis de cada pessoa. Agrade\u00e7amos a Deus por seu exemplo de Pastor zeloso do povo de Deus e por sua aten\u00e7\u00e3o especial aos pequenos, pobres e aflitos. Dom Paulo, agora, se alegre no c\u00e9u e obtenha o fruto da sua esperan\u00e7a junto de Deus!&#8221;, acrescentou D. Odilo, convidando a todos a elevarem preces de louvor e gratid\u00e3o a Deus e de sufr\u00e1gio em favor do falecido Cardeal Dom Paulo Evaristo Arns e \u00a0tamb\u00e9m a participarem do vel\u00f3rio e dos ritos f\u00fanebres, que ser\u00e3o realizados na Catedral Metropolitana de S\u00e3o Paulo.<\/p>\n<p>O<strong> Papa Francisco<\/strong> recebeu a not\u00edcia da morte do \u201cvenerado irm\u00e3o Cardeal Paulo Evaristo Arns\u201d com grande pesar e enviou um telegrama ao Cardeal-arcebispo de S\u00e3o Paulo, Dom Odilo Scherer, na manh\u00e3 desta quinta-feira (15\/12).<\/p>\n<p>O Pont\u00edfice expressa a todo o clero, comunidades religiosas e fi\u00e9is da Arquidiocese de S\u00e3o Paulo, bem como \u00e0 fam\u00edlia do falecido, os seus p\u00easames pelo desaparecimento desse intr\u00e9pido pastor que no seu minist\u00e9rio eclesial se revelou aut\u00eantica testemunha do Evangelho no meio do seu povo, a todos apontando a senda da verdade na caridade e do servi\u00e7o \u00e0 comunidade em permanente aten\u00e7\u00e3o pelos mais desfavorecidos.<\/p>\n<p>\u201cDou gra\u00e7as ao Senhor por ter dado \u00e0 Igreja t\u00e3o generoso pastor e elevo fervorosas preces para que Deus acolha na sua felicidade eterna este seu servo bom e fiel enquanto envio a essa comunidade arquidiocesana que chora a perda do seu amado pastor e \u00e0 Igreja do Brasil, que nele teve um seguro ponto de refer\u00eancia e a quantos partilham esta hora de tristeza que anuncia a ressurrei\u00e7\u00e3o, uma confortadora b\u00ean\u00e7\u00e3o apost\u00f3lica\u201d.<\/p>\n<p><strong>Em <a href=\"https:\/\/twitter.com\/arquidioceseSP\" target=\"_blank\" rel=\"noopener noreferrer\">nota<\/a>, a Arquidiocese informou que o FUNERAL\u00a0ter\u00e1 in\u00edcio \u00e0s 19h desta quarta-feira (14), e o SEPULTAMENTO ocorrer\u00e1 na sexta-feira (16), ap\u00f3s a missa das 15h, presidida pelo Cardeal Dom Odilo Pedro Scherer. Durante o funeral, acontecer\u00e3o missas a cada 2 horas. A programa\u00e7\u00e3o completa ser\u00e1 divulgada em breve.<\/strong><\/p>\n<p><strong>MISSA DOS FRANCISCANOS<\/strong><br \/>\n<strong>A Missa dos Franciscanos pela alma de Dom Paulo ser\u00e1 \u00e0s 10 horas, de sexta-feira (16), na Catedral da S\u00e9.\u00a0<\/strong><\/p>\n<p><strong>TODAS AS CELEBRA\u00c7\u00d5ES<\/strong><br \/>\n<strong>15\/12 &#8211; Quinta-feira 10h<\/strong> &#8211; Dom Ang\u00e9lico S\u00e2ndalo Bernardino<br \/>\n<strong>15\/12 &#8211; Quinta-feira 12h<\/strong> &#8211; Dom Carlos Lema Garcia<br \/>\n<strong>15\/12 &#8211; Quinta-feira 14h<\/strong>&#8211; Dom Pedro Luiz Stringhinini<br \/>\n<strong>15\/12 &#8211; Quinta-feira 16h<\/strong> &#8211; C\u00f4nego Antonio Manzatto<br \/>\n<strong>15\/12 &#8211; Quinta-feira 18h<\/strong> &#8211; Dom Fernando Penteado<br \/>\n<strong>15\/12 &#8211; Quinta-feira 20h<\/strong> &#8211; Padre J\u00falio Lancelotti<br \/>\n<strong>15\/12 &#8211; Quinta-feira 22h<\/strong> &#8211; Dom Eduardo Vieira<br \/>\n<strong>16\/12 &#8211; Quinta-feira 00h<\/strong> &#8211; C\u00f4nego Celso Pedro da Silva<br \/>\n<strong>16\/12 &#8211; Sexta-feira 2h &#8211;<\/strong> Dom Julio Endi Akamine<br \/>\n<strong>16\/12 &#8211; Sexta-feira 4h &#8211;<\/strong><br \/>\n<strong>16\/12 &#8211; Sexta-feira 6h &#8211;<\/strong><br \/>\n<strong>16\/12 &#8211; Sexta-feira 8h<\/strong> &#8211;<br \/>\n<strong>16\/12 &#8211; Sexta-feira 10h<\/strong> &#8211; <strong>Frei Fid\u00eancio Vanboemmel<\/strong><br \/>\n<strong>16\/12 &#8211; Sexta-feira 12h<\/strong> -Dom Celso Queiroz<br \/>\n<strong>16\/12 &#8211; Sexta-feira 15h<\/strong> &#8211; Cardeal Odilo Pedro Scherer.<br \/>\n<img loading=\"lazy\" src=\"http:\/\/franciscanos.org.br\/wp-content\/uploads\/2016\/12\/dompaulo_151216.jpg\" alt=\"dompaulo_151216\" width=\"830\" height=\"623\" \/><br \/>\nA hist\u00f3ria deste franciscano se confunde com a hist\u00f3ria da cidade de S\u00e3o Paulo e com a hist\u00f3ria do pa\u00eds. Foi o 5\u00ba Arcebispo e 3\u00ba Cardeal de S\u00e3o Paulo, permanecendo 32 anos como bispo na Arquidiocese de S\u00e3o Paulo e 43 anos como Cardeal.\u00a0No dia 2 de julho de 2016 celebrou na Catedral da S\u00e9\u00a0os 50 anos de sua\u00a0Ordena\u00e7\u00e3o Episcopal.<\/p>\n<p>Estudou na Universidade Sorbonne de Paris, onde formou-se em Patr\u00edstica e L\u00ednguas cl\u00e1ssicas. Foi professor e mestre dos cl\u00e9rigos, diretor do CIC e jornalista profissional. Trabalhou como vig\u00e1rio nos sub\u00farbios de Petr\u00f3polis, onde era amigo das crian\u00e7as e dos pobres dos morros, quando foi indicado bispo auxiliar de Dom Agnelo Rossi, no dia 02\/05\/1966 e sagrado em 03\/07\/1966, como bispo titular de Respecta.<\/p>\n<p>Atuou intensamente na Regi\u00e3o Norte de S\u00e3o Paulo. Foi nomeado Arcebispo de S\u00e3o Paulo no dia 22\/10\/1970, tomando posse dia 01\/11\/1970.<\/p>\n<p><img loading=\"lazy\" class=\"alignleft wp-image-122272\" src=\"http:\/\/franciscanos.org.br\/wp-content\/uploads\/2016\/12\/odilo.jpg\" alt=\"odilo\" width=\"420\" height=\"568\" \/>Perante o n\u00fancio apost\u00f3lico, 28 bispos e arcebispos, diante do governador, do prefeito e cerca de cinco mil fi\u00e9is, Dom Paulo tendo a m\u00e3e presente, Sra. Helena Steiner Arns, com 76 anos, e seus quatorze irm\u00e3os, fez comovente exorta\u00e7\u00e3o:<\/p>\n<p><em>\u201cVenho do meio do povo desta Arquidiocese a que j\u00e1 pertencia, do clero a quem amo e de quem sou irm\u00e3o, dos religiosos que comigo se esfor\u00e7am para serem sinal e esperan\u00e7a dos bens que est\u00e3o para chegar, dos leigos que entendem o servi\u00e7o aos irm\u00e3os como tarefa essencial de sua exist\u00eancia.&#8221;<\/em><\/p>\n<p>Ao longo de sua trajet\u00f3ria, trabalhou como jornalista, professor e escritor, tendo publicado 57 livros. Durante a Ditadura Militar, destacou-se por sua luta pol\u00edtica, em defesa dos direitos humanos, contra as torturas e a favor do voto nas Diretas J\u00e1.<br \/>\nGanhou proje\u00e7\u00e3o na milit\u00e2ncia em janeiro de 1971, logo ap\u00f3s tornar-se arcebispo de S\u00e3o Paulo, e denunciar a pris\u00e3o e tortura de dois agentes de pastoral, o padre Giulio Vicini e a assistente social Yara Spadini.<\/p>\n<p>No mesmo ano, apoiou Dom H\u00e9lder C\u00e2mara e Dom Waldyr Calheiros que estavam sendo pressionados pelo regime militar.<br \/>\nEm 1972 criou a Comiss\u00e3o Justi\u00e7a e Paz de S\u00e3o Paulo e, como presidente regional da Confer\u00eancia Nacional dos Bispos do Brasil (CNBB), liderou a publica\u00e7\u00e3o do \u201cTestemunho de paz\u201d, documento com fortes cr\u00edticas ao regime militar que ganhou ampla repercuss\u00e3o \u00e0 \u00e9poca.<\/p>\n<p>Presidiu celebra\u00e7\u00f5es hist\u00f3ricas na Catedral da S\u00e9, no Centro de S\u00e3o Paulo, em mem\u00f3ria de v\u00edtimas da Ditadura Militar. Dentre eles, do estudante universit\u00e1rio Alexandre Vannucchi Leme, assassinado em 1973, e o ato ecum\u00eanico em honra do jornalista Vladimir Herzog, assassinado no DOI-CODI, em S\u00e3o Paulo, em 75.<\/p>\n<p>Atuou contra a invas\u00e3o da PUC em 1977, em S\u00e3o Paulo, comandada pelo coronel Erasmo Dias, \u00e0 \u00e9poca secret\u00e1rio de Seguran\u00e7a, e a opera\u00e7\u00e3o para entregar ao presidente dos Estados Unidos, Jimmy Carter, uma lista com os nomes de desaparecidos pol\u00edticos.<br \/>\nTamb\u00e9m teve papel importante em favor das v\u00edtimas da ditadura na Argentina, em 1976. O ativista de direitos humanos argentino Adolfo Perez Esquivel, ganhador do Pr\u00eamio Nobel da Paz em 1980, disse que foi &#8220;salvo duas vezes&#8221; por Dom Paulo Evaristo Arns durante a ditadura no Brasil.<\/p>\n<p>Em 1980, acompanhou a primeira visita do papa Jo\u00e3o Paulo II ao Brasil, em 1980. Em S\u00e3o Paulo, Jo\u00e3o Paulo II falou no est\u00e1dio do Morumbi para 200 mil oper\u00e1rios.<\/p>\n<p>Em 1985, criou a Pastoral da Inf\u00e2ncia, com o apoio de sua irm\u00e3, Zilda Arns, que morreu no terremoto de 2010 no Haiti, onde realizava trabalhos humanit\u00e1rios.<\/p>\n<p>Em 28 anos de arcebispado, criou 43 par\u00f3quias, construiu 1200 centros comunit\u00e1rios, incentivou e apoiou o surgimento de mais de 2000 Comunidades Eclesiais de Base (CEBs) na capital paulista.<\/p>\n<p>Por seus feitos, recebeu in\u00fameros pr\u00eamios e homenagens no Brasil e no exterior. Dentre eles, o Pr\u00eamio Nansen do Alto Comissariado da ONU para Refugiados (Acnur), o Pr\u00eamio Niwano da Paz (Jap\u00e3o), e o Pr\u00eamio Internacional Letelier-Moffitt de Direitos Humanos (EUA), al\u00e9m de 38 t\u00edtulos de cidadania.<\/p>\n<p>Sua biografia foi relatada em dez livros, sendo o mais recente lan\u00e7ado em outubro deste ano, no Tuca, teatro da PUC, na Zona Oeste de S\u00e3o Paulo, durante uma homenagem pelos 95 anos de Dom Paulo.<\/p>\n<p>Passou os \u00faltimos anos de sua vida entre ora\u00e7\u00f5es, leituras e assist\u00eancia aos idosos, recebendo ainda in\u00fameras homenagens, entre as quais a da presidente Dilma Roussef que, em 18 de maio de 2012, foi visit\u00e1-lo na Fraternidade Nossa Senhora dos Anjos, da Congrega\u00e7\u00e3o das Irm\u00e3s da A\u00e7\u00e3o Pastoral, que cuidaram de Dom Paulo desde que se tornou cardeal em\u00e9rito. Dom Paulo residia em Taboa da Serra (SP).<\/p>\n<p>Frei Diego Melo, coordenador do SAV (Servi\u00e7o de Anima\u00e7\u00e3o Vocacional), esteve com Dom Paulo na \u00faltima semana e partilhou um pouco deste momento em seu perfil no Facebook:<br \/>\n&#8220;H\u00e1 dois dias atr\u00e1s visitei a Dom Paulo na UTI do hospital. Embora j\u00e1 n\u00e3o demonstrasse consci\u00eancia, chamou-nos aten\u00e7\u00e3o que no momento em que Frei M\u00e1rio e eu rezamos e demos a ben\u00e7\u00e3o, ele mostrou uma certa rea\u00e7\u00e3o, fazendo-nos entender a sua participa\u00e7\u00e3o naquela hora. Mas o que realmente mais me marcou, foi v\u00ea-lo segurando fortemente a sua cruz peitoral. Fiquei por uns instantes segurando a sua m\u00e3o que abra\u00e7ava aquele Cristo que por tantos anos ele carregou n\u00e3o s\u00f3 peito, mas principalmente nas suas atitudes e no seu cora\u00e7\u00e3o, agradecendo a Deus e a Dom Paulo pelo testemunho de amor e doa\u00e7\u00e3o como frade menor. Tenho certeza de que esse mesmo Cristo a quem ele tanto amou durante a sua vida, a quem ele tanto serviu na pessoa dos mais pobres, e a quem ele se agarrou at\u00e9 o \u00faltimo instante de sua vida terrena, j\u00e1 o acolheu no seu abra\u00e7o caloroso e misericordioso. Descanse em paz, Dom Frei Paulo Evaristo Arns.&#8221;<br \/>\n<em>Fotos: Site Dom Paulo, Arquidiocese de S\u00e3o Paulo, Douglas Mansur e Franciscanos Rondinha.<\/em><\/p>\n<hr \/>\n<p><em>Os textos foram retirados do site da Arquidiocese de S\u00e3o Paulo, da Revista CartaCapital e do jornal O S\u00e3o Paulo, edi\u00e7\u00e3o especial (<a href=\"https:\/\/issuu.com\/jornalosaopaulo\/docs\/josp_especial\" target=\"_blank\" rel=\"noopener noreferrer\">veja na \u00edntegra<\/a>)<\/em><\/p>\n","protected":false},"excerpt":{"rendered":"<p>Dom Paulo Evaristo Arns<\/p>\n","protected":false},"author":1,"featured_media":220196,"comment_status":"open","ping_status":"open","sticky":false,"template":"","format":"standard","meta":[],"categories":[1],"tags":[693],"acf":[],"yoast_head":"<!-- This site is optimized with the Yoast SEO plugin v19.2 - https:\/\/yoast.com\/wordpress\/plugins\/seo\/ -->\n<title>Falece Dom Paulo Evaristo Arns - Not\u00edcias - Franciscanos<\/title>\n<meta name=\"robots\" content=\"index, follow, max-snippet:-1, max-image-preview:large, max-video-preview:-1\" \/>\n<link rel=\"canonical\" href=\"https:\/\/franciscanos.org.br\/noticias\/dom-paulo-evaristo-arns-95-anos-do-cardeal-da-esperanca.html\" \/>\n<meta property=\"og:locale\" content=\"pt_BR\" \/>\n<meta property=\"og:type\" content=\"article\" \/>\n<meta property=\"og:title\" content=\"Falece Dom Paulo Evaristo Arns - Not\u00edcias - Franciscanos\" \/>\n<meta property=\"og:description\" content=\"Dom Paulo Evaristo Arns\" \/>\n<meta property=\"og:url\" content=\"https:\/\/franciscanos.org.br\/noticias\/dom-paulo-evaristo-arns-95-anos-do-cardeal-da-esperanca.html\" \/>\n<meta property=\"og:site_name\" content=\"Not\u00edcias - Franciscanos\" \/>\n<meta property=\"article:published_time\" content=\"2016-12-14T14:23:25+00:00\" \/>\n<meta property=\"article:modified_time\" content=\"2020-03-05T17:16:33+00:00\" \/>\n<meta property=\"og:image\" content=\"https:\/\/franciscanos.org.br\/noticias\/wp-content\/uploads\/2016\/12\/dompaulo_151216.jpg\" \/>\n\t<meta property=\"og:image:width\" content=\"273\" \/>\n\t<meta property=\"og:image:height\" content=\"181\" \/>\n\t<meta property=\"og:image:type\" content=\"image\/jpeg\" \/>\n<meta name=\"author\" content=\"admin\" \/>\n<meta name=\"twitter:card\" content=\"summary_large_image\" \/>\n<meta name=\"twitter:label1\" content=\"Escrito por\" \/>\n\t<meta name=\"twitter:data1\" content=\"admin\" \/>\n\t<meta name=\"twitter:label2\" content=\"Est. tempo de leitura\" \/>\n\t<meta name=\"twitter:data2\" content=\"9 minutos\" \/>\n<script type=\"application\/ld+json\" class=\"yoast-schema-graph\">{\"@context\":\"https:\/\/schema.org\",\"@graph\":[{\"@type\":\"WebSite\",\"@id\":\"https:\/\/franciscanos.org.br\/noticias\/#website\",\"url\":\"https:\/\/franciscanos.org.br\/noticias\/\",\"name\":\"Not\u00edcias - Franciscanos\",\"description\":\"Prov\u00edncia Franciscana da Imaculada Concei\u00e7\u00e3o do Brasil - Ordem dos Frades Menores - OFM\",\"potentialAction\":[{\"@type\":\"SearchAction\",\"target\":{\"@type\":\"EntryPoint\",\"urlTemplate\":\"https:\/\/franciscanos.org.br\/noticias\/?s={search_term_string}\"},\"query-input\":\"required name=search_term_string\"}],\"inLanguage\":\"pt-BR\"},{\"@type\":\"ImageObject\",\"inLanguage\":\"pt-BR\",\"@id\":\"https:\/\/franciscanos.org.br\/noticias\/dom-paulo-evaristo-arns-95-anos-do-cardeal-da-esperanca.html#primaryimage\",\"url\":\"https:\/\/franciscanos.org.br\/noticias\/wp-content\/uploads\/2016\/12\/dompaulo_151216.jpg\",\"contentUrl\":\"https:\/\/franciscanos.org.br\/noticias\/wp-content\/uploads\/2016\/12\/dompaulo_151216.jpg\",\"width\":273,\"height\":181},{\"@type\":\"WebPage\",\"@id\":\"https:\/\/franciscanos.org.br\/noticias\/dom-paulo-evaristo-arns-95-anos-do-cardeal-da-esperanca.html#webpage\",\"url\":\"https:\/\/franciscanos.org.br\/noticias\/dom-paulo-evaristo-arns-95-anos-do-cardeal-da-esperanca.html\",\"name\":\"Falece Dom Paulo Evaristo Arns - Not\u00edcias - Franciscanos\",\"isPartOf\":{\"@id\":\"https:\/\/franciscanos.org.br\/noticias\/#website\"},\"primaryImageOfPage\":{\"@id\":\"https:\/\/franciscanos.org.br\/noticias\/dom-paulo-evaristo-arns-95-anos-do-cardeal-da-esperanca.html#primaryimage\"},\"datePublished\":\"2016-12-14T14:23:25+00:00\",\"dateModified\":\"2020-03-05T17:16:33+00:00\",\"author\":{\"@id\":\"https:\/\/franciscanos.org.br\/noticias\/#\/schema\/person\/b38fbf43118f02820bd932f2e4b14ad3\"},\"breadcrumb\":{\"@id\":\"https:\/\/franciscanos.org.br\/noticias\/dom-paulo-evaristo-arns-95-anos-do-cardeal-da-esperanca.html#breadcrumb\"},\"inLanguage\":\"pt-BR\",\"potentialAction\":[{\"@type\":\"ReadAction\",\"target\":[\"https:\/\/franciscanos.org.br\/noticias\/dom-paulo-evaristo-arns-95-anos-do-cardeal-da-esperanca.html\"]}]},{\"@type\":\"BreadcrumbList\",\"@id\":\"https:\/\/franciscanos.org.br\/noticias\/dom-paulo-evaristo-arns-95-anos-do-cardeal-da-esperanca.html#breadcrumb\",\"itemListElement\":[{\"@type\":\"ListItem\",\"position\":1,\"name\":\"Home\",\"item\":\"https:\/\/franciscanos.org.br\/noticias\"},{\"@type\":\"ListItem\",\"position\":2,\"name\":\"Falece Dom Paulo Evaristo Arns\"}]},{\"@type\":\"Person\",\"@id\":\"https:\/\/franciscanos.org.br\/noticias\/#\/schema\/person\/b38fbf43118f02820bd932f2e4b14ad3\",\"name\":\"admin\",\"image\":{\"@type\":\"ImageObject\",\"inLanguage\":\"pt-BR\",\"@id\":\"https:\/\/franciscanos.org.br\/noticias\/#\/schema\/person\/image\/\",\"url\":\"https:\/\/secure.gravatar.com\/avatar\/e8495742d34d0ba6448ea1c628263b3e?s=96&d=mm&r=g\",\"contentUrl\":\"https:\/\/secure.gravatar.com\/avatar\/e8495742d34d0ba6448ea1c628263b3e?s=96&d=mm&r=g\",\"caption\":\"admin\"},\"url\":\"https:\/\/franciscanos.org.br\/noticias\/author\/admin\"}]}<\/script>\n<!-- \/ Yoast SEO plugin. -->","yoast_head_json":{"title":"Falece Dom Paulo Evaristo Arns - Not\u00edcias - Franciscanos","robots":{"index":"index","follow":"follow","max-snippet":"max-snippet:-1","max-image-preview":"max-image-preview:large","max-video-preview":"max-video-preview:-1"},"canonical":"https:\/\/franciscanos.org.br\/noticias\/dom-paulo-evaristo-arns-95-anos-do-cardeal-da-esperanca.html","og_locale":"pt_BR","og_type":"article","og_title":"Falece Dom Paulo Evaristo Arns - Not\u00edcias - Franciscanos","og_description":"Dom Paulo Evaristo Arns","og_url":"https:\/\/franciscanos.org.br\/noticias\/dom-paulo-evaristo-arns-95-anos-do-cardeal-da-esperanca.html","og_site_name":"Not\u00edcias - Franciscanos","article_published_time":"2016-12-14T14:23:25+00:00","article_modified_time":"2020-03-05T17:16:33+00:00","og_image":[{"width":273,"height":181,"url":"https:\/\/franciscanos.org.br\/noticias\/wp-content\/uploads\/2016\/12\/dompaulo_151216.jpg","type":"image\/jpeg"}],"author":"admin","twitter_card":"summary_large_image","twitter_misc":{"Escrito por":"admin","Est. tempo de leitura":"9 minutos"},"schema":{"@context":"https:\/\/schema.org","@graph":[{"@type":"WebSite","@id":"https:\/\/franciscanos.org.br\/noticias\/#website","url":"https:\/\/franciscanos.org.br\/noticias\/","name":"Not\u00edcias - Franciscanos","description":"Prov\u00edncia Franciscana da Imaculada Concei\u00e7\u00e3o do Brasil - Ordem dos Frades Menores - OFM","potentialAction":[{"@type":"SearchAction","target":{"@type":"EntryPoint","urlTemplate":"https:\/\/franciscanos.org.br\/noticias\/?s={search_term_string}"},"query-input":"required name=search_term_string"}],"inLanguage":"pt-BR"},{"@type":"ImageObject","inLanguage":"pt-BR","@id":"https:\/\/franciscanos.org.br\/noticias\/dom-paulo-evaristo-arns-95-anos-do-cardeal-da-esperanca.html#primaryimage","url":"https:\/\/franciscanos.org.br\/noticias\/wp-content\/uploads\/2016\/12\/dompaulo_151216.jpg","contentUrl":"https:\/\/franciscanos.org.br\/noticias\/wp-content\/uploads\/2016\/12\/dompaulo_151216.jpg","width":273,"height":181},{"@type":"WebPage","@id":"https:\/\/franciscanos.org.br\/noticias\/dom-paulo-evaristo-arns-95-anos-do-cardeal-da-esperanca.html#webpage","url":"https:\/\/franciscanos.org.br\/noticias\/dom-paulo-evaristo-arns-95-anos-do-cardeal-da-esperanca.html","name":"Falece Dom Paulo Evaristo Arns - Not\u00edcias - Franciscanos","isPartOf":{"@id":"https:\/\/franciscanos.org.br\/noticias\/#website"},"primaryImageOfPage":{"@id":"https:\/\/franciscanos.org.br\/noticias\/dom-paulo-evaristo-arns-95-anos-do-cardeal-da-esperanca.html#primaryimage"},"datePublished":"2016-12-14T14:23:25+00:00","dateModified":"2020-03-05T17:16:33+00:00","author":{"@id":"https:\/\/franciscanos.org.br\/noticias\/#\/schema\/person\/b38fbf43118f02820bd932f2e4b14ad3"},"breadcrumb":{"@id":"https:\/\/franciscanos.org.br\/noticias\/dom-paulo-evaristo-arns-95-anos-do-cardeal-da-esperanca.html#breadcrumb"},"inLanguage":"pt-BR","potentialAction":[{"@type":"ReadAction","target":["https:\/\/franciscanos.org.br\/noticias\/dom-paulo-evaristo-arns-95-anos-do-cardeal-da-esperanca.html"]}]},{"@type":"BreadcrumbList","@id":"https:\/\/franciscanos.org.br\/noticias\/dom-paulo-evaristo-arns-95-anos-do-cardeal-da-esperanca.html#breadcrumb","itemListElement":[{"@type":"ListItem","position":1,"name":"Home","item":"https:\/\/franciscanos.org.br\/noticias"},{"@type":"ListItem","position":2,"name":"Falece Dom Paulo Evaristo Arns"}]},{"@type":"Person","@id":"https:\/\/franciscanos.org.br\/noticias\/#\/schema\/person\/b38fbf43118f02820bd932f2e4b14ad3","name":"admin","image":{"@type":"ImageObject","inLanguage":"pt-BR","@id":"https:\/\/franciscanos.org.br\/noticias\/#\/schema\/person\/image\/","url":"https:\/\/secure.gravatar.com\/avatar\/e8495742d34d0ba6448ea1c628263b3e?s=96&d=mm&r=g","contentUrl":"https:\/\/secure.gravatar.com\/avatar\/e8495742d34d0ba6448ea1c628263b3e?s=96&d=mm&r=g","caption":"admin"},"url":"https:\/\/franciscanos.org.br\/noticias\/author\/admin"}]}},"_links":{"self":[{"href":"https:\/\/franciscanos.org.br\/noticias\/wp-json\/wp\/v2\/posts\/116768"}],"collection":[{"href":"https:\/\/franciscanos.org.br\/noticias\/wp-json\/wp\/v2\/posts"}],"about":[{"href":"https:\/\/franciscanos.org.br\/noticias\/wp-json\/wp\/v2\/types\/post"}],"author":[{"embeddable":true,"href":"https:\/\/franciscanos.org.br\/noticias\/wp-json\/wp\/v2\/users\/1"}],"replies":[{"embeddable":true,"href":"https:\/\/franciscanos.org.br\/noticias\/wp-json\/wp\/v2\/comments?post=116768"}],"version-history":[{"count":0,"href":"https:\/\/franciscanos.org.br\/noticias\/wp-json\/wp\/v2\/posts\/116768\/revisions"}],"wp:featuredmedia":[{"embeddable":true,"href":"https:\/\/franciscanos.org.br\/noticias\/wp-json\/wp\/v2\/media\/220196"}],"wp:attachment":[{"href":"https:\/\/franciscanos.org.br\/noticias\/wp-json\/wp\/v2\/media?parent=116768"}],"wp:term":[{"taxonomy":"category","embeddable":true,"href":"https:\/\/franciscanos.org.br\/noticias\/wp-json\/wp\/v2\/categories?post=116768"},{"taxonomy":"post_tag","embeddable":true,"href":"https:\/\/franciscanos.org.br\/noticias\/wp-json\/wp\/v2\/tags?post=116768"}],"curies":[{"name":"wp","href":"https:\/\/api.w.org\/{rel}","templated":true}]}}