{"id":116721,"date":"2016-09-12T14:48:28","date_gmt":"2016-09-12T17:48:28","guid":{"rendered":"http:\/\/franciscanos.org.br\/?p=116721"},"modified":"2023-01-09T11:20:43","modified_gmt":"2023-01-09T14:20:43","slug":"irmaos-leigos-concluem-encontro-em-vila-velha","status":"publish","type":"post","link":"https:\/\/franciscanos.org.br\/noticias\/irmaos-leigos-concluem-encontro-em-vila-velha.html","title":{"rendered":"Irm\u00e3os Leigos concluem encontro em Vila Velha"},"content":{"rendered":"<p><img loading=\"lazy\" src=\"http:\/\/franciscanos.org.br\/wp-content\/uploads\/2016\/09\/irmaos_120916_2.jpg\" alt=\"irmaos_120916_2\" width=\"820\" height=\"350\" \/><\/p>\n<p><strong>Acolhida<\/strong><\/p>\n<p>Contando seja com a \u201cestreia\u201d de confrades estudantes de Rondinha, dois T(h)iagos, seja com a experi\u00eancia de vida de Frei Pedro Engel, um grupo de irm\u00e3os leigos da Prov\u00edncia reuniu-se de 9 a 11 de setembro, na Ponta da Fruta, em Vila Velha. Na tarde do dia 9, aos poucos, a casa dos confrades do Santu\u00e1rio do Divino Esp\u00edrito Santo foi se avolumando com a chegada dos participantes, muito bem acolhidos pela fraternidade local. \u00c0s 17h00, partimos, de \u00f4nibus, para a casa de encontros Santa Clara. L\u00e1 nos esperava simp\u00e1tico e acolhedor grupo de cozinheiras. Na noite do dia 9, sentamos para aprovar a programa\u00e7\u00e3o. \u00a0O texto para a reflex\u00e3o, trazido pela comiss\u00e3o organizadora, era um resumo do primeiro cap\u00edtulo do documento emitido pela Congrega\u00e7\u00e3o para os Institutos de Vida Consagrada e as Sociedades de Vida Apost\u00f3lica, com o t\u00edtulo \u201cIdentidade e miss\u00e3o do religioso irm\u00e3o na Igreja\u201d, de 4 de outubro de 2015. Cada participante recebeu o texto na \u00edntegra, publicado em portugu\u00eas pelas Paulinas.<\/p>\n<p><strong>Partilha e reflex\u00e3o<\/strong><\/p>\n<p>O dia 10 foi dedicado, primeiramente, a partilha em que cada um p\u00f4de falar sobre sua pr\u00f3pria experi\u00eancia vocacional, fraterna e de servi\u00e7o na atual fraternidade a que pertence. Depois, em grupo, foi discutido o texto proposto pela equipe que organizou o encontro, que contava com Frei James Ferreira Gomes Neto, Frei Elias Dalla Rosa e Frei Alex Ferreira da Silva.<\/p>\n<p>Tanto na partilha como depois no plen\u00e1rio ouviam-se express\u00f5es do seguinte teor: \u201ctemos um ritmo pr\u00f3prio de vida, sem perder o esp\u00edrito de fraternidade\u201d, \u201cno Ano Mission\u00e1rio, nos dispomos a aprender e conviver com o diferente\u201d, \u201crealizo-me com os trabalhos de evangeliza\u00e7\u00e3o, nas celebra\u00e7\u00f5es que animo nas comunidades\u201d, \u201cestamos procurando dinamizar uma casa grande, com grande estrutura a ser reanimada\u201d, \u201cna Forma\u00e7\u00e3o, e entre os pr\u00f3prios formandos, \u00e9 preciso haver maior abertura \u00e0 op\u00e7\u00e3o laical\u201d, \u201cal\u00e9m da vida do dia a dia do semin\u00e1rio, estamos desenvolvendo trabalho social junto aos haitianos, com muitas demandas e desafios\u201d, \u201cnos trabalhos pastorais, como frades estudantes, procuramos ser presen\u00e7a, conversar, ouvir\u201d, \u201cfui atra\u00eddo para a vida franciscana pela identifica\u00e7\u00e3o do carisma mesmo, e n\u00e3o por um chamado sacerdotal\u201d; \u201cos servi\u00e7os em Guaratinguet\u00e1 s\u00e3o bem diversificados: acolhimento aos romeiros, forma\u00e7\u00e3o, trabalhos caseiros e de manuten\u00e7\u00e3o, ex\u00e9quias, visita aos hospitais, equipes de Nossa Senhora\u201d; \u201co trabalho no Sefras \u00e9 muito desafiador, com muitas demandas, como o desenvolvido no pres\u00eddio feminino em S\u00e3o Paulo, com hist\u00f3rias de vida desconcertantes\u201d; \u201c\u00e9 hora de superar o clericalismo que influencia tanto os irm\u00e3os sacerdotes como os irm\u00e3os leigos, com posturas ligadas ao poder e status, e n\u00e3o atentas ao apelo do Papa Francisco de uma Igreja em sa\u00edda; \u201cdeveria ser mais claro na Forma\u00e7\u00e3o inicial: \u2018voc\u00ea vem para ser frade menor. N\u00e3o \u00e9 garantido, que se tornar\u00e1 padre\u2019\u201d; \u201c\u00e9 importante evidenciar e discutir na Forma\u00e7\u00e3o as Frentes de Evangeliza\u00e7\u00e3o da Prov\u00edncia\u201d.<\/p>\n<p><img loading=\"lazy\" src=\"http:\/\/franciscanos.org.br\/wp-content\/uploads\/2016\/09\/irmaos_120916_31.jpg\" alt=\"irmaos_120916_3\" width=\"820\" height=\"291\" \/><\/p>\n<p><strong>Encaminhamentos<\/strong><\/p>\n<p>Os irm\u00e3os pedem ao Secretariado da Forma\u00e7\u00e3o e dos Estudos e ao Definit\u00f3rio Provincial que considerem e avaliem as seguintes quest\u00f5es:<\/p>\n<p style=\"padding-left: 30px;\"><strong>1. P\u00f3s-noviciado<\/strong>. Os documentos da Ordem, referentes \u00e0 Forma\u00e7\u00e3o, e a maioria das Entidades usam o termo \u201cp\u00f3s-noviciado\u201d para o per\u00edodo de profiss\u00e3o tempor\u00e1ria dos confrades. A casa de Rondinha &#8211; sabe-se -, tem e deve ter como miss\u00e3o principal oferecer aos professos tempor\u00e1rios a continuidade da Forma\u00e7\u00e3o Franciscana para ser frade menor, iniciada no noviciado. Nesse sentido, os irm\u00e3os reunidos em Vila Velha pedem que a Fraternidade de Rondinha seja considerada sempre mais como \u201ccasa de p\u00f3s-noviciado\u201d, inclusive na nomenclatura usada nos livros e documentos da Prov\u00edncia: Ratio Formationis, Estatutos Particulares, Irm\u00e3os e Fraternidades, etc. \u00c9 muito comum ainda usarmos as express\u00f5es: \u201ccasa da Filosofia\u201d, \u201ctempo da Filosofia\u201d, \u201cterminei o noviciado e vou para a Filosofia\u201d. Tais falas n\u00e3o nos ajudam na supera\u00e7\u00e3o da vis\u00e3o clerical que muitos frades da Prov\u00edncia ainda conservam e que se instala na forma\u00e7\u00e3o do per\u00edodo p\u00f3s-noviciado at\u00e9 a profiss\u00e3o solene. Per\u00edodo este que, necessariamente, n\u00e3o precisa supor os estudos de Filosofia.<\/p>\n<p style=\"padding-left: 30px;\">Partindo disso, os irm\u00e3os leigos perguntam se n\u00e3o seria poss\u00edvel que os confrades com op\u00e7\u00e3o laical pudessem, al\u00e9m da imprescind\u00edvel forma\u00e7\u00e3o franciscana, ter a possibilidade de cursar \u2013 na Fae ou em outra institui\u00e7\u00e3o -, outros cursos que os qualificassem e lhes abrissem possibilidades de profissionaliza\u00e7\u00e3o. Inclusive, um curso de Teologia (completo ou parte dele), poderia ser feito em Curitiba mesmo.<\/p>\n<p style=\"padding-left: 30px;\">Constata-se que cresce o n\u00famero de candidatos que nos chegam com cursos universit\u00e1rios j\u00e1 conclu\u00eddos. Ent\u00e3o, no caso dos irm\u00e3os leigos, o tempo do p\u00f3s-noviciado, salvaguardada a forma\u00e7\u00e3o franciscana, n\u00e3o se prestaria para uma tipo de estudo que n\u00e3o seja propriamente o da Filosofia, requerido este, por for\u00e7a, somente aos que almejam o sacerd\u00f3cio?<\/p>\n<p style=\"padding-left: 30px;\"><strong>2.<\/strong> Sugere-se que os irm\u00e3os leigos, e outros que o quiserem, estudem o livro de Frei Fabiano Satler \u201cTodos v\u00f3s sois irm\u00e3os \u2013 Jesus, nosso irm\u00e3o e os Religiosos Irm\u00e3os na Vida Religiosa Consagrada\u201d, publicado pela Paulus, em 2015. Ele faz um resgate b\u00edblico e hist\u00f3rico do tema, al\u00e9m de uma abordagem a partir do Vaticano II, e dos atuais desafios e oportunidades.<\/p>\n<p style=\"padding-left: 30px;\"><strong>3. <\/strong>Os irm\u00e3os leigos pedem ainda que no Servi\u00e7o de Anima\u00e7\u00e3o Vocacional da Prov\u00edncia, em certos momentos, os irm\u00e3os possam estar presentes e ajudar. \u00c9 l\u00f3gico que, para isso, Frei Diego Melo e Frei Edvaldo Soares precisam contar com irm\u00e3os que se mostrem dispon\u00edveis.<\/p>\n<p><img loading=\"lazy\" src=\"http:\/\/franciscanos.org.br\/wp-content\/uploads\/2016\/09\/irmaos_120916_4.jpg\" alt=\"irmaos_120916_4\" width=\"820\" height=\"407\" \/><\/p>\n<p><strong>Encerramento e agradecimento<\/strong><\/p>\n<p>No dia 12, ap\u00f3s o almo\u00e7o, os irm\u00e3os se dirigiram ao Convento da Penha, onde participaram da Celebra\u00e7\u00e3o Eucar\u00edstica, junto com o povo, \u00e0s 16h00. Como costuma acontecer, os que n\u00e3o conheciam ainda o convento, mostravam-se encantados com o local, com a vis\u00e3o panor\u00e2mica, e com a aflu\u00eancia dos devotos. Antes e depois da missa, a fraternidade local, fraterna e calorosamente, ofereceu delicioso lanche, com salgados e bebidas. Registramos aqui, na pessoa dos dois guardi\u00e3es de Vila Velha, Frei Djalmo e Frei Paulo Pereira, nossos agradecimentos aos confrades todos pelo interesse, ajuda e amabilidade. Do Convento da Penha, a maioria dos confrades partiu de volta para as fraternidades.<\/p>\n<p><strong>Pr\u00f3ximo encontro<\/strong><\/p>\n<p>Deste encontro participaram: Frei Thiago da Silva, Frei Tiago Gomes Elias e Frei Leandro Ferreira Silva (frades estudantes de Rondinha), Frei R\u00f3ger Brun\u00f3rio e Frei Jos\u00e9 Luiz Alves (Rio de Janeiro), Frei Alex Ferreira da Silva, Frei Walter de Carvalho J\u00fanior e Frei Roger Strapazzon (S\u00e3o Paulo), Frei Elias Dalla Rosa (Ituporanga), Frei Leonir Ansolin e Frei Airton da Rosa Oliveira (Guaratinguet\u00e1), Frei Jo\u00e3o Antunes Filho, Frei Osmar Dalazen e Frei James Ferreira Gomes Neto (Agudos), Frei Pedro Engel e Frei Nazareno L\u00fcdtke (Vila Velha) e Frei Edrian Pasini (Petr\u00f3polis).<\/p>\n<p><strong>O pr\u00f3ximo encontro ser\u00e1 de 7 a 9 de setembro de 2018, em Rondinha<\/strong>, e ser\u00e1 organizado por Frei R\u00f3ger Brunorio, Frei Roger Strapazzon e Frei Thiago da Silva Soares.<\/p>\n<p>J\u00e1 o Encontro Nacional de Irm\u00e3os Leigos Franciscanos ser\u00e1 em Vila Velha, nos dias 7 a 10 de setembro de 2017.<\/p>\n<p><strong>Frei Walter de Carvalho J\u00fanior<\/strong><\/p>\n","protected":false},"excerpt":{"rendered":"<p>Prov\u00edncia Franciscana<\/p>\n","protected":false},"author":1,"featured_media":207209,"comment_status":"open","ping_status":"open","sticky":false,"template":"","format":"standard","meta":[],"categories":[1],"tags":[532,533,306],"acf":[],"yoast_head":"<!-- This site is optimized with the Yoast SEO plugin v19.2 - https:\/\/yoast.com\/wordpress\/plugins\/seo\/ -->\n<title>Irm\u00e3os Leigos concluem encontro em Vila Velha - Not\u00edcias - Franciscanos<\/title>\n<meta name=\"robots\" content=\"index, follow, max-snippet:-1, max-image-preview:large, max-video-preview:-1\" \/>\n<link rel=\"canonical\" href=\"https:\/\/franciscanos.org.br\/noticias\/irmaos-leigos-concluem-encontro-em-vila-velha.html\" \/>\n<meta property=\"og:locale\" content=\"pt_BR\" \/>\n<meta property=\"og:type\" content=\"article\" \/>\n<meta property=\"og:title\" content=\"Irm\u00e3os Leigos concluem encontro em Vila Velha - Not\u00edcias - Franciscanos\" \/>\n<meta property=\"og:description\" content=\"Prov\u00edncia Franciscana\" \/>\n<meta property=\"og:url\" content=\"https:\/\/franciscanos.org.br\/noticias\/irmaos-leigos-concluem-encontro-em-vila-velha.html\" \/>\n<meta property=\"og:site_name\" content=\"Not\u00edcias - Franciscanos\" \/>\n<meta property=\"article:published_time\" content=\"2016-09-12T17:48:28+00:00\" \/>\n<meta property=\"article:modified_time\" content=\"2023-01-09T14:20:43+00:00\" \/>\n<meta property=\"og:image\" content=\"https:\/\/franciscanos.org.br\/noticias\/wp-content\/uploads\/2016\/09\/irmaos_120916_2.jpg\" \/>\n\t<meta property=\"og:image:width\" content=\"273\" \/>\n\t<meta property=\"og:image:height\" content=\"181\" \/>\n\t<meta property=\"og:image:type\" content=\"image\/jpeg\" \/>\n<meta name=\"author\" content=\"admin\" \/>\n<meta name=\"twitter:card\" content=\"summary_large_image\" \/>\n<meta name=\"twitter:label1\" content=\"Escrito por\" \/>\n\t<meta name=\"twitter:data1\" content=\"admin\" \/>\n\t<meta name=\"twitter:label2\" content=\"Est. tempo de leitura\" \/>\n\t<meta name=\"twitter:data2\" content=\"6 minutos\" \/>\n<script type=\"application\/ld+json\" class=\"yoast-schema-graph\">{\"@context\":\"https:\/\/schema.org\",\"@graph\":[{\"@type\":\"WebSite\",\"@id\":\"https:\/\/franciscanos.org.br\/noticias\/#website\",\"url\":\"https:\/\/franciscanos.org.br\/noticias\/\",\"name\":\"Not\u00edcias - Franciscanos\",\"description\":\"Prov\u00edncia Franciscana da Imaculada Concei\u00e7\u00e3o do Brasil - Ordem dos Frades Menores - OFM\",\"potentialAction\":[{\"@type\":\"SearchAction\",\"target\":{\"@type\":\"EntryPoint\",\"urlTemplate\":\"https:\/\/franciscanos.org.br\/noticias\/?s={search_term_string}\"},\"query-input\":\"required name=search_term_string\"}],\"inLanguage\":\"pt-BR\"},{\"@type\":\"ImageObject\",\"inLanguage\":\"pt-BR\",\"@id\":\"https:\/\/franciscanos.org.br\/noticias\/irmaos-leigos-concluem-encontro-em-vila-velha.html#primaryimage\",\"url\":\"https:\/\/franciscanos.org.br\/noticias\/wp-content\/uploads\/2016\/09\/irmaos_120916_2.jpg\",\"contentUrl\":\"https:\/\/franciscanos.org.br\/noticias\/wp-content\/uploads\/2016\/09\/irmaos_120916_2.jpg\",\"width\":273,\"height\":181},{\"@type\":\"WebPage\",\"@id\":\"https:\/\/franciscanos.org.br\/noticias\/irmaos-leigos-concluem-encontro-em-vila-velha.html#webpage\",\"url\":\"https:\/\/franciscanos.org.br\/noticias\/irmaos-leigos-concluem-encontro-em-vila-velha.html\",\"name\":\"Irm\u00e3os Leigos concluem encontro em Vila Velha - Not\u00edcias - Franciscanos\",\"isPartOf\":{\"@id\":\"https:\/\/franciscanos.org.br\/noticias\/#website\"},\"primaryImageOfPage\":{\"@id\":\"https:\/\/franciscanos.org.br\/noticias\/irmaos-leigos-concluem-encontro-em-vila-velha.html#primaryimage\"},\"datePublished\":\"2016-09-12T17:48:28+00:00\",\"dateModified\":\"2023-01-09T14:20:43+00:00\",\"author\":{\"@id\":\"https:\/\/franciscanos.org.br\/noticias\/#\/schema\/person\/b38fbf43118f02820bd932f2e4b14ad3\"},\"breadcrumb\":{\"@id\":\"https:\/\/franciscanos.org.br\/noticias\/irmaos-leigos-concluem-encontro-em-vila-velha.html#breadcrumb\"},\"inLanguage\":\"pt-BR\",\"potentialAction\":[{\"@type\":\"ReadAction\",\"target\":[\"https:\/\/franciscanos.org.br\/noticias\/irmaos-leigos-concluem-encontro-em-vila-velha.html\"]}]},{\"@type\":\"BreadcrumbList\",\"@id\":\"https:\/\/franciscanos.org.br\/noticias\/irmaos-leigos-concluem-encontro-em-vila-velha.html#breadcrumb\",\"itemListElement\":[{\"@type\":\"ListItem\",\"position\":1,\"name\":\"Home\",\"item\":\"https:\/\/franciscanos.org.br\/noticias\"},{\"@type\":\"ListItem\",\"position\":2,\"name\":\"Irm\u00e3os Leigos concluem encontro em Vila Velha\"}]},{\"@type\":\"Person\",\"@id\":\"https:\/\/franciscanos.org.br\/noticias\/#\/schema\/person\/b38fbf43118f02820bd932f2e4b14ad3\",\"name\":\"admin\",\"image\":{\"@type\":\"ImageObject\",\"inLanguage\":\"pt-BR\",\"@id\":\"https:\/\/franciscanos.org.br\/noticias\/#\/schema\/person\/image\/\",\"url\":\"https:\/\/secure.gravatar.com\/avatar\/e8495742d34d0ba6448ea1c628263b3e?s=96&d=mm&r=g\",\"contentUrl\":\"https:\/\/secure.gravatar.com\/avatar\/e8495742d34d0ba6448ea1c628263b3e?s=96&d=mm&r=g\",\"caption\":\"admin\"},\"url\":\"https:\/\/franciscanos.org.br\/noticias\/author\/admin\"}]}<\/script>\n<!-- \/ Yoast SEO plugin. -->","yoast_head_json":{"title":"Irm\u00e3os Leigos concluem encontro em Vila Velha - Not\u00edcias - Franciscanos","robots":{"index":"index","follow":"follow","max-snippet":"max-snippet:-1","max-image-preview":"max-image-preview:large","max-video-preview":"max-video-preview:-1"},"canonical":"https:\/\/franciscanos.org.br\/noticias\/irmaos-leigos-concluem-encontro-em-vila-velha.html","og_locale":"pt_BR","og_type":"article","og_title":"Irm\u00e3os Leigos concluem encontro em Vila Velha - Not\u00edcias - Franciscanos","og_description":"Prov\u00edncia Franciscana","og_url":"https:\/\/franciscanos.org.br\/noticias\/irmaos-leigos-concluem-encontro-em-vila-velha.html","og_site_name":"Not\u00edcias - Franciscanos","article_published_time":"2016-09-12T17:48:28+00:00","article_modified_time":"2023-01-09T14:20:43+00:00","og_image":[{"width":273,"height":181,"url":"https:\/\/franciscanos.org.br\/noticias\/wp-content\/uploads\/2016\/09\/irmaos_120916_2.jpg","type":"image\/jpeg"}],"author":"admin","twitter_card":"summary_large_image","twitter_misc":{"Escrito por":"admin","Est. tempo de leitura":"6 minutos"},"schema":{"@context":"https:\/\/schema.org","@graph":[{"@type":"WebSite","@id":"https:\/\/franciscanos.org.br\/noticias\/#website","url":"https:\/\/franciscanos.org.br\/noticias\/","name":"Not\u00edcias - Franciscanos","description":"Prov\u00edncia Franciscana da Imaculada Concei\u00e7\u00e3o do Brasil - Ordem dos Frades Menores - OFM","potentialAction":[{"@type":"SearchAction","target":{"@type":"EntryPoint","urlTemplate":"https:\/\/franciscanos.org.br\/noticias\/?s={search_term_string}"},"query-input":"required name=search_term_string"}],"inLanguage":"pt-BR"},{"@type":"ImageObject","inLanguage":"pt-BR","@id":"https:\/\/franciscanos.org.br\/noticias\/irmaos-leigos-concluem-encontro-em-vila-velha.html#primaryimage","url":"https:\/\/franciscanos.org.br\/noticias\/wp-content\/uploads\/2016\/09\/irmaos_120916_2.jpg","contentUrl":"https:\/\/franciscanos.org.br\/noticias\/wp-content\/uploads\/2016\/09\/irmaos_120916_2.jpg","width":273,"height":181},{"@type":"WebPage","@id":"https:\/\/franciscanos.org.br\/noticias\/irmaos-leigos-concluem-encontro-em-vila-velha.html#webpage","url":"https:\/\/franciscanos.org.br\/noticias\/irmaos-leigos-concluem-encontro-em-vila-velha.html","name":"Irm\u00e3os Leigos concluem encontro em Vila Velha - Not\u00edcias - Franciscanos","isPartOf":{"@id":"https:\/\/franciscanos.org.br\/noticias\/#website"},"primaryImageOfPage":{"@id":"https:\/\/franciscanos.org.br\/noticias\/irmaos-leigos-concluem-encontro-em-vila-velha.html#primaryimage"},"datePublished":"2016-09-12T17:48:28+00:00","dateModified":"2023-01-09T14:20:43+00:00","author":{"@id":"https:\/\/franciscanos.org.br\/noticias\/#\/schema\/person\/b38fbf43118f02820bd932f2e4b14ad3"},"breadcrumb":{"@id":"https:\/\/franciscanos.org.br\/noticias\/irmaos-leigos-concluem-encontro-em-vila-velha.html#breadcrumb"},"inLanguage":"pt-BR","potentialAction":[{"@type":"ReadAction","target":["https:\/\/franciscanos.org.br\/noticias\/irmaos-leigos-concluem-encontro-em-vila-velha.html"]}]},{"@type":"BreadcrumbList","@id":"https:\/\/franciscanos.org.br\/noticias\/irmaos-leigos-concluem-encontro-em-vila-velha.html#breadcrumb","itemListElement":[{"@type":"ListItem","position":1,"name":"Home","item":"https:\/\/franciscanos.org.br\/noticias"},{"@type":"ListItem","position":2,"name":"Irm\u00e3os Leigos concluem encontro em Vila Velha"}]},{"@type":"Person","@id":"https:\/\/franciscanos.org.br\/noticias\/#\/schema\/person\/b38fbf43118f02820bd932f2e4b14ad3","name":"admin","image":{"@type":"ImageObject","inLanguage":"pt-BR","@id":"https:\/\/franciscanos.org.br\/noticias\/#\/schema\/person\/image\/","url":"https:\/\/secure.gravatar.com\/avatar\/e8495742d34d0ba6448ea1c628263b3e?s=96&d=mm&r=g","contentUrl":"https:\/\/secure.gravatar.com\/avatar\/e8495742d34d0ba6448ea1c628263b3e?s=96&d=mm&r=g","caption":"admin"},"url":"https:\/\/franciscanos.org.br\/noticias\/author\/admin"}]}},"_links":{"self":[{"href":"https:\/\/franciscanos.org.br\/noticias\/wp-json\/wp\/v2\/posts\/116721"}],"collection":[{"href":"https:\/\/franciscanos.org.br\/noticias\/wp-json\/wp\/v2\/posts"}],"about":[{"href":"https:\/\/franciscanos.org.br\/noticias\/wp-json\/wp\/v2\/types\/post"}],"author":[{"embeddable":true,"href":"https:\/\/franciscanos.org.br\/noticias\/wp-json\/wp\/v2\/users\/1"}],"replies":[{"embeddable":true,"href":"https:\/\/franciscanos.org.br\/noticias\/wp-json\/wp\/v2\/comments?post=116721"}],"version-history":[{"count":1,"href":"https:\/\/franciscanos.org.br\/noticias\/wp-json\/wp\/v2\/posts\/116721\/revisions"}],"predecessor-version":[{"id":241612,"href":"https:\/\/franciscanos.org.br\/noticias\/wp-json\/wp\/v2\/posts\/116721\/revisions\/241612"}],"wp:featuredmedia":[{"embeddable":true,"href":"https:\/\/franciscanos.org.br\/noticias\/wp-json\/wp\/v2\/media\/207209"}],"wp:attachment":[{"href":"https:\/\/franciscanos.org.br\/noticias\/wp-json\/wp\/v2\/media?parent=116721"}],"wp:term":[{"taxonomy":"category","embeddable":true,"href":"https:\/\/franciscanos.org.br\/noticias\/wp-json\/wp\/v2\/categories?post=116721"},{"taxonomy":"post_tag","embeddable":true,"href":"https:\/\/franciscanos.org.br\/noticias\/wp-json\/wp\/v2\/tags?post=116721"}],"curies":[{"name":"wp","href":"https:\/\/api.w.org\/{rel}","templated":true}]}}