{"id":116652,"date":"2016-09-11T17:39:30","date_gmt":"2016-09-11T20:39:30","guid":{"rendered":"http:\/\/franciscanos.org.br\/?p=116652"},"modified":"2020-06-09T15:38:49","modified_gmt":"2020-06-09T18:38:49","slug":"nenhuma-pessoa-e-irrecuperavel-deus-nos-regenera","status":"publish","type":"post","link":"https:\/\/franciscanos.org.br\/noticias\/nenhuma-pessoa-e-irrecuperavel-deus-nos-regenera.html","title":{"rendered":"&#8220;Nenhuma pessoa \u00e9 irrecuper\u00e1vel. Deus nos regenera.&#8221;"},"content":{"rendered":"<p><img loading=\"lazy\" class=\"alignnone size-full wp-image-116653\" src=\"http:\/\/franciscanos.org.br\/wp-content\/uploads\/2016\/09\/angelus_110916g.jpg\" alt=\"angelus_110916g\" width=\"830\" height=\"361\" \/><\/p>\n<p><strong>Cidade do Vaticano<\/strong> \u00a0\u2013 \u201cN\u00e3o h\u00e1 pecado em que ca\u00edmos do qual, com a gra\u00e7a de Deus, n\u00e3o podemos nos reerguer\u201d: para o Papa Francisco, esta \u00e9 a s\u00edntese do Evangelho proposto para este domingo, 24\u00ba do Tempo Comum.<\/p>\n<p>Diante de milhares de fi\u00e9is e peregrinos que vieram \u00e0 Pra\u00e7a S. Pedro para rezar a ora\u00e7\u00e3o mariana do Angelus, o Papa comentou o cap\u00edtulo 15 do Evangelho de Lucas, considerado o cap\u00edtulo da miseric\u00f3rdia, que re\u00fane tr\u00eas par\u00e1bolas com as quais Jesus responde aos murm\u00farios dos escribas e dos fariseus.<\/p>\n<p>Com essas tr\u00eas narra\u00e7\u00f5es, afirmou Francisco, Jesus quer explicar que Deus \u00e9 o primeiro a ter em rela\u00e7\u00e3o aos pecadores uma atitude acolhedora e misericordiosa. Na primeira par\u00e1bola, Deus \u00e9 apresentado como um pastor que deixa as 99 ovelhas para ir em busca daquela perdida. Na segunda, \u00e9 comparado a uma mulher que perdeu uma moeda e a busca at\u00e9 que n\u00e3o a encontra. Na terceira par\u00e1bola, Deus \u00e9 imaginado como um pai que acolhe o filho que tinha se afastado.<\/p>\n<p>O Pont\u00edfice nota que um elemento comum dessas par\u00e1bolas \u00e9 expresso pelos verbos que significam alegrar-se em companhia, festejar. Esta festa de Deus por aqueles que voltam a Ele arrependidos est\u00e1 em sintonia com o Ano Jubilar que estamos vivendo, como diz o pr\u00f3prio termo \u201cjubileu\u201d!<\/p>\n<p>\u201cCom essas tr\u00eas par\u00e1bolas, Jesus nos apresenta a verdadeira face de Deus, um Pai de bra\u00e7os abertos, que trata os pecadores com ternura e compaix\u00e3o. A par\u00e1bola que mais comove, porque manifesta o infinito amor de Deus, \u00e9 a do pai que se lan\u00e7a e abra\u00e7a o filho reencontrado. O que impressiona nem \u00e9 tanto a triste hist\u00f3ria de um jovem que cai em desgra\u00e7a, mas suas palavras decisivas: \u2018Vou-me embora, procurar o meu pai\u2019.\u201d<\/p>\n<p><strong>A fraqueza de Deus<\/strong><\/p>\n<p>Francisco destacou que o caminho de volta para casa \u00e9 o caminho da esperan\u00e7a e da vida nova. \u201cDeus nos aguarda com paci\u00eancia, nos v\u00ea quando ainda estamos distantes, corre ao nosso encontro, nos abra\u00e7a, nos beija e nos perdoa. Assim \u00e9 Deus. E o seu perd\u00e3o cancela o passado e nos regenera no amor. Ali\u00e1s esta \u00e9 a fraqueza de Deus: quando nos abra\u00e7a, nos perdoa, perde a mem\u00f3ria. Esquece o passado.\u201d<\/p>\n<p><strong>Ningu\u00e9m \u00e9 irrecuper\u00e1vel<\/strong><\/p>\n<p>Quando nos convertemos, prosseguiu o Papa, Deus nos acolhe novamente em casa com festa e alegria. Francisco se dirigiu aos fi\u00e9is para perguntar: \u201cVoc\u00eas j\u00e1 pensaram que toda vez que nos aproximamos do confession\u00e1rio h\u00e1 alegria e festa no C\u00e9u? J\u00e1 pensaram nisso? \u00c9 belo. Isso nos infunde grande esperan\u00e7a, porque n\u00e3o h\u00e1 pecado em que ca\u00edmos do qual, com a gra\u00e7a de Deus, n\u00e3o podemos nos reerguer; n\u00e3o h\u00e1 uma pessoa irrecuper\u00e1vel, ningu\u00e9m \u00e9 irrecuper\u00e1vel! Porque Deus jamais deixa de querer o nosso bem, inclusive quando pecamos! Que a Virgem Maria, ref\u00fagio dos pecadores, fa\u00e7a brotar nos nossos cora\u00e7\u00f5es a confian\u00e7a que se acendeu no cora\u00e7\u00e3o do filho pr\u00f3digo: \u2018Vou-me embora, procurar o meu pai e dizer-lhe: Pai, pequei\u2019\u201d.<\/p>\n<hr \/>\n<p><em>Fonte: R\u00e1dio Vaticano<\/em><\/p>\n","protected":false},"excerpt":{"rendered":"<p>Angelus<\/p>\n","protected":false},"author":1,"featured_media":210741,"comment_status":"open","ping_status":"open","sticky":false,"template":"","format":"standard","meta":[],"categories":[1428],"tags":[403],"acf":[],"yoast_head":"<!-- This site is optimized with the Yoast SEO plugin v19.2 - https:\/\/yoast.com\/wordpress\/plugins\/seo\/ -->\n<title>&quot;Nenhuma pessoa \u00e9 irrecuper\u00e1vel. Deus nos regenera.&quot; - Not\u00edcias - Franciscanos<\/title>\n<meta name=\"robots\" content=\"index, follow, max-snippet:-1, max-image-preview:large, max-video-preview:-1\" \/>\n<link rel=\"canonical\" href=\"https:\/\/franciscanos.org.br\/noticias\/nenhuma-pessoa-e-irrecuperavel-deus-nos-regenera.html\" \/>\n<meta property=\"og:locale\" content=\"pt_BR\" \/>\n<meta property=\"og:type\" content=\"article\" \/>\n<meta property=\"og:title\" content=\"&quot;Nenhuma pessoa \u00e9 irrecuper\u00e1vel. Deus nos regenera.&quot; - Not\u00edcias - Franciscanos\" \/>\n<meta property=\"og:description\" content=\"Angelus\" \/>\n<meta property=\"og:url\" content=\"https:\/\/franciscanos.org.br\/noticias\/nenhuma-pessoa-e-irrecuperavel-deus-nos-regenera.html\" \/>\n<meta property=\"og:site_name\" content=\"Not\u00edcias - Franciscanos\" \/>\n<meta property=\"article:published_time\" content=\"2016-09-11T20:39:30+00:00\" \/>\n<meta property=\"article:modified_time\" content=\"2020-06-09T18:38:49+00:00\" \/>\n<meta property=\"og:image\" content=\"https:\/\/franciscanos.org.br\/noticias\/wp-content\/uploads\/2016\/09\/angelus_110916g.jpg\" \/>\n\t<meta property=\"og:image:width\" content=\"273\" \/>\n\t<meta property=\"og:image:height\" content=\"181\" \/>\n\t<meta property=\"og:image:type\" content=\"image\/jpeg\" \/>\n<meta name=\"author\" content=\"admin\" \/>\n<meta name=\"twitter:card\" content=\"summary_large_image\" \/>\n<meta name=\"twitter:label1\" content=\"Escrito por\" \/>\n\t<meta name=\"twitter:data1\" content=\"admin\" \/>\n\t<meta name=\"twitter:label2\" content=\"Est. tempo de leitura\" \/>\n\t<meta name=\"twitter:data2\" content=\"3 minutos\" \/>\n<script type=\"application\/ld+json\" class=\"yoast-schema-graph\">{\"@context\":\"https:\/\/schema.org\",\"@graph\":[{\"@type\":\"WebSite\",\"@id\":\"https:\/\/franciscanos.org.br\/noticias\/#website\",\"url\":\"https:\/\/franciscanos.org.br\/noticias\/\",\"name\":\"Not\u00edcias - Franciscanos\",\"description\":\"Prov\u00edncia Franciscana da Imaculada Concei\u00e7\u00e3o do Brasil - Ordem dos Frades Menores - OFM\",\"potentialAction\":[{\"@type\":\"SearchAction\",\"target\":{\"@type\":\"EntryPoint\",\"urlTemplate\":\"https:\/\/franciscanos.org.br\/noticias\/?s={search_term_string}\"},\"query-input\":\"required name=search_term_string\"}],\"inLanguage\":\"pt-BR\"},{\"@type\":\"ImageObject\",\"inLanguage\":\"pt-BR\",\"@id\":\"https:\/\/franciscanos.org.br\/noticias\/nenhuma-pessoa-e-irrecuperavel-deus-nos-regenera.html#primaryimage\",\"url\":\"https:\/\/franciscanos.org.br\/noticias\/wp-content\/uploads\/2016\/09\/angelus_110916g.jpg\",\"contentUrl\":\"https:\/\/franciscanos.org.br\/noticias\/wp-content\/uploads\/2016\/09\/angelus_110916g.jpg\",\"width\":273,\"height\":181},{\"@type\":\"WebPage\",\"@id\":\"https:\/\/franciscanos.org.br\/noticias\/nenhuma-pessoa-e-irrecuperavel-deus-nos-regenera.html#webpage\",\"url\":\"https:\/\/franciscanos.org.br\/noticias\/nenhuma-pessoa-e-irrecuperavel-deus-nos-regenera.html\",\"name\":\"\\\"Nenhuma pessoa \u00e9 irrecuper\u00e1vel. Deus nos regenera.\\\" - Not\u00edcias - Franciscanos\",\"isPartOf\":{\"@id\":\"https:\/\/franciscanos.org.br\/noticias\/#website\"},\"primaryImageOfPage\":{\"@id\":\"https:\/\/franciscanos.org.br\/noticias\/nenhuma-pessoa-e-irrecuperavel-deus-nos-regenera.html#primaryimage\"},\"datePublished\":\"2016-09-11T20:39:30+00:00\",\"dateModified\":\"2020-06-09T18:38:49+00:00\",\"author\":{\"@id\":\"https:\/\/franciscanos.org.br\/noticias\/#\/schema\/person\/b38fbf43118f02820bd932f2e4b14ad3\"},\"breadcrumb\":{\"@id\":\"https:\/\/franciscanos.org.br\/noticias\/nenhuma-pessoa-e-irrecuperavel-deus-nos-regenera.html#breadcrumb\"},\"inLanguage\":\"pt-BR\",\"potentialAction\":[{\"@type\":\"ReadAction\",\"target\":[\"https:\/\/franciscanos.org.br\/noticias\/nenhuma-pessoa-e-irrecuperavel-deus-nos-regenera.html\"]}]},{\"@type\":\"BreadcrumbList\",\"@id\":\"https:\/\/franciscanos.org.br\/noticias\/nenhuma-pessoa-e-irrecuperavel-deus-nos-regenera.html#breadcrumb\",\"itemListElement\":[{\"@type\":\"ListItem\",\"position\":1,\"name\":\"Home\",\"item\":\"https:\/\/franciscanos.org.br\/noticias\"},{\"@type\":\"ListItem\",\"position\":2,\"name\":\"&#8220;Nenhuma pessoa \u00e9 irrecuper\u00e1vel. Deus nos regenera.&#8221;\"}]},{\"@type\":\"Person\",\"@id\":\"https:\/\/franciscanos.org.br\/noticias\/#\/schema\/person\/b38fbf43118f02820bd932f2e4b14ad3\",\"name\":\"admin\",\"image\":{\"@type\":\"ImageObject\",\"inLanguage\":\"pt-BR\",\"@id\":\"https:\/\/franciscanos.org.br\/noticias\/#\/schema\/person\/image\/\",\"url\":\"https:\/\/secure.gravatar.com\/avatar\/e8495742d34d0ba6448ea1c628263b3e?s=96&d=mm&r=g\",\"contentUrl\":\"https:\/\/secure.gravatar.com\/avatar\/e8495742d34d0ba6448ea1c628263b3e?s=96&d=mm&r=g\",\"caption\":\"admin\"},\"url\":\"https:\/\/franciscanos.org.br\/noticias\/author\/admin\"}]}<\/script>\n<!-- \/ Yoast SEO plugin. -->","yoast_head_json":{"title":"\"Nenhuma pessoa \u00e9 irrecuper\u00e1vel. Deus nos regenera.\" - Not\u00edcias - Franciscanos","robots":{"index":"index","follow":"follow","max-snippet":"max-snippet:-1","max-image-preview":"max-image-preview:large","max-video-preview":"max-video-preview:-1"},"canonical":"https:\/\/franciscanos.org.br\/noticias\/nenhuma-pessoa-e-irrecuperavel-deus-nos-regenera.html","og_locale":"pt_BR","og_type":"article","og_title":"\"Nenhuma pessoa \u00e9 irrecuper\u00e1vel. Deus nos regenera.\" - Not\u00edcias - Franciscanos","og_description":"Angelus","og_url":"https:\/\/franciscanos.org.br\/noticias\/nenhuma-pessoa-e-irrecuperavel-deus-nos-regenera.html","og_site_name":"Not\u00edcias - Franciscanos","article_published_time":"2016-09-11T20:39:30+00:00","article_modified_time":"2020-06-09T18:38:49+00:00","og_image":[{"width":273,"height":181,"url":"https:\/\/franciscanos.org.br\/noticias\/wp-content\/uploads\/2016\/09\/angelus_110916g.jpg","type":"image\/jpeg"}],"author":"admin","twitter_card":"summary_large_image","twitter_misc":{"Escrito por":"admin","Est. tempo de leitura":"3 minutos"},"schema":{"@context":"https:\/\/schema.org","@graph":[{"@type":"WebSite","@id":"https:\/\/franciscanos.org.br\/noticias\/#website","url":"https:\/\/franciscanos.org.br\/noticias\/","name":"Not\u00edcias - Franciscanos","description":"Prov\u00edncia Franciscana da Imaculada Concei\u00e7\u00e3o do Brasil - Ordem dos Frades Menores - OFM","potentialAction":[{"@type":"SearchAction","target":{"@type":"EntryPoint","urlTemplate":"https:\/\/franciscanos.org.br\/noticias\/?s={search_term_string}"},"query-input":"required name=search_term_string"}],"inLanguage":"pt-BR"},{"@type":"ImageObject","inLanguage":"pt-BR","@id":"https:\/\/franciscanos.org.br\/noticias\/nenhuma-pessoa-e-irrecuperavel-deus-nos-regenera.html#primaryimage","url":"https:\/\/franciscanos.org.br\/noticias\/wp-content\/uploads\/2016\/09\/angelus_110916g.jpg","contentUrl":"https:\/\/franciscanos.org.br\/noticias\/wp-content\/uploads\/2016\/09\/angelus_110916g.jpg","width":273,"height":181},{"@type":"WebPage","@id":"https:\/\/franciscanos.org.br\/noticias\/nenhuma-pessoa-e-irrecuperavel-deus-nos-regenera.html#webpage","url":"https:\/\/franciscanos.org.br\/noticias\/nenhuma-pessoa-e-irrecuperavel-deus-nos-regenera.html","name":"\"Nenhuma pessoa \u00e9 irrecuper\u00e1vel. Deus nos regenera.\" - Not\u00edcias - Franciscanos","isPartOf":{"@id":"https:\/\/franciscanos.org.br\/noticias\/#website"},"primaryImageOfPage":{"@id":"https:\/\/franciscanos.org.br\/noticias\/nenhuma-pessoa-e-irrecuperavel-deus-nos-regenera.html#primaryimage"},"datePublished":"2016-09-11T20:39:30+00:00","dateModified":"2020-06-09T18:38:49+00:00","author":{"@id":"https:\/\/franciscanos.org.br\/noticias\/#\/schema\/person\/b38fbf43118f02820bd932f2e4b14ad3"},"breadcrumb":{"@id":"https:\/\/franciscanos.org.br\/noticias\/nenhuma-pessoa-e-irrecuperavel-deus-nos-regenera.html#breadcrumb"},"inLanguage":"pt-BR","potentialAction":[{"@type":"ReadAction","target":["https:\/\/franciscanos.org.br\/noticias\/nenhuma-pessoa-e-irrecuperavel-deus-nos-regenera.html"]}]},{"@type":"BreadcrumbList","@id":"https:\/\/franciscanos.org.br\/noticias\/nenhuma-pessoa-e-irrecuperavel-deus-nos-regenera.html#breadcrumb","itemListElement":[{"@type":"ListItem","position":1,"name":"Home","item":"https:\/\/franciscanos.org.br\/noticias"},{"@type":"ListItem","position":2,"name":"&#8220;Nenhuma pessoa \u00e9 irrecuper\u00e1vel. Deus nos regenera.&#8221;"}]},{"@type":"Person","@id":"https:\/\/franciscanos.org.br\/noticias\/#\/schema\/person\/b38fbf43118f02820bd932f2e4b14ad3","name":"admin","image":{"@type":"ImageObject","inLanguage":"pt-BR","@id":"https:\/\/franciscanos.org.br\/noticias\/#\/schema\/person\/image\/","url":"https:\/\/secure.gravatar.com\/avatar\/e8495742d34d0ba6448ea1c628263b3e?s=96&d=mm&r=g","contentUrl":"https:\/\/secure.gravatar.com\/avatar\/e8495742d34d0ba6448ea1c628263b3e?s=96&d=mm&r=g","caption":"admin"},"url":"https:\/\/franciscanos.org.br\/noticias\/author\/admin"}]}},"_links":{"self":[{"href":"https:\/\/franciscanos.org.br\/noticias\/wp-json\/wp\/v2\/posts\/116652"}],"collection":[{"href":"https:\/\/franciscanos.org.br\/noticias\/wp-json\/wp\/v2\/posts"}],"about":[{"href":"https:\/\/franciscanos.org.br\/noticias\/wp-json\/wp\/v2\/types\/post"}],"author":[{"embeddable":true,"href":"https:\/\/franciscanos.org.br\/noticias\/wp-json\/wp\/v2\/users\/1"}],"replies":[{"embeddable":true,"href":"https:\/\/franciscanos.org.br\/noticias\/wp-json\/wp\/v2\/comments?post=116652"}],"version-history":[{"count":2,"href":"https:\/\/franciscanos.org.br\/noticias\/wp-json\/wp\/v2\/posts\/116652\/revisions"}],"predecessor-version":[{"id":225622,"href":"https:\/\/franciscanos.org.br\/noticias\/wp-json\/wp\/v2\/posts\/116652\/revisions\/225622"}],"wp:featuredmedia":[{"embeddable":true,"href":"https:\/\/franciscanos.org.br\/noticias\/wp-json\/wp\/v2\/media\/210741"}],"wp:attachment":[{"href":"https:\/\/franciscanos.org.br\/noticias\/wp-json\/wp\/v2\/media?parent=116652"}],"wp:term":[{"taxonomy":"category","embeddable":true,"href":"https:\/\/franciscanos.org.br\/noticias\/wp-json\/wp\/v2\/categories?post=116652"},{"taxonomy":"post_tag","embeddable":true,"href":"https:\/\/franciscanos.org.br\/noticias\/wp-json\/wp\/v2\/tags?post=116652"}],"curies":[{"name":"wp","href":"https:\/\/api.w.org\/{rel}","templated":true}]}}