{"id":116509,"date":"2016-09-05T09:23:50","date_gmt":"2016-09-05T12:23:50","guid":{"rendered":"http:\/\/franciscanos.org.br\/?p=116509"},"modified":"2020-06-09T15:43:24","modified_gmt":"2020-06-09T18:43:24","slug":"franciscanos-seculares-celebram-o-cuidado-pela-criacao","status":"publish","type":"post","link":"https:\/\/franciscanos.org.br\/noticias\/franciscanos-seculares-celebram-o-cuidado-pela-criacao.html","title":{"rendered":"Franciscanos Seculares celebram o cuidado pela Cria\u00e7\u00e3o"},"content":{"rendered":"<p><img loading=\"lazy\" src=\"http:\/\/franciscanos.org.br\/wp-content\/uploads\/2016\/09\/criacao_090916g.jpg\" alt=\"criacao_090916g\" width=\"830\" height=\"400\" \/><\/p>\n<p><strong>Duque de Caxias (RJ) &#8211;<\/strong> Atendendo ao apelo do Papa Francisco, dezenas de fi\u00e9is celebraram no dia 1\u00ba de setembro o Dia Mundial de Ora\u00e7\u00e3o pelo Cuidado da Cria\u00e7\u00e3o. O evento foi promovido, pelo segundo ano consecutivo, pela Fraternidade Santo Ant\u00f4nio, vinculada \u00e0 Ordem Franciscana Secular (OFS), na Catedral de Santo Ant\u00f4nio, em Duque de Caxias (RJ), e contou com um momento de ora\u00e7\u00e3o, no qual os fi\u00e9is agradeceram e louvaram o Senhor pelo dom da Cria\u00e7\u00e3o, recordando S\u00e3o Francisco de Assis e seu bel\u00edssimo \u2018C\u00e2ntico das Criaturas\u2019.<\/p>\n<p>Todos foram un\u00e2nimes em reconhecer a necessidade de uma profunda convers\u00e3o ecol\u00f3gica para criar uma consci\u00eancia ambiental, pois muito se tem falado da quest\u00e3o ambiental, mas pouco se avan\u00e7ou na preserva\u00e7\u00e3o do planeta, nossa Casa Comum, que clama por cuidados urgentes. O principal nesse momento \u00e9 fazer com que a popula\u00e7\u00e3o acorde para a gravidade do problema e haja uma mudan\u00e7a cultural de h\u00e1bitos para a promo\u00e7\u00e3o de gestos concretos de preserva\u00e7\u00e3o que sirvam como modelo para as futuras gera\u00e7\u00f5es.<\/p>\n<p>Durante o momento de ora\u00e7\u00e3o, o Servi\u00e7o Franciscano de Justi\u00e7a, Paz e Ecologia da Baixada Fluminense (RJ), lan\u00e7ou uma carta aberta para alertar a popula\u00e7\u00e3o sobre a necessidade do cuidado com o planeta, retomando o tema da Campanha da Fraternidade Ecum\u00eanica deste ano (CFE 2016): \u201cCasa Comum, nossa responsabilidade\u201d, com o lema \u201cQuero ver o direito brotar como fonte e correr a justi\u00e7a qual riacho que n\u00e3o seca\u201d (cf. Am 5,24).<\/p>\n<p>Neste tema e lema, duas dimens\u00f5es b\u00e1sicas para a subsist\u00eancia da vida s\u00e3o abarcadas a um s\u00f3 tempo: o cuidado com a cria\u00e7\u00e3o e a luta pela justi\u00e7a, sobretudo dos pa\u00edses mais pobres e vulner\u00e1veis. A reflex\u00e3o da CFE 2016 est\u00e1 em sintonia com a Enc\u00edclica Laudato Si, e partem de um problema espec\u00edfico que afeta o meio ambiente e a vida de todos os seres vivos, que \u00e9 a fragilidade e, em alguns lugares, a aus\u00eancia dos servi\u00e7os de saneamento b\u00e1sico no pa\u00eds.<\/p>\n<p>&#8216;Laudato si&#8217; \u00e9 um dos documentos mais l\u00facidos e corajosos dos \u00faltimos tempos e aborda com profundidade temas contempor\u00e2neos e prop\u00f5e uma nova ecologia, a Ecologia Integral, que inclui, claramente, as dimens\u00f5es humanas e sociais.<\/p>\n<p><strong>Saiba mais sobre a data<\/strong><\/p>\n<p><img loading=\"lazy\" class=\"alignright wp-image-116514\" src=\"http:\/\/franciscanos.org.br\/wp-content\/uploads\/2016\/09\/criacao_090916.jpg\" alt=\"criacao_090916\" width=\"400\" height=\"240\" \/>Para motivar os cat\u00f3licos de todo o mundo para a necessidade do cuidado com a Casa Comum, o Papa Francisco instituiu no dia 6 em agosto de 2015, na Igreja Cat\u00f3lica, a celebra\u00e7\u00e3o do \u201cDia Mundial de Ora\u00e7\u00e3o pelo Cuidado da Cria\u00e7\u00e3o\u201d, a ser realizado todo dia 1.\u00ba de setembro. \u201cComo crist\u00e3os, queremos oferecer a nossa contribui\u00e7\u00e3o \u00e0 supera\u00e7\u00e3o da crise ecol\u00f3gica que a humanidade est\u00e1 vivendo. Por isto devemos, antes de tudo, buscar no nosso rico patrim\u00f4nio espiritual as motiva\u00e7\u00f5es que alimentam a paix\u00e3o pelo cuidado da cria\u00e7\u00e3o\u201d &#8211; disse o Papa ao instituir a data.<\/p>\n<p>A data foi escolhida pelo Papa depois de compartilhar com o Patriarca de Constantinopla Bartolomeu I, principal bispo da Igreja Ortodoxa, as preocupa\u00e7\u00f5es pelo futuro da cria\u00e7\u00e3o e, acolhendo a sugest\u00e3o de seu representante, o Metropolita Ioannis de P\u00e9rgamo, decidiu instituir tamb\u00e9m na Igreja Cat\u00f3lica esta celebra\u00e7\u00e3o que j\u00e1 ocorre desde 1989 na Igreja Ortodoxa. A partir da Enc\u00edclica Laudato Si, o Santo Padre exp\u00f4s a necessidade de um maior empenho e contribui\u00e7\u00e3o dos crist\u00e3os para com essa realidade.<\/p>\n<p>A crise ecol\u00f3gica &#8211; reafirma Francisco &#8211; nos chama, portanto, a uma profunda convers\u00e3o espiritual: os crist\u00e3os s\u00e3o chamados a uma convers\u00e3o ecol\u00f3gica, que comporta deixar emergir, nas rela\u00e7\u00f5es com o mundo que os rodeia, todas as consequ\u00eancias do encontro com Jesus\u2019. De fato, \u2018viver a voca\u00e7\u00e3o de guardi\u00e3es da obra de Deus n\u00e3o \u00e9 algo de opcional nem um aspecto secund\u00e1rio da experi\u00eancia crist\u00e3, mas parte essencial duma exist\u00eancia virtuosa\u2019<\/p>\n<p>O Santo Padre destacou ainda, que o \u201cDia Mundial de Ora\u00e7\u00e3o pelo Cuidado da Cria\u00e7\u00e3o\u201d oferecer\u00e1 aos fi\u00e9is individualmente e \u00e0s comunidades, a preciosa oportunidade de renovar a pes\u00adsoal ades\u00e3o \u00e0 pr\u00f3pria voca\u00e7\u00e3o de cust\u00f3dios da cria\u00e7\u00e3o, elevan\u00addo a Deus o agradecimento pela obra maravilhosa que Ele con\u00adfiou ao nosso cuidado, invocando a sua ajuda para a prote\u00e7\u00e3o da cria\u00e7\u00e3o e a sua miseric\u00f3rdia pelos pecados cometidos contra o mundo em que vivemos. A celebra\u00e7\u00e3o do Dia, na mesma data, ser\u00e1 uma ocasi\u00e3o prof\u00edcua para testemunhar a crescente comunh\u00e3o com os irm\u00e3os ortodoxos.<\/p>\n<p>O Papa Francisco recorda que vivemos em um tempo em que todos os crist\u00e3os enfrentam id\u00eanticos e importantes desafios, aos quais, para resultar mais cr\u00edveis e eficazes, devemos dar respostas comuns. Por isto, \u00e9 seu desejo que tal dia possa envolver, em qualquer modo, tamb\u00e9m outras igrejas e comunidades eclesiais e ser celebrado em sintonia com as iniciativas que o Conselho Mundial de Igrejas promove sobre este tema.<\/p>\n","protected":false},"excerpt":{"rendered":"<p>OFS de Duque de Caxias<\/p>\n","protected":false},"author":1,"featured_media":215154,"comment_status":"open","ping_status":"open","sticky":false,"template":"","format":"standard","meta":[],"categories":[1],"tags":[60],"acf":[],"yoast_head":"<!-- This site is optimized with the Yoast SEO plugin v19.2 - https:\/\/yoast.com\/wordpress\/plugins\/seo\/ -->\n<title>Franciscanos Seculares celebram o cuidado pela Cria\u00e7\u00e3o - Not\u00edcias - Franciscanos<\/title>\n<meta name=\"robots\" content=\"index, follow, max-snippet:-1, max-image-preview:large, max-video-preview:-1\" \/>\n<link rel=\"canonical\" href=\"https:\/\/franciscanos.org.br\/noticias\/franciscanos-seculares-celebram-o-cuidado-pela-criacao.html\" \/>\n<meta property=\"og:locale\" content=\"pt_BR\" \/>\n<meta property=\"og:type\" content=\"article\" \/>\n<meta property=\"og:title\" content=\"Franciscanos Seculares celebram o cuidado pela Cria\u00e7\u00e3o - Not\u00edcias - Franciscanos\" \/>\n<meta property=\"og:description\" content=\"OFS de Duque de Caxias\" \/>\n<meta property=\"og:url\" content=\"https:\/\/franciscanos.org.br\/noticias\/franciscanos-seculares-celebram-o-cuidado-pela-criacao.html\" \/>\n<meta property=\"og:site_name\" content=\"Not\u00edcias - Franciscanos\" \/>\n<meta property=\"article:published_time\" content=\"2016-09-05T12:23:50+00:00\" \/>\n<meta property=\"article:modified_time\" content=\"2020-06-09T18:43:24+00:00\" \/>\n<meta property=\"og:image\" content=\"https:\/\/franciscanos.org.br\/noticias\/wp-content\/uploads\/2016\/09\/criacao_090916g.jpg\" \/>\n\t<meta property=\"og:image:width\" content=\"273\" \/>\n\t<meta property=\"og:image:height\" content=\"181\" \/>\n\t<meta property=\"og:image:type\" content=\"image\/jpeg\" \/>\n<meta name=\"author\" content=\"admin\" \/>\n<meta name=\"twitter:card\" content=\"summary_large_image\" \/>\n<meta name=\"twitter:label1\" content=\"Escrito por\" \/>\n\t<meta name=\"twitter:data1\" content=\"admin\" \/>\n\t<meta name=\"twitter:label2\" content=\"Est. tempo de leitura\" \/>\n\t<meta name=\"twitter:data2\" content=\"4 minutos\" \/>\n<script type=\"application\/ld+json\" class=\"yoast-schema-graph\">{\"@context\":\"https:\/\/schema.org\",\"@graph\":[{\"@type\":\"WebSite\",\"@id\":\"https:\/\/franciscanos.org.br\/noticias\/#website\",\"url\":\"https:\/\/franciscanos.org.br\/noticias\/\",\"name\":\"Not\u00edcias - Franciscanos\",\"description\":\"Prov\u00edncia Franciscana da Imaculada Concei\u00e7\u00e3o do Brasil - Ordem dos Frades Menores - OFM\",\"potentialAction\":[{\"@type\":\"SearchAction\",\"target\":{\"@type\":\"EntryPoint\",\"urlTemplate\":\"https:\/\/franciscanos.org.br\/noticias\/?s={search_term_string}\"},\"query-input\":\"required name=search_term_string\"}],\"inLanguage\":\"pt-BR\"},{\"@type\":\"ImageObject\",\"inLanguage\":\"pt-BR\",\"@id\":\"https:\/\/franciscanos.org.br\/noticias\/franciscanos-seculares-celebram-o-cuidado-pela-criacao.html#primaryimage\",\"url\":\"https:\/\/franciscanos.org.br\/noticias\/wp-content\/uploads\/2016\/09\/criacao_090916g.jpg\",\"contentUrl\":\"https:\/\/franciscanos.org.br\/noticias\/wp-content\/uploads\/2016\/09\/criacao_090916g.jpg\",\"width\":273,\"height\":181},{\"@type\":\"WebPage\",\"@id\":\"https:\/\/franciscanos.org.br\/noticias\/franciscanos-seculares-celebram-o-cuidado-pela-criacao.html#webpage\",\"url\":\"https:\/\/franciscanos.org.br\/noticias\/franciscanos-seculares-celebram-o-cuidado-pela-criacao.html\",\"name\":\"Franciscanos Seculares celebram o cuidado pela Cria\u00e7\u00e3o - Not\u00edcias - Franciscanos\",\"isPartOf\":{\"@id\":\"https:\/\/franciscanos.org.br\/noticias\/#website\"},\"primaryImageOfPage\":{\"@id\":\"https:\/\/franciscanos.org.br\/noticias\/franciscanos-seculares-celebram-o-cuidado-pela-criacao.html#primaryimage\"},\"datePublished\":\"2016-09-05T12:23:50+00:00\",\"dateModified\":\"2020-06-09T18:43:24+00:00\",\"author\":{\"@id\":\"https:\/\/franciscanos.org.br\/noticias\/#\/schema\/person\/b38fbf43118f02820bd932f2e4b14ad3\"},\"breadcrumb\":{\"@id\":\"https:\/\/franciscanos.org.br\/noticias\/franciscanos-seculares-celebram-o-cuidado-pela-criacao.html#breadcrumb\"},\"inLanguage\":\"pt-BR\",\"potentialAction\":[{\"@type\":\"ReadAction\",\"target\":[\"https:\/\/franciscanos.org.br\/noticias\/franciscanos-seculares-celebram-o-cuidado-pela-criacao.html\"]}]},{\"@type\":\"BreadcrumbList\",\"@id\":\"https:\/\/franciscanos.org.br\/noticias\/franciscanos-seculares-celebram-o-cuidado-pela-criacao.html#breadcrumb\",\"itemListElement\":[{\"@type\":\"ListItem\",\"position\":1,\"name\":\"Home\",\"item\":\"https:\/\/franciscanos.org.br\/noticias\"},{\"@type\":\"ListItem\",\"position\":2,\"name\":\"Franciscanos Seculares celebram o cuidado pela Cria\u00e7\u00e3o\"}]},{\"@type\":\"Person\",\"@id\":\"https:\/\/franciscanos.org.br\/noticias\/#\/schema\/person\/b38fbf43118f02820bd932f2e4b14ad3\",\"name\":\"admin\",\"image\":{\"@type\":\"ImageObject\",\"inLanguage\":\"pt-BR\",\"@id\":\"https:\/\/franciscanos.org.br\/noticias\/#\/schema\/person\/image\/\",\"url\":\"https:\/\/secure.gravatar.com\/avatar\/e8495742d34d0ba6448ea1c628263b3e?s=96&d=mm&r=g\",\"contentUrl\":\"https:\/\/secure.gravatar.com\/avatar\/e8495742d34d0ba6448ea1c628263b3e?s=96&d=mm&r=g\",\"caption\":\"admin\"},\"url\":\"https:\/\/franciscanos.org.br\/noticias\/author\/admin\"}]}<\/script>\n<!-- \/ Yoast SEO plugin. -->","yoast_head_json":{"title":"Franciscanos Seculares celebram o cuidado pela Cria\u00e7\u00e3o - Not\u00edcias - Franciscanos","robots":{"index":"index","follow":"follow","max-snippet":"max-snippet:-1","max-image-preview":"max-image-preview:large","max-video-preview":"max-video-preview:-1"},"canonical":"https:\/\/franciscanos.org.br\/noticias\/franciscanos-seculares-celebram-o-cuidado-pela-criacao.html","og_locale":"pt_BR","og_type":"article","og_title":"Franciscanos Seculares celebram o cuidado pela Cria\u00e7\u00e3o - Not\u00edcias - Franciscanos","og_description":"OFS de Duque de Caxias","og_url":"https:\/\/franciscanos.org.br\/noticias\/franciscanos-seculares-celebram-o-cuidado-pela-criacao.html","og_site_name":"Not\u00edcias - Franciscanos","article_published_time":"2016-09-05T12:23:50+00:00","article_modified_time":"2020-06-09T18:43:24+00:00","og_image":[{"width":273,"height":181,"url":"https:\/\/franciscanos.org.br\/noticias\/wp-content\/uploads\/2016\/09\/criacao_090916g.jpg","type":"image\/jpeg"}],"author":"admin","twitter_card":"summary_large_image","twitter_misc":{"Escrito por":"admin","Est. tempo de leitura":"4 minutos"},"schema":{"@context":"https:\/\/schema.org","@graph":[{"@type":"WebSite","@id":"https:\/\/franciscanos.org.br\/noticias\/#website","url":"https:\/\/franciscanos.org.br\/noticias\/","name":"Not\u00edcias - Franciscanos","description":"Prov\u00edncia Franciscana da Imaculada Concei\u00e7\u00e3o do Brasil - Ordem dos Frades Menores - OFM","potentialAction":[{"@type":"SearchAction","target":{"@type":"EntryPoint","urlTemplate":"https:\/\/franciscanos.org.br\/noticias\/?s={search_term_string}"},"query-input":"required name=search_term_string"}],"inLanguage":"pt-BR"},{"@type":"ImageObject","inLanguage":"pt-BR","@id":"https:\/\/franciscanos.org.br\/noticias\/franciscanos-seculares-celebram-o-cuidado-pela-criacao.html#primaryimage","url":"https:\/\/franciscanos.org.br\/noticias\/wp-content\/uploads\/2016\/09\/criacao_090916g.jpg","contentUrl":"https:\/\/franciscanos.org.br\/noticias\/wp-content\/uploads\/2016\/09\/criacao_090916g.jpg","width":273,"height":181},{"@type":"WebPage","@id":"https:\/\/franciscanos.org.br\/noticias\/franciscanos-seculares-celebram-o-cuidado-pela-criacao.html#webpage","url":"https:\/\/franciscanos.org.br\/noticias\/franciscanos-seculares-celebram-o-cuidado-pela-criacao.html","name":"Franciscanos Seculares celebram o cuidado pela Cria\u00e7\u00e3o - Not\u00edcias - Franciscanos","isPartOf":{"@id":"https:\/\/franciscanos.org.br\/noticias\/#website"},"primaryImageOfPage":{"@id":"https:\/\/franciscanos.org.br\/noticias\/franciscanos-seculares-celebram-o-cuidado-pela-criacao.html#primaryimage"},"datePublished":"2016-09-05T12:23:50+00:00","dateModified":"2020-06-09T18:43:24+00:00","author":{"@id":"https:\/\/franciscanos.org.br\/noticias\/#\/schema\/person\/b38fbf43118f02820bd932f2e4b14ad3"},"breadcrumb":{"@id":"https:\/\/franciscanos.org.br\/noticias\/franciscanos-seculares-celebram-o-cuidado-pela-criacao.html#breadcrumb"},"inLanguage":"pt-BR","potentialAction":[{"@type":"ReadAction","target":["https:\/\/franciscanos.org.br\/noticias\/franciscanos-seculares-celebram-o-cuidado-pela-criacao.html"]}]},{"@type":"BreadcrumbList","@id":"https:\/\/franciscanos.org.br\/noticias\/franciscanos-seculares-celebram-o-cuidado-pela-criacao.html#breadcrumb","itemListElement":[{"@type":"ListItem","position":1,"name":"Home","item":"https:\/\/franciscanos.org.br\/noticias"},{"@type":"ListItem","position":2,"name":"Franciscanos Seculares celebram o cuidado pela Cria\u00e7\u00e3o"}]},{"@type":"Person","@id":"https:\/\/franciscanos.org.br\/noticias\/#\/schema\/person\/b38fbf43118f02820bd932f2e4b14ad3","name":"admin","image":{"@type":"ImageObject","inLanguage":"pt-BR","@id":"https:\/\/franciscanos.org.br\/noticias\/#\/schema\/person\/image\/","url":"https:\/\/secure.gravatar.com\/avatar\/e8495742d34d0ba6448ea1c628263b3e?s=96&d=mm&r=g","contentUrl":"https:\/\/secure.gravatar.com\/avatar\/e8495742d34d0ba6448ea1c628263b3e?s=96&d=mm&r=g","caption":"admin"},"url":"https:\/\/franciscanos.org.br\/noticias\/author\/admin"}]}},"_links":{"self":[{"href":"https:\/\/franciscanos.org.br\/noticias\/wp-json\/wp\/v2\/posts\/116509"}],"collection":[{"href":"https:\/\/franciscanos.org.br\/noticias\/wp-json\/wp\/v2\/posts"}],"about":[{"href":"https:\/\/franciscanos.org.br\/noticias\/wp-json\/wp\/v2\/types\/post"}],"author":[{"embeddable":true,"href":"https:\/\/franciscanos.org.br\/noticias\/wp-json\/wp\/v2\/users\/1"}],"replies":[{"embeddable":true,"href":"https:\/\/franciscanos.org.br\/noticias\/wp-json\/wp\/v2\/comments?post=116509"}],"version-history":[{"count":3,"href":"https:\/\/franciscanos.org.br\/noticias\/wp-json\/wp\/v2\/posts\/116509\/revisions"}],"predecessor-version":[{"id":225627,"href":"https:\/\/franciscanos.org.br\/noticias\/wp-json\/wp\/v2\/posts\/116509\/revisions\/225627"}],"wp:featuredmedia":[{"embeddable":true,"href":"https:\/\/franciscanos.org.br\/noticias\/wp-json\/wp\/v2\/media\/215154"}],"wp:attachment":[{"href":"https:\/\/franciscanos.org.br\/noticias\/wp-json\/wp\/v2\/media?parent=116509"}],"wp:term":[{"taxonomy":"category","embeddable":true,"href":"https:\/\/franciscanos.org.br\/noticias\/wp-json\/wp\/v2\/categories?post=116509"},{"taxonomy":"post_tag","embeddable":true,"href":"https:\/\/franciscanos.org.br\/noticias\/wp-json\/wp\/v2\/tags?post=116509"}],"curies":[{"name":"wp","href":"https:\/\/api.w.org\/{rel}","templated":true}]}}