{"id":116456,"date":"2016-09-08T11:15:27","date_gmt":"2016-09-08T14:15:27","guid":{"rendered":"http:\/\/franciscanos.org.br\/?p=116456"},"modified":"2021-04-19T22:28:59","modified_gmt":"2021-04-20T01:28:59","slug":"petropolos-gritando-por-um-mundo-novo","status":"publish","type":"post","link":"https:\/\/franciscanos.org.br\/noticias\/petropolos-gritando-por-um-mundo-novo.html","title":{"rendered":"Petr\u00f3polis gritando por um mundo novo no 7 de setembro"},"content":{"rendered":"<p><img loading=\"lazy\" src=\"http:\/\/franciscanos.org.br\/wp-content\/uploads\/2016\/09\/grito_070916g.jpg\" alt=\"grito_070916g\" width=\"830\" height=\"400\" \/><\/p>\n<p><strong>Petr\u00f3polis (RJ) &#8211;<\/strong> O 7 de setembro foi um pouco mais movimentado que de costume na cidade de Petr\u00f3polis: pela primeira vez, de forma oficial, aconteceu na cidade da Regi\u00e3o Serrana do Rio de Janeiro o Grito dos Exclu\u00eddos.<\/p>\n<p>O \u201cGrito\u201d \u00e9 um movimento nacional apoiado pela CNBB, envolvendo as pastorais sociais, mas que tamb\u00e9m vai al\u00e9m do ambiente eclesial: Movimentos Sociais, Sindicatos, escolas, igrejas, Partidos pol\u00edticos. Como se l\u00ea na p\u00e1gina oficial do Movimento (www.gritodosesclu\u00eddos.org), \u201ca proposta do Grito surgiu no Brasil no ano de 1994 e o 1\u00ba Grito dos Exclu\u00eddos foi realizado em setembro de 1995, com o objetivo de aprofundar o tema da Campanha da Fraternidade do mesmo ano, que tinha como lema \u2018Eras tu, Senhor\u2019, e responder aos desafios levantados na 2\u00aa Semana Social Brasileira, cujo tema era \u2018Brasil, alternativas e protagonistas\u2019\u201d. O movimento foi ganhando for\u00e7a e chegou, em 2016, a sua 22\u00aa edi\u00e7\u00e3o.<\/p>\n<p>O caminho foi intenso e suado. A proposta surgiu da vontade de celebrar, da maneira mais significativa poss\u00edvel, os 15 anos do Projeto Gente Viva, ligado ao Servi\u00e7o Franciscano de Solidariedade (Sefras), que em Petr\u00f3polis trabalha com as crian\u00e7as da comunidade da Vila S\u00e3o Jos\u00e9 (que, por ser vizinha do cemit\u00e9rio e \u201cdividir espa\u00e7o com os mortos\u201d, deu o mote para a cria\u00e7\u00e3o do projeto que, em si, j\u00e1 \u00e9 um grito: \u201cSomos gente viva!\u201d). Na ocasi\u00e3o, meninas que participam da oficina de ballet apresentaram uma coreografia criada especialmente para a m\u00fasica \u201cRoda viva\u201d, de Chico Buarque, e o grupo de capoeira Karuna, respons\u00e1vel pela oficina de capoeira no projeto, tamb\u00e9m marcou presen\u00e7a.<\/p>\n<p>Lan\u00e7ada e aceita a proposta, um pequeno grupo inicial come\u00e7ou a reunir-se no Convento do Sagrado Cora\u00e7\u00e3o de Jesus, mas restava ainda a articula\u00e7\u00e3o. Sindicatos foram visitados, entrevistas dadas em r\u00e1dio e TVs comunit\u00e1rias, juntamos for\u00e7a com parceiros importantes como o Centro de Defesa dos Direitos Humanos (CDDH \u2013 parte da hist\u00f3ria dos frades na cidade, que contou, entre seus fundadores, o ent\u00e3o Frei Leonardo Boff) e a Confer\u00eancia dos Religiosos do Brasil (CRB), n\u00facleo Petr\u00f3polis, Juventudes de Partidos e Movimentos Estudantis, comunidades atingidas por desastres ou em risco de desapropria\u00e7\u00e3o.<\/p>\n<p>Foram cinco meses de muito trabalho para mostrar, com um grito de \u201cBasta!\u201d, a indigna\u00e7\u00e3o com um \u201cSistema insuport\u00e1vel que exclui, degrada e mata\u201d \u2013 esse foi o lema para esse ano, escolhido pela Executiva Nacional. Cinco meses de articula\u00e7\u00e3o e di\u00e1logo com os mais diversos setores da sociedade civil e que foram mostrados na rua em pouco mais de 3 horas de manifesta\u00e7\u00e3o.<\/p>\n<p>Nas reuni\u00f5es est\u00e1vamos cautelosos: ficar\u00edamos felizes se o n\u00famero dos participantes chegasse ao incr\u00edvel n\u00famero de 100. A verdade mesmo \u00e9 que ainda at\u00e9 \u00e0s 9h da manh\u00e3 (para quando marcamos a concentra\u00e7\u00e3o) s\u00f3 t\u00ednhamos a certeza do dever cumprido, mas a incerteza da ades\u00e3o, que foi ficando para tr\u00e1s \u00e0 medida que vimos o povo chegar. E aumentou: n\u00e3o esper\u00e1vamos a receptividade e ades\u00e3o do povo na rua, reunido para o tradicional desfile das escolas para o 7 de Setembro. No final das contas, na rua, gritando contra as mais diversas formas de exclus\u00e3o, viol\u00eancia, degrada\u00e7\u00e3o da vida e do planeta, participaram em torno de 500 pessoas \u2013 o que, como disseram muitas pessoas envolvidas com movimentos sociais na cidade, \u201c\u00e9 muito para Petr\u00f3polis!\u201d.<\/p>\n<p>Fato \u00e9 que convencemos. Mais: nos convencemos \u2013 que temos for\u00e7a e que juntos podemos sempre mais!<\/p>\n<p>Agora \u00e9 descansar, dormir bem, para, amanh\u00e3, come\u00e7ar a planejar 2017!<\/p>\n<p>Paz e Bem!<\/p>\n<p><strong>Frei Rafael Teixeira do Nascimento, <\/strong><em>especial para este site<\/em><\/p>\n","protected":false},"excerpt":{"rendered":"<p>Grito dos Exclu\u00eddos<\/p>\n","protected":false},"author":1,"featured_media":220275,"comment_status":"open","ping_status":"open","sticky":false,"template":"","format":"standard","meta":[],"categories":[1],"tags":[190],"acf":[],"yoast_head":"<!-- This site is optimized with the Yoast SEO plugin v19.2 - https:\/\/yoast.com\/wordpress\/plugins\/seo\/ -->\n<title>Petr\u00f3polis gritando por um mundo novo no 7 de setembro - Not\u00edcias - Franciscanos<\/title>\n<meta name=\"robots\" content=\"index, follow, max-snippet:-1, max-image-preview:large, max-video-preview:-1\" \/>\n<link rel=\"canonical\" href=\"https:\/\/franciscanos.org.br\/noticias\/petropolos-gritando-por-um-mundo-novo.html\" \/>\n<meta property=\"og:locale\" content=\"pt_BR\" \/>\n<meta property=\"og:type\" content=\"article\" \/>\n<meta property=\"og:title\" content=\"Petr\u00f3polis gritando por um mundo novo no 7 de setembro - Not\u00edcias - Franciscanos\" \/>\n<meta property=\"og:description\" content=\"Grito dos Exclu\u00eddos\" \/>\n<meta property=\"og:url\" content=\"https:\/\/franciscanos.org.br\/noticias\/petropolos-gritando-por-um-mundo-novo.html\" \/>\n<meta property=\"og:site_name\" content=\"Not\u00edcias - Franciscanos\" \/>\n<meta property=\"article:published_time\" content=\"2016-09-08T14:15:27+00:00\" \/>\n<meta property=\"article:modified_time\" content=\"2021-04-20T01:28:59+00:00\" \/>\n<meta property=\"og:image\" content=\"https:\/\/franciscanos.org.br\/noticias\/wp-content\/uploads\/2016\/09\/grito_070916g.jpg\" \/>\n\t<meta property=\"og:image:width\" content=\"273\" \/>\n\t<meta property=\"og:image:height\" content=\"181\" \/>\n\t<meta property=\"og:image:type\" content=\"image\/jpeg\" \/>\n<meta name=\"author\" content=\"admin\" \/>\n<meta name=\"twitter:card\" content=\"summary_large_image\" \/>\n<meta name=\"twitter:label1\" content=\"Escrito por\" \/>\n\t<meta name=\"twitter:data1\" content=\"admin\" \/>\n\t<meta name=\"twitter:label2\" content=\"Est. tempo de leitura\" \/>\n\t<meta name=\"twitter:data2\" content=\"3 minutos\" \/>\n<script type=\"application\/ld+json\" class=\"yoast-schema-graph\">{\"@context\":\"https:\/\/schema.org\",\"@graph\":[{\"@type\":\"WebSite\",\"@id\":\"https:\/\/franciscanos.org.br\/noticias\/#website\",\"url\":\"https:\/\/franciscanos.org.br\/noticias\/\",\"name\":\"Not\u00edcias - Franciscanos\",\"description\":\"Prov\u00edncia Franciscana da Imaculada Concei\u00e7\u00e3o do Brasil - Ordem dos Frades Menores - OFM\",\"potentialAction\":[{\"@type\":\"SearchAction\",\"target\":{\"@type\":\"EntryPoint\",\"urlTemplate\":\"https:\/\/franciscanos.org.br\/noticias\/?s={search_term_string}\"},\"query-input\":\"required name=search_term_string\"}],\"inLanguage\":\"pt-BR\"},{\"@type\":\"ImageObject\",\"inLanguage\":\"pt-BR\",\"@id\":\"https:\/\/franciscanos.org.br\/noticias\/petropolos-gritando-por-um-mundo-novo.html#primaryimage\",\"url\":\"https:\/\/franciscanos.org.br\/noticias\/wp-content\/uploads\/2016\/09\/grito_070916g.jpg\",\"contentUrl\":\"https:\/\/franciscanos.org.br\/noticias\/wp-content\/uploads\/2016\/09\/grito_070916g.jpg\",\"width\":273,\"height\":181},{\"@type\":\"WebPage\",\"@id\":\"https:\/\/franciscanos.org.br\/noticias\/petropolos-gritando-por-um-mundo-novo.html#webpage\",\"url\":\"https:\/\/franciscanos.org.br\/noticias\/petropolos-gritando-por-um-mundo-novo.html\",\"name\":\"Petr\u00f3polis gritando por um mundo novo no 7 de setembro - Not\u00edcias - Franciscanos\",\"isPartOf\":{\"@id\":\"https:\/\/franciscanos.org.br\/noticias\/#website\"},\"primaryImageOfPage\":{\"@id\":\"https:\/\/franciscanos.org.br\/noticias\/petropolos-gritando-por-um-mundo-novo.html#primaryimage\"},\"datePublished\":\"2016-09-08T14:15:27+00:00\",\"dateModified\":\"2021-04-20T01:28:59+00:00\",\"author\":{\"@id\":\"https:\/\/franciscanos.org.br\/noticias\/#\/schema\/person\/b38fbf43118f02820bd932f2e4b14ad3\"},\"breadcrumb\":{\"@id\":\"https:\/\/franciscanos.org.br\/noticias\/petropolos-gritando-por-um-mundo-novo.html#breadcrumb\"},\"inLanguage\":\"pt-BR\",\"potentialAction\":[{\"@type\":\"ReadAction\",\"target\":[\"https:\/\/franciscanos.org.br\/noticias\/petropolos-gritando-por-um-mundo-novo.html\"]}]},{\"@type\":\"BreadcrumbList\",\"@id\":\"https:\/\/franciscanos.org.br\/noticias\/petropolos-gritando-por-um-mundo-novo.html#breadcrumb\",\"itemListElement\":[{\"@type\":\"ListItem\",\"position\":1,\"name\":\"Home\",\"item\":\"https:\/\/franciscanos.org.br\/noticias\"},{\"@type\":\"ListItem\",\"position\":2,\"name\":\"Petr\u00f3polis gritando por um mundo novo no 7 de setembro\"}]},{\"@type\":\"Person\",\"@id\":\"https:\/\/franciscanos.org.br\/noticias\/#\/schema\/person\/b38fbf43118f02820bd932f2e4b14ad3\",\"name\":\"admin\",\"image\":{\"@type\":\"ImageObject\",\"inLanguage\":\"pt-BR\",\"@id\":\"https:\/\/franciscanos.org.br\/noticias\/#\/schema\/person\/image\/\",\"url\":\"https:\/\/secure.gravatar.com\/avatar\/e8495742d34d0ba6448ea1c628263b3e?s=96&d=mm&r=g\",\"contentUrl\":\"https:\/\/secure.gravatar.com\/avatar\/e8495742d34d0ba6448ea1c628263b3e?s=96&d=mm&r=g\",\"caption\":\"admin\"},\"url\":\"https:\/\/franciscanos.org.br\/noticias\/author\/admin\"}]}<\/script>\n<!-- \/ Yoast SEO plugin. -->","yoast_head_json":{"title":"Petr\u00f3polis gritando por um mundo novo no 7 de setembro - Not\u00edcias - Franciscanos","robots":{"index":"index","follow":"follow","max-snippet":"max-snippet:-1","max-image-preview":"max-image-preview:large","max-video-preview":"max-video-preview:-1"},"canonical":"https:\/\/franciscanos.org.br\/noticias\/petropolos-gritando-por-um-mundo-novo.html","og_locale":"pt_BR","og_type":"article","og_title":"Petr\u00f3polis gritando por um mundo novo no 7 de setembro - Not\u00edcias - Franciscanos","og_description":"Grito dos Exclu\u00eddos","og_url":"https:\/\/franciscanos.org.br\/noticias\/petropolos-gritando-por-um-mundo-novo.html","og_site_name":"Not\u00edcias - Franciscanos","article_published_time":"2016-09-08T14:15:27+00:00","article_modified_time":"2021-04-20T01:28:59+00:00","og_image":[{"width":273,"height":181,"url":"https:\/\/franciscanos.org.br\/noticias\/wp-content\/uploads\/2016\/09\/grito_070916g.jpg","type":"image\/jpeg"}],"author":"admin","twitter_card":"summary_large_image","twitter_misc":{"Escrito por":"admin","Est. tempo de leitura":"3 minutos"},"schema":{"@context":"https:\/\/schema.org","@graph":[{"@type":"WebSite","@id":"https:\/\/franciscanos.org.br\/noticias\/#website","url":"https:\/\/franciscanos.org.br\/noticias\/","name":"Not\u00edcias - Franciscanos","description":"Prov\u00edncia Franciscana da Imaculada Concei\u00e7\u00e3o do Brasil - Ordem dos Frades Menores - OFM","potentialAction":[{"@type":"SearchAction","target":{"@type":"EntryPoint","urlTemplate":"https:\/\/franciscanos.org.br\/noticias\/?s={search_term_string}"},"query-input":"required name=search_term_string"}],"inLanguage":"pt-BR"},{"@type":"ImageObject","inLanguage":"pt-BR","@id":"https:\/\/franciscanos.org.br\/noticias\/petropolos-gritando-por-um-mundo-novo.html#primaryimage","url":"https:\/\/franciscanos.org.br\/noticias\/wp-content\/uploads\/2016\/09\/grito_070916g.jpg","contentUrl":"https:\/\/franciscanos.org.br\/noticias\/wp-content\/uploads\/2016\/09\/grito_070916g.jpg","width":273,"height":181},{"@type":"WebPage","@id":"https:\/\/franciscanos.org.br\/noticias\/petropolos-gritando-por-um-mundo-novo.html#webpage","url":"https:\/\/franciscanos.org.br\/noticias\/petropolos-gritando-por-um-mundo-novo.html","name":"Petr\u00f3polis gritando por um mundo novo no 7 de setembro - Not\u00edcias - Franciscanos","isPartOf":{"@id":"https:\/\/franciscanos.org.br\/noticias\/#website"},"primaryImageOfPage":{"@id":"https:\/\/franciscanos.org.br\/noticias\/petropolos-gritando-por-um-mundo-novo.html#primaryimage"},"datePublished":"2016-09-08T14:15:27+00:00","dateModified":"2021-04-20T01:28:59+00:00","author":{"@id":"https:\/\/franciscanos.org.br\/noticias\/#\/schema\/person\/b38fbf43118f02820bd932f2e4b14ad3"},"breadcrumb":{"@id":"https:\/\/franciscanos.org.br\/noticias\/petropolos-gritando-por-um-mundo-novo.html#breadcrumb"},"inLanguage":"pt-BR","potentialAction":[{"@type":"ReadAction","target":["https:\/\/franciscanos.org.br\/noticias\/petropolos-gritando-por-um-mundo-novo.html"]}]},{"@type":"BreadcrumbList","@id":"https:\/\/franciscanos.org.br\/noticias\/petropolos-gritando-por-um-mundo-novo.html#breadcrumb","itemListElement":[{"@type":"ListItem","position":1,"name":"Home","item":"https:\/\/franciscanos.org.br\/noticias"},{"@type":"ListItem","position":2,"name":"Petr\u00f3polis gritando por um mundo novo no 7 de setembro"}]},{"@type":"Person","@id":"https:\/\/franciscanos.org.br\/noticias\/#\/schema\/person\/b38fbf43118f02820bd932f2e4b14ad3","name":"admin","image":{"@type":"ImageObject","inLanguage":"pt-BR","@id":"https:\/\/franciscanos.org.br\/noticias\/#\/schema\/person\/image\/","url":"https:\/\/secure.gravatar.com\/avatar\/e8495742d34d0ba6448ea1c628263b3e?s=96&d=mm&r=g","contentUrl":"https:\/\/secure.gravatar.com\/avatar\/e8495742d34d0ba6448ea1c628263b3e?s=96&d=mm&r=g","caption":"admin"},"url":"https:\/\/franciscanos.org.br\/noticias\/author\/admin"}]}},"_links":{"self":[{"href":"https:\/\/franciscanos.org.br\/noticias\/wp-json\/wp\/v2\/posts\/116456"}],"collection":[{"href":"https:\/\/franciscanos.org.br\/noticias\/wp-json\/wp\/v2\/posts"}],"about":[{"href":"https:\/\/franciscanos.org.br\/noticias\/wp-json\/wp\/v2\/types\/post"}],"author":[{"embeddable":true,"href":"https:\/\/franciscanos.org.br\/noticias\/wp-json\/wp\/v2\/users\/1"}],"replies":[{"embeddable":true,"href":"https:\/\/franciscanos.org.br\/noticias\/wp-json\/wp\/v2\/comments?post=116456"}],"version-history":[{"count":2,"href":"https:\/\/franciscanos.org.br\/noticias\/wp-json\/wp\/v2\/posts\/116456\/revisions"}],"predecessor-version":[{"id":222285,"href":"https:\/\/franciscanos.org.br\/noticias\/wp-json\/wp\/v2\/posts\/116456\/revisions\/222285"}],"wp:featuredmedia":[{"embeddable":true,"href":"https:\/\/franciscanos.org.br\/noticias\/wp-json\/wp\/v2\/media\/220275"}],"wp:attachment":[{"href":"https:\/\/franciscanos.org.br\/noticias\/wp-json\/wp\/v2\/media?parent=116456"}],"wp:term":[{"taxonomy":"category","embeddable":true,"href":"https:\/\/franciscanos.org.br\/noticias\/wp-json\/wp\/v2\/categories?post=116456"},{"taxonomy":"post_tag","embeddable":true,"href":"https:\/\/franciscanos.org.br\/noticias\/wp-json\/wp\/v2\/tags?post=116456"}],"curies":[{"name":"wp","href":"https:\/\/api.w.org\/{rel}","templated":true}]}}