{"id":116435,"date":"2016-10-02T08:35:39","date_gmt":"2016-10-02T11:35:39","guid":{"rendered":"http:\/\/franciscanos.org.br\/?p=116435"},"modified":"2019-08-06T09:18:39","modified_gmt":"2019-08-06T12:18:39","slug":"tempo-franciscano-no-bom-jesus","status":"publish","type":"post","link":"https:\/\/franciscanos.org.br\/noticias\/tempo-franciscano-no-bom-jesus.html","title":{"rendered":"Frei Claudino fala sobre o Tempo franciscano"},"content":{"rendered":"<p><strong><a href=\"http:\/\/franciscanos.org.br\/wp-content\/uploads\/2016\/09\/Claudini_080916_g.jpg\"><img loading=\"lazy\" class=\"alignright wp-image-116438\" src=\"http:\/\/franciscanos.org.br\/wp-content\/uploads\/2016\/09\/Claudini_080916_g.jpg\" alt=\"Claudini_080916_g\" width=\"414\" height=\"680\" \/><\/a>Moacir Beggo<\/strong><\/p>\n<p><em>\u201cNa educa\u00e7\u00e3o, o segredo \u00e9 n\u00e3o querer falar tudo de S\u00e3o Francisco a todo instante\u201d, ensina o coordenador de Ensino Religioso da Associa\u00e7\u00e3o Bom Jesus, Frei Claudino Gilz, ao explicar, nesta entrevista, como vai ser o \u201cTempo Franciscano\u201d de 2016 nas unidades do Col\u00e9gio Bom Jesus. Neste ano, o pano de fundo desta forma\u00e7\u00e3o \u00e9 o C\u00e2ntico das Criaturas, com um roteiro de atividades que tem in\u00edcio no dia 12 de setembro e se estende at\u00e9 14 de outubro. <\/em><\/p>\n<p><em>Na frente deste projeto est\u00e1 Frei Claudino, que al\u00e9m de coordenador do ensino religioso no Bom Jesus, representa a entidade na diretoria da ANEC (Associa\u00e7\u00e3o Nacional de Educa\u00e7\u00e3o Cat\u00f3lica &#8211; gest\u00e3o 2014-2017). Hoje, com 25 anos de vida religiosa franciscana e quase 19 anos de sacerdote, Frei Claudino \u00e9 pedagogo e mestre em Educa\u00e7\u00e3o pela PUC-PR e atualmente cursa o Doutorado em Educa\u00e7\u00e3o pela Universidade S\u00e3o Francisco (Itatiba &#8211; SP). Conhe\u00e7a mais o projeto!<\/em><\/p>\n<p><strong>Site Franciscanos<\/strong>\u00a0<em>&#8211; Qual a proposta do \u201cTempo Franciscano\u201d 2016?<\/em><\/p>\n<p><strong>Frei Claudino &#8211;<\/strong> A proposta do Tempo Franciscano 2016 decorre da pr\u00f3pria miss\u00e3o do Col\u00e9gio Bom Jesus, ou seja, promover a forma\u00e7\u00e3o integral de cada aluno de acordo com os princ\u00edpios crist\u00e3os e franciscanos. Neste ano de 2016, o tema escolhido para o Tempo Franciscano foi: \u201cCom S\u00e3o Francisco de Assis no C\u00e2ntico ao Senhor e \u00e0s Criaturas da Casa Comum\u201d. Tema esse assim definido com base no \u201cO C\u00e2ntico do Irm\u00e3o Sol\u201d, escrito pelo pr\u00f3prio S\u00e3o Francisco, entre 1224 e 1225. Vale dizer, \u00e9 um dos principais textos escritos por S\u00e3o Francisco que chegou at\u00e9 n\u00f3s. Por meio de tal escrito, Francisco se apresenta ao leitor como que pessoalmente, sem intermedi\u00e1rios, com suas pr\u00f3prias palavras, plenas de gratid\u00e3o e louvor a Deus. Por essas e outras raz\u00f5es, o C\u00e2ntico do Irm\u00e3o Sol pode tamb\u00e9m ser aos alunos e a todos n\u00f3s \u2013 envolvidos com as atividades educacionais \u2013 o ponto de partida para in\u00fameras aprendizagens e reflex\u00f5es, o objetivo por excel\u00eancia do Tempo Franciscano de 2016.<\/p>\n<p><strong>Site Franciscanos<\/strong><em>\u00a0&#8211; Quando come\u00e7a e termina esse \u201cTempo Franciscano\u201d no Bom Jesus e a quem se destina?<\/em><\/p>\n<p><strong>Frei Claudino<\/strong> &#8211; J\u00e1 h\u00e1 v\u00e1rios anos elabora-se um projeto para o Tempo Franciscano a ser desenvolvido em cada Unidade Bom Jesus ao longo de sete semanas com in\u00edcio na primeira semana de setembro at\u00e9 a terceira semana de outubro. O Tempo Franciscano destina-se aos alunos da Educa\u00e7\u00e3o Infantil, do Ensino Fundamental e Ensino M\u00e9dio de cada Unidade Bom Jesus. Em 2016, o projeto do Tempo Franciscano dever\u00e1 atingir aproximadamente 23 mil alunos nessas referidas semanas, al\u00e9m dos familiares desses alunos, funcion\u00e1rios e professores do Col\u00e9gio Bom Jesus.<\/p>\n<p><strong>Site Franciscanos<\/strong><em>\u00a0&#8211; Que tipo de atividades ser\u00e3o realizadas?<\/em><\/p>\n<p><strong>Frei Claudino<\/strong> &#8211; Elaboramos com muito zelo um livreto de 76 p\u00e1ginas para o Tempo Franciscano em que constam: os objetivos do Tempo Franciscano; uma breve fundamenta\u00e7\u00e3o com base em publica\u00e7\u00f5es de pesquisas sobre o tema j\u00e1 mencionado; uma se\u00e7\u00e3o de propostas de atividades espec\u00edficas para alunos dos segmentos da Educa\u00e7\u00e3o Infantil, outra se\u00e7\u00e3o tamb\u00e9m espec\u00edfica para os alunos do Ensino Fundamental e outra para os alunos do Ensino M\u00e9dio; e, ao final, uma se\u00e7\u00e3o com algumas ilustra\u00e7\u00f5es in\u00e9ditas \u00e0 luz de cada estrofe do C\u00e2ntico do Irm\u00e3o Sol, seja para impress\u00e3o no formato de banner, de faixa ou de cartaz.<\/p>\n<p>Al\u00e9m das propostas de atividades para serem desenvolvidas especificamente em sala de aula, constam no referido livreto sugest\u00f5es de atividades a serem realizadas no in\u00edcio de cada per\u00edodo letivo ou nos intervalos das aulas tais como: montagem do Espa\u00e7o Francisco, breves ora\u00e7\u00f5es, reflex\u00f5es, jograis, can\u00e7\u00f5es, teatros, pain\u00e9is, par\u00f3dias, declama\u00e7\u00e3o de poesias, caricaturas de Francisco, confec\u00e7\u00e3o de breves mensagens franciscanas a serem entregues \u00e0s fam\u00edlias pr\u00f3ximas \u00e0s Unidades Bom Jesus, celebra\u00e7\u00f5es ou b\u00ean\u00e7\u00e3os.<\/p>\n<p>Em cada uma dessas mencionadas atividades ou momentos, os objetivos estabelecidos convergem para: favorecer uma rela\u00e7\u00e3o entre o C\u00e2ntico do Irm\u00e3o Sol de S\u00e3o Francisco de Assis e a proposta educacional do Col\u00e9gio Bom Jesus junto aos alunos; identificar em S\u00e3o Francisco de Assis uma inspira\u00e7\u00e3o \u00e0 convoca\u00e7\u00e3o divina tanto para o discernimento do sentido da vida, quanto \u00e0 instaura\u00e7\u00e3o de uma conviv\u00eancia fraterna e respeitosa no cotidiano educacional; refletir sobre a import\u00e2ncia do C\u00e2ntico do Irm\u00e3o Sol, de S\u00e3o Francisco de Assis, em meio \u00e0s rela\u00e7\u00f5es humanas, seja no \u00e2mbito familiar, seja no educacional, social ou religioso; fazer do Tempo Franciscano (setembro e outubro de 2016) um momento prop\u00edcio para se aprender de S\u00e3o Francisco de Assis a amar a vida e a bendizer a Deus com todas as suas criaturas, entre outras coisas.<\/p>\n<p><strong>Site Franciscanos<\/strong><em>\u00a0&#8211; Que contribui\u00e7\u00f5es a espiritualidade franciscana traz para a educa\u00e7\u00e3o?<\/em><\/p>\n<p><strong>Frei Claudino<\/strong> &#8211; In\u00fameras podem ser as contribui\u00e7\u00f5es das Fontes Franciscanas \u00e0 educa\u00e7\u00e3o das atuais gera\u00e7\u00f5es. Enquanto as disciplinas escolares oportunizam a aprendizagem fragmentada de cada \u00e1rea do conhecimento, as Fontes Franciscanas possibilitam encontrar fundamentos \u00e0 forma\u00e7\u00e3o integral do aluno de hoje. Possibilitam \u2013 com a devida transposi\u00e7\u00e3o did\u00e1tica \u2013 ajudar os alunos a identificar na trajet\u00f3ria do menino e jovem Francisco um exemplo de como perseverar no caminho da f\u00e9 e no cultivo de virtudes tais como a cortesia para com todos, a generosidade com os pobres, o cuidado com os leprosos, a alegria, a humildade, a fraternidade, entre outras. Possibilitam, enfim, encantar os alunos de hoje a tamb\u00e9m \u2013 tal como S\u00e3o Francisco em seu tempo \u2013 a cuidar da cria\u00e7\u00e3o de Deus, a ir ao encontro dos menos favorecidos, a servir cada pessoa com alegria e humildade, a cantar e a envolver todas as criaturas no louvor a Deus.<\/p>\n<p>Na educa\u00e7\u00e3o, o segredo \u00e9 n\u00e3o querer falar tudo de S\u00e3o Francisco a todo instante. Mas, tal como fizemos para a elabora\u00e7\u00e3o do livreto do Tempo Franciscano desse ano de 2016, identificar um tema franciscano que seja oportuno e, com base nas Fontes e na Espiritualidade Franciscana, propor e desenvolver atividades afins com os alunos e seus familiares.<\/p>\n<p>VEJA TAMB\u00c9M<\/p>\n<div><a href=\"http:\/\/bomjesus.br\/sobre\/noticias-exibe\/104450213\/tempo+franciscano+um+canto+sobre+a+vida.htm\" target=\"_blank\" rel=\"noopener noreferrer\" data-saferedirecturl=\"https:\/\/www.google.com\/url?hl=pt-BR&amp;q=http:\/\/bomjesus.br\/sobre\/noticias-exibe\/104450213\/tempo%2Bfranciscano%2Bum%2Bcanto%2Bsobre%2Ba%2Bvida.htm&amp;source=gmail&amp;ust=1475940371790000&amp;usg=AFQjCNFsE-iCwQdBqqVAyEcanGxrn56udA\">Tempo Franciscano: um canto sobre a vida<\/a><\/div>\n<div><\/div>\n<div><a href=\"http:\/\/bomjesus.br\/sobre\/noticias-exibe\/104644815\/tempo+franciscano+gratidao+pela+vida.htm\" target=\"_blank\" rel=\"noopener noreferrer\" data-saferedirecturl=\"https:\/\/www.google.com\/url?hl=pt-BR&amp;q=http:\/\/bomjesus.br\/sobre\/noticias-exibe\/104644815\/tempo%2Bfranciscano%2Bgratidao%2Bpela%2Bvida.htm&amp;source=gmail&amp;ust=1475940371790000&amp;usg=AFQjCNEAZhm1-Uzt-gNHwIqXf1xk2rwe6g\">Tempo Franciscano: gratid\u00e3o pela vida\u00a0<\/a><\/div>\n","protected":false},"excerpt":{"rendered":"<p>Bom Jesus<\/p>\n","protected":false},"author":1,"featured_media":208784,"comment_status":"open","ping_status":"open","sticky":false,"template":"","format":"standard","meta":[],"categories":[758,1],"tags":[260,866,867],"acf":[],"yoast_head":"<!-- This site is optimized with the Yoast SEO plugin v19.2 - https:\/\/yoast.com\/wordpress\/plugins\/seo\/ -->\n<title>Frei Claudino fala sobre o Tempo franciscano - Not\u00edcias - Franciscanos<\/title>\n<meta name=\"robots\" content=\"index, follow, max-snippet:-1, max-image-preview:large, max-video-preview:-1\" \/>\n<link rel=\"canonical\" href=\"https:\/\/franciscanos.org.br\/noticias\/tempo-franciscano-no-bom-jesus.html\" \/>\n<meta property=\"og:locale\" content=\"pt_BR\" \/>\n<meta property=\"og:type\" content=\"article\" \/>\n<meta property=\"og:title\" content=\"Frei Claudino fala sobre o Tempo franciscano - Not\u00edcias - Franciscanos\" \/>\n<meta property=\"og:description\" content=\"Bom Jesus\" \/>\n<meta property=\"og:url\" content=\"https:\/\/franciscanos.org.br\/noticias\/tempo-franciscano-no-bom-jesus.html\" \/>\n<meta property=\"og:site_name\" content=\"Not\u00edcias - Franciscanos\" \/>\n<meta property=\"article:published_time\" content=\"2016-10-02T11:35:39+00:00\" \/>\n<meta property=\"article:modified_time\" content=\"2019-08-06T12:18:39+00:00\" \/>\n<meta property=\"og:image\" content=\"https:\/\/franciscanos.org.br\/noticias\/wp-content\/uploads\/2016\/10\/Claudino_Gilz-150x105-1.jpg\" \/>\n\t<meta property=\"og:image:width\" content=\"273\" \/>\n\t<meta property=\"og:image:height\" content=\"181\" \/>\n\t<meta property=\"og:image:type\" content=\"image\/jpeg\" \/>\n<meta name=\"author\" content=\"admin\" \/>\n<meta name=\"twitter:card\" content=\"summary_large_image\" \/>\n<meta name=\"twitter:label1\" content=\"Escrito por\" \/>\n\t<meta name=\"twitter:data1\" content=\"admin\" \/>\n\t<meta name=\"twitter:label2\" content=\"Est. tempo de leitura\" \/>\n\t<meta name=\"twitter:data2\" content=\"5 minutos\" \/>\n<script type=\"application\/ld+json\" class=\"yoast-schema-graph\">{\"@context\":\"https:\/\/schema.org\",\"@graph\":[{\"@type\":\"WebSite\",\"@id\":\"https:\/\/franciscanos.org.br\/noticias\/#website\",\"url\":\"https:\/\/franciscanos.org.br\/noticias\/\",\"name\":\"Not\u00edcias - Franciscanos\",\"description\":\"Prov\u00edncia Franciscana da Imaculada Concei\u00e7\u00e3o do Brasil - Ordem dos Frades Menores - OFM\",\"potentialAction\":[{\"@type\":\"SearchAction\",\"target\":{\"@type\":\"EntryPoint\",\"urlTemplate\":\"https:\/\/franciscanos.org.br\/noticias\/?s={search_term_string}\"},\"query-input\":\"required name=search_term_string\"}],\"inLanguage\":\"pt-BR\"},{\"@type\":\"ImageObject\",\"inLanguage\":\"pt-BR\",\"@id\":\"https:\/\/franciscanos.org.br\/noticias\/tempo-franciscano-no-bom-jesus.html#primaryimage\",\"url\":\"https:\/\/franciscanos.org.br\/noticias\/wp-content\/uploads\/2016\/10\/Claudino_Gilz-150x105-1.jpg\",\"contentUrl\":\"https:\/\/franciscanos.org.br\/noticias\/wp-content\/uploads\/2016\/10\/Claudino_Gilz-150x105-1.jpg\",\"width\":273,\"height\":181},{\"@type\":\"WebPage\",\"@id\":\"https:\/\/franciscanos.org.br\/noticias\/tempo-franciscano-no-bom-jesus.html#webpage\",\"url\":\"https:\/\/franciscanos.org.br\/noticias\/tempo-franciscano-no-bom-jesus.html\",\"name\":\"Frei Claudino fala sobre o Tempo franciscano - Not\u00edcias - Franciscanos\",\"isPartOf\":{\"@id\":\"https:\/\/franciscanos.org.br\/noticias\/#website\"},\"primaryImageOfPage\":{\"@id\":\"https:\/\/franciscanos.org.br\/noticias\/tempo-franciscano-no-bom-jesus.html#primaryimage\"},\"datePublished\":\"2016-10-02T11:35:39+00:00\",\"dateModified\":\"2019-08-06T12:18:39+00:00\",\"author\":{\"@id\":\"https:\/\/franciscanos.org.br\/noticias\/#\/schema\/person\/b38fbf43118f02820bd932f2e4b14ad3\"},\"breadcrumb\":{\"@id\":\"https:\/\/franciscanos.org.br\/noticias\/tempo-franciscano-no-bom-jesus.html#breadcrumb\"},\"inLanguage\":\"pt-BR\",\"potentialAction\":[{\"@type\":\"ReadAction\",\"target\":[\"https:\/\/franciscanos.org.br\/noticias\/tempo-franciscano-no-bom-jesus.html\"]}]},{\"@type\":\"BreadcrumbList\",\"@id\":\"https:\/\/franciscanos.org.br\/noticias\/tempo-franciscano-no-bom-jesus.html#breadcrumb\",\"itemListElement\":[{\"@type\":\"ListItem\",\"position\":1,\"name\":\"Home\",\"item\":\"https:\/\/franciscanos.org.br\/noticias\"},{\"@type\":\"ListItem\",\"position\":2,\"name\":\"Frei Claudino fala sobre o Tempo franciscano\"}]},{\"@type\":\"Person\",\"@id\":\"https:\/\/franciscanos.org.br\/noticias\/#\/schema\/person\/b38fbf43118f02820bd932f2e4b14ad3\",\"name\":\"admin\",\"image\":{\"@type\":\"ImageObject\",\"inLanguage\":\"pt-BR\",\"@id\":\"https:\/\/franciscanos.org.br\/noticias\/#\/schema\/person\/image\/\",\"url\":\"https:\/\/secure.gravatar.com\/avatar\/e8495742d34d0ba6448ea1c628263b3e?s=96&d=mm&r=g\",\"contentUrl\":\"https:\/\/secure.gravatar.com\/avatar\/e8495742d34d0ba6448ea1c628263b3e?s=96&d=mm&r=g\",\"caption\":\"admin\"},\"url\":\"https:\/\/franciscanos.org.br\/noticias\/author\/admin\"}]}<\/script>\n<!-- \/ Yoast SEO plugin. -->","yoast_head_json":{"title":"Frei Claudino fala sobre o Tempo franciscano - Not\u00edcias - Franciscanos","robots":{"index":"index","follow":"follow","max-snippet":"max-snippet:-1","max-image-preview":"max-image-preview:large","max-video-preview":"max-video-preview:-1"},"canonical":"https:\/\/franciscanos.org.br\/noticias\/tempo-franciscano-no-bom-jesus.html","og_locale":"pt_BR","og_type":"article","og_title":"Frei Claudino fala sobre o Tempo franciscano - Not\u00edcias - Franciscanos","og_description":"Bom Jesus","og_url":"https:\/\/franciscanos.org.br\/noticias\/tempo-franciscano-no-bom-jesus.html","og_site_name":"Not\u00edcias - Franciscanos","article_published_time":"2016-10-02T11:35:39+00:00","article_modified_time":"2019-08-06T12:18:39+00:00","og_image":[{"width":273,"height":181,"url":"https:\/\/franciscanos.org.br\/noticias\/wp-content\/uploads\/2016\/10\/Claudino_Gilz-150x105-1.jpg","type":"image\/jpeg"}],"author":"admin","twitter_card":"summary_large_image","twitter_misc":{"Escrito por":"admin","Est. tempo de leitura":"5 minutos"},"schema":{"@context":"https:\/\/schema.org","@graph":[{"@type":"WebSite","@id":"https:\/\/franciscanos.org.br\/noticias\/#website","url":"https:\/\/franciscanos.org.br\/noticias\/","name":"Not\u00edcias - Franciscanos","description":"Prov\u00edncia Franciscana da Imaculada Concei\u00e7\u00e3o do Brasil - Ordem dos Frades Menores - OFM","potentialAction":[{"@type":"SearchAction","target":{"@type":"EntryPoint","urlTemplate":"https:\/\/franciscanos.org.br\/noticias\/?s={search_term_string}"},"query-input":"required name=search_term_string"}],"inLanguage":"pt-BR"},{"@type":"ImageObject","inLanguage":"pt-BR","@id":"https:\/\/franciscanos.org.br\/noticias\/tempo-franciscano-no-bom-jesus.html#primaryimage","url":"https:\/\/franciscanos.org.br\/noticias\/wp-content\/uploads\/2016\/10\/Claudino_Gilz-150x105-1.jpg","contentUrl":"https:\/\/franciscanos.org.br\/noticias\/wp-content\/uploads\/2016\/10\/Claudino_Gilz-150x105-1.jpg","width":273,"height":181},{"@type":"WebPage","@id":"https:\/\/franciscanos.org.br\/noticias\/tempo-franciscano-no-bom-jesus.html#webpage","url":"https:\/\/franciscanos.org.br\/noticias\/tempo-franciscano-no-bom-jesus.html","name":"Frei Claudino fala sobre o Tempo franciscano - Not\u00edcias - Franciscanos","isPartOf":{"@id":"https:\/\/franciscanos.org.br\/noticias\/#website"},"primaryImageOfPage":{"@id":"https:\/\/franciscanos.org.br\/noticias\/tempo-franciscano-no-bom-jesus.html#primaryimage"},"datePublished":"2016-10-02T11:35:39+00:00","dateModified":"2019-08-06T12:18:39+00:00","author":{"@id":"https:\/\/franciscanos.org.br\/noticias\/#\/schema\/person\/b38fbf43118f02820bd932f2e4b14ad3"},"breadcrumb":{"@id":"https:\/\/franciscanos.org.br\/noticias\/tempo-franciscano-no-bom-jesus.html#breadcrumb"},"inLanguage":"pt-BR","potentialAction":[{"@type":"ReadAction","target":["https:\/\/franciscanos.org.br\/noticias\/tempo-franciscano-no-bom-jesus.html"]}]},{"@type":"BreadcrumbList","@id":"https:\/\/franciscanos.org.br\/noticias\/tempo-franciscano-no-bom-jesus.html#breadcrumb","itemListElement":[{"@type":"ListItem","position":1,"name":"Home","item":"https:\/\/franciscanos.org.br\/noticias"},{"@type":"ListItem","position":2,"name":"Frei Claudino fala sobre o Tempo franciscano"}]},{"@type":"Person","@id":"https:\/\/franciscanos.org.br\/noticias\/#\/schema\/person\/b38fbf43118f02820bd932f2e4b14ad3","name":"admin","image":{"@type":"ImageObject","inLanguage":"pt-BR","@id":"https:\/\/franciscanos.org.br\/noticias\/#\/schema\/person\/image\/","url":"https:\/\/secure.gravatar.com\/avatar\/e8495742d34d0ba6448ea1c628263b3e?s=96&d=mm&r=g","contentUrl":"https:\/\/secure.gravatar.com\/avatar\/e8495742d34d0ba6448ea1c628263b3e?s=96&d=mm&r=g","caption":"admin"},"url":"https:\/\/franciscanos.org.br\/noticias\/author\/admin"}]}},"_links":{"self":[{"href":"https:\/\/franciscanos.org.br\/noticias\/wp-json\/wp\/v2\/posts\/116435"}],"collection":[{"href":"https:\/\/franciscanos.org.br\/noticias\/wp-json\/wp\/v2\/posts"}],"about":[{"href":"https:\/\/franciscanos.org.br\/noticias\/wp-json\/wp\/v2\/types\/post"}],"author":[{"embeddable":true,"href":"https:\/\/franciscanos.org.br\/noticias\/wp-json\/wp\/v2\/users\/1"}],"replies":[{"embeddable":true,"href":"https:\/\/franciscanos.org.br\/noticias\/wp-json\/wp\/v2\/comments?post=116435"}],"version-history":[{"count":0,"href":"https:\/\/franciscanos.org.br\/noticias\/wp-json\/wp\/v2\/posts\/116435\/revisions"}],"wp:featuredmedia":[{"embeddable":true,"href":"https:\/\/franciscanos.org.br\/noticias\/wp-json\/wp\/v2\/media\/208784"}],"wp:attachment":[{"href":"https:\/\/franciscanos.org.br\/noticias\/wp-json\/wp\/v2\/media?parent=116435"}],"wp:term":[{"taxonomy":"category","embeddable":true,"href":"https:\/\/franciscanos.org.br\/noticias\/wp-json\/wp\/v2\/categories?post=116435"},{"taxonomy":"post_tag","embeddable":true,"href":"https:\/\/franciscanos.org.br\/noticias\/wp-json\/wp\/v2\/tags?post=116435"}],"curies":[{"name":"wp","href":"https:\/\/api.w.org\/{rel}","templated":true}]}}