{"id":116285,"date":"2016-09-06T11:06:30","date_gmt":"2016-09-06T14:06:30","guid":{"rendered":"http:\/\/franciscanos.org.br\/?p=116285"},"modified":"2020-03-23T12:16:26","modified_gmt":"2020-03-23T15:16:26","slug":"a-paroquia-do-rosario-passou-a-porta-santa","status":"publish","type":"post","link":"https:\/\/franciscanos.org.br\/noticias\/a-paroquia-do-rosario-passou-a-porta-santa.html","title":{"rendered":"A Par\u00f3quia do Ros\u00e1rio passou a Porta Santa em celebra\u00e7\u00e3o festiva"},"content":{"rendered":"<p><img loading=\"lazy\" src=\"http:\/\/franciscanos.org.br\/wp-content\/uploads\/2016\/09\/porta_060916g.jpg\" alt=\"porta_060916g\" width=\"830\" height=\"400\" \/><\/p>\n<p><strong>Vila Velha (ES) &#8211;<\/strong> \u00c9ramos quase duas mil pessoas na Prainha, na bel\u00edssima pra\u00e7a de figueiras e palmeiras, terreno roubado ao mar. Nessa Prainha aportaram, em 1535, na semana de Pentecostes, Vasco Coutinho e sua gente para colonizar a Sesmaria, que ele chamou de Esp\u00edrito Santo, por causa da festa lit\u00fargica. Ainda n\u00e3o tinham desembarcado os pertences, e os homens j\u00e1 tinham erguido a ermida de pau a pique para marcar o centro da nova vila. A capela foi dedicada a Santa Catarina, para cumprir promessa acad\u00eamica de Vasco Coutinho. E logo batizada com o nome de Nossa Senhora da Vit\u00f3ria, para satisfazer a promessa feita pelos reis portugueses ao vencer a batalha de Aljubarrota. A piedade popular p\u00f4s nos bra\u00e7os da Virgem da Vit\u00f3ria o Ros\u00e1rio e a crismou com o nome de Igreja de Nossa Senhora do Ros\u00e1rio, nome que prevaleceu, porque passam os reis e passam os comandantes, mas sobrevive o povo.<\/p>\n<p>Toda a hist\u00f3ria de Vila Velha e do Esp\u00edrito Santo gira em torno da Igreja de Nossa Senhora do Ros\u00e1rio, ainda que no morro vizinho esteja o Convento da Penha, que se tornou o s\u00edmbolo religioso e pol\u00edtico do Estado. A Igreja do Ros\u00e1rio, m\u00e3e e cabe\u00e7a de todas as igrejas do Esp\u00edrito Santo, tornou-se sede paroquial em 1750. Quando os franciscanos assumiram a par\u00f3quia, em 1942, ela abrangia todo o munic\u00edpio, que n\u00e3o tinha mais de seis mil habitantes. Hoje, 74 anos depois, o mesmo territ\u00f3rio est\u00e1 dividido em 15 par\u00f3quias. A par\u00f3quia do Ros\u00e1rio acabou limitada a 10 comunidades.<\/p>\n<p>E as 10 estavam presentes no anoitecer do s\u00e1bado dia 3 de setembro para a passagem comunit\u00e1ria da Porta Santa da Miseric\u00f3rdia, uma das velh\u00edssimas portas da Igreja do Ros\u00e1rio. O p\u00e1roco, Frei Djalmo Fuck, rezou na Pra\u00e7a: \u201c\u00d3 Deus, nosso Pai, acolhei as comunidades que comp\u00f5em a Par\u00f3quia de Nossa Senhora do Ros\u00e1rio, que nesta tarde, v\u00eam buscar miseric\u00f3rdia junto de v\u00f3s. Somos todos vossas criaturas necessitadas de perd\u00e3o. Perdoai as nossas ofensas como n\u00f3s queremos perdoar a todos que nos ofenderam. \u00c9 grande a d\u00edvida que temos convosco pelos pecados que fizemos. Mas vosso Filho Jesus nos ensinou que \u00e9 infinita vossa miseric\u00f3rdia, sem limites vosso amor de Pai. N\u00f3s confiamos na vossa bondade. Confiantes na vossa bondade, vos pedimos: fazei o nosso cora\u00e7\u00e3o semelhante ao cora\u00e7\u00e3o de vosso Filho, manso, compreensivo, fraterno e sempre voltado para v\u00f3s. Isso vos pedimos por Jesus, na unidade do Esp\u00edrito Santo\u201d.<\/p>\n<p>Cada comunidade partiu de sua sede em caminhada pelas ruas da cidade, levando \u00e0 frente uma cruz com o nome e foram se juntando, uma a uma, no Santu\u00e1rio, de onde caminhamos, j\u00e1 agora conduzidos por uma frente de 10 cruzes, todos juntos \u00e0 Prainha, rezando e cantando cantos penitenciais. As 10 comunidades, uma a uma, tinham se preparado. Frei Clar\u00eancio dera em cada uma delas uma palestra sobre o significado de um Ano Santo, o significado da Porta Santa, o significado da palavra e do gesto chamado \u2018Miseric\u00f3rdia\u2019, o significado da indulg\u00eancia plen\u00e1ria, concedida pelo Santo Padre. A palestra tinha por objetivo n\u00e3o s\u00f3 instruir, mas tamb\u00e9m despertar os cora\u00e7\u00f5es dos paroquianos \u00e0 reconcilia\u00e7\u00e3o e \u00e0 conviv\u00eancia como participantes do Reino de Deus. Num segundo dia, os franciscanos do Santu\u00e1rio foram a cada comunidade ouvir as confiss\u00f5es individuais, fazendo antes um exame de consci\u00eancia comunit\u00e1rio.<\/p>\n<p><img loading=\"lazy\" class=\"alignleft wp-image-116298\" src=\"http:\/\/franciscanos.org.br\/wp-content\/uploads\/2016\/09\/porta_060916_13.jpg\" alt=\"porta_060916_13\" width=\"450\" height=\"312\" \/>Esse trabalho em cada comunidade ocupou os frades durante todo o m\u00eas de agosto. Dia 5 de agosto abr\u00edramos as celebra\u00e7\u00f5es com a grande romaria noturna e encontro no Campinho. Aquele fogo das velas atravessando a escurid\u00e3o da mata foi mais que s\u00edmbolo: ajudou a muita gente a iluminar seu cora\u00e7\u00e3o e sua vida, sua fam\u00edlia e seu trabalho.<\/p>\n<p>As velas tornaram a se acender para a renova\u00e7\u00e3o da f\u00e9, das promessas batismais e da perten\u00e7a a uma comunidade. A multid\u00e3o, ao chegar \u00e0 Prainha, passara a Porta Santa da Miseric\u00f3rdia, em passo lento, piedoso, arrependido e prenhe de esperan\u00e7a. Agora, no meio da celebra\u00e7\u00e3o Eucar\u00edstica, dizia em voz alta, erguendo suas velas acesas: Creio em Jesus Porta-seguran\u00e7a, em Jesus Porta-acolhimento, em Jesus Porta-possibilidade de santifica\u00e7\u00e3o; Prometo fidelidade, participa\u00e7\u00e3o, perd\u00e3o e servi\u00e7o fraterno.<\/p>\n<p>Ningu\u00e9m perturbou o povo: os \u00f4nibus e carros tinham sido desviados; os v\u00e1rios bares tinham encostado as portas; o vento virou brisa; a amea\u00e7a de chuva n\u00e3o aconteceu; os pecados j\u00e1 tinham ficado para tr\u00e1s nas confiss\u00f5es; por sobre todos desceu a gra\u00e7a da b\u00ean\u00e7\u00e3o, a miseric\u00f3rdia da reconcilia\u00e7\u00e3o.<\/p>\n<p>O Evangelho da ovelha acarinhada nos ombros retornou no final da missa: com a figura de um pastor, que atravessou a multid\u00e3o, com uma crian\u00e7a, vestida de ovelha, no colo. E feliz entregou a ovelha nos bra\u00e7os do p\u00e1roco, pastor de todos, enquanto o povo cantava na melodia do Fabretti: \u201cTu \u00e9s, Senhor, o meu pastor, nada na minha vida faltar\u00e1!\u201d. Para a homilia, Frei Clar\u00eancio escolheu, entre centenas, sete frases do Papa Francisco sobre a miseric\u00f3rdia. A certa altura pediu que dois a dois se voltassem um para o outro, se fixassem nos olhos e se dissessem a frase de Jesus: \u201cFelizes os misericordiosos, porque alcan\u00e7ar\u00e3o miseric\u00f3rdia\u201d.<br \/>\nOutro gesto, cheio de sentido e pedagogia, aconteceu no final da renova\u00e7\u00e3o do Batismo, quando de novo as pessoas se voltaram uma para a outra, e tra\u00e7aram o sinal da cruz um na testa do outro e se abra\u00e7aram: somos irm\u00e3os, filhos do mesmo Pai, unidos pelo abra\u00e7o do amor. Se algu\u00e9m naquele momento erguesse os olhos para o c\u00e9u, que estava estrelado, n\u00e3o teria visto estrelas, por causa das l\u00e1grimas que corriam dos olhos.<\/p>\n<p>Valeu. Valeu uma miss\u00e3o popular. Valeu um Ano Santo. No domingo de manh\u00e3, antes da missa das 8h, quando o padre chegava \u00e0 Prainha, em cada ponta das duas cruzes da igreja do Ros\u00e1rio, pousavam seis urubus. O abutre, que come o podre, \u00e9 s\u00edmbolo de Jesus Cristo que \u2018tira os pecados do mundo\u2019. Nossa podrid\u00e3o foi trocada pela miseric\u00f3rdia. Somos, sim, a Fam\u00edlia de Deus.<\/p>\n<p><strong>Frei Clar\u00eancio Neotti, <\/strong><em>especial para este site<\/em><\/p>\n<p>&nbsp;<\/p>\n","protected":false},"excerpt":{"rendered":"<p>Vila Velha<\/p>\n","protected":false},"author":1,"featured_media":221617,"comment_status":"open","ping_status":"open","sticky":false,"template":"","format":"standard","meta":[],"categories":[1],"tags":[1415],"acf":[],"yoast_head":"<!-- This site is optimized with the Yoast SEO plugin v19.2 - https:\/\/yoast.com\/wordpress\/plugins\/seo\/ -->\n<title>A Par\u00f3quia do Ros\u00e1rio passou a Porta Santa em celebra\u00e7\u00e3o festiva - Not\u00edcias - Franciscanos<\/title>\n<meta name=\"robots\" content=\"index, follow, max-snippet:-1, max-image-preview:large, max-video-preview:-1\" \/>\n<link rel=\"canonical\" href=\"https:\/\/franciscanos.org.br\/noticias\/a-paroquia-do-rosario-passou-a-porta-santa.html\" \/>\n<meta property=\"og:locale\" content=\"pt_BR\" \/>\n<meta property=\"og:type\" content=\"article\" \/>\n<meta property=\"og:title\" content=\"A Par\u00f3quia do Ros\u00e1rio passou a Porta Santa em celebra\u00e7\u00e3o festiva - Not\u00edcias - Franciscanos\" \/>\n<meta property=\"og:description\" content=\"Vila Velha\" \/>\n<meta property=\"og:url\" content=\"https:\/\/franciscanos.org.br\/noticias\/a-paroquia-do-rosario-passou-a-porta-santa.html\" \/>\n<meta property=\"og:site_name\" content=\"Not\u00edcias - Franciscanos\" \/>\n<meta property=\"article:published_time\" content=\"2016-09-06T14:06:30+00:00\" \/>\n<meta property=\"article:modified_time\" content=\"2020-03-23T15:16:26+00:00\" \/>\n<meta property=\"og:image\" content=\"https:\/\/franciscanos.org.br\/noticias\/wp-content\/uploads\/2016\/09\/porta_060916g.jpg\" \/>\n\t<meta property=\"og:image:width\" content=\"273\" \/>\n\t<meta property=\"og:image:height\" content=\"181\" \/>\n\t<meta property=\"og:image:type\" content=\"image\/jpeg\" \/>\n<meta name=\"author\" content=\"admin\" \/>\n<meta name=\"twitter:card\" content=\"summary_large_image\" \/>\n<meta name=\"twitter:label1\" content=\"Escrito por\" \/>\n\t<meta name=\"twitter:data1\" content=\"admin\" \/>\n\t<meta name=\"twitter:label2\" content=\"Est. tempo de leitura\" \/>\n\t<meta name=\"twitter:data2\" content=\"5 minutos\" \/>\n<script type=\"application\/ld+json\" class=\"yoast-schema-graph\">{\"@context\":\"https:\/\/schema.org\",\"@graph\":[{\"@type\":\"WebSite\",\"@id\":\"https:\/\/franciscanos.org.br\/noticias\/#website\",\"url\":\"https:\/\/franciscanos.org.br\/noticias\/\",\"name\":\"Not\u00edcias - Franciscanos\",\"description\":\"Prov\u00edncia Franciscana da Imaculada Concei\u00e7\u00e3o do Brasil - Ordem dos Frades Menores - OFM\",\"potentialAction\":[{\"@type\":\"SearchAction\",\"target\":{\"@type\":\"EntryPoint\",\"urlTemplate\":\"https:\/\/franciscanos.org.br\/noticias\/?s={search_term_string}\"},\"query-input\":\"required name=search_term_string\"}],\"inLanguage\":\"pt-BR\"},{\"@type\":\"ImageObject\",\"inLanguage\":\"pt-BR\",\"@id\":\"https:\/\/franciscanos.org.br\/noticias\/a-paroquia-do-rosario-passou-a-porta-santa.html#primaryimage\",\"url\":\"https:\/\/franciscanos.org.br\/noticias\/wp-content\/uploads\/2016\/09\/porta_060916g.jpg\",\"contentUrl\":\"https:\/\/franciscanos.org.br\/noticias\/wp-content\/uploads\/2016\/09\/porta_060916g.jpg\",\"width\":273,\"height\":181},{\"@type\":\"WebPage\",\"@id\":\"https:\/\/franciscanos.org.br\/noticias\/a-paroquia-do-rosario-passou-a-porta-santa.html#webpage\",\"url\":\"https:\/\/franciscanos.org.br\/noticias\/a-paroquia-do-rosario-passou-a-porta-santa.html\",\"name\":\"A Par\u00f3quia do Ros\u00e1rio passou a Porta Santa em celebra\u00e7\u00e3o festiva - Not\u00edcias - Franciscanos\",\"isPartOf\":{\"@id\":\"https:\/\/franciscanos.org.br\/noticias\/#website\"},\"primaryImageOfPage\":{\"@id\":\"https:\/\/franciscanos.org.br\/noticias\/a-paroquia-do-rosario-passou-a-porta-santa.html#primaryimage\"},\"datePublished\":\"2016-09-06T14:06:30+00:00\",\"dateModified\":\"2020-03-23T15:16:26+00:00\",\"author\":{\"@id\":\"https:\/\/franciscanos.org.br\/noticias\/#\/schema\/person\/b38fbf43118f02820bd932f2e4b14ad3\"},\"breadcrumb\":{\"@id\":\"https:\/\/franciscanos.org.br\/noticias\/a-paroquia-do-rosario-passou-a-porta-santa.html#breadcrumb\"},\"inLanguage\":\"pt-BR\",\"potentialAction\":[{\"@type\":\"ReadAction\",\"target\":[\"https:\/\/franciscanos.org.br\/noticias\/a-paroquia-do-rosario-passou-a-porta-santa.html\"]}]},{\"@type\":\"BreadcrumbList\",\"@id\":\"https:\/\/franciscanos.org.br\/noticias\/a-paroquia-do-rosario-passou-a-porta-santa.html#breadcrumb\",\"itemListElement\":[{\"@type\":\"ListItem\",\"position\":1,\"name\":\"Home\",\"item\":\"https:\/\/franciscanos.org.br\/noticias\"},{\"@type\":\"ListItem\",\"position\":2,\"name\":\"A Par\u00f3quia do Ros\u00e1rio passou a Porta Santa em celebra\u00e7\u00e3o festiva\"}]},{\"@type\":\"Person\",\"@id\":\"https:\/\/franciscanos.org.br\/noticias\/#\/schema\/person\/b38fbf43118f02820bd932f2e4b14ad3\",\"name\":\"admin\",\"image\":{\"@type\":\"ImageObject\",\"inLanguage\":\"pt-BR\",\"@id\":\"https:\/\/franciscanos.org.br\/noticias\/#\/schema\/person\/image\/\",\"url\":\"https:\/\/secure.gravatar.com\/avatar\/e8495742d34d0ba6448ea1c628263b3e?s=96&d=mm&r=g\",\"contentUrl\":\"https:\/\/secure.gravatar.com\/avatar\/e8495742d34d0ba6448ea1c628263b3e?s=96&d=mm&r=g\",\"caption\":\"admin\"},\"url\":\"https:\/\/franciscanos.org.br\/noticias\/author\/admin\"}]}<\/script>\n<!-- \/ Yoast SEO plugin. -->","yoast_head_json":{"title":"A Par\u00f3quia do Ros\u00e1rio passou a Porta Santa em celebra\u00e7\u00e3o festiva - Not\u00edcias - Franciscanos","robots":{"index":"index","follow":"follow","max-snippet":"max-snippet:-1","max-image-preview":"max-image-preview:large","max-video-preview":"max-video-preview:-1"},"canonical":"https:\/\/franciscanos.org.br\/noticias\/a-paroquia-do-rosario-passou-a-porta-santa.html","og_locale":"pt_BR","og_type":"article","og_title":"A Par\u00f3quia do Ros\u00e1rio passou a Porta Santa em celebra\u00e7\u00e3o festiva - Not\u00edcias - Franciscanos","og_description":"Vila Velha","og_url":"https:\/\/franciscanos.org.br\/noticias\/a-paroquia-do-rosario-passou-a-porta-santa.html","og_site_name":"Not\u00edcias - Franciscanos","article_published_time":"2016-09-06T14:06:30+00:00","article_modified_time":"2020-03-23T15:16:26+00:00","og_image":[{"width":273,"height":181,"url":"https:\/\/franciscanos.org.br\/noticias\/wp-content\/uploads\/2016\/09\/porta_060916g.jpg","type":"image\/jpeg"}],"author":"admin","twitter_card":"summary_large_image","twitter_misc":{"Escrito por":"admin","Est. tempo de leitura":"5 minutos"},"schema":{"@context":"https:\/\/schema.org","@graph":[{"@type":"WebSite","@id":"https:\/\/franciscanos.org.br\/noticias\/#website","url":"https:\/\/franciscanos.org.br\/noticias\/","name":"Not\u00edcias - Franciscanos","description":"Prov\u00edncia Franciscana da Imaculada Concei\u00e7\u00e3o do Brasil - Ordem dos Frades Menores - OFM","potentialAction":[{"@type":"SearchAction","target":{"@type":"EntryPoint","urlTemplate":"https:\/\/franciscanos.org.br\/noticias\/?s={search_term_string}"},"query-input":"required name=search_term_string"}],"inLanguage":"pt-BR"},{"@type":"ImageObject","inLanguage":"pt-BR","@id":"https:\/\/franciscanos.org.br\/noticias\/a-paroquia-do-rosario-passou-a-porta-santa.html#primaryimage","url":"https:\/\/franciscanos.org.br\/noticias\/wp-content\/uploads\/2016\/09\/porta_060916g.jpg","contentUrl":"https:\/\/franciscanos.org.br\/noticias\/wp-content\/uploads\/2016\/09\/porta_060916g.jpg","width":273,"height":181},{"@type":"WebPage","@id":"https:\/\/franciscanos.org.br\/noticias\/a-paroquia-do-rosario-passou-a-porta-santa.html#webpage","url":"https:\/\/franciscanos.org.br\/noticias\/a-paroquia-do-rosario-passou-a-porta-santa.html","name":"A Par\u00f3quia do Ros\u00e1rio passou a Porta Santa em celebra\u00e7\u00e3o festiva - Not\u00edcias - Franciscanos","isPartOf":{"@id":"https:\/\/franciscanos.org.br\/noticias\/#website"},"primaryImageOfPage":{"@id":"https:\/\/franciscanos.org.br\/noticias\/a-paroquia-do-rosario-passou-a-porta-santa.html#primaryimage"},"datePublished":"2016-09-06T14:06:30+00:00","dateModified":"2020-03-23T15:16:26+00:00","author":{"@id":"https:\/\/franciscanos.org.br\/noticias\/#\/schema\/person\/b38fbf43118f02820bd932f2e4b14ad3"},"breadcrumb":{"@id":"https:\/\/franciscanos.org.br\/noticias\/a-paroquia-do-rosario-passou-a-porta-santa.html#breadcrumb"},"inLanguage":"pt-BR","potentialAction":[{"@type":"ReadAction","target":["https:\/\/franciscanos.org.br\/noticias\/a-paroquia-do-rosario-passou-a-porta-santa.html"]}]},{"@type":"BreadcrumbList","@id":"https:\/\/franciscanos.org.br\/noticias\/a-paroquia-do-rosario-passou-a-porta-santa.html#breadcrumb","itemListElement":[{"@type":"ListItem","position":1,"name":"Home","item":"https:\/\/franciscanos.org.br\/noticias"},{"@type":"ListItem","position":2,"name":"A Par\u00f3quia do Ros\u00e1rio passou a Porta Santa em celebra\u00e7\u00e3o festiva"}]},{"@type":"Person","@id":"https:\/\/franciscanos.org.br\/noticias\/#\/schema\/person\/b38fbf43118f02820bd932f2e4b14ad3","name":"admin","image":{"@type":"ImageObject","inLanguage":"pt-BR","@id":"https:\/\/franciscanos.org.br\/noticias\/#\/schema\/person\/image\/","url":"https:\/\/secure.gravatar.com\/avatar\/e8495742d34d0ba6448ea1c628263b3e?s=96&d=mm&r=g","contentUrl":"https:\/\/secure.gravatar.com\/avatar\/e8495742d34d0ba6448ea1c628263b3e?s=96&d=mm&r=g","caption":"admin"},"url":"https:\/\/franciscanos.org.br\/noticias\/author\/admin"}]}},"_links":{"self":[{"href":"https:\/\/franciscanos.org.br\/noticias\/wp-json\/wp\/v2\/posts\/116285"}],"collection":[{"href":"https:\/\/franciscanos.org.br\/noticias\/wp-json\/wp\/v2\/posts"}],"about":[{"href":"https:\/\/franciscanos.org.br\/noticias\/wp-json\/wp\/v2\/types\/post"}],"author":[{"embeddable":true,"href":"https:\/\/franciscanos.org.br\/noticias\/wp-json\/wp\/v2\/users\/1"}],"replies":[{"embeddable":true,"href":"https:\/\/franciscanos.org.br\/noticias\/wp-json\/wp\/v2\/comments?post=116285"}],"version-history":[{"count":1,"href":"https:\/\/franciscanos.org.br\/noticias\/wp-json\/wp\/v2\/posts\/116285\/revisions"}],"predecessor-version":[{"id":222291,"href":"https:\/\/franciscanos.org.br\/noticias\/wp-json\/wp\/v2\/posts\/116285\/revisions\/222291"}],"wp:featuredmedia":[{"embeddable":true,"href":"https:\/\/franciscanos.org.br\/noticias\/wp-json\/wp\/v2\/media\/221617"}],"wp:attachment":[{"href":"https:\/\/franciscanos.org.br\/noticias\/wp-json\/wp\/v2\/media?parent=116285"}],"wp:term":[{"taxonomy":"category","embeddable":true,"href":"https:\/\/franciscanos.org.br\/noticias\/wp-json\/wp\/v2\/categories?post=116285"},{"taxonomy":"post_tag","embeddable":true,"href":"https:\/\/franciscanos.org.br\/noticias\/wp-json\/wp\/v2\/tags?post=116285"}],"curies":[{"name":"wp","href":"https:\/\/api.w.org\/{rel}","templated":true}]}}