{"id":116148,"date":"2016-09-04T23:37:22","date_gmt":"2016-09-05T02:37:22","guid":{"rendered":"http:\/\/franciscanos.org.br\/?p=116148"},"modified":"2020-03-23T12:22:08","modified_gmt":"2020-03-23T15:22:08","slug":"frei-edvaldo-celebra-sua-primeira-missa","status":"publish","type":"post","link":"https:\/\/franciscanos.org.br\/noticias\/frei-edvaldo-celebra-sua-primeira-missa.html","title":{"rendered":"A primeira missa de Frei Edvaldo Batista Soares"},"content":{"rendered":"<p><img loading=\"lazy\" src=\"https:\/\/franciscanos.org.br\/noticias\/wp-content\/uploads\/2016\/09\/Frei_Edvaldo_040916-17-1.jpg\" alt=\"\" width=\"840\" height=\"559\" \/><\/p>\n<p><strong>Entre Rios (BA) &#8211;<\/strong>\u00a0A matriz Nossa Senhora dos Prazeres, em Entre Rios (BA), foi o local da primeira missa de Frei Edvaldo Batista Soares. A comunidade local j\u00e1 se reunia, muito alegre (como foram todos os dias durante as miss\u00f5es e o Tr\u00edduo), para acompanhar a primeira missa de mais um filho entrerriense elevado \u00e0 Ordem Presbiteral.\u00a0 A missa foi concelebrada pelos frades, pelos padres da diocese, pelo p\u00e1roco, Padre Jo\u00e3o Primo, pelo di\u00e1cono Rog\u00e9rio e por Padre Edilson, irm\u00e3o de Frei Edvaldo. A anima\u00e7\u00e3o ficou por conta do grupo local e de Frei Paulo C\u00e9sar Ferreira e Frei Leandro Costa Santos.<\/p>\n<p>Como de costume, um frade \u00e9 convidado para proferir a homilia nesta primeira celebra\u00e7\u00e3o, e Frei Douglas Machado, que reside em Conc\u00f3rdia (SC), foi o escolhido. O frade destacou as exig\u00eancias do seguimento a Jesus Cristo. \u201c\u00c9 verdade, nem todos s\u00e3o chamados a derramar o seu sangue por Ele, como m\u00e1rtires. Mas todos, sem exce\u00e7\u00e3o, devem carregar a sua cruz, dia ap\u00f3s dia, a fim de dizer, com S\u00e3o Paulo: \u2018Estou pregado \u00e0 cruz de Cristo\u2019 (Gl 2,19). S\u00e3o Jer\u00f4nimo diz que a cruz n\u00e3o se restringe ao tempo de persegui\u00e7\u00e3o, quando afirma: \u2018Cristo repete-o a cada um de n\u00f3s, ao ouvido, intimamente: a Cruz de cada dia. N\u00e3o s\u00f3 em tempo de persegui\u00e7\u00e3o ou quando se apresenta a possibilidade do mart\u00edrio, mas em todas as situa\u00e7\u00f5es, em todas as atividades, em todos os pensamentos, em todas as palavras, neguemos aquilo que antes \u00e9ramos e confessemos o que agora somos, visto que renascemos em Cristo\u2019.\u201d<\/p>\n<p>Frei Douglas, recordando S\u00e3o Greg\u00f3rio Magno, afirmou que todos foram m\u00e1rtires, ou pelo sangue, ou pela paci\u00eancia, e ressaltou que n\u00e3o devemos pedir a Deus que nos livre das cruzes, mas que nos d\u00ea for\u00e7as para suport\u00e1-las.<\/p>\n<p>O frade disse\u00a0que \u00e9 importante pedir a Deus sabedoria para carregar a cruz di\u00e1ria. \u201c\u00c9 a sabedoria que nos faz renunciarmos a n\u00f3s mesmos, que nos faz colocar o Senhor como o centro de nossa vida, do nosso modo de pensar e de agir, que O faz ser realmente o nosso Tudo. Ou seja, \u00e9 a sabedoria que nos faz sermos verdadeiros disc\u00edpulos de Cristo. \u2018Do mesmo modo, portanto, qualquer um de v\u00f3s, se n\u00e3o renunciar a tudo o que tem, n\u00e3o pode ser meu disc\u00edpulo&#8217;. Essa s\u00e1bia ren\u00fancia S\u00e3o Paulo prop\u00f5e a Fil\u00eamon, crist\u00e3o, propriet\u00e1rio do escravo On\u00e9simo.\u201d<\/p>\n<p>E concluiu sua homilia com um conselho, \u201c\u00c9 essa a vida de sacerdote, mais que estar \u00e0 frente das ovelhas ou no meio delas, o padre deve estar atr\u00e1s do Pastor, do Bom Pastor\u201d, concluiu.<\/p>\n<p>A grande devo\u00e7\u00e3o de Frei Edvaldo a Nossa Senhora deu o tom \u00e0 celebra\u00e7\u00e3o. No momento de a\u00e7\u00e3o de gra\u00e7as, as jovens da Jufra das Chagas, de S\u00e3o Paulo, onde Frei Edvaldo \u00e9 o assistente, entraram em prociss\u00e3o com uma imagem de Nossa Senhora das Gra\u00e7as, e o frade fez a consagra\u00e7\u00e3o a Nossa Senhora. Nos agradecimentos ele disse\u00a0que sempre pediu que Nossa Senhora o ajudasse a ser um religioso melhor, no qual as pessoas pudessem encontrar o rosto de Jesus Misericordioso.<\/p>\n<p>As jovens da Renova\u00e7\u00e3o Carism\u00e1tica Cat\u00f3lica da Matriz fizeram uma homenagem, com uma coreografia e uma jovem entrou caracterizada de Nossa Senhora das Gra\u00e7as. Padre Jo\u00e3o Primo, p\u00e1roco local, agradeceu os frades pela presen\u00e7a e pelas miss\u00f5es, que aconteceram ao longo da semana.<\/p>\n<p>Gabriela e Eliane, da Jufra das Chagas, fizeram uma homenagem ao assistente espiritual, em nome de todo o grupo. \u201cCom seu jeitinho de ser, com sua humildade e alegria, o senhor deu um novo sentido para nossa fraternidade. Deus te conduziu at\u00e9 n\u00f3s, nos aben\u00e7oou como nosso assistente espiritual. Obrigada por estender as suas m\u00e3os, por ser um instrumento em nossas vidas e por semear em nossos cora\u00e7\u00f5es a semente do bem, do amor, que certamente ser\u00e1 colhido e dar\u00e1 muitos frutos\u201d.<\/p>\n<p>Ap\u00f3s a missa, Frei Edvaldo foi calorosamente cumprimentado pelos presentes, e em seguida todos foram acolhidos para um almo\u00e7o no centro comunit\u00e1rio, preparado pelos paroquianos e pela fam\u00edlia do neo-sacerdote.<\/p>\n<p><strong>\u00c9rika Augusto<\/strong><\/p>\n","protected":false},"excerpt":{"rendered":"<p>Ordena\u00e7\u00e3o Presbiteral de Frei Edvaldo Batista Soares<\/p>\n","protected":false},"author":1,"featured_media":199377,"comment_status":"open","ping_status":"open","sticky":false,"template":"","format":"standard","meta":[],"categories":[1],"tags":[1344,167],"acf":[],"yoast_head":"<!-- This site is optimized with the Yoast SEO plugin v19.2 - https:\/\/yoast.com\/wordpress\/plugins\/seo\/ -->\n<title>A primeira missa de Frei Edvaldo Batista Soares - Not\u00edcias - Franciscanos<\/title>\n<meta name=\"robots\" content=\"index, follow, max-snippet:-1, max-image-preview:large, max-video-preview:-1\" \/>\n<link rel=\"canonical\" href=\"https:\/\/franciscanos.org.br\/noticias\/frei-edvaldo-celebra-sua-primeira-missa.html\" \/>\n<meta property=\"og:locale\" content=\"pt_BR\" \/>\n<meta property=\"og:type\" content=\"article\" \/>\n<meta property=\"og:title\" content=\"A primeira missa de Frei Edvaldo Batista Soares - Not\u00edcias - Franciscanos\" \/>\n<meta property=\"og:description\" content=\"Ordena\u00e7\u00e3o Presbiteral de Frei Edvaldo Batista Soares\" \/>\n<meta property=\"og:url\" content=\"https:\/\/franciscanos.org.br\/noticias\/frei-edvaldo-celebra-sua-primeira-missa.html\" \/>\n<meta property=\"og:site_name\" content=\"Not\u00edcias - Franciscanos\" \/>\n<meta property=\"article:published_time\" content=\"2016-09-05T02:37:22+00:00\" \/>\n<meta property=\"article:modified_time\" content=\"2020-03-23T15:22:08+00:00\" \/>\n<meta property=\"og:image\" content=\"https:\/\/franciscanos.org.br\/noticias\/wp-content\/uploads\/2016\/09\/Frei_Edvaldo_040916-17.jpg\" \/>\n\t<meta property=\"og:image:width\" content=\"273\" \/>\n\t<meta property=\"og:image:height\" content=\"181\" \/>\n\t<meta property=\"og:image:type\" content=\"image\/jpeg\" \/>\n<meta name=\"author\" content=\"admin\" \/>\n<meta name=\"twitter:card\" content=\"summary_large_image\" \/>\n<meta name=\"twitter:label1\" content=\"Escrito por\" \/>\n\t<meta name=\"twitter:data1\" content=\"admin\" \/>\n\t<meta name=\"twitter:label2\" content=\"Est. tempo de leitura\" \/>\n\t<meta name=\"twitter:data2\" content=\"4 minutos\" \/>\n<script type=\"application\/ld+json\" class=\"yoast-schema-graph\">{\"@context\":\"https:\/\/schema.org\",\"@graph\":[{\"@type\":\"WebSite\",\"@id\":\"https:\/\/franciscanos.org.br\/noticias\/#website\",\"url\":\"https:\/\/franciscanos.org.br\/noticias\/\",\"name\":\"Not\u00edcias - Franciscanos\",\"description\":\"Prov\u00edncia Franciscana da Imaculada Concei\u00e7\u00e3o do Brasil - Ordem dos Frades Menores - OFM\",\"potentialAction\":[{\"@type\":\"SearchAction\",\"target\":{\"@type\":\"EntryPoint\",\"urlTemplate\":\"https:\/\/franciscanos.org.br\/noticias\/?s={search_term_string}\"},\"query-input\":\"required name=search_term_string\"}],\"inLanguage\":\"pt-BR\"},{\"@type\":\"ImageObject\",\"inLanguage\":\"pt-BR\",\"@id\":\"https:\/\/franciscanos.org.br\/noticias\/frei-edvaldo-celebra-sua-primeira-missa.html#primaryimage\",\"url\":\"https:\/\/franciscanos.org.br\/noticias\/wp-content\/uploads\/2016\/09\/Frei_Edvaldo_040916-17.jpg\",\"contentUrl\":\"https:\/\/franciscanos.org.br\/noticias\/wp-content\/uploads\/2016\/09\/Frei_Edvaldo_040916-17.jpg\",\"width\":273,\"height\":181},{\"@type\":\"WebPage\",\"@id\":\"https:\/\/franciscanos.org.br\/noticias\/frei-edvaldo-celebra-sua-primeira-missa.html#webpage\",\"url\":\"https:\/\/franciscanos.org.br\/noticias\/frei-edvaldo-celebra-sua-primeira-missa.html\",\"name\":\"A primeira missa de Frei Edvaldo Batista Soares - Not\u00edcias - Franciscanos\",\"isPartOf\":{\"@id\":\"https:\/\/franciscanos.org.br\/noticias\/#website\"},\"primaryImageOfPage\":{\"@id\":\"https:\/\/franciscanos.org.br\/noticias\/frei-edvaldo-celebra-sua-primeira-missa.html#primaryimage\"},\"datePublished\":\"2016-09-05T02:37:22+00:00\",\"dateModified\":\"2020-03-23T15:22:08+00:00\",\"author\":{\"@id\":\"https:\/\/franciscanos.org.br\/noticias\/#\/schema\/person\/b38fbf43118f02820bd932f2e4b14ad3\"},\"breadcrumb\":{\"@id\":\"https:\/\/franciscanos.org.br\/noticias\/frei-edvaldo-celebra-sua-primeira-missa.html#breadcrumb\"},\"inLanguage\":\"pt-BR\",\"potentialAction\":[{\"@type\":\"ReadAction\",\"target\":[\"https:\/\/franciscanos.org.br\/noticias\/frei-edvaldo-celebra-sua-primeira-missa.html\"]}]},{\"@type\":\"BreadcrumbList\",\"@id\":\"https:\/\/franciscanos.org.br\/noticias\/frei-edvaldo-celebra-sua-primeira-missa.html#breadcrumb\",\"itemListElement\":[{\"@type\":\"ListItem\",\"position\":1,\"name\":\"Home\",\"item\":\"https:\/\/franciscanos.org.br\/noticias\"},{\"@type\":\"ListItem\",\"position\":2,\"name\":\"A primeira missa de Frei Edvaldo Batista Soares\"}]},{\"@type\":\"Person\",\"@id\":\"https:\/\/franciscanos.org.br\/noticias\/#\/schema\/person\/b38fbf43118f02820bd932f2e4b14ad3\",\"name\":\"admin\",\"image\":{\"@type\":\"ImageObject\",\"inLanguage\":\"pt-BR\",\"@id\":\"https:\/\/franciscanos.org.br\/noticias\/#\/schema\/person\/image\/\",\"url\":\"https:\/\/secure.gravatar.com\/avatar\/e8495742d34d0ba6448ea1c628263b3e?s=96&d=mm&r=g\",\"contentUrl\":\"https:\/\/secure.gravatar.com\/avatar\/e8495742d34d0ba6448ea1c628263b3e?s=96&d=mm&r=g\",\"caption\":\"admin\"},\"url\":\"https:\/\/franciscanos.org.br\/noticias\/author\/admin\"}]}<\/script>\n<!-- \/ Yoast SEO plugin. -->","yoast_head_json":{"title":"A primeira missa de Frei Edvaldo Batista Soares - Not\u00edcias - Franciscanos","robots":{"index":"index","follow":"follow","max-snippet":"max-snippet:-1","max-image-preview":"max-image-preview:large","max-video-preview":"max-video-preview:-1"},"canonical":"https:\/\/franciscanos.org.br\/noticias\/frei-edvaldo-celebra-sua-primeira-missa.html","og_locale":"pt_BR","og_type":"article","og_title":"A primeira missa de Frei Edvaldo Batista Soares - Not\u00edcias - Franciscanos","og_description":"Ordena\u00e7\u00e3o Presbiteral de Frei Edvaldo Batista Soares","og_url":"https:\/\/franciscanos.org.br\/noticias\/frei-edvaldo-celebra-sua-primeira-missa.html","og_site_name":"Not\u00edcias - Franciscanos","article_published_time":"2016-09-05T02:37:22+00:00","article_modified_time":"2020-03-23T15:22:08+00:00","og_image":[{"width":273,"height":181,"url":"https:\/\/franciscanos.org.br\/noticias\/wp-content\/uploads\/2016\/09\/Frei_Edvaldo_040916-17.jpg","type":"image\/jpeg"}],"author":"admin","twitter_card":"summary_large_image","twitter_misc":{"Escrito por":"admin","Est. tempo de leitura":"4 minutos"},"schema":{"@context":"https:\/\/schema.org","@graph":[{"@type":"WebSite","@id":"https:\/\/franciscanos.org.br\/noticias\/#website","url":"https:\/\/franciscanos.org.br\/noticias\/","name":"Not\u00edcias - Franciscanos","description":"Prov\u00edncia Franciscana da Imaculada Concei\u00e7\u00e3o do Brasil - Ordem dos Frades Menores - OFM","potentialAction":[{"@type":"SearchAction","target":{"@type":"EntryPoint","urlTemplate":"https:\/\/franciscanos.org.br\/noticias\/?s={search_term_string}"},"query-input":"required name=search_term_string"}],"inLanguage":"pt-BR"},{"@type":"ImageObject","inLanguage":"pt-BR","@id":"https:\/\/franciscanos.org.br\/noticias\/frei-edvaldo-celebra-sua-primeira-missa.html#primaryimage","url":"https:\/\/franciscanos.org.br\/noticias\/wp-content\/uploads\/2016\/09\/Frei_Edvaldo_040916-17.jpg","contentUrl":"https:\/\/franciscanos.org.br\/noticias\/wp-content\/uploads\/2016\/09\/Frei_Edvaldo_040916-17.jpg","width":273,"height":181},{"@type":"WebPage","@id":"https:\/\/franciscanos.org.br\/noticias\/frei-edvaldo-celebra-sua-primeira-missa.html#webpage","url":"https:\/\/franciscanos.org.br\/noticias\/frei-edvaldo-celebra-sua-primeira-missa.html","name":"A primeira missa de Frei Edvaldo Batista Soares - Not\u00edcias - Franciscanos","isPartOf":{"@id":"https:\/\/franciscanos.org.br\/noticias\/#website"},"primaryImageOfPage":{"@id":"https:\/\/franciscanos.org.br\/noticias\/frei-edvaldo-celebra-sua-primeira-missa.html#primaryimage"},"datePublished":"2016-09-05T02:37:22+00:00","dateModified":"2020-03-23T15:22:08+00:00","author":{"@id":"https:\/\/franciscanos.org.br\/noticias\/#\/schema\/person\/b38fbf43118f02820bd932f2e4b14ad3"},"breadcrumb":{"@id":"https:\/\/franciscanos.org.br\/noticias\/frei-edvaldo-celebra-sua-primeira-missa.html#breadcrumb"},"inLanguage":"pt-BR","potentialAction":[{"@type":"ReadAction","target":["https:\/\/franciscanos.org.br\/noticias\/frei-edvaldo-celebra-sua-primeira-missa.html"]}]},{"@type":"BreadcrumbList","@id":"https:\/\/franciscanos.org.br\/noticias\/frei-edvaldo-celebra-sua-primeira-missa.html#breadcrumb","itemListElement":[{"@type":"ListItem","position":1,"name":"Home","item":"https:\/\/franciscanos.org.br\/noticias"},{"@type":"ListItem","position":2,"name":"A primeira missa de Frei Edvaldo Batista Soares"}]},{"@type":"Person","@id":"https:\/\/franciscanos.org.br\/noticias\/#\/schema\/person\/b38fbf43118f02820bd932f2e4b14ad3","name":"admin","image":{"@type":"ImageObject","inLanguage":"pt-BR","@id":"https:\/\/franciscanos.org.br\/noticias\/#\/schema\/person\/image\/","url":"https:\/\/secure.gravatar.com\/avatar\/e8495742d34d0ba6448ea1c628263b3e?s=96&d=mm&r=g","contentUrl":"https:\/\/secure.gravatar.com\/avatar\/e8495742d34d0ba6448ea1c628263b3e?s=96&d=mm&r=g","caption":"admin"},"url":"https:\/\/franciscanos.org.br\/noticias\/author\/admin"}]}},"_links":{"self":[{"href":"https:\/\/franciscanos.org.br\/noticias\/wp-json\/wp\/v2\/posts\/116148"}],"collection":[{"href":"https:\/\/franciscanos.org.br\/noticias\/wp-json\/wp\/v2\/posts"}],"about":[{"href":"https:\/\/franciscanos.org.br\/noticias\/wp-json\/wp\/v2\/types\/post"}],"author":[{"embeddable":true,"href":"https:\/\/franciscanos.org.br\/noticias\/wp-json\/wp\/v2\/users\/1"}],"replies":[{"embeddable":true,"href":"https:\/\/franciscanos.org.br\/noticias\/wp-json\/wp\/v2\/comments?post=116148"}],"version-history":[{"count":2,"href":"https:\/\/franciscanos.org.br\/noticias\/wp-json\/wp\/v2\/posts\/116148\/revisions"}],"predecessor-version":[{"id":222299,"href":"https:\/\/franciscanos.org.br\/noticias\/wp-json\/wp\/v2\/posts\/116148\/revisions\/222299"}],"wp:featuredmedia":[{"embeddable":true,"href":"https:\/\/franciscanos.org.br\/noticias\/wp-json\/wp\/v2\/media\/199377"}],"wp:attachment":[{"href":"https:\/\/franciscanos.org.br\/noticias\/wp-json\/wp\/v2\/media?parent=116148"}],"wp:term":[{"taxonomy":"category","embeddable":true,"href":"https:\/\/franciscanos.org.br\/noticias\/wp-json\/wp\/v2\/categories?post=116148"},{"taxonomy":"post_tag","embeddable":true,"href":"https:\/\/franciscanos.org.br\/noticias\/wp-json\/wp\/v2\/tags?post=116148"}],"curies":[{"name":"wp","href":"https:\/\/api.w.org\/{rel}","templated":true}]}}