{"id":116027,"date":"2016-09-03T23:47:45","date_gmt":"2016-09-04T02:47:45","guid":{"rendered":"http:\/\/franciscanos.org.br\/?p=116027"},"modified":"2020-03-23T12:23:51","modified_gmt":"2020-03-23T15:23:51","slug":"com-muita-emocao-frei-edvaldo-e-ordenado-presbitero-em-sua-terra-natal","status":"publish","type":"post","link":"https:\/\/franciscanos.org.br\/noticias\/com-muita-emocao-frei-edvaldo-e-ordenado-presbitero-em-sua-terra-natal.html","title":{"rendered":"Frei Edvaldo \u00e9 ordenado presb\u00edtero na Bahia"},"content":{"rendered":"<p><img loading=\"lazy\" src=\"https:\/\/franciscanos.org.br\/noticias\/wp-content\/uploads\/2016\/09\/Frei_Edvaldo_030916g-1.jpg\" alt=\"\" width=\"840\" height=\"405\" \/><\/p>\n<p><strong>Entre Rios (BA)<\/strong> &#8211; Depois de dias intensos de muitas celebra\u00e7\u00f5es e miss\u00f5es, a comunidade da Par\u00f3quia Nossa Senhora dos Prazeres, em Entre Rios (BA), reuniu-se para testemunhar a ordena\u00e7\u00e3o presbiteral de seu filho, Frei Edvaldo Batista Soares, neste s\u00e1bado (3), \u00e0s 18h, na Pra\u00e7a da Matriz.<\/p>\n<p>Foi montado um tablado, para que mais fi\u00e9is pudessem participar da celebra\u00e7\u00e3o. O s\u00e1bado foi chuvoso, mas a chuva foi bondosa com os entrerrienses, apareceu apenas algumas vezes durante a celebra\u00e7\u00e3o, e de forma fraca.<\/p>\n<p>A missa foi presidida pelo franciscano Dom Jaime Spengler, Arcebispo de Porto Alegre, que foi professor de Frei Edvaldo nos estudos de Filosofia, em Rondinha (PR). Dom Paulo Dantas Bastos, Bispo de Alagoinhas foi o concelebrante, assim como Dom Jaime Mota de Farias, Bispo Em\u00e9rito de Alagoinhas. Diversos padres da diocese estiveram presentes e uma dezena de confrades, vindos de diversos estados da Prov\u00edncia da Imaculada Concei\u00e7\u00e3o do Brasil e da Prov\u00edncia Santo Ant\u00f4nio. Frei Gustavo Medella, Definidor Provincial, representou Frei Fid\u00eancio Vanboemmel, Ministro Provincial.<\/p>\n<p>A pra\u00e7a C\u00f4nego Felix, onde fica situada a matriz, ficou repleta de fi\u00e9is, que ocuparam todas as cadeiras dispon\u00edveis e outros acompanharam em p\u00e9 a celebra\u00e7\u00e3o, que durou aproximadamente 3 horas.<\/p>\n<p>Dando in\u00edcio ao Rito de Ordena\u00e7\u00e3o Presbiteral, Frei Gustavo apresentou Frei Edvaldo, afirmando que o confrade era uma pessoa muito digna, um bom confrade, muito religioso e de f\u00e1cil conviv\u00eancia. Dom Jaime perguntou ent\u00e3o ao bispo local a respeito de Frei Edvaldo. Dom Paulo afirmou que ele era uma pessoa digna de receber o sacramento da ordem. Quebrando o protocolo, Dom Jaime perguntou a Frei Mario Tagliari, guardi\u00e3o do Convento S\u00e3o Francisco, em S\u00e3o Paulo, onde Frei Edvaldo reside. Frei Mario afirmou que o confrade era um exemplo de testemunho no seguimento de Clara e Francisco de Assis. Padre Edilson, irm\u00e3o de Frei Edvaldo, foi perguntado a respeito do irm\u00e3o. Emocionado, ele afirmou que se ele n\u00e3o fosse digno ele diria, mas que n\u00e3o era o caso. E foi interrompido por suas l\u00e1grimas de emo\u00e7\u00e3o.<\/p>\n<p>A alegria do irm\u00e3o expressa o sentimento dos familiares, amigos e conhecidos de Frei Edvaldo. Todos estavam emocionados em participar deste momento t\u00e3o especial da vida do Nen\u00e9m, como \u00e9 conhecido na regi\u00e3o.<\/p>\n<p><strong>Seguir de perto o Senhor que nos chama<\/strong><br \/>\nEm sua homilia, Dom Jaime falou da import\u00e2ncia do discipulado, que \u00e9 tamb\u00e9m o lema de ordena\u00e7\u00e3o de Frei Edvaldo: \u201cSe algu\u00e9m quer me seguir renuncie a si mesmo, tome sua cruz cada dia e siga-me\u201d.<\/p>\n<p>\u201cA decis\u00e3o de cada um pelo seguimento pressup\u00f5e um ato supremo de vontade e de liberdade. H\u00e1 tamb\u00e9m condi\u00e7\u00f5es que n\u00e3o s\u00e3o facultativas; a passagem pela cruz \u00e9 uma necessidade para Jesus e para os disc\u00edpulos de tempos em tempos\u201d, afirmou o Arcebispo. Ele\u00a0destacou que o amor \u00e9 pressuposto fundamental para aquele que deseja seguir Jesus. Para ele,\u00a0amar \u00e9 viver na intimidade, exige entrega absoluta. E disse que para este seguimento no amor, s\u00e3o necess\u00e1rias 3 coisas: ren\u00fancia de si mesmo, tomar a sua cruz a cada dia e presen\u00e7a junto ao Senhor.<\/p>\n<p>Dom Jaime afirmou que diante da intui\u00e7\u00e3o e do encontro pessoal com Cristo, o cora\u00e7\u00e3o daquele que \u00e9 chamado a seguir o Senhor arde e, diante desta realidade, tudo \u00e9 poss\u00edvel. \u201cA nossa f\u00e9, o nosso batismo, a nossa consagra\u00e7\u00e3o religiosa \u00e9 participa\u00e7\u00e3o no Ser de Cristo; \u00e9 uma nova vida para os outros! Esta vida pressup\u00f5e convers\u00e3o, qual condi\u00e7\u00e3o para o perd\u00e3o; compromisso como pressuposto para a santidade; espiritualidade forte para perseverar no caminho assumido\u201d, disse o bispo. Ele encerrou pedindo a Frei Edvaldo que d\u00ea seu testemunho di\u00e1rio, buscando viver atrav\u00e9s da Palavra e da Eucaristia, e que n\u00e3o se esquecesse dos pobres.<\/p>\n<p>Dando sequ\u00eancia do Rito de Ordena\u00e7\u00e3o, Frei Edvaldo foi convidado a prostrar-se ao ch\u00e3o e foi cantada a Ladainha dos Santos. Em seguida, foi feita a imposi\u00e7\u00e3o das m\u00e3os pelos bispos e sacerdotes.<\/p>\n<p>Jenilda, cunhada de Frei Edvaldo e Lindinalva, irm\u00e3 do confrade, entraram com a casula e a estola para serem entregues. Padre Edilson e Frei Mario Tagliari foram os encarregados de fazer a vesti\u00e7\u00e3o do neo-sacerdote. Em seguida, Isidoria, de Cal\u00e7ada Nova, comunidade local do frade, entrou com o \u00f3leo do Crisma e Zete, irm\u00e3 de Frei Edvaldo, entrou com a fita, com a qual foram amarradas as m\u00e3os do confrade. Dom Jaime ungiu as m\u00e3os do neo-sacerdote e as amarrou, para que os pais pudessem desatar a fita. A primeira b\u00ean\u00e7\u00e3o de Frei Edvaldo foi dada a seus pais, Dona Joana e Seu Flor\u00eancio.<\/p>\n<p><strong>O agradecimento emocionado de Frei Edvaldo<\/strong><br \/>\n<img loading=\"lazy\" class=\"alignleft wp-image-116030\" src=\"http:\/\/franciscanos.org.br\/wp-content\/uploads\/2016\/09\/Frei_Edvaldo_030916-97-e1472956942906.jpg\" alt=\"Frei_Edvaldo_030916-97\" width=\"450\" height=\"362\" \/>Muito emotivo, o neo-sacerdote ficou com a voz embargada ao fazer os agradecimentos. Ele afirmou que se sente incapacitado para tal miss\u00e3o, mas que acredita que Deus capacita aqueles que Ele escolhe para Seu servi\u00e7o. \u201cCom sinceridade, eu espero corresponder todos os dias da minha vida, como frade menor, com toda a fidelidade, \u00e0s exig\u00eancias desse \u00e1rduo e bonito minist\u00e9rio. Espero ser fiel \u00e0 Igreja que, atrav\u00e9s da Ordem Franciscana, me confiou este minist\u00e9rio. Espero ser fiel ao povo de Deus, que deseja encontrar no sacerdote a acolhida do Cristo misericordioso\u201d, afirmou.<\/p>\n<p>Frei Edvaldo agradeceu de modo especial a Nossa Senhora, por ser seu amparo e sustento na caminhada vocacional, e ofereceu a ela este minist\u00e9rio, pedindo que ela lhe ajude a ser fiel. Ele agradeceu ao p\u00e1roco, Padre Jo\u00e3o Primo e ao di\u00e1cono Rog\u00e9rio, que possibilitaram que a celebra\u00e7\u00e3o acontecesse na matriz Nossa Senhora dos Prazeres. O frade agradeceu aos familiares, de modo especial pela tia Lauriana, testemunho de crist\u00e3 e exemplo na vida de Frei Edvaldo. Ele chamou ent\u00e3o algumas pessoas que ajudaram a organizar as miss\u00f5es e as celebra\u00e7\u00f5es na comunidade e pediu a eles uma salva de palmas.<\/p>\n<p>Antes de encerrar a celebra\u00e7\u00e3o, Dom Jaime pediu que Frei Edvaldo ficasse de joelhos para receber a b\u00ean\u00e7\u00e3o de seus conterr\u00e2neos. Ap\u00f3s a celebra\u00e7\u00e3o, todos foram convidados para uma confraterniza\u00e7\u00e3o preparada com muito carinho pela comunidade. A primeira missa de Frei Edvaldo acontece neste domingo (4), \u00e0s 10h na igreja Nossa Senhora dos Prazeres.<\/p>\n<p><strong>\u00c9rika Augusto<\/strong><\/p>\n","protected":false},"excerpt":{"rendered":"<p>Ordena\u00e7\u00e3o presbiteral<\/p>\n","protected":false},"author":1,"featured_media":219053,"comment_status":"open","ping_status":"open","sticky":false,"template":"","format":"standard","meta":[],"categories":[1],"tags":[157],"acf":[],"yoast_head":"<!-- This site is optimized with the Yoast SEO plugin v19.2 - https:\/\/yoast.com\/wordpress\/plugins\/seo\/ -->\n<title>Frei Edvaldo \u00e9 ordenado presb\u00edtero na Bahia - Not\u00edcias - Franciscanos<\/title>\n<meta name=\"robots\" content=\"index, follow, max-snippet:-1, max-image-preview:large, max-video-preview:-1\" \/>\n<link rel=\"canonical\" href=\"https:\/\/franciscanos.org.br\/noticias\/com-muita-emocao-frei-edvaldo-e-ordenado-presbitero-em-sua-terra-natal.html\" \/>\n<meta property=\"og:locale\" content=\"pt_BR\" \/>\n<meta property=\"og:type\" content=\"article\" \/>\n<meta property=\"og:title\" content=\"Frei Edvaldo \u00e9 ordenado presb\u00edtero na Bahia - Not\u00edcias - Franciscanos\" \/>\n<meta property=\"og:description\" content=\"Ordena\u00e7\u00e3o presbiteral\" \/>\n<meta property=\"og:url\" content=\"https:\/\/franciscanos.org.br\/noticias\/com-muita-emocao-frei-edvaldo-e-ordenado-presbitero-em-sua-terra-natal.html\" \/>\n<meta property=\"og:site_name\" content=\"Not\u00edcias - Franciscanos\" \/>\n<meta property=\"article:published_time\" content=\"2016-09-04T02:47:45+00:00\" \/>\n<meta property=\"article:modified_time\" content=\"2020-03-23T15:23:51+00:00\" \/>\n<meta property=\"og:image\" content=\"https:\/\/franciscanos.org.br\/noticias\/wp-content\/uploads\/2016\/09\/Frei_Edvaldo_030916g.jpg\" \/>\n\t<meta property=\"og:image:width\" content=\"273\" \/>\n\t<meta property=\"og:image:height\" content=\"181\" \/>\n\t<meta property=\"og:image:type\" content=\"image\/jpeg\" \/>\n<meta name=\"author\" content=\"admin\" \/>\n<meta name=\"twitter:card\" content=\"summary_large_image\" \/>\n<meta name=\"twitter:label1\" content=\"Escrito por\" \/>\n\t<meta name=\"twitter:data1\" content=\"admin\" \/>\n\t<meta name=\"twitter:label2\" content=\"Est. tempo de leitura\" \/>\n\t<meta name=\"twitter:data2\" content=\"5 minutos\" \/>\n<script type=\"application\/ld+json\" class=\"yoast-schema-graph\">{\"@context\":\"https:\/\/schema.org\",\"@graph\":[{\"@type\":\"WebSite\",\"@id\":\"https:\/\/franciscanos.org.br\/noticias\/#website\",\"url\":\"https:\/\/franciscanos.org.br\/noticias\/\",\"name\":\"Not\u00edcias - Franciscanos\",\"description\":\"Prov\u00edncia Franciscana da Imaculada Concei\u00e7\u00e3o do Brasil - Ordem dos Frades Menores - OFM\",\"potentialAction\":[{\"@type\":\"SearchAction\",\"target\":{\"@type\":\"EntryPoint\",\"urlTemplate\":\"https:\/\/franciscanos.org.br\/noticias\/?s={search_term_string}\"},\"query-input\":\"required name=search_term_string\"}],\"inLanguage\":\"pt-BR\"},{\"@type\":\"ImageObject\",\"inLanguage\":\"pt-BR\",\"@id\":\"https:\/\/franciscanos.org.br\/noticias\/com-muita-emocao-frei-edvaldo-e-ordenado-presbitero-em-sua-terra-natal.html#primaryimage\",\"url\":\"https:\/\/franciscanos.org.br\/noticias\/wp-content\/uploads\/2016\/09\/Frei_Edvaldo_030916g.jpg\",\"contentUrl\":\"https:\/\/franciscanos.org.br\/noticias\/wp-content\/uploads\/2016\/09\/Frei_Edvaldo_030916g.jpg\",\"width\":273,\"height\":181},{\"@type\":\"WebPage\",\"@id\":\"https:\/\/franciscanos.org.br\/noticias\/com-muita-emocao-frei-edvaldo-e-ordenado-presbitero-em-sua-terra-natal.html#webpage\",\"url\":\"https:\/\/franciscanos.org.br\/noticias\/com-muita-emocao-frei-edvaldo-e-ordenado-presbitero-em-sua-terra-natal.html\",\"name\":\"Frei Edvaldo \u00e9 ordenado presb\u00edtero na Bahia - Not\u00edcias - Franciscanos\",\"isPartOf\":{\"@id\":\"https:\/\/franciscanos.org.br\/noticias\/#website\"},\"primaryImageOfPage\":{\"@id\":\"https:\/\/franciscanos.org.br\/noticias\/com-muita-emocao-frei-edvaldo-e-ordenado-presbitero-em-sua-terra-natal.html#primaryimage\"},\"datePublished\":\"2016-09-04T02:47:45+00:00\",\"dateModified\":\"2020-03-23T15:23:51+00:00\",\"author\":{\"@id\":\"https:\/\/franciscanos.org.br\/noticias\/#\/schema\/person\/b38fbf43118f02820bd932f2e4b14ad3\"},\"breadcrumb\":{\"@id\":\"https:\/\/franciscanos.org.br\/noticias\/com-muita-emocao-frei-edvaldo-e-ordenado-presbitero-em-sua-terra-natal.html#breadcrumb\"},\"inLanguage\":\"pt-BR\",\"potentialAction\":[{\"@type\":\"ReadAction\",\"target\":[\"https:\/\/franciscanos.org.br\/noticias\/com-muita-emocao-frei-edvaldo-e-ordenado-presbitero-em-sua-terra-natal.html\"]}]},{\"@type\":\"BreadcrumbList\",\"@id\":\"https:\/\/franciscanos.org.br\/noticias\/com-muita-emocao-frei-edvaldo-e-ordenado-presbitero-em-sua-terra-natal.html#breadcrumb\",\"itemListElement\":[{\"@type\":\"ListItem\",\"position\":1,\"name\":\"Home\",\"item\":\"https:\/\/franciscanos.org.br\/noticias\"},{\"@type\":\"ListItem\",\"position\":2,\"name\":\"Frei Edvaldo \u00e9 ordenado presb\u00edtero na Bahia\"}]},{\"@type\":\"Person\",\"@id\":\"https:\/\/franciscanos.org.br\/noticias\/#\/schema\/person\/b38fbf43118f02820bd932f2e4b14ad3\",\"name\":\"admin\",\"image\":{\"@type\":\"ImageObject\",\"inLanguage\":\"pt-BR\",\"@id\":\"https:\/\/franciscanos.org.br\/noticias\/#\/schema\/person\/image\/\",\"url\":\"https:\/\/secure.gravatar.com\/avatar\/e8495742d34d0ba6448ea1c628263b3e?s=96&d=mm&r=g\",\"contentUrl\":\"https:\/\/secure.gravatar.com\/avatar\/e8495742d34d0ba6448ea1c628263b3e?s=96&d=mm&r=g\",\"caption\":\"admin\"},\"url\":\"https:\/\/franciscanos.org.br\/noticias\/author\/admin\"}]}<\/script>\n<!-- \/ Yoast SEO plugin. -->","yoast_head_json":{"title":"Frei Edvaldo \u00e9 ordenado presb\u00edtero na Bahia - Not\u00edcias - Franciscanos","robots":{"index":"index","follow":"follow","max-snippet":"max-snippet:-1","max-image-preview":"max-image-preview:large","max-video-preview":"max-video-preview:-1"},"canonical":"https:\/\/franciscanos.org.br\/noticias\/com-muita-emocao-frei-edvaldo-e-ordenado-presbitero-em-sua-terra-natal.html","og_locale":"pt_BR","og_type":"article","og_title":"Frei Edvaldo \u00e9 ordenado presb\u00edtero na Bahia - Not\u00edcias - Franciscanos","og_description":"Ordena\u00e7\u00e3o presbiteral","og_url":"https:\/\/franciscanos.org.br\/noticias\/com-muita-emocao-frei-edvaldo-e-ordenado-presbitero-em-sua-terra-natal.html","og_site_name":"Not\u00edcias - Franciscanos","article_published_time":"2016-09-04T02:47:45+00:00","article_modified_time":"2020-03-23T15:23:51+00:00","og_image":[{"width":273,"height":181,"url":"https:\/\/franciscanos.org.br\/noticias\/wp-content\/uploads\/2016\/09\/Frei_Edvaldo_030916g.jpg","type":"image\/jpeg"}],"author":"admin","twitter_card":"summary_large_image","twitter_misc":{"Escrito por":"admin","Est. tempo de leitura":"5 minutos"},"schema":{"@context":"https:\/\/schema.org","@graph":[{"@type":"WebSite","@id":"https:\/\/franciscanos.org.br\/noticias\/#website","url":"https:\/\/franciscanos.org.br\/noticias\/","name":"Not\u00edcias - Franciscanos","description":"Prov\u00edncia Franciscana da Imaculada Concei\u00e7\u00e3o do Brasil - Ordem dos Frades Menores - OFM","potentialAction":[{"@type":"SearchAction","target":{"@type":"EntryPoint","urlTemplate":"https:\/\/franciscanos.org.br\/noticias\/?s={search_term_string}"},"query-input":"required name=search_term_string"}],"inLanguage":"pt-BR"},{"@type":"ImageObject","inLanguage":"pt-BR","@id":"https:\/\/franciscanos.org.br\/noticias\/com-muita-emocao-frei-edvaldo-e-ordenado-presbitero-em-sua-terra-natal.html#primaryimage","url":"https:\/\/franciscanos.org.br\/noticias\/wp-content\/uploads\/2016\/09\/Frei_Edvaldo_030916g.jpg","contentUrl":"https:\/\/franciscanos.org.br\/noticias\/wp-content\/uploads\/2016\/09\/Frei_Edvaldo_030916g.jpg","width":273,"height":181},{"@type":"WebPage","@id":"https:\/\/franciscanos.org.br\/noticias\/com-muita-emocao-frei-edvaldo-e-ordenado-presbitero-em-sua-terra-natal.html#webpage","url":"https:\/\/franciscanos.org.br\/noticias\/com-muita-emocao-frei-edvaldo-e-ordenado-presbitero-em-sua-terra-natal.html","name":"Frei Edvaldo \u00e9 ordenado presb\u00edtero na Bahia - Not\u00edcias - Franciscanos","isPartOf":{"@id":"https:\/\/franciscanos.org.br\/noticias\/#website"},"primaryImageOfPage":{"@id":"https:\/\/franciscanos.org.br\/noticias\/com-muita-emocao-frei-edvaldo-e-ordenado-presbitero-em-sua-terra-natal.html#primaryimage"},"datePublished":"2016-09-04T02:47:45+00:00","dateModified":"2020-03-23T15:23:51+00:00","author":{"@id":"https:\/\/franciscanos.org.br\/noticias\/#\/schema\/person\/b38fbf43118f02820bd932f2e4b14ad3"},"breadcrumb":{"@id":"https:\/\/franciscanos.org.br\/noticias\/com-muita-emocao-frei-edvaldo-e-ordenado-presbitero-em-sua-terra-natal.html#breadcrumb"},"inLanguage":"pt-BR","potentialAction":[{"@type":"ReadAction","target":["https:\/\/franciscanos.org.br\/noticias\/com-muita-emocao-frei-edvaldo-e-ordenado-presbitero-em-sua-terra-natal.html"]}]},{"@type":"BreadcrumbList","@id":"https:\/\/franciscanos.org.br\/noticias\/com-muita-emocao-frei-edvaldo-e-ordenado-presbitero-em-sua-terra-natal.html#breadcrumb","itemListElement":[{"@type":"ListItem","position":1,"name":"Home","item":"https:\/\/franciscanos.org.br\/noticias"},{"@type":"ListItem","position":2,"name":"Frei Edvaldo \u00e9 ordenado presb\u00edtero na Bahia"}]},{"@type":"Person","@id":"https:\/\/franciscanos.org.br\/noticias\/#\/schema\/person\/b38fbf43118f02820bd932f2e4b14ad3","name":"admin","image":{"@type":"ImageObject","inLanguage":"pt-BR","@id":"https:\/\/franciscanos.org.br\/noticias\/#\/schema\/person\/image\/","url":"https:\/\/secure.gravatar.com\/avatar\/e8495742d34d0ba6448ea1c628263b3e?s=96&d=mm&r=g","contentUrl":"https:\/\/secure.gravatar.com\/avatar\/e8495742d34d0ba6448ea1c628263b3e?s=96&d=mm&r=g","caption":"admin"},"url":"https:\/\/franciscanos.org.br\/noticias\/author\/admin"}]}},"_links":{"self":[{"href":"https:\/\/franciscanos.org.br\/noticias\/wp-json\/wp\/v2\/posts\/116027"}],"collection":[{"href":"https:\/\/franciscanos.org.br\/noticias\/wp-json\/wp\/v2\/posts"}],"about":[{"href":"https:\/\/franciscanos.org.br\/noticias\/wp-json\/wp\/v2\/types\/post"}],"author":[{"embeddable":true,"href":"https:\/\/franciscanos.org.br\/noticias\/wp-json\/wp\/v2\/users\/1"}],"replies":[{"embeddable":true,"href":"https:\/\/franciscanos.org.br\/noticias\/wp-json\/wp\/v2\/comments?post=116027"}],"version-history":[{"count":2,"href":"https:\/\/franciscanos.org.br\/noticias\/wp-json\/wp\/v2\/posts\/116027\/revisions"}],"predecessor-version":[{"id":222302,"href":"https:\/\/franciscanos.org.br\/noticias\/wp-json\/wp\/v2\/posts\/116027\/revisions\/222302"}],"wp:featuredmedia":[{"embeddable":true,"href":"https:\/\/franciscanos.org.br\/noticias\/wp-json\/wp\/v2\/media\/219053"}],"wp:attachment":[{"href":"https:\/\/franciscanos.org.br\/noticias\/wp-json\/wp\/v2\/media?parent=116027"}],"wp:term":[{"taxonomy":"category","embeddable":true,"href":"https:\/\/franciscanos.org.br\/noticias\/wp-json\/wp\/v2\/categories?post=116027"},{"taxonomy":"post_tag","embeddable":true,"href":"https:\/\/franciscanos.org.br\/noticias\/wp-json\/wp\/v2\/tags?post=116027"}],"curies":[{"name":"wp","href":"https:\/\/api.w.org\/{rel}","templated":true}]}}