{"id":115702,"date":"2016-08-31T22:56:57","date_gmt":"2016-09-01T01:56:57","guid":{"rendered":"http:\/\/franciscanos.org.br\/?p=115702"},"modified":"2020-03-23T13:35:47","modified_gmt":"2020-03-23T16:35:47","slug":"dia-de-renovar-a-fe-e-a-esperanca-em-entre-rios","status":"publish","type":"post","link":"https:\/\/franciscanos.org.br\/noticias\/dia-de-renovar-a-fe-e-a-esperanca-em-entre-rios.html","title":{"rendered":"Dia de renovar a f\u00e9 e a esperan\u00e7a em Entre Rios"},"content":{"rendered":"<p><img loading=\"lazy\" src=\"https:\/\/franciscanos.org.br\/noticias\/wp-content\/uploads\/2016\/08\/Frei_Edvaldo_310816p.jpg\" alt=\"\" width=\"840\" height=\"450\" \/><\/p>\n<p><strong>\u00c9rika Augusto<\/strong><\/p>\n<p><strong>Entre Rios (BA)<\/strong> &#8211; Na manh\u00e3 deste primeiro dia de miss\u00f5es em Entre Rios (BA), os frades e religiosas se uniram aos paroquianos para sa\u00edrem em miss\u00f5es pelas ruas da cidade. Cada grupo permaneceu no bairro onde estava hospedado, e alguns frades seguiram para a zona rural, regi\u00e3o de origem de Frei Edvaldo Batista Soares.<\/p>\n<p>No centro, as Irm\u00e3s Franciscanas de Ingolstadt se dividiram para visitar as casas, sobretudo as que tinham idosos e enfermos. Entre as fam\u00edlias\u00a0que receberam os mission\u00e1rios, havia 2 senhoras com mais de 100 anos. Dona Benvenuta, aos 101 anos e Dona Ant\u00f4nia, de 102 anos e 6 meses \u2013 conforme ela mesma recordou. Dona Ant\u00f4nia recebeu as mission\u00e1rias com muita alegria. Rezou, respondeu \u00e0s ora\u00e7\u00f5es, cantou e agradeceu pela visita.<\/p>\n<p>Al\u00e9m dos idosos e enfermos, o grupo esteve em um col\u00e9gio, rezando com as funcion\u00e1rias e com alguns alunos, que participam do Minist\u00e9rio Jovem da Renova\u00e7\u00e3o Carism\u00e1tica, e no com\u00e9rcio local. Todos muito receptivos e felizes pela passagem dos mission\u00e1rios na regi\u00e3o.<\/p>\n<p>\u00c0s 19h30 aconteceu o primeiro dia do Tr\u00edduo em prepara\u00e7\u00e3o pela ordena\u00e7\u00e3o presbiteral de Frei Edvaldo. A missa foi presidida por Frei Miguel Cruz, que chegou nesta quarta-feira para ajudar nas miss\u00f5es, e animada pela equipe de liturgia local. Outros mission\u00e1rios que chegaram no dia de hoje foram recebidos calorosamente. Al\u00e9m de Frei Miguel, vindo de Curitibanos, os jovens vocacionados Julio e Gabriel vieram de S\u00e3o Paulo, e Gabriela e Eliane, da JUFRA. Frei Edvaldo e outros frades n\u00e3o estavam presentes, pois ficaram na zona rural para celebrar com as comunidades locais.<\/p>\n<p>Em sua homilia, Frei Miguel afirmou que \u00e9 um tempo de Entre Rios e a Ordem Franciscana renderem gra\u00e7as a Deus pela voca\u00e7\u00e3o de Frei Edvaldo. Ele ressaltou a import\u00e2ncia das miss\u00f5es nas casas, para que os outros moradores da cidade possam se alegrar e partilhar da alegria da comunidade.<\/p>\n<p>O tema do dia foi a voca\u00e7\u00e3o batismal, e o frade convocou os presentes a viverem com intensidade a miss\u00e3o de batizados. \u201cN\u00f3s todos fazemos parte da Igreja como crist\u00e3os batizados. \u00c9 muito importante que a gente reflita como estamos vivendo o nosso batismo\u201d, disse o frade, ressaltando que todas as voca\u00e7\u00f5es s\u00e3o importantes, n\u00e3o apenas a voca\u00e7\u00e3o religiosa.<\/p>\n<p>Frei Miguel tamb\u00e9m falou da import\u00e2ncia do testemunho para a Igreja. \u201cJesus passou para os disc\u00edpulos a miss\u00e3o e hoje n\u00f3s possu\u00edmos e somos respons\u00e1veis por este legado, de sermos testemunhas vivas e eficazes\u201d, concluiu.<\/p>\n<p>Em seguida Frei Diego Melo, coordenador do SAV, convidou os presentes a acenderem suas velas com o fogo do c\u00edrio pascal para a renova\u00e7\u00e3o das promessas do batismo, e deixou uma pergunta para que os presentes pudessem refletir: como posso assumir melhor o meu batismo?<\/p>\n<p>A missa terminou em clima de festa, com muitos cantos e louvores. Nesta quinta-feira (1), os mission\u00e1rios continuar\u00e3o o trabalho de evangeliza\u00e7\u00e3o nos bairros das comunidades.<\/p>\n","protected":false},"excerpt":{"rendered":"<p>Ordena\u00e7\u00e3o Presbiteral<\/p>\n","protected":false},"author":1,"featured_media":222326,"comment_status":"open","ping_status":"open","sticky":false,"template":"","format":"standard","meta":[],"categories":[1],"tags":[],"acf":[],"yoast_head":"<!-- This site is optimized with the Yoast SEO plugin v19.2 - https:\/\/yoast.com\/wordpress\/plugins\/seo\/ -->\n<title>Dia de renovar a f\u00e9 e a esperan\u00e7a em Entre Rios - Not\u00edcias - Franciscanos<\/title>\n<meta name=\"robots\" content=\"index, follow, max-snippet:-1, max-image-preview:large, max-video-preview:-1\" \/>\n<link rel=\"canonical\" href=\"https:\/\/franciscanos.org.br\/noticias\/dia-de-renovar-a-fe-e-a-esperanca-em-entre-rios.html\" \/>\n<meta property=\"og:locale\" content=\"pt_BR\" \/>\n<meta property=\"og:type\" content=\"article\" \/>\n<meta property=\"og:title\" content=\"Dia de renovar a f\u00e9 e a esperan\u00e7a em Entre Rios - Not\u00edcias - Franciscanos\" \/>\n<meta property=\"og:description\" content=\"Ordena\u00e7\u00e3o Presbiteral\" \/>\n<meta property=\"og:url\" content=\"https:\/\/franciscanos.org.br\/noticias\/dia-de-renovar-a-fe-e-a-esperanca-em-entre-rios.html\" \/>\n<meta property=\"og:site_name\" content=\"Not\u00edcias - Franciscanos\" \/>\n<meta property=\"article:published_time\" content=\"2016-09-01T01:56:57+00:00\" \/>\n<meta property=\"article:modified_time\" content=\"2020-03-23T16:35:47+00:00\" \/>\n<meta property=\"og:image\" content=\"https:\/\/franciscanos.org.br\/noticias\/wp-content\/uploads\/2016\/08\/Frei_Edvaldo_31081-273.jpg\" \/>\n\t<meta property=\"og:image:width\" content=\"273\" \/>\n\t<meta property=\"og:image:height\" content=\"181\" \/>\n\t<meta property=\"og:image:type\" content=\"image\/jpeg\" \/>\n<meta name=\"author\" content=\"admin\" \/>\n<meta name=\"twitter:card\" content=\"summary_large_image\" \/>\n<meta name=\"twitter:label1\" content=\"Escrito por\" \/>\n\t<meta name=\"twitter:data1\" content=\"admin\" \/>\n\t<meta name=\"twitter:label2\" content=\"Est. tempo de leitura\" \/>\n\t<meta name=\"twitter:data2\" content=\"3 minutos\" \/>\n<script type=\"application\/ld+json\" class=\"yoast-schema-graph\">{\"@context\":\"https:\/\/schema.org\",\"@graph\":[{\"@type\":\"WebSite\",\"@id\":\"https:\/\/franciscanos.org.br\/noticias\/#website\",\"url\":\"https:\/\/franciscanos.org.br\/noticias\/\",\"name\":\"Not\u00edcias - Franciscanos\",\"description\":\"Prov\u00edncia Franciscana da Imaculada Concei\u00e7\u00e3o do Brasil - Ordem dos Frades Menores - OFM\",\"potentialAction\":[{\"@type\":\"SearchAction\",\"target\":{\"@type\":\"EntryPoint\",\"urlTemplate\":\"https:\/\/franciscanos.org.br\/noticias\/?s={search_term_string}\"},\"query-input\":\"required name=search_term_string\"}],\"inLanguage\":\"pt-BR\"},{\"@type\":\"ImageObject\",\"inLanguage\":\"pt-BR\",\"@id\":\"https:\/\/franciscanos.org.br\/noticias\/dia-de-renovar-a-fe-e-a-esperanca-em-entre-rios.html#primaryimage\",\"url\":\"https:\/\/franciscanos.org.br\/noticias\/wp-content\/uploads\/2016\/08\/Frei_Edvaldo_31081-273.jpg\",\"contentUrl\":\"https:\/\/franciscanos.org.br\/noticias\/wp-content\/uploads\/2016\/08\/Frei_Edvaldo_31081-273.jpg\",\"width\":273,\"height\":181},{\"@type\":\"WebPage\",\"@id\":\"https:\/\/franciscanos.org.br\/noticias\/dia-de-renovar-a-fe-e-a-esperanca-em-entre-rios.html#webpage\",\"url\":\"https:\/\/franciscanos.org.br\/noticias\/dia-de-renovar-a-fe-e-a-esperanca-em-entre-rios.html\",\"name\":\"Dia de renovar a f\u00e9 e a esperan\u00e7a em Entre Rios - Not\u00edcias - Franciscanos\",\"isPartOf\":{\"@id\":\"https:\/\/franciscanos.org.br\/noticias\/#website\"},\"primaryImageOfPage\":{\"@id\":\"https:\/\/franciscanos.org.br\/noticias\/dia-de-renovar-a-fe-e-a-esperanca-em-entre-rios.html#primaryimage\"},\"datePublished\":\"2016-09-01T01:56:57+00:00\",\"dateModified\":\"2020-03-23T16:35:47+00:00\",\"author\":{\"@id\":\"https:\/\/franciscanos.org.br\/noticias\/#\/schema\/person\/b38fbf43118f02820bd932f2e4b14ad3\"},\"breadcrumb\":{\"@id\":\"https:\/\/franciscanos.org.br\/noticias\/dia-de-renovar-a-fe-e-a-esperanca-em-entre-rios.html#breadcrumb\"},\"inLanguage\":\"pt-BR\",\"potentialAction\":[{\"@type\":\"ReadAction\",\"target\":[\"https:\/\/franciscanos.org.br\/noticias\/dia-de-renovar-a-fe-e-a-esperanca-em-entre-rios.html\"]}]},{\"@type\":\"BreadcrumbList\",\"@id\":\"https:\/\/franciscanos.org.br\/noticias\/dia-de-renovar-a-fe-e-a-esperanca-em-entre-rios.html#breadcrumb\",\"itemListElement\":[{\"@type\":\"ListItem\",\"position\":1,\"name\":\"Home\",\"item\":\"https:\/\/franciscanos.org.br\/noticias\"},{\"@type\":\"ListItem\",\"position\":2,\"name\":\"Dia de renovar a f\u00e9 e a esperan\u00e7a em Entre Rios\"}]},{\"@type\":\"Person\",\"@id\":\"https:\/\/franciscanos.org.br\/noticias\/#\/schema\/person\/b38fbf43118f02820bd932f2e4b14ad3\",\"name\":\"admin\",\"image\":{\"@type\":\"ImageObject\",\"inLanguage\":\"pt-BR\",\"@id\":\"https:\/\/franciscanos.org.br\/noticias\/#\/schema\/person\/image\/\",\"url\":\"https:\/\/secure.gravatar.com\/avatar\/e8495742d34d0ba6448ea1c628263b3e?s=96&d=mm&r=g\",\"contentUrl\":\"https:\/\/secure.gravatar.com\/avatar\/e8495742d34d0ba6448ea1c628263b3e?s=96&d=mm&r=g\",\"caption\":\"admin\"},\"url\":\"https:\/\/franciscanos.org.br\/noticias\/author\/admin\"}]}<\/script>\n<!-- \/ Yoast SEO plugin. -->","yoast_head_json":{"title":"Dia de renovar a f\u00e9 e a esperan\u00e7a em Entre Rios - Not\u00edcias - Franciscanos","robots":{"index":"index","follow":"follow","max-snippet":"max-snippet:-1","max-image-preview":"max-image-preview:large","max-video-preview":"max-video-preview:-1"},"canonical":"https:\/\/franciscanos.org.br\/noticias\/dia-de-renovar-a-fe-e-a-esperanca-em-entre-rios.html","og_locale":"pt_BR","og_type":"article","og_title":"Dia de renovar a f\u00e9 e a esperan\u00e7a em Entre Rios - Not\u00edcias - Franciscanos","og_description":"Ordena\u00e7\u00e3o Presbiteral","og_url":"https:\/\/franciscanos.org.br\/noticias\/dia-de-renovar-a-fe-e-a-esperanca-em-entre-rios.html","og_site_name":"Not\u00edcias - Franciscanos","article_published_time":"2016-09-01T01:56:57+00:00","article_modified_time":"2020-03-23T16:35:47+00:00","og_image":[{"width":273,"height":181,"url":"https:\/\/franciscanos.org.br\/noticias\/wp-content\/uploads\/2016\/08\/Frei_Edvaldo_31081-273.jpg","type":"image\/jpeg"}],"author":"admin","twitter_card":"summary_large_image","twitter_misc":{"Escrito por":"admin","Est. tempo de leitura":"3 minutos"},"schema":{"@context":"https:\/\/schema.org","@graph":[{"@type":"WebSite","@id":"https:\/\/franciscanos.org.br\/noticias\/#website","url":"https:\/\/franciscanos.org.br\/noticias\/","name":"Not\u00edcias - Franciscanos","description":"Prov\u00edncia Franciscana da Imaculada Concei\u00e7\u00e3o do Brasil - Ordem dos Frades Menores - OFM","potentialAction":[{"@type":"SearchAction","target":{"@type":"EntryPoint","urlTemplate":"https:\/\/franciscanos.org.br\/noticias\/?s={search_term_string}"},"query-input":"required name=search_term_string"}],"inLanguage":"pt-BR"},{"@type":"ImageObject","inLanguage":"pt-BR","@id":"https:\/\/franciscanos.org.br\/noticias\/dia-de-renovar-a-fe-e-a-esperanca-em-entre-rios.html#primaryimage","url":"https:\/\/franciscanos.org.br\/noticias\/wp-content\/uploads\/2016\/08\/Frei_Edvaldo_31081-273.jpg","contentUrl":"https:\/\/franciscanos.org.br\/noticias\/wp-content\/uploads\/2016\/08\/Frei_Edvaldo_31081-273.jpg","width":273,"height":181},{"@type":"WebPage","@id":"https:\/\/franciscanos.org.br\/noticias\/dia-de-renovar-a-fe-e-a-esperanca-em-entre-rios.html#webpage","url":"https:\/\/franciscanos.org.br\/noticias\/dia-de-renovar-a-fe-e-a-esperanca-em-entre-rios.html","name":"Dia de renovar a f\u00e9 e a esperan\u00e7a em Entre Rios - Not\u00edcias - Franciscanos","isPartOf":{"@id":"https:\/\/franciscanos.org.br\/noticias\/#website"},"primaryImageOfPage":{"@id":"https:\/\/franciscanos.org.br\/noticias\/dia-de-renovar-a-fe-e-a-esperanca-em-entre-rios.html#primaryimage"},"datePublished":"2016-09-01T01:56:57+00:00","dateModified":"2020-03-23T16:35:47+00:00","author":{"@id":"https:\/\/franciscanos.org.br\/noticias\/#\/schema\/person\/b38fbf43118f02820bd932f2e4b14ad3"},"breadcrumb":{"@id":"https:\/\/franciscanos.org.br\/noticias\/dia-de-renovar-a-fe-e-a-esperanca-em-entre-rios.html#breadcrumb"},"inLanguage":"pt-BR","potentialAction":[{"@type":"ReadAction","target":["https:\/\/franciscanos.org.br\/noticias\/dia-de-renovar-a-fe-e-a-esperanca-em-entre-rios.html"]}]},{"@type":"BreadcrumbList","@id":"https:\/\/franciscanos.org.br\/noticias\/dia-de-renovar-a-fe-e-a-esperanca-em-entre-rios.html#breadcrumb","itemListElement":[{"@type":"ListItem","position":1,"name":"Home","item":"https:\/\/franciscanos.org.br\/noticias"},{"@type":"ListItem","position":2,"name":"Dia de renovar a f\u00e9 e a esperan\u00e7a em Entre Rios"}]},{"@type":"Person","@id":"https:\/\/franciscanos.org.br\/noticias\/#\/schema\/person\/b38fbf43118f02820bd932f2e4b14ad3","name":"admin","image":{"@type":"ImageObject","inLanguage":"pt-BR","@id":"https:\/\/franciscanos.org.br\/noticias\/#\/schema\/person\/image\/","url":"https:\/\/secure.gravatar.com\/avatar\/e8495742d34d0ba6448ea1c628263b3e?s=96&d=mm&r=g","contentUrl":"https:\/\/secure.gravatar.com\/avatar\/e8495742d34d0ba6448ea1c628263b3e?s=96&d=mm&r=g","caption":"admin"},"url":"https:\/\/franciscanos.org.br\/noticias\/author\/admin"}]}},"_links":{"self":[{"href":"https:\/\/franciscanos.org.br\/noticias\/wp-json\/wp\/v2\/posts\/115702"}],"collection":[{"href":"https:\/\/franciscanos.org.br\/noticias\/wp-json\/wp\/v2\/posts"}],"about":[{"href":"https:\/\/franciscanos.org.br\/noticias\/wp-json\/wp\/v2\/types\/post"}],"author":[{"embeddable":true,"href":"https:\/\/franciscanos.org.br\/noticias\/wp-json\/wp\/v2\/users\/1"}],"replies":[{"embeddable":true,"href":"https:\/\/franciscanos.org.br\/noticias\/wp-json\/wp\/v2\/comments?post=115702"}],"version-history":[{"count":2,"href":"https:\/\/franciscanos.org.br\/noticias\/wp-json\/wp\/v2\/posts\/115702\/revisions"}],"predecessor-version":[{"id":222327,"href":"https:\/\/franciscanos.org.br\/noticias\/wp-json\/wp\/v2\/posts\/115702\/revisions\/222327"}],"wp:featuredmedia":[{"embeddable":true,"href":"https:\/\/franciscanos.org.br\/noticias\/wp-json\/wp\/v2\/media\/222326"}],"wp:attachment":[{"href":"https:\/\/franciscanos.org.br\/noticias\/wp-json\/wp\/v2\/media?parent=115702"}],"wp:term":[{"taxonomy":"category","embeddable":true,"href":"https:\/\/franciscanos.org.br\/noticias\/wp-json\/wp\/v2\/categories?post=115702"},{"taxonomy":"post_tag","embeddable":true,"href":"https:\/\/franciscanos.org.br\/noticias\/wp-json\/wp\/v2\/tags?post=115702"}],"curies":[{"name":"wp","href":"https:\/\/api.w.org\/{rel}","templated":true}]}}