{"id":11559,"date":"2012-02-08T10:32:32","date_gmt":"2012-02-08T12:32:32","guid":{"rendered":"http:\/\/new.franciscanos.org.br\/?p=11559"},"modified":"2020-03-19T11:47:54","modified_gmt":"2020-03-19T14:47:54","slug":"dia-de-visitas-na-fraternidade-das-chagas-de-florianopolis","status":"publish","type":"post","link":"https:\/\/franciscanos.org.br\/noticias\/dia-de-visitas-na-fraternidade-das-chagas-de-florianopolis.html","title":{"rendered":"Dia de visitas na Fraternidade das Chagas de Florian\u00f3polis"},"content":{"rendered":"<p><a href=\"http:\/\/franciscanos.org.br\/wp-content\/uploads\/2012\/02\/1742_080212.jpg\"><img loading=\"lazy\" class=\"size-full wp-image-11560 alignright\" title=\"OSF\" src=\"http:\/\/franciscanos.org.br\/wp-content\/uploads\/2012\/02\/1742_080212.jpg\" alt=\"\" width=\"350\" height=\"263\" \/><\/a>A Fraternidade S\u00e3o Francisco das Chagas (OFS) de Florian\u00f3polis recebeu, no \u00faltimo s\u00e1bado (04\/02), a visita fraterna do Assistente Espiritual Regional da OFS em Santa Catarina, Frei Jos\u00e9 Luiz Prim, OFM, al\u00e9m do Ministro Regional da OFS, Sr. Nicodemos Deschamps. Na ocasi\u00e3o, foi apresentado pela Ministra Local, Ione Menezes, e recebido com muito carinho pela Fraternidade, o novo Assistente Espiritual, Frei Vanderley Grassi, OFM, que tamb\u00e9m acompanhar\u00e1 os trabalhos da Juventude Franciscana (Fraternidade Perfeita Alegria) em Florian\u00f3polis.<\/p>\n<p>Frei Jos\u00e9 Luiz Prim questionou junto aos presentes se \u201cfaz sentido haver OFS hoje, no S\u00e9culo XXI?\u201d. Disse que, assim como Clara, tamb\u00e9m n\u00f3s \u201cn\u00e3o podemos perder nosso ponto de partida\u201d. E que para os irm\u00e3os da OFS, \u201co ponto de partida \u00e9 o Batismo e o dia da Profiss\u00e3o na OFS\u201d. Recordou que a ora\u00e7\u00e3o de cada dia, a reflex\u00e3o interior nos aproxima de Deus: \u201cSanta Clara chegou num est\u00e1gio t\u00e3o avan\u00e7ado de ora\u00e7\u00e3o, a fase contemplativa, que j\u00e1 n\u00e3o rezava como n\u00f3s, mas via em Deus seu esp\u00edrito. Em seu encanto, enxergava Deus com os olhos da pureza e do amor\u201d. E explicou que a contempla\u00e7\u00e3o de Clara \u00e9 ver Deus no outro, especialmente nos pobres: \u201ctemos que visualizar Jesus Cristo no outro, mesmo que, por muitas vezes, o outro tenha uma face desconfigurada de Cristo\u201d.<\/p>\n<p><a href=\"http:\/\/franciscanos.org.br\/wp-content\/uploads\/2012\/02\/1743_080212.jpg\"><img loading=\"lazy\" class=\"alignleft size-full wp-image-11561\" title=\"OFS\" src=\"http:\/\/franciscanos.org.br\/wp-content\/uploads\/2012\/02\/1743_080212.jpg\" alt=\"\" width=\"350\" height=\"263\" \/><\/a>Frei Jos\u00e9 Luiz Prim tamb\u00e9m lembrou que devemos olhar para o espelho e ver Jesus ali refletido: \u201colhe Cristo, Ele \u00e9 seu espelho em todos os sentidos, na pobreza do nascimento. Clara nos manda contemplar e considerar tudo o que Ele sofreu\u201d. Acerca da morte, ponderou: \u201cs\u00f3 pelo sofrimento extremo da morte \u00e9 que podemos nos assemelhar a Cristo na ressurrei\u00e7\u00e3o\u201d. O Frei Assistente do Regional encerrou o encontro lan\u00e7ando a seguinte pergunta aos presentes: \u201cSanta Clara nos desafia: o que eu posso fazer para provar que amo a Cristo de verdade?\u201d.<\/p>\n<p>Ao final, o Sr. Nicodemos anunciou estar percorrendo todo o estado de Santa Catarina, com o objetivo de convidar a Fam\u00edlia Franciscana do Regional para a comemora\u00e7\u00e3o do ano Clariano, a ser realizado no dia 19\/08, na cidade de Rodeio.<\/p>\n<p><strong>Por Leonardo Contin da Costa<\/strong><br \/>\nSecret\u00e1rio Regional Juventude Franciscana-SC &#8211;\u00a0<a href=\"http:\/\/www.twitter.com\/jufrasc\">@jufrasc<\/a><\/p>\n","protected":false},"excerpt":{"rendered":"<p>OFS<\/p>\n","protected":false},"author":1,"featured_media":210878,"comment_status":"open","ping_status":"open","sticky":false,"template":"","format":"standard","meta":[],"categories":[1],"tags":[60],"acf":[],"yoast_head":"<!-- This site is optimized with the Yoast SEO plugin v19.2 - https:\/\/yoast.com\/wordpress\/plugins\/seo\/ -->\n<title>Dia de visitas na Fraternidade das Chagas de Florian\u00f3polis - Not\u00edcias - Franciscanos<\/title>\n<meta name=\"robots\" content=\"index, follow, max-snippet:-1, max-image-preview:large, max-video-preview:-1\" \/>\n<link rel=\"canonical\" href=\"https:\/\/franciscanos.org.br\/noticias\/dia-de-visitas-na-fraternidade-das-chagas-de-florianopolis.html\" \/>\n<meta property=\"og:locale\" content=\"pt_BR\" \/>\n<meta property=\"og:type\" content=\"article\" \/>\n<meta property=\"og:title\" content=\"Dia de visitas na Fraternidade das Chagas de Florian\u00f3polis - Not\u00edcias - Franciscanos\" \/>\n<meta property=\"og:description\" content=\"OFS\" \/>\n<meta property=\"og:url\" content=\"https:\/\/franciscanos.org.br\/noticias\/dia-de-visitas-na-fraternidade-das-chagas-de-florianopolis.html\" \/>\n<meta property=\"og:site_name\" content=\"Not\u00edcias - Franciscanos\" \/>\n<meta property=\"article:published_time\" content=\"2012-02-08T12:32:32+00:00\" \/>\n<meta property=\"article:modified_time\" content=\"2020-03-19T14:47:54+00:00\" \/>\n<meta property=\"og:image\" content=\"https:\/\/franciscanos.org.br\/noticias\/wp-content\/uploads\/2012\/02\/1742_080212.jpg\" \/>\n\t<meta property=\"og:image:width\" content=\"273\" \/>\n\t<meta property=\"og:image:height\" content=\"182\" \/>\n\t<meta property=\"og:image:type\" content=\"image\/jpeg\" \/>\n<meta name=\"author\" content=\"admin\" \/>\n<meta name=\"twitter:card\" content=\"summary_large_image\" \/>\n<meta name=\"twitter:label1\" content=\"Escrito por\" \/>\n\t<meta name=\"twitter:data1\" content=\"admin\" \/>\n\t<meta name=\"twitter:label2\" content=\"Est. tempo de leitura\" \/>\n\t<meta name=\"twitter:data2\" content=\"2 minutos\" \/>\n<script type=\"application\/ld+json\" class=\"yoast-schema-graph\">{\"@context\":\"https:\/\/schema.org\",\"@graph\":[{\"@type\":\"WebSite\",\"@id\":\"https:\/\/franciscanos.org.br\/noticias\/#website\",\"url\":\"https:\/\/franciscanos.org.br\/noticias\/\",\"name\":\"Not\u00edcias - Franciscanos\",\"description\":\"Prov\u00edncia Franciscana da Imaculada Concei\u00e7\u00e3o do Brasil - Ordem dos Frades Menores - OFM\",\"potentialAction\":[{\"@type\":\"SearchAction\",\"target\":{\"@type\":\"EntryPoint\",\"urlTemplate\":\"https:\/\/franciscanos.org.br\/noticias\/?s={search_term_string}\"},\"query-input\":\"required name=search_term_string\"}],\"inLanguage\":\"pt-BR\"},{\"@type\":\"ImageObject\",\"inLanguage\":\"pt-BR\",\"@id\":\"https:\/\/franciscanos.org.br\/noticias\/dia-de-visitas-na-fraternidade-das-chagas-de-florianopolis.html#primaryimage\",\"url\":\"https:\/\/franciscanos.org.br\/noticias\/wp-content\/uploads\/2012\/02\/1742_080212.jpg\",\"contentUrl\":\"https:\/\/franciscanos.org.br\/noticias\/wp-content\/uploads\/2012\/02\/1742_080212.jpg\",\"width\":273,\"height\":182},{\"@type\":\"WebPage\",\"@id\":\"https:\/\/franciscanos.org.br\/noticias\/dia-de-visitas-na-fraternidade-das-chagas-de-florianopolis.html#webpage\",\"url\":\"https:\/\/franciscanos.org.br\/noticias\/dia-de-visitas-na-fraternidade-das-chagas-de-florianopolis.html\",\"name\":\"Dia de visitas na Fraternidade das Chagas de Florian\u00f3polis - Not\u00edcias - Franciscanos\",\"isPartOf\":{\"@id\":\"https:\/\/franciscanos.org.br\/noticias\/#website\"},\"primaryImageOfPage\":{\"@id\":\"https:\/\/franciscanos.org.br\/noticias\/dia-de-visitas-na-fraternidade-das-chagas-de-florianopolis.html#primaryimage\"},\"datePublished\":\"2012-02-08T12:32:32+00:00\",\"dateModified\":\"2020-03-19T14:47:54+00:00\",\"author\":{\"@id\":\"https:\/\/franciscanos.org.br\/noticias\/#\/schema\/person\/b38fbf43118f02820bd932f2e4b14ad3\"},\"breadcrumb\":{\"@id\":\"https:\/\/franciscanos.org.br\/noticias\/dia-de-visitas-na-fraternidade-das-chagas-de-florianopolis.html#breadcrumb\"},\"inLanguage\":\"pt-BR\",\"potentialAction\":[{\"@type\":\"ReadAction\",\"target\":[\"https:\/\/franciscanos.org.br\/noticias\/dia-de-visitas-na-fraternidade-das-chagas-de-florianopolis.html\"]}]},{\"@type\":\"BreadcrumbList\",\"@id\":\"https:\/\/franciscanos.org.br\/noticias\/dia-de-visitas-na-fraternidade-das-chagas-de-florianopolis.html#breadcrumb\",\"itemListElement\":[{\"@type\":\"ListItem\",\"position\":1,\"name\":\"Home\",\"item\":\"https:\/\/franciscanos.org.br\/noticias\"},{\"@type\":\"ListItem\",\"position\":2,\"name\":\"Dia de visitas na Fraternidade das Chagas de Florian\u00f3polis\"}]},{\"@type\":\"Person\",\"@id\":\"https:\/\/franciscanos.org.br\/noticias\/#\/schema\/person\/b38fbf43118f02820bd932f2e4b14ad3\",\"name\":\"admin\",\"image\":{\"@type\":\"ImageObject\",\"inLanguage\":\"pt-BR\",\"@id\":\"https:\/\/franciscanos.org.br\/noticias\/#\/schema\/person\/image\/\",\"url\":\"https:\/\/secure.gravatar.com\/avatar\/e8495742d34d0ba6448ea1c628263b3e?s=96&d=mm&r=g\",\"contentUrl\":\"https:\/\/secure.gravatar.com\/avatar\/e8495742d34d0ba6448ea1c628263b3e?s=96&d=mm&r=g\",\"caption\":\"admin\"},\"url\":\"https:\/\/franciscanos.org.br\/noticias\/author\/admin\"}]}<\/script>\n<!-- \/ Yoast SEO plugin. -->","yoast_head_json":{"title":"Dia de visitas na Fraternidade das Chagas de Florian\u00f3polis - Not\u00edcias - Franciscanos","robots":{"index":"index","follow":"follow","max-snippet":"max-snippet:-1","max-image-preview":"max-image-preview:large","max-video-preview":"max-video-preview:-1"},"canonical":"https:\/\/franciscanos.org.br\/noticias\/dia-de-visitas-na-fraternidade-das-chagas-de-florianopolis.html","og_locale":"pt_BR","og_type":"article","og_title":"Dia de visitas na Fraternidade das Chagas de Florian\u00f3polis - Not\u00edcias - Franciscanos","og_description":"OFS","og_url":"https:\/\/franciscanos.org.br\/noticias\/dia-de-visitas-na-fraternidade-das-chagas-de-florianopolis.html","og_site_name":"Not\u00edcias - Franciscanos","article_published_time":"2012-02-08T12:32:32+00:00","article_modified_time":"2020-03-19T14:47:54+00:00","og_image":[{"width":273,"height":182,"url":"https:\/\/franciscanos.org.br\/noticias\/wp-content\/uploads\/2012\/02\/1742_080212.jpg","type":"image\/jpeg"}],"author":"admin","twitter_card":"summary_large_image","twitter_misc":{"Escrito por":"admin","Est. tempo de leitura":"2 minutos"},"schema":{"@context":"https:\/\/schema.org","@graph":[{"@type":"WebSite","@id":"https:\/\/franciscanos.org.br\/noticias\/#website","url":"https:\/\/franciscanos.org.br\/noticias\/","name":"Not\u00edcias - Franciscanos","description":"Prov\u00edncia Franciscana da Imaculada Concei\u00e7\u00e3o do Brasil - Ordem dos Frades Menores - OFM","potentialAction":[{"@type":"SearchAction","target":{"@type":"EntryPoint","urlTemplate":"https:\/\/franciscanos.org.br\/noticias\/?s={search_term_string}"},"query-input":"required name=search_term_string"}],"inLanguage":"pt-BR"},{"@type":"ImageObject","inLanguage":"pt-BR","@id":"https:\/\/franciscanos.org.br\/noticias\/dia-de-visitas-na-fraternidade-das-chagas-de-florianopolis.html#primaryimage","url":"https:\/\/franciscanos.org.br\/noticias\/wp-content\/uploads\/2012\/02\/1742_080212.jpg","contentUrl":"https:\/\/franciscanos.org.br\/noticias\/wp-content\/uploads\/2012\/02\/1742_080212.jpg","width":273,"height":182},{"@type":"WebPage","@id":"https:\/\/franciscanos.org.br\/noticias\/dia-de-visitas-na-fraternidade-das-chagas-de-florianopolis.html#webpage","url":"https:\/\/franciscanos.org.br\/noticias\/dia-de-visitas-na-fraternidade-das-chagas-de-florianopolis.html","name":"Dia de visitas na Fraternidade das Chagas de Florian\u00f3polis - Not\u00edcias - Franciscanos","isPartOf":{"@id":"https:\/\/franciscanos.org.br\/noticias\/#website"},"primaryImageOfPage":{"@id":"https:\/\/franciscanos.org.br\/noticias\/dia-de-visitas-na-fraternidade-das-chagas-de-florianopolis.html#primaryimage"},"datePublished":"2012-02-08T12:32:32+00:00","dateModified":"2020-03-19T14:47:54+00:00","author":{"@id":"https:\/\/franciscanos.org.br\/noticias\/#\/schema\/person\/b38fbf43118f02820bd932f2e4b14ad3"},"breadcrumb":{"@id":"https:\/\/franciscanos.org.br\/noticias\/dia-de-visitas-na-fraternidade-das-chagas-de-florianopolis.html#breadcrumb"},"inLanguage":"pt-BR","potentialAction":[{"@type":"ReadAction","target":["https:\/\/franciscanos.org.br\/noticias\/dia-de-visitas-na-fraternidade-das-chagas-de-florianopolis.html"]}]},{"@type":"BreadcrumbList","@id":"https:\/\/franciscanos.org.br\/noticias\/dia-de-visitas-na-fraternidade-das-chagas-de-florianopolis.html#breadcrumb","itemListElement":[{"@type":"ListItem","position":1,"name":"Home","item":"https:\/\/franciscanos.org.br\/noticias"},{"@type":"ListItem","position":2,"name":"Dia de visitas na Fraternidade das Chagas de Florian\u00f3polis"}]},{"@type":"Person","@id":"https:\/\/franciscanos.org.br\/noticias\/#\/schema\/person\/b38fbf43118f02820bd932f2e4b14ad3","name":"admin","image":{"@type":"ImageObject","inLanguage":"pt-BR","@id":"https:\/\/franciscanos.org.br\/noticias\/#\/schema\/person\/image\/","url":"https:\/\/secure.gravatar.com\/avatar\/e8495742d34d0ba6448ea1c628263b3e?s=96&d=mm&r=g","contentUrl":"https:\/\/secure.gravatar.com\/avatar\/e8495742d34d0ba6448ea1c628263b3e?s=96&d=mm&r=g","caption":"admin"},"url":"https:\/\/franciscanos.org.br\/noticias\/author\/admin"}]}},"_links":{"self":[{"href":"https:\/\/franciscanos.org.br\/noticias\/wp-json\/wp\/v2\/posts\/11559"}],"collection":[{"href":"https:\/\/franciscanos.org.br\/noticias\/wp-json\/wp\/v2\/posts"}],"about":[{"href":"https:\/\/franciscanos.org.br\/noticias\/wp-json\/wp\/v2\/types\/post"}],"author":[{"embeddable":true,"href":"https:\/\/franciscanos.org.br\/noticias\/wp-json\/wp\/v2\/users\/1"}],"replies":[{"embeddable":true,"href":"https:\/\/franciscanos.org.br\/noticias\/wp-json\/wp\/v2\/comments?post=11559"}],"version-history":[{"count":1,"href":"https:\/\/franciscanos.org.br\/noticias\/wp-json\/wp\/v2\/posts\/11559\/revisions"}],"predecessor-version":[{"id":221965,"href":"https:\/\/franciscanos.org.br\/noticias\/wp-json\/wp\/v2\/posts\/11559\/revisions\/221965"}],"wp:featuredmedia":[{"embeddable":true,"href":"https:\/\/franciscanos.org.br\/noticias\/wp-json\/wp\/v2\/media\/210878"}],"wp:attachment":[{"href":"https:\/\/franciscanos.org.br\/noticias\/wp-json\/wp\/v2\/media?parent=11559"}],"wp:term":[{"taxonomy":"category","embeddable":true,"href":"https:\/\/franciscanos.org.br\/noticias\/wp-json\/wp\/v2\/categories?post=11559"},{"taxonomy":"post_tag","embeddable":true,"href":"https:\/\/franciscanos.org.br\/noticias\/wp-json\/wp\/v2\/tags?post=11559"}],"curies":[{"name":"wp","href":"https:\/\/api.w.org\/{rel}","templated":true}]}}