{"id":115569,"date":"2016-08-30T07:19:14","date_gmt":"2016-08-30T10:19:14","guid":{"rendered":"http:\/\/franciscanos.org.br\/?p=115569"},"modified":"2020-06-09T15:46:09","modified_gmt":"2020-06-09T18:46:09","slug":"franciscanos-seculares-visitam-colonia-de-hansenianos","status":"publish","type":"post","link":"https:\/\/franciscanos.org.br\/noticias\/franciscanos-seculares-visitam-colonia-de-hansenianos.html","title":{"rendered":"Franciscanos Seculares visitam col\u00f4nia de hansenianos"},"content":{"rendered":"<p><img loading=\"lazy\" src=\"http:\/\/franciscanos.org.br\/wp-content\/uploads\/2016\/08\/ofs_300816.jpg\" alt=\"ofs_300816\" width=\"820\" height=\"330\" \/><\/p>\n<p>O \u00faltimo domingo, 28 de agosto, foi marcado pela solidariedade aos hansenianos no bairro do Tanque, Jacarepagu\u00e1, Zona Oeste do Rio de Janeiro. Diversas fraternidades franciscanas seculares do Regional Sudeste II, da Ordem Franciscana Secular (OFS), participaram do 8\u00ba Dia da Escuta na col\u00f4nia, localizada no entorno do Hospital Col\u00f4nia de Curupaiti, onde funciona o Instituto Estadual de Dermatologia Sanit\u00e1ria.<\/p>\n<p>O encontro \u00e9 promovido anualmente com o objetivo de proporcionar aos hansenianos um ambiente de conv\u00edvio fraterno, e a oportunidade de conhecer hist\u00f3rias de vida de pessoas que ficaram estigmatizadas pela doen\u00e7a e pelo preconceito, mas que d\u00e3o grandes exemplos de como superar as adversidades da vida.<\/p>\n<p>O encontro teve in\u00edcio com um caf\u00e9 partilhado pelos irm\u00e3os que, com alegria e singeleza de cora\u00e7\u00e3o, colocavam sobre a mesa seu alimento e se abra\u00e7avam revivendo o carisma franciscano das origens. Ainda na parte da manh\u00e3, os irm\u00e3os se dividiram em grupos guiados por irm\u00e3os da Congrega\u00e7\u00e3o Mariana Nossa Senhora de F\u00e1tima e S\u00e3o Francisco de Assis para a realiza\u00e7\u00e3o das visitas \u00e0s enfermarias e resid\u00eancias das fam\u00edlias da col\u00f4nia.<\/p>\n<p>O momento foi enriquecedor, pois foi marcado pela escuta e tamb\u00e9m pela troca de experi\u00eancias e de gratid\u00e3o \u00e0 Deus por cada gesto de acolhida e de solidariedade, o que permitiu seguir os passos de Francisco e de Clara de Assis e de enxergar no rosto de cada um desses irm\u00e3os a face do pr\u00f3prio Cristo.<\/p>\n<p>Ap\u00f3s as visitas, a pequena igreja de Nossa Senhora da Piedade ficou pequena para receber tantos irm\u00e3os franciscanos seculares que estiveram presentes na Santa Missa presidida pelo padre Rosinaldo Paulino de Brito, p\u00e1roco da Par\u00f3quia Santo Ant\u00f4nio Maria Zacarias, e concelebrada pelo di\u00e1cono permanente Mario Marques dos Santos Jr. Em sua sauda\u00e7\u00e3o, padre Rosinaldo ressaltou a import\u00e2ncia do Dia da Escuta e afirmou que a viv\u00eancia fraterna se d\u00e1 na humildade, nos pequenos gestos de escuta, partilha e de presen\u00e7a solid\u00e1ria entre os mais pobres t\u00e3o amados por Cristo e por S\u00e3o Francisco de Assis.<\/p>\n<p>Ap\u00f3s a visita fraterna os irm\u00e3os novamente se reuniram para partilhar o almo\u00e7o com muita alegria e frugalidade, louvando e glorificando a Deus e rendendo gra\u00e7as pelo dom da voca\u00e7\u00e3o franciscana e a vida em fraternidade. Os franciscanos seculares puderam partilhar as ricas experi\u00eancias vividas durante as visitas com os hansenianos e com os irm\u00e3os de outras fraternidades que d\u00e3o frescor e vigor \u00e0 viv\u00eancia do carisma franciscano.<\/p>\n<p>A dire\u00e7\u00e3o da Congrega\u00e7\u00e3o Mariana Nossa Senhora de F\u00e1tima e S\u00e3o Francisco de Assis, fundada em setembro de 1945, pelo Monsenhor Jos\u00e9 Carlos Moreira, fez uma apresenta\u00e7\u00e3o dos diversos trabalhos sociais desenvolvidos junto aos internos do hospital, fortalecendo, com entusiasmo, a continuidade da obra que tem como vi\u00e9is a miss\u00e3o evangelizadora e o amor ao pr\u00f3ximo, tendo como um dos patronos, o santo de Assis.<\/p>\n<p>A congrega\u00e7\u00e3o teve in\u00edcio no local numa \u00e9poca em que as v\u00edtimas da Hansen\u00edase eram expulsas da sociedade e isoladas em locais distantes, \u00e9poca em que o jovem padre Jos\u00e9 Carlos, fez da acolhida e da assist\u00eancia material e espiritual aos hansenianos, sua raz\u00e3o de viver e exercer com intensidade sua vida sacerdotal. O trabalho da congrega\u00e7\u00e3o n\u00e3o possui v\u00ednculo governamental e sobrevive exclusivamente de doa\u00e7\u00f5es destinadas \u00e0 assist\u00eancia dos pacientes do hospital, seus familiares e de pessoas carentes das favelas vizinhas \u00e0 col\u00f4nia.<\/p>\n<p>A presen\u00e7a misericordiosa entre os pobres e leprosos est\u00e1 na ess\u00eancia do carisma franciscano. Francisco e Clara de Assis tinham uma predile\u00e7\u00e3o pelos leprosos e deles cuidava com inef\u00e1vel amor. O pr\u00f3prio Pai Ser\u00e1fico superou o preconceito que tinha dos leprosos e assumiu a condi\u00e7\u00e3o vivida por eles em sua \u00e9poca, sentindo o abandono, exclus\u00e3o e sofrimento em que viviam e vendo no rosto daqueles enfermos e marginalizados a presen\u00e7a do Senhor.<\/p>\n<p>A m\u00edstica franciscana nos impulsiona a prosseguir a obra de S\u00e3o Francisco que teve sua convers\u00e3o determinada pelo encontro com o leproso, o qual acolheu com um abra\u00e7o e um beijo. Esse gesto de Francisco simboliza o modo franciscano de ver, sentir e estar no mundo de uma nova maneira, pondo-se a servi\u00e7o das pessoas em situa\u00e7\u00e3o de vulnerabilidade e daqueles que ainda padecem com a Hansen\u00edase apesar do desenvolvimento da ci\u00eancia e das pr\u00e1ticas terap\u00eauticas.<\/p>\n","protected":false},"excerpt":{"rendered":"<p>OFS de Duque de Caxias<\/p>\n","protected":false},"author":1,"featured_media":219668,"comment_status":"open","ping_status":"open","sticky":false,"template":"","format":"standard","meta":[],"categories":[1],"tags":[60],"acf":[],"yoast_head":"<!-- This site is optimized with the Yoast SEO plugin v19.2 - https:\/\/yoast.com\/wordpress\/plugins\/seo\/ -->\n<title>Franciscanos Seculares visitam col\u00f4nia de hansenianos - Not\u00edcias - Franciscanos<\/title>\n<meta name=\"robots\" content=\"index, follow, max-snippet:-1, max-image-preview:large, max-video-preview:-1\" \/>\n<link rel=\"canonical\" href=\"https:\/\/franciscanos.org.br\/noticias\/franciscanos-seculares-visitam-colonia-de-hansenianos.html\" \/>\n<meta property=\"og:locale\" content=\"pt_BR\" \/>\n<meta property=\"og:type\" content=\"article\" \/>\n<meta property=\"og:title\" content=\"Franciscanos Seculares visitam col\u00f4nia de hansenianos - Not\u00edcias - Franciscanos\" \/>\n<meta property=\"og:description\" content=\"OFS de Duque de Caxias\" \/>\n<meta property=\"og:url\" content=\"https:\/\/franciscanos.org.br\/noticias\/franciscanos-seculares-visitam-colonia-de-hansenianos.html\" \/>\n<meta property=\"og:site_name\" content=\"Not\u00edcias - Franciscanos\" \/>\n<meta property=\"article:published_time\" content=\"2016-08-30T10:19:14+00:00\" \/>\n<meta property=\"article:modified_time\" content=\"2020-06-09T18:46:09+00:00\" \/>\n<meta property=\"og:image\" content=\"https:\/\/franciscanos.org.br\/noticias\/wp-content\/uploads\/2016\/08\/ofs_300816.jpg\" \/>\n\t<meta property=\"og:image:width\" content=\"273\" \/>\n\t<meta property=\"og:image:height\" content=\"181\" \/>\n\t<meta property=\"og:image:type\" content=\"image\/jpeg\" \/>\n<meta name=\"author\" content=\"admin\" \/>\n<meta name=\"twitter:card\" content=\"summary_large_image\" \/>\n<meta name=\"twitter:label1\" content=\"Escrito por\" \/>\n\t<meta name=\"twitter:data1\" content=\"admin\" \/>\n\t<meta name=\"twitter:label2\" content=\"Est. tempo de leitura\" \/>\n\t<meta name=\"twitter:data2\" content=\"4 minutos\" \/>\n<script type=\"application\/ld+json\" class=\"yoast-schema-graph\">{\"@context\":\"https:\/\/schema.org\",\"@graph\":[{\"@type\":\"WebSite\",\"@id\":\"https:\/\/franciscanos.org.br\/noticias\/#website\",\"url\":\"https:\/\/franciscanos.org.br\/noticias\/\",\"name\":\"Not\u00edcias - Franciscanos\",\"description\":\"Prov\u00edncia Franciscana da Imaculada Concei\u00e7\u00e3o do Brasil - Ordem dos Frades Menores - OFM\",\"potentialAction\":[{\"@type\":\"SearchAction\",\"target\":{\"@type\":\"EntryPoint\",\"urlTemplate\":\"https:\/\/franciscanos.org.br\/noticias\/?s={search_term_string}\"},\"query-input\":\"required name=search_term_string\"}],\"inLanguage\":\"pt-BR\"},{\"@type\":\"ImageObject\",\"inLanguage\":\"pt-BR\",\"@id\":\"https:\/\/franciscanos.org.br\/noticias\/franciscanos-seculares-visitam-colonia-de-hansenianos.html#primaryimage\",\"url\":\"https:\/\/franciscanos.org.br\/noticias\/wp-content\/uploads\/2016\/08\/ofs_300816.jpg\",\"contentUrl\":\"https:\/\/franciscanos.org.br\/noticias\/wp-content\/uploads\/2016\/08\/ofs_300816.jpg\",\"width\":273,\"height\":181},{\"@type\":\"WebPage\",\"@id\":\"https:\/\/franciscanos.org.br\/noticias\/franciscanos-seculares-visitam-colonia-de-hansenianos.html#webpage\",\"url\":\"https:\/\/franciscanos.org.br\/noticias\/franciscanos-seculares-visitam-colonia-de-hansenianos.html\",\"name\":\"Franciscanos Seculares visitam col\u00f4nia de hansenianos - Not\u00edcias - Franciscanos\",\"isPartOf\":{\"@id\":\"https:\/\/franciscanos.org.br\/noticias\/#website\"},\"primaryImageOfPage\":{\"@id\":\"https:\/\/franciscanos.org.br\/noticias\/franciscanos-seculares-visitam-colonia-de-hansenianos.html#primaryimage\"},\"datePublished\":\"2016-08-30T10:19:14+00:00\",\"dateModified\":\"2020-06-09T18:46:09+00:00\",\"author\":{\"@id\":\"https:\/\/franciscanos.org.br\/noticias\/#\/schema\/person\/b38fbf43118f02820bd932f2e4b14ad3\"},\"breadcrumb\":{\"@id\":\"https:\/\/franciscanos.org.br\/noticias\/franciscanos-seculares-visitam-colonia-de-hansenianos.html#breadcrumb\"},\"inLanguage\":\"pt-BR\",\"potentialAction\":[{\"@type\":\"ReadAction\",\"target\":[\"https:\/\/franciscanos.org.br\/noticias\/franciscanos-seculares-visitam-colonia-de-hansenianos.html\"]}]},{\"@type\":\"BreadcrumbList\",\"@id\":\"https:\/\/franciscanos.org.br\/noticias\/franciscanos-seculares-visitam-colonia-de-hansenianos.html#breadcrumb\",\"itemListElement\":[{\"@type\":\"ListItem\",\"position\":1,\"name\":\"Home\",\"item\":\"https:\/\/franciscanos.org.br\/noticias\"},{\"@type\":\"ListItem\",\"position\":2,\"name\":\"Franciscanos Seculares visitam col\u00f4nia de hansenianos\"}]},{\"@type\":\"Person\",\"@id\":\"https:\/\/franciscanos.org.br\/noticias\/#\/schema\/person\/b38fbf43118f02820bd932f2e4b14ad3\",\"name\":\"admin\",\"image\":{\"@type\":\"ImageObject\",\"inLanguage\":\"pt-BR\",\"@id\":\"https:\/\/franciscanos.org.br\/noticias\/#\/schema\/person\/image\/\",\"url\":\"https:\/\/secure.gravatar.com\/avatar\/e8495742d34d0ba6448ea1c628263b3e?s=96&d=mm&r=g\",\"contentUrl\":\"https:\/\/secure.gravatar.com\/avatar\/e8495742d34d0ba6448ea1c628263b3e?s=96&d=mm&r=g\",\"caption\":\"admin\"},\"url\":\"https:\/\/franciscanos.org.br\/noticias\/author\/admin\"}]}<\/script>\n<!-- \/ Yoast SEO plugin. -->","yoast_head_json":{"title":"Franciscanos Seculares visitam col\u00f4nia de hansenianos - Not\u00edcias - Franciscanos","robots":{"index":"index","follow":"follow","max-snippet":"max-snippet:-1","max-image-preview":"max-image-preview:large","max-video-preview":"max-video-preview:-1"},"canonical":"https:\/\/franciscanos.org.br\/noticias\/franciscanos-seculares-visitam-colonia-de-hansenianos.html","og_locale":"pt_BR","og_type":"article","og_title":"Franciscanos Seculares visitam col\u00f4nia de hansenianos - Not\u00edcias - Franciscanos","og_description":"OFS de Duque de Caxias","og_url":"https:\/\/franciscanos.org.br\/noticias\/franciscanos-seculares-visitam-colonia-de-hansenianos.html","og_site_name":"Not\u00edcias - Franciscanos","article_published_time":"2016-08-30T10:19:14+00:00","article_modified_time":"2020-06-09T18:46:09+00:00","og_image":[{"width":273,"height":181,"url":"https:\/\/franciscanos.org.br\/noticias\/wp-content\/uploads\/2016\/08\/ofs_300816.jpg","type":"image\/jpeg"}],"author":"admin","twitter_card":"summary_large_image","twitter_misc":{"Escrito por":"admin","Est. tempo de leitura":"4 minutos"},"schema":{"@context":"https:\/\/schema.org","@graph":[{"@type":"WebSite","@id":"https:\/\/franciscanos.org.br\/noticias\/#website","url":"https:\/\/franciscanos.org.br\/noticias\/","name":"Not\u00edcias - Franciscanos","description":"Prov\u00edncia Franciscana da Imaculada Concei\u00e7\u00e3o do Brasil - Ordem dos Frades Menores - OFM","potentialAction":[{"@type":"SearchAction","target":{"@type":"EntryPoint","urlTemplate":"https:\/\/franciscanos.org.br\/noticias\/?s={search_term_string}"},"query-input":"required name=search_term_string"}],"inLanguage":"pt-BR"},{"@type":"ImageObject","inLanguage":"pt-BR","@id":"https:\/\/franciscanos.org.br\/noticias\/franciscanos-seculares-visitam-colonia-de-hansenianos.html#primaryimage","url":"https:\/\/franciscanos.org.br\/noticias\/wp-content\/uploads\/2016\/08\/ofs_300816.jpg","contentUrl":"https:\/\/franciscanos.org.br\/noticias\/wp-content\/uploads\/2016\/08\/ofs_300816.jpg","width":273,"height":181},{"@type":"WebPage","@id":"https:\/\/franciscanos.org.br\/noticias\/franciscanos-seculares-visitam-colonia-de-hansenianos.html#webpage","url":"https:\/\/franciscanos.org.br\/noticias\/franciscanos-seculares-visitam-colonia-de-hansenianos.html","name":"Franciscanos Seculares visitam col\u00f4nia de hansenianos - Not\u00edcias - Franciscanos","isPartOf":{"@id":"https:\/\/franciscanos.org.br\/noticias\/#website"},"primaryImageOfPage":{"@id":"https:\/\/franciscanos.org.br\/noticias\/franciscanos-seculares-visitam-colonia-de-hansenianos.html#primaryimage"},"datePublished":"2016-08-30T10:19:14+00:00","dateModified":"2020-06-09T18:46:09+00:00","author":{"@id":"https:\/\/franciscanos.org.br\/noticias\/#\/schema\/person\/b38fbf43118f02820bd932f2e4b14ad3"},"breadcrumb":{"@id":"https:\/\/franciscanos.org.br\/noticias\/franciscanos-seculares-visitam-colonia-de-hansenianos.html#breadcrumb"},"inLanguage":"pt-BR","potentialAction":[{"@type":"ReadAction","target":["https:\/\/franciscanos.org.br\/noticias\/franciscanos-seculares-visitam-colonia-de-hansenianos.html"]}]},{"@type":"BreadcrumbList","@id":"https:\/\/franciscanos.org.br\/noticias\/franciscanos-seculares-visitam-colonia-de-hansenianos.html#breadcrumb","itemListElement":[{"@type":"ListItem","position":1,"name":"Home","item":"https:\/\/franciscanos.org.br\/noticias"},{"@type":"ListItem","position":2,"name":"Franciscanos Seculares visitam col\u00f4nia de hansenianos"}]},{"@type":"Person","@id":"https:\/\/franciscanos.org.br\/noticias\/#\/schema\/person\/b38fbf43118f02820bd932f2e4b14ad3","name":"admin","image":{"@type":"ImageObject","inLanguage":"pt-BR","@id":"https:\/\/franciscanos.org.br\/noticias\/#\/schema\/person\/image\/","url":"https:\/\/secure.gravatar.com\/avatar\/e8495742d34d0ba6448ea1c628263b3e?s=96&d=mm&r=g","contentUrl":"https:\/\/secure.gravatar.com\/avatar\/e8495742d34d0ba6448ea1c628263b3e?s=96&d=mm&r=g","caption":"admin"},"url":"https:\/\/franciscanos.org.br\/noticias\/author\/admin"}]}},"_links":{"self":[{"href":"https:\/\/franciscanos.org.br\/noticias\/wp-json\/wp\/v2\/posts\/115569"}],"collection":[{"href":"https:\/\/franciscanos.org.br\/noticias\/wp-json\/wp\/v2\/posts"}],"about":[{"href":"https:\/\/franciscanos.org.br\/noticias\/wp-json\/wp\/v2\/types\/post"}],"author":[{"embeddable":true,"href":"https:\/\/franciscanos.org.br\/noticias\/wp-json\/wp\/v2\/users\/1"}],"replies":[{"embeddable":true,"href":"https:\/\/franciscanos.org.br\/noticias\/wp-json\/wp\/v2\/comments?post=115569"}],"version-history":[{"count":1,"href":"https:\/\/franciscanos.org.br\/noticias\/wp-json\/wp\/v2\/posts\/115569\/revisions"}],"predecessor-version":[{"id":225630,"href":"https:\/\/franciscanos.org.br\/noticias\/wp-json\/wp\/v2\/posts\/115569\/revisions\/225630"}],"wp:featuredmedia":[{"embeddable":true,"href":"https:\/\/franciscanos.org.br\/noticias\/wp-json\/wp\/v2\/media\/219668"}],"wp:attachment":[{"href":"https:\/\/franciscanos.org.br\/noticias\/wp-json\/wp\/v2\/media?parent=115569"}],"wp:term":[{"taxonomy":"category","embeddable":true,"href":"https:\/\/franciscanos.org.br\/noticias\/wp-json\/wp\/v2\/categories?post=115569"},{"taxonomy":"post_tag","embeddable":true,"href":"https:\/\/franciscanos.org.br\/noticias\/wp-json\/wp\/v2\/tags?post=115569"}],"curies":[{"name":"wp","href":"https:\/\/api.w.org\/{rel}","templated":true}]}}