{"id":115492,"date":"2016-08-28T13:00:10","date_gmt":"2016-08-28T16:00:10","guid":{"rendered":"http:\/\/franciscanos.org.br\/?p=115492"},"modified":"2020-06-09T15:47:23","modified_gmt":"2020-06-09T18:47:23","slug":"quando-nos-colocamos-na-dimensao-da-humildade-deus-nos-exalta","status":"publish","type":"post","link":"https:\/\/franciscanos.org.br\/noticias\/quando-nos-colocamos-na-dimensao-da-humildade-deus-nos-exalta.html","title":{"rendered":"Quando nos colocamos na dimens\u00e3o da humildade, Deus nos exalta"},"content":{"rendered":"<p><img loading=\"lazy\" src=\"http:\/\/franciscanos.org.br\/wp-content\/uploads\/2016\/08\/angelus_290816g.jpg\" alt=\"angelus_290816g\" width=\"830\" height=\"350\" \/><\/p>\n<p><strong>Cidade do Vaticano<\/strong> \u2013 \u201cQuando nos colocamos diante de Deus nesta dimens\u00e3o de humildade, ent\u00e3o Deus nos exalta, se inclina para n\u00f3s, para elevar-nos para Ele\u201d.\u00a0O Evangelho proposto pela Liturgia do dia ofereceu ao Pont\u00edfice a oportunidade para refletir sobre a humildade e a certeza que devemos ter na recompensa divina, explicando que Jesus \u201cnos faz entender a necessidade de escolher o \u00faltimo lugar\u201d, isto \u00e9, de procurar as coisas pequenas.<\/p>\n<p>A pressa dos convidados em escolher os primeiros lugares \u00e0 mesa: \u201cuma cena que vimos tantas vezes: buscar o melhor lugar, mesmo com os cotovelos\u201d, disse Francisco, ao iniciar sua alocu\u00e7\u00e3o que precede a ora\u00e7\u00e3o do Angelus, diante da multid\u00e3o reunida na Pra\u00e7a S\u00e3o Pedro.<\/p>\n<p>A cena narrada no Evangelho de Lucas oferece duas indica\u00e7\u00f5es: uma relativa ao lugar e a outra \u00e0 recompensa.\u00a0\u201cN\u00e3o ocupes o primeiro lugar. Pode ser que tenha sido convidado algu\u00e9m mais importante do que tu, e o dono da casa, que convidou os dois, venha te dizer: \u2018D\u00e1 o lugar a ele\u2019. Ent\u00e3o tu ficar\u00e1s envergonhado e ir\u00e1s ocupar o \u00faltimo lugar\u201d.<\/p>\n<p>Com esta recomenda\u00e7\u00e3o, explica o Papa, Jesus n\u00e3o pretende dar regras de comportamento social, mas uma li\u00e7\u00e3o sobre o valor da humildade:\u00a0\u201cA hist\u00f3ria ensina que o orgulho, o carreirismo, a vaidade, a ostenta\u00e7\u00e3o s\u00e3o a causa de muitos males. E Jesus nos faz entender a necessidade de escolher o \u00faltimo lugar, isto \u00e9, de procurar a pequenez e escondimento: a humildade. Quando nos colocamos diante de Deus nesta dimens\u00e3o de humildade, ent\u00e3o Deus nos exalta, se inclina para n\u00f3s, para elevar-nos para ele\u201d.<\/p>\n<p>As palavras de Jesus \u2013 observou o Papa &#8211; enfatizam atitudes completamente diferentes e opostas: a atitude de quem escolhe o pr\u00f3prio lugar e a atitude de quem deixa que Deus o indique e espera dele a recompensa:<\/p>\n<p>\u201cN\u00e3o esque\u00e7amos disto: Deus paga muito mais do que os homens! Ele nos d\u00e1 um lugar muito mais bonito do que nos d\u00e3o os homens! O lugar que nos d\u00e1 Deus est\u00e1 perto de seu cora\u00e7\u00e3o e a sua recompensa \u00e9 a vida eterna. &#8220;Voc\u00ea ser\u00e1 aben\u00e7oado \u2013 disse Jesus &#8211; Voc\u00ea receber\u00e1 a sua recompensa na ressurrei\u00e7\u00e3o dos justos\u201d.<\/p>\n<p>A nossa hospitalidade, deve ser caracterizada por uma atitude desinteressada, o que pode ser comprovado ao se convidar \u201cos pobres, os aleijados, os mancos, e os cegos\u201d, \u201cporque estes n\u00e3o t\u00eam como retribuir. A sua recompensa vir\u00e1 na ressurrei\u00e7\u00e3o dos justos&#8221;:\u00a0\u201cTrata-se de escolher a gratuidade em vez do c\u00e1lculo oportunista que tenta obter uma recompensa, que busca o interesse e que busca enriquecer-se mais. De fato, os pobres, os simples, os que n\u00e3o contam, eles n\u00e3o poder\u00e3o nunca retribuir um convite para a refei\u00e7\u00e3o\u201d.<\/p>\n<p>Desta forma \u2013 explicou o Papa &#8211; Jesus demonstra a sua prefer\u00eancia pelos pobres e exclu\u00eddos, que s\u00e3o os privilegiados do Reino de Deus, e lan\u00e7a a mensagem fundamental do Evangelho que \u00e9 servir o pr\u00f3ximo por amor de Deus\u201d:<\/p>\n<p>\u201cHoje Jesus se faz voz dos que n\u00e3o tem voz e dirige a cada um de n\u00f3s um forte apelo para abrir o cora\u00e7\u00e3o e fazer nossos os sofrimentos e as ansiedades dos pobres, dos famintos, dos marginalizados, dos refugiados, dos derrotados pela vida, daqueles que s\u00e3o descartados pela sociedade e pela arrog\u00e2ncia dos mais fortes. E estes descartados representam na realidade a maior parte da popula\u00e7\u00e3o\u201d.<\/p>\n<p>O Papa, ent\u00e3o, agradeceu aos volunt\u00e1rios que trabalham nos refeit\u00f3rios \u2013 verdadeiras academias de caridade que difundem a cultura da gratuidade &#8211; oferecendo seus servi\u00e7os, dando de comer a pessoas sozinhas, carentes, desempregadas ou sem uma moradia fixa. \u201cEles s\u00e3o motivados pelo amor de Deus e iluminados pela sabedoria do Evangelho. Assim, o servi\u00e7o aos irm\u00e3os torna-se um testemunho de amor, que torna cr\u00edvel e vis\u00edvel do amor de Cristo\u201d.<\/p>\n<p>Confira:<\/p>\n<p><iframe loading=\"lazy\" title=\"Papa recita o Angelus (28\/08\/16)\" width=\"500\" height=\"281\" src=\"https:\/\/www.youtube.com\/embed\/reJeetPbTlo?feature=oembed\" frameborder=\"0\" allow=\"accelerometer; autoplay; encrypted-media; gyroscope; picture-in-picture\" allowfullscreen><\/iframe><\/p>\n<hr \/>\n<p><em>Fonte: R\u00e1dio Vaticano<\/em><\/p>\n","protected":false},"excerpt":{"rendered":"<p>Angelus<\/p>\n","protected":false},"author":1,"featured_media":217371,"comment_status":"open","ping_status":"open","sticky":false,"template":"","format":"standard","meta":[],"categories":[1428],"tags":[403],"acf":[],"yoast_head":"<!-- This site is optimized with the Yoast SEO plugin v19.2 - https:\/\/yoast.com\/wordpress\/plugins\/seo\/ -->\n<title>Quando nos colocamos na dimens\u00e3o da humildade, Deus nos exalta - Not\u00edcias - Franciscanos<\/title>\n<meta name=\"robots\" content=\"index, follow, max-snippet:-1, max-image-preview:large, max-video-preview:-1\" \/>\n<link rel=\"canonical\" href=\"https:\/\/franciscanos.org.br\/noticias\/quando-nos-colocamos-na-dimensao-da-humildade-deus-nos-exalta.html\" \/>\n<meta property=\"og:locale\" content=\"pt_BR\" \/>\n<meta property=\"og:type\" content=\"article\" \/>\n<meta property=\"og:title\" content=\"Quando nos colocamos na dimens\u00e3o da humildade, Deus nos exalta - Not\u00edcias - Franciscanos\" \/>\n<meta property=\"og:description\" content=\"Angelus\" \/>\n<meta property=\"og:url\" content=\"https:\/\/franciscanos.org.br\/noticias\/quando-nos-colocamos-na-dimensao-da-humildade-deus-nos-exalta.html\" \/>\n<meta property=\"og:site_name\" content=\"Not\u00edcias - Franciscanos\" \/>\n<meta property=\"article:published_time\" content=\"2016-08-28T16:00:10+00:00\" \/>\n<meta property=\"article:modified_time\" content=\"2020-06-09T18:47:23+00:00\" \/>\n<meta property=\"og:image\" content=\"https:\/\/franciscanos.org.br\/noticias\/wp-content\/uploads\/2016\/08\/angelus_290816g.jpg\" \/>\n\t<meta property=\"og:image:width\" content=\"273\" \/>\n\t<meta property=\"og:image:height\" content=\"181\" \/>\n\t<meta property=\"og:image:type\" content=\"image\/jpeg\" \/>\n<meta name=\"author\" content=\"admin\" \/>\n<meta name=\"twitter:card\" content=\"summary_large_image\" \/>\n<meta name=\"twitter:label1\" content=\"Escrito por\" \/>\n\t<meta name=\"twitter:data1\" content=\"admin\" \/>\n\t<meta name=\"twitter:label2\" content=\"Est. tempo de leitura\" \/>\n\t<meta name=\"twitter:data2\" content=\"3 minutos\" \/>\n<script type=\"application\/ld+json\" class=\"yoast-schema-graph\">{\"@context\":\"https:\/\/schema.org\",\"@graph\":[{\"@type\":\"WebSite\",\"@id\":\"https:\/\/franciscanos.org.br\/noticias\/#website\",\"url\":\"https:\/\/franciscanos.org.br\/noticias\/\",\"name\":\"Not\u00edcias - Franciscanos\",\"description\":\"Prov\u00edncia Franciscana da Imaculada Concei\u00e7\u00e3o do Brasil - Ordem dos Frades Menores - OFM\",\"potentialAction\":[{\"@type\":\"SearchAction\",\"target\":{\"@type\":\"EntryPoint\",\"urlTemplate\":\"https:\/\/franciscanos.org.br\/noticias\/?s={search_term_string}\"},\"query-input\":\"required name=search_term_string\"}],\"inLanguage\":\"pt-BR\"},{\"@type\":\"ImageObject\",\"inLanguage\":\"pt-BR\",\"@id\":\"https:\/\/franciscanos.org.br\/noticias\/quando-nos-colocamos-na-dimensao-da-humildade-deus-nos-exalta.html#primaryimage\",\"url\":\"https:\/\/franciscanos.org.br\/noticias\/wp-content\/uploads\/2016\/08\/angelus_290816g.jpg\",\"contentUrl\":\"https:\/\/franciscanos.org.br\/noticias\/wp-content\/uploads\/2016\/08\/angelus_290816g.jpg\",\"width\":273,\"height\":181},{\"@type\":\"WebPage\",\"@id\":\"https:\/\/franciscanos.org.br\/noticias\/quando-nos-colocamos-na-dimensao-da-humildade-deus-nos-exalta.html#webpage\",\"url\":\"https:\/\/franciscanos.org.br\/noticias\/quando-nos-colocamos-na-dimensao-da-humildade-deus-nos-exalta.html\",\"name\":\"Quando nos colocamos na dimens\u00e3o da humildade, Deus nos exalta - Not\u00edcias - Franciscanos\",\"isPartOf\":{\"@id\":\"https:\/\/franciscanos.org.br\/noticias\/#website\"},\"primaryImageOfPage\":{\"@id\":\"https:\/\/franciscanos.org.br\/noticias\/quando-nos-colocamos-na-dimensao-da-humildade-deus-nos-exalta.html#primaryimage\"},\"datePublished\":\"2016-08-28T16:00:10+00:00\",\"dateModified\":\"2020-06-09T18:47:23+00:00\",\"author\":{\"@id\":\"https:\/\/franciscanos.org.br\/noticias\/#\/schema\/person\/b38fbf43118f02820bd932f2e4b14ad3\"},\"breadcrumb\":{\"@id\":\"https:\/\/franciscanos.org.br\/noticias\/quando-nos-colocamos-na-dimensao-da-humildade-deus-nos-exalta.html#breadcrumb\"},\"inLanguage\":\"pt-BR\",\"potentialAction\":[{\"@type\":\"ReadAction\",\"target\":[\"https:\/\/franciscanos.org.br\/noticias\/quando-nos-colocamos-na-dimensao-da-humildade-deus-nos-exalta.html\"]}]},{\"@type\":\"BreadcrumbList\",\"@id\":\"https:\/\/franciscanos.org.br\/noticias\/quando-nos-colocamos-na-dimensao-da-humildade-deus-nos-exalta.html#breadcrumb\",\"itemListElement\":[{\"@type\":\"ListItem\",\"position\":1,\"name\":\"Home\",\"item\":\"https:\/\/franciscanos.org.br\/noticias\"},{\"@type\":\"ListItem\",\"position\":2,\"name\":\"Quando nos colocamos na dimens\u00e3o da humildade, Deus nos exalta\"}]},{\"@type\":\"Person\",\"@id\":\"https:\/\/franciscanos.org.br\/noticias\/#\/schema\/person\/b38fbf43118f02820bd932f2e4b14ad3\",\"name\":\"admin\",\"image\":{\"@type\":\"ImageObject\",\"inLanguage\":\"pt-BR\",\"@id\":\"https:\/\/franciscanos.org.br\/noticias\/#\/schema\/person\/image\/\",\"url\":\"https:\/\/secure.gravatar.com\/avatar\/e8495742d34d0ba6448ea1c628263b3e?s=96&d=mm&r=g\",\"contentUrl\":\"https:\/\/secure.gravatar.com\/avatar\/e8495742d34d0ba6448ea1c628263b3e?s=96&d=mm&r=g\",\"caption\":\"admin\"},\"url\":\"https:\/\/franciscanos.org.br\/noticias\/author\/admin\"}]}<\/script>\n<!-- \/ Yoast SEO plugin. -->","yoast_head_json":{"title":"Quando nos colocamos na dimens\u00e3o da humildade, Deus nos exalta - Not\u00edcias - Franciscanos","robots":{"index":"index","follow":"follow","max-snippet":"max-snippet:-1","max-image-preview":"max-image-preview:large","max-video-preview":"max-video-preview:-1"},"canonical":"https:\/\/franciscanos.org.br\/noticias\/quando-nos-colocamos-na-dimensao-da-humildade-deus-nos-exalta.html","og_locale":"pt_BR","og_type":"article","og_title":"Quando nos colocamos na dimens\u00e3o da humildade, Deus nos exalta - Not\u00edcias - Franciscanos","og_description":"Angelus","og_url":"https:\/\/franciscanos.org.br\/noticias\/quando-nos-colocamos-na-dimensao-da-humildade-deus-nos-exalta.html","og_site_name":"Not\u00edcias - Franciscanos","article_published_time":"2016-08-28T16:00:10+00:00","article_modified_time":"2020-06-09T18:47:23+00:00","og_image":[{"width":273,"height":181,"url":"https:\/\/franciscanos.org.br\/noticias\/wp-content\/uploads\/2016\/08\/angelus_290816g.jpg","type":"image\/jpeg"}],"author":"admin","twitter_card":"summary_large_image","twitter_misc":{"Escrito por":"admin","Est. tempo de leitura":"3 minutos"},"schema":{"@context":"https:\/\/schema.org","@graph":[{"@type":"WebSite","@id":"https:\/\/franciscanos.org.br\/noticias\/#website","url":"https:\/\/franciscanos.org.br\/noticias\/","name":"Not\u00edcias - Franciscanos","description":"Prov\u00edncia Franciscana da Imaculada Concei\u00e7\u00e3o do Brasil - Ordem dos Frades Menores - OFM","potentialAction":[{"@type":"SearchAction","target":{"@type":"EntryPoint","urlTemplate":"https:\/\/franciscanos.org.br\/noticias\/?s={search_term_string}"},"query-input":"required name=search_term_string"}],"inLanguage":"pt-BR"},{"@type":"ImageObject","inLanguage":"pt-BR","@id":"https:\/\/franciscanos.org.br\/noticias\/quando-nos-colocamos-na-dimensao-da-humildade-deus-nos-exalta.html#primaryimage","url":"https:\/\/franciscanos.org.br\/noticias\/wp-content\/uploads\/2016\/08\/angelus_290816g.jpg","contentUrl":"https:\/\/franciscanos.org.br\/noticias\/wp-content\/uploads\/2016\/08\/angelus_290816g.jpg","width":273,"height":181},{"@type":"WebPage","@id":"https:\/\/franciscanos.org.br\/noticias\/quando-nos-colocamos-na-dimensao-da-humildade-deus-nos-exalta.html#webpage","url":"https:\/\/franciscanos.org.br\/noticias\/quando-nos-colocamos-na-dimensao-da-humildade-deus-nos-exalta.html","name":"Quando nos colocamos na dimens\u00e3o da humildade, Deus nos exalta - Not\u00edcias - Franciscanos","isPartOf":{"@id":"https:\/\/franciscanos.org.br\/noticias\/#website"},"primaryImageOfPage":{"@id":"https:\/\/franciscanos.org.br\/noticias\/quando-nos-colocamos-na-dimensao-da-humildade-deus-nos-exalta.html#primaryimage"},"datePublished":"2016-08-28T16:00:10+00:00","dateModified":"2020-06-09T18:47:23+00:00","author":{"@id":"https:\/\/franciscanos.org.br\/noticias\/#\/schema\/person\/b38fbf43118f02820bd932f2e4b14ad3"},"breadcrumb":{"@id":"https:\/\/franciscanos.org.br\/noticias\/quando-nos-colocamos-na-dimensao-da-humildade-deus-nos-exalta.html#breadcrumb"},"inLanguage":"pt-BR","potentialAction":[{"@type":"ReadAction","target":["https:\/\/franciscanos.org.br\/noticias\/quando-nos-colocamos-na-dimensao-da-humildade-deus-nos-exalta.html"]}]},{"@type":"BreadcrumbList","@id":"https:\/\/franciscanos.org.br\/noticias\/quando-nos-colocamos-na-dimensao-da-humildade-deus-nos-exalta.html#breadcrumb","itemListElement":[{"@type":"ListItem","position":1,"name":"Home","item":"https:\/\/franciscanos.org.br\/noticias"},{"@type":"ListItem","position":2,"name":"Quando nos colocamos na dimens\u00e3o da humildade, Deus nos exalta"}]},{"@type":"Person","@id":"https:\/\/franciscanos.org.br\/noticias\/#\/schema\/person\/b38fbf43118f02820bd932f2e4b14ad3","name":"admin","image":{"@type":"ImageObject","inLanguage":"pt-BR","@id":"https:\/\/franciscanos.org.br\/noticias\/#\/schema\/person\/image\/","url":"https:\/\/secure.gravatar.com\/avatar\/e8495742d34d0ba6448ea1c628263b3e?s=96&d=mm&r=g","contentUrl":"https:\/\/secure.gravatar.com\/avatar\/e8495742d34d0ba6448ea1c628263b3e?s=96&d=mm&r=g","caption":"admin"},"url":"https:\/\/franciscanos.org.br\/noticias\/author\/admin"}]}},"_links":{"self":[{"href":"https:\/\/franciscanos.org.br\/noticias\/wp-json\/wp\/v2\/posts\/115492"}],"collection":[{"href":"https:\/\/franciscanos.org.br\/noticias\/wp-json\/wp\/v2\/posts"}],"about":[{"href":"https:\/\/franciscanos.org.br\/noticias\/wp-json\/wp\/v2\/types\/post"}],"author":[{"embeddable":true,"href":"https:\/\/franciscanos.org.br\/noticias\/wp-json\/wp\/v2\/users\/1"}],"replies":[{"embeddable":true,"href":"https:\/\/franciscanos.org.br\/noticias\/wp-json\/wp\/v2\/comments?post=115492"}],"version-history":[{"count":2,"href":"https:\/\/franciscanos.org.br\/noticias\/wp-json\/wp\/v2\/posts\/115492\/revisions"}],"predecessor-version":[{"id":225631,"href":"https:\/\/franciscanos.org.br\/noticias\/wp-json\/wp\/v2\/posts\/115492\/revisions\/225631"}],"wp:featuredmedia":[{"embeddable":true,"href":"https:\/\/franciscanos.org.br\/noticias\/wp-json\/wp\/v2\/media\/217371"}],"wp:attachment":[{"href":"https:\/\/franciscanos.org.br\/noticias\/wp-json\/wp\/v2\/media?parent=115492"}],"wp:term":[{"taxonomy":"category","embeddable":true,"href":"https:\/\/franciscanos.org.br\/noticias\/wp-json\/wp\/v2\/categories?post=115492"},{"taxonomy":"post_tag","embeddable":true,"href":"https:\/\/franciscanos.org.br\/noticias\/wp-json\/wp\/v2\/tags?post=115492"}],"curies":[{"name":"wp","href":"https:\/\/api.w.org\/{rel}","templated":true}]}}