{"id":115420,"date":"2016-08-29T00:38:07","date_gmt":"2016-08-29T03:38:07","guid":{"rendered":"http:\/\/franciscanos.org.br\/?p=115420"},"modified":"2019-03-08T12:05:29","modified_gmt":"2019-03-08T15:05:29","slug":"anselm-grun-prega-retiro-em-sao-paulo","status":"publish","type":"post","link":"https:\/\/franciscanos.org.br\/noticias\/anselm-grun-prega-retiro-em-sao-paulo.html","title":{"rendered":"Monge alem\u00e3o Anselm Gr\u00fcn prega retiro em S\u00e3o Paulo"},"content":{"rendered":"<p><img loading=\"lazy\" src=\"http:\/\/franciscanos.org.br\/wp-content\/uploads\/2016\/08\/anselm_290816g.jpg\" alt=\"anselm_290816g\" width=\"830\" height=\"376\" \/><\/p>\n<p><strong>\u00c9rika Augusto<\/strong><\/p>\n<p><strong>S\u00e3o Paulo (SP)<\/strong> &#8211; Desde a \u00faltima quarta-feira (24), o monge beneditino Anselm Gr\u00fcn est\u00e1 percorrendo diversas capitais do Brasil, lan\u00e7ando seu livro<strong> \u201cOnde eu me sinto em casa e encontro o equil\u00edbrio e o bem-estar espiritual\u201d<\/strong>. A maratona, promovida pela Editora Vozes, respons\u00e1vel pelos livros do autor no pa\u00eds, passou pelas cidades de Recife (PE) no dia 24, Salvador (BA) no dia 25, Bras\u00edlia (DF) no dia 26 e Limeira (SP) no dia 27. Nesta \u00faltima, no interior de S\u00e3o Paulo, mais de mil pessoas participaram do encontro e da sess\u00e3o de aut\u00f3grafos.<\/p>\n<p>Apesar da rotina intensa e dos longos trajetos percorridos, Anselm Gr\u00fcn, de 71 anos, estava bem disposto para a programa\u00e7\u00e3o deste domingo (28). Logo cedo, \u00e0s 8 da manh\u00e3, mais de 150\u00a0pessoas se reuniram no Centro de Eventos Anhang\u00fcera, no bairro de Perus, zona oeste de S\u00e3o Paulo, para um dia de retiro.<\/p>\n<p>Frei Gustavo Medella, coordenador da Frente de Evangeliza\u00e7\u00e3o da Comunica\u00e7\u00e3o, conduziu a ora\u00e7\u00e3o inicial. O monge Zacharias Heyes tamb\u00e9m ajudou na condu\u00e7\u00e3o do retiro. Ele \u00e9 autor do livro<strong> \u201cEm casa comigo mesmo \u2013 guia para reequilibrar o corpo e a alma\u201d<\/strong>. Frei Volney Berkenbrock, diretor da Editora Vozes, acompanhou os monges e ajudou na tradu\u00e7\u00e3o do alem\u00e3o.<\/p>\n<p><img loading=\"lazy\" class=\"alignright wp-image-115424\" src=\"http:\/\/franciscanos.org.br\/wp-content\/uploads\/2016\/08\/anselm_290816-5.jpg\" alt=\"anselm_290816 (5)\" width=\"450\" height=\"300\" \/>Zacharias Heyes iniciou sua fala partilhando a experi\u00eancia de escrever seu segundo livro. Ele afirmou que n\u00e3o tinha ideia de como o tema seria t\u00e3o importante e atual, referindo-se \u00e0 crise migrat\u00f3ria que atingiu a Europa nos \u00faltimos meses. \u201cCada pessoa tem em si o desejo profundo de ser acolhido, de ser aceito pelos outros. Isso que eu entendo como estar em casa\u201d, afirmou. O autor comparou o drama dos milhares de refugiados com a hist\u00f3ria de Jesus, que tamb\u00e9m nasceu numa situa\u00e7\u00e3o de inseguran\u00e7a e sua fam\u00edlia teve que enfrentar os desafios de estar sem p\u00e1tria por um per\u00edodo. \u201cN\u00f3s, crist\u00e3os, acreditamos que neste Jesus, Deus se tornou humano\u201d, acrescentou.<\/p>\n<p>O autor afirma em seu livro que o ser humano precisa entrar em contato consigo mesmo, para assim encontrar em si sua p\u00e1tria e encontrar-se verdadeiramente com a vontade de Deus para sua vida. Zacharias pediu ent\u00e3o aos presentes para recordarem quais os sonhos traziam consigo quando eram crian\u00e7as, porque as crian\u00e7as s\u00e3o originais, n\u00e3o sofrem tanta influ\u00eancia exterior e ainda n\u00e3o vivem segundo as expectativas dos outros. \u201cEu devo ser o original, como Deus me criou. E isso eu devo afirmar sempre: eu sou um original de Deus\u201d, afirmou o monge. E disse que para redescobrir o desejo original de Deus para a vida de cada pessoa, \u00e9 necess\u00e1rio estar em casa com Deus, atrav\u00e9s da ora\u00e7\u00e3o e do encontro consigo mesmo.<\/p>\n<p><strong>Anselm Gr\u00fcn fala sobre a redescoberta da p\u00e1tria<\/strong><br \/>\n\u201cOnde eu me sinto em casa e encontro o equil\u00edbrio e o bem-estar espiritual\u201d, este \u00e9 o t\u00edtulo do livro mais recente do monge\u00a0da Abadia de M\u00fcnsterschwarzach, na Alemanha, lan\u00e7ado pela Editora Vozes. A fala do autor foi baseada nos 12 cap\u00edtulos, onde ele aborda os diferentes aspectos do que significa sentir-se em casa.<\/p>\n<p><img loading=\"lazy\" class=\"alignleft wp-image-115425\" src=\"http:\/\/franciscanos.org.br\/wp-content\/uploads\/2016\/08\/anselm_290816-23.jpg\" alt=\"anselm_290816 (23)\" width=\"380\" height=\"571\" \/>Para o autor, s\u00e3o muitos aspectos que ligam uma pessoa a um local. Ele citou que em hebraico existe uma palavra bonita para dizer p\u00e1tria, <em>mechora<\/em>, que significa o lugar onde eu voc\u00ea cava o seu po\u00e7o. E neste po\u00e7o se re\u00fane com seus irm\u00e3os para compartilhar uma mesma experi\u00eancia, seja o idioma, as cren\u00e7as, as mem\u00f3rias.<\/p>\n<p>Anselm Gr\u00fcn tamb\u00e9m falou a respeito da crise migrat\u00f3ria na Europa e de outras situa\u00e7\u00f5es, onde as pessoas, por motivos pessoais ou profissionais, precisam sair do lugar onde nasceram e recome\u00e7ar uma nova vida. \u201cMuitas pessoas t\u00eam que sair de seu lugar, \u00e9 muito importante encontrar um espa\u00e7o que seja uma p\u00e1tria, onde elas se sentem seguras\u201d, afirmou o monge. E citou que as redes sociais, sobretudo para os jovens, \u00e9 um espa\u00e7o importante, onde eles se sentem parte de uma mesma comunidade.<\/p>\n<p>O autor citou a quest\u00e3o da p\u00e1tria na B\u00edblia, tanto de Abra\u00e3o \u2013 que \u00e9 chamado a deixar o seu lugar para uma nova terra \u2013 como para S\u00e3o Paulo, que acolheu Jesus Cristo como sua p\u00e1tria, peregrinando para levar a Boa Nova.<\/p>\n<p><strong>Habitar em si mesmo \u2013 miss\u00e3o importante<\/strong><br \/>\nPara Anselm Gr\u00fcn \u00e9 fundamental que o ser humano se encontre em si mesmo. E \u00e9 Jesus Cristo quem faz este caminho com cada um. \u201cQuando Deus reina em mim, n\u00e3o sou conduzido para fora. Onde Deus reina, eu estou totalmente em casa\u201d, afirmou.<\/p>\n<p>O monge disse ainda que atrav\u00e9s do autoconhecimento e do contato consigo mesmo, \u00e9 poss\u00edvel encontrar a solu\u00e7\u00e3o para os problemas. Outro motivo apontado pelo autor para a falta de paz consigo mesmo \u00e9 quando as pessoas se avaliam demais, olhando sempre para os pecados e as faltas. \u201cQuem se v\u00ea sempre em pecado n\u00e3o consegue ficar em paz\u201d, afirmou. E disse que a imagina\u00e7\u00e3o \u00e9 uma forte aliada no processo de buscar a paz dentro de si, quando, por exemplo, a pessoa est\u00e1 numa situa\u00e7\u00e3o de caos, imaginar que dentro dela existe um espa\u00e7o que o caos n\u00e3o habita, um espa\u00e7o interior onde os problemas externos n\u00e3o t\u00eam acesso.<\/p>\n<p>Em seguida, Anselm Gr\u00fcn convidou os participantes a fazerem com ele alguns ritos simples, e que recuperam a import\u00e2ncia da b\u00ean\u00e7\u00e3o e do perd\u00e3o.<\/p>\n<p>Ap\u00f3s a fala, os participantes puderam fazer algumas perguntas para os autores. Em seguida, todos foram convidados a celebrar a Eucaristia. Ap\u00f3s o almo\u00e7o, houve um momento para que Anselm Gr\u00fcn e Zacharias Heyes autografassem os livros dos participantes do retiro.<\/p>\n<p>Anselm Gr\u00fcn respondeu algumas perguntas para o site Franciscanos, que voc\u00ea acompanha abaixo:<\/p>\n<p><strong><img loading=\"lazy\" class=\"alignright wp-image-115426\" src=\"http:\/\/franciscanos.org.br\/wp-content\/uploads\/2016\/08\/anselm_290816-41.jpg\" alt=\"anselm_290816 (41)\" width=\"400\" height=\"266\" \/>Como a medita\u00e7\u00e3o pode ajudar as pessoas a se conhecerem melhor?<\/strong><br \/>\nQuando eu medito, eu entro em contato com a minha pr\u00f3pria verdade e s\u00f3 o fato de entrar em contato com esta verdade, aparecem meus pensamentos e sentimentos. A medita\u00e7\u00e3o tem 3 passos: olhar meus sentimentos, deix\u00e1-los existir e, atrav\u00e9s deles, ir para um espa\u00e7o mais profundo.<\/p>\n<p>Desta maneira eu consigo conhecer a mim mesmo e encontrar paz interior. Muitas pessoas t\u00eam receio da medita\u00e7\u00e3o porque imaginam que meditar \u00e9 ter um monte de pensamentos e imaginam que ser\u00e1 ca\u00f3tico ter que lidar com eles. Somente quando eu consigo estar em frente aos meus pensamentos \u00e9 que eu tenho serenidade para passar por eles.<\/p>\n<p><strong>Como os crist\u00e3os hoje podem agir para sair da l\u00f3gica individualista em que vivemos?<\/strong><br \/>\nNa B\u00edblia, um lugar muito importante para se sentir pessoa \u00e9 a comunidade. Na Igreja Primitiva o sentimento de estar em comunidade era muito forte. Mas eu s\u00f3 consigo perceber e desfrutar do estar em comunidade se eu me sinto em casa comigo mesmo. Se eu penso que eu estou em comunidade apenas quando eu estou com os outros, eu n\u00e3o sinto a mim mesmo, fico sempre dependente dos outros e de suas expectativas. \u00c9 importante que a Igreja seja, neste mundo t\u00e3o an\u00f4nimo, espa\u00e7o deste sentimento de comunidade, mas ao mesmo tempo deve oferecer a possibilidade para que cada um consiga acessar sua pr\u00f3pria morada interior.<\/p>\n<p><strong>Na sua vis\u00e3o, qual deve ser o papel da Igreja nas situa\u00e7\u00f5es de conflito, como vivemos no mundo de hoje?<\/strong><br \/>\nNa Alemanha a Igreja, tanto a Cat\u00f3lica como a Evang\u00e9lica, tiveram um papel muito importante na quest\u00e3o dos refugiados e o pr\u00f3prio Estado reconheceu esta a\u00e7\u00e3o. Para n\u00f3s \u00e9 muito importante que tenhamos hospitalidade. Na Igreja antiga, a hospitalidade era muito valorizada. Devemos ser hospitaleiros diante dos crist\u00e3os que est\u00e3o fugindo da guerra, e igualmente diante dos mu\u00e7ulmanos e mostrar que conseguimos acolh\u00ea-los da mesma forma. Ali est\u00e1 uma chance de acabarmos com muitos preconceitos que os pr\u00f3prios mu\u00e7ulmanos t\u00eam dos crist\u00e3os.<br \/>\nNo final da tarde, os dois seguiram para o Pavilh\u00e3o de Exposi\u00e7\u00f5es do Parque Anhembi, onde acontece a 24\u00aa Bienal Internacional do Livro, onde os autores puderam conhecer o estante da Editora Vozes e continuar em contato com o p\u00fablico, num momento de aut\u00f3grafos e fotos. Os dois estar\u00e3o nesta segunda-feira (29), em Porto Alegre (RS), onde encerram a passagem pelo pa\u00eds.<\/p>\n","protected":false},"excerpt":{"rendered":"<p>Editora Vozes<\/p>\n","protected":false},"author":1,"featured_media":201205,"comment_status":"open","ping_status":"open","sticky":false,"template":"","format":"standard","meta":[],"categories":[1],"tags":[238],"acf":[],"yoast_head":"<!-- This site is optimized with the Yoast SEO plugin v19.2 - https:\/\/yoast.com\/wordpress\/plugins\/seo\/ -->\n<title>Monge alem\u00e3o Anselm Gr\u00fcn prega retiro em S\u00e3o Paulo - Not\u00edcias - Franciscanos<\/title>\n<meta name=\"robots\" content=\"index, follow, max-snippet:-1, max-image-preview:large, max-video-preview:-1\" \/>\n<link rel=\"canonical\" href=\"https:\/\/franciscanos.org.br\/noticias\/anselm-grun-prega-retiro-em-sao-paulo.html\" \/>\n<meta property=\"og:locale\" content=\"pt_BR\" \/>\n<meta property=\"og:type\" content=\"article\" \/>\n<meta property=\"og:title\" content=\"Monge alem\u00e3o Anselm Gr\u00fcn prega retiro em S\u00e3o Paulo - Not\u00edcias - Franciscanos\" \/>\n<meta property=\"og:description\" content=\"Editora Vozes\" \/>\n<meta property=\"og:url\" content=\"https:\/\/franciscanos.org.br\/noticias\/anselm-grun-prega-retiro-em-sao-paulo.html\" \/>\n<meta property=\"og:site_name\" content=\"Not\u00edcias - Franciscanos\" \/>\n<meta property=\"article:published_time\" content=\"2016-08-29T03:38:07+00:00\" \/>\n<meta property=\"article:modified_time\" content=\"2019-03-08T15:05:29+00:00\" \/>\n<meta property=\"og:image\" content=\"https:\/\/franciscanos.org.br\/noticias\/wp-content\/uploads\/2016\/08\/anselm_290816-23.jpg\" \/>\n\t<meta property=\"og:image:width\" content=\"273\" \/>\n\t<meta property=\"og:image:height\" content=\"181\" \/>\n\t<meta property=\"og:image:type\" content=\"image\/jpeg\" \/>\n<meta name=\"author\" content=\"admin\" \/>\n<meta name=\"twitter:card\" content=\"summary_large_image\" \/>\n<meta name=\"twitter:label1\" content=\"Escrito por\" \/>\n\t<meta name=\"twitter:data1\" content=\"admin\" \/>\n\t<meta name=\"twitter:label2\" content=\"Est. tempo de leitura\" \/>\n\t<meta name=\"twitter:data2\" content=\"7 minutos\" \/>\n<script type=\"application\/ld+json\" class=\"yoast-schema-graph\">{\"@context\":\"https:\/\/schema.org\",\"@graph\":[{\"@type\":\"WebSite\",\"@id\":\"https:\/\/franciscanos.org.br\/noticias\/#website\",\"url\":\"https:\/\/franciscanos.org.br\/noticias\/\",\"name\":\"Not\u00edcias - Franciscanos\",\"description\":\"Prov\u00edncia Franciscana da Imaculada Concei\u00e7\u00e3o do Brasil - Ordem dos Frades Menores - OFM\",\"potentialAction\":[{\"@type\":\"SearchAction\",\"target\":{\"@type\":\"EntryPoint\",\"urlTemplate\":\"https:\/\/franciscanos.org.br\/noticias\/?s={search_term_string}\"},\"query-input\":\"required name=search_term_string\"}],\"inLanguage\":\"pt-BR\"},{\"@type\":\"ImageObject\",\"inLanguage\":\"pt-BR\",\"@id\":\"https:\/\/franciscanos.org.br\/noticias\/anselm-grun-prega-retiro-em-sao-paulo.html#primaryimage\",\"url\":\"https:\/\/franciscanos.org.br\/noticias\/wp-content\/uploads\/2016\/08\/anselm_290816-23.jpg\",\"contentUrl\":\"https:\/\/franciscanos.org.br\/noticias\/wp-content\/uploads\/2016\/08\/anselm_290816-23.jpg\",\"width\":273,\"height\":181},{\"@type\":\"WebPage\",\"@id\":\"https:\/\/franciscanos.org.br\/noticias\/anselm-grun-prega-retiro-em-sao-paulo.html#webpage\",\"url\":\"https:\/\/franciscanos.org.br\/noticias\/anselm-grun-prega-retiro-em-sao-paulo.html\",\"name\":\"Monge alem\u00e3o Anselm Gr\u00fcn prega retiro em S\u00e3o Paulo - Not\u00edcias - Franciscanos\",\"isPartOf\":{\"@id\":\"https:\/\/franciscanos.org.br\/noticias\/#website\"},\"primaryImageOfPage\":{\"@id\":\"https:\/\/franciscanos.org.br\/noticias\/anselm-grun-prega-retiro-em-sao-paulo.html#primaryimage\"},\"datePublished\":\"2016-08-29T03:38:07+00:00\",\"dateModified\":\"2019-03-08T15:05:29+00:00\",\"author\":{\"@id\":\"https:\/\/franciscanos.org.br\/noticias\/#\/schema\/person\/b38fbf43118f02820bd932f2e4b14ad3\"},\"breadcrumb\":{\"@id\":\"https:\/\/franciscanos.org.br\/noticias\/anselm-grun-prega-retiro-em-sao-paulo.html#breadcrumb\"},\"inLanguage\":\"pt-BR\",\"potentialAction\":[{\"@type\":\"ReadAction\",\"target\":[\"https:\/\/franciscanos.org.br\/noticias\/anselm-grun-prega-retiro-em-sao-paulo.html\"]}]},{\"@type\":\"BreadcrumbList\",\"@id\":\"https:\/\/franciscanos.org.br\/noticias\/anselm-grun-prega-retiro-em-sao-paulo.html#breadcrumb\",\"itemListElement\":[{\"@type\":\"ListItem\",\"position\":1,\"name\":\"Home\",\"item\":\"https:\/\/franciscanos.org.br\/noticias\"},{\"@type\":\"ListItem\",\"position\":2,\"name\":\"Monge alem\u00e3o Anselm Gr\u00fcn prega retiro em S\u00e3o Paulo\"}]},{\"@type\":\"Person\",\"@id\":\"https:\/\/franciscanos.org.br\/noticias\/#\/schema\/person\/b38fbf43118f02820bd932f2e4b14ad3\",\"name\":\"admin\",\"image\":{\"@type\":\"ImageObject\",\"inLanguage\":\"pt-BR\",\"@id\":\"https:\/\/franciscanos.org.br\/noticias\/#\/schema\/person\/image\/\",\"url\":\"https:\/\/secure.gravatar.com\/avatar\/e8495742d34d0ba6448ea1c628263b3e?s=96&d=mm&r=g\",\"contentUrl\":\"https:\/\/secure.gravatar.com\/avatar\/e8495742d34d0ba6448ea1c628263b3e?s=96&d=mm&r=g\",\"caption\":\"admin\"},\"url\":\"https:\/\/franciscanos.org.br\/noticias\/author\/admin\"}]}<\/script>\n<!-- \/ Yoast SEO plugin. -->","yoast_head_json":{"title":"Monge alem\u00e3o Anselm Gr\u00fcn prega retiro em S\u00e3o Paulo - Not\u00edcias - Franciscanos","robots":{"index":"index","follow":"follow","max-snippet":"max-snippet:-1","max-image-preview":"max-image-preview:large","max-video-preview":"max-video-preview:-1"},"canonical":"https:\/\/franciscanos.org.br\/noticias\/anselm-grun-prega-retiro-em-sao-paulo.html","og_locale":"pt_BR","og_type":"article","og_title":"Monge alem\u00e3o Anselm Gr\u00fcn prega retiro em S\u00e3o Paulo - Not\u00edcias - Franciscanos","og_description":"Editora Vozes","og_url":"https:\/\/franciscanos.org.br\/noticias\/anselm-grun-prega-retiro-em-sao-paulo.html","og_site_name":"Not\u00edcias - Franciscanos","article_published_time":"2016-08-29T03:38:07+00:00","article_modified_time":"2019-03-08T15:05:29+00:00","og_image":[{"width":273,"height":181,"url":"https:\/\/franciscanos.org.br\/noticias\/wp-content\/uploads\/2016\/08\/anselm_290816-23.jpg","type":"image\/jpeg"}],"author":"admin","twitter_card":"summary_large_image","twitter_misc":{"Escrito por":"admin","Est. tempo de leitura":"7 minutos"},"schema":{"@context":"https:\/\/schema.org","@graph":[{"@type":"WebSite","@id":"https:\/\/franciscanos.org.br\/noticias\/#website","url":"https:\/\/franciscanos.org.br\/noticias\/","name":"Not\u00edcias - Franciscanos","description":"Prov\u00edncia Franciscana da Imaculada Concei\u00e7\u00e3o do Brasil - Ordem dos Frades Menores - OFM","potentialAction":[{"@type":"SearchAction","target":{"@type":"EntryPoint","urlTemplate":"https:\/\/franciscanos.org.br\/noticias\/?s={search_term_string}"},"query-input":"required name=search_term_string"}],"inLanguage":"pt-BR"},{"@type":"ImageObject","inLanguage":"pt-BR","@id":"https:\/\/franciscanos.org.br\/noticias\/anselm-grun-prega-retiro-em-sao-paulo.html#primaryimage","url":"https:\/\/franciscanos.org.br\/noticias\/wp-content\/uploads\/2016\/08\/anselm_290816-23.jpg","contentUrl":"https:\/\/franciscanos.org.br\/noticias\/wp-content\/uploads\/2016\/08\/anselm_290816-23.jpg","width":273,"height":181},{"@type":"WebPage","@id":"https:\/\/franciscanos.org.br\/noticias\/anselm-grun-prega-retiro-em-sao-paulo.html#webpage","url":"https:\/\/franciscanos.org.br\/noticias\/anselm-grun-prega-retiro-em-sao-paulo.html","name":"Monge alem\u00e3o Anselm Gr\u00fcn prega retiro em S\u00e3o Paulo - Not\u00edcias - Franciscanos","isPartOf":{"@id":"https:\/\/franciscanos.org.br\/noticias\/#website"},"primaryImageOfPage":{"@id":"https:\/\/franciscanos.org.br\/noticias\/anselm-grun-prega-retiro-em-sao-paulo.html#primaryimage"},"datePublished":"2016-08-29T03:38:07+00:00","dateModified":"2019-03-08T15:05:29+00:00","author":{"@id":"https:\/\/franciscanos.org.br\/noticias\/#\/schema\/person\/b38fbf43118f02820bd932f2e4b14ad3"},"breadcrumb":{"@id":"https:\/\/franciscanos.org.br\/noticias\/anselm-grun-prega-retiro-em-sao-paulo.html#breadcrumb"},"inLanguage":"pt-BR","potentialAction":[{"@type":"ReadAction","target":["https:\/\/franciscanos.org.br\/noticias\/anselm-grun-prega-retiro-em-sao-paulo.html"]}]},{"@type":"BreadcrumbList","@id":"https:\/\/franciscanos.org.br\/noticias\/anselm-grun-prega-retiro-em-sao-paulo.html#breadcrumb","itemListElement":[{"@type":"ListItem","position":1,"name":"Home","item":"https:\/\/franciscanos.org.br\/noticias"},{"@type":"ListItem","position":2,"name":"Monge alem\u00e3o Anselm Gr\u00fcn prega retiro em S\u00e3o Paulo"}]},{"@type":"Person","@id":"https:\/\/franciscanos.org.br\/noticias\/#\/schema\/person\/b38fbf43118f02820bd932f2e4b14ad3","name":"admin","image":{"@type":"ImageObject","inLanguage":"pt-BR","@id":"https:\/\/franciscanos.org.br\/noticias\/#\/schema\/person\/image\/","url":"https:\/\/secure.gravatar.com\/avatar\/e8495742d34d0ba6448ea1c628263b3e?s=96&d=mm&r=g","contentUrl":"https:\/\/secure.gravatar.com\/avatar\/e8495742d34d0ba6448ea1c628263b3e?s=96&d=mm&r=g","caption":"admin"},"url":"https:\/\/franciscanos.org.br\/noticias\/author\/admin"}]}},"_links":{"self":[{"href":"https:\/\/franciscanos.org.br\/noticias\/wp-json\/wp\/v2\/posts\/115420"}],"collection":[{"href":"https:\/\/franciscanos.org.br\/noticias\/wp-json\/wp\/v2\/posts"}],"about":[{"href":"https:\/\/franciscanos.org.br\/noticias\/wp-json\/wp\/v2\/types\/post"}],"author":[{"embeddable":true,"href":"https:\/\/franciscanos.org.br\/noticias\/wp-json\/wp\/v2\/users\/1"}],"replies":[{"embeddable":true,"href":"https:\/\/franciscanos.org.br\/noticias\/wp-json\/wp\/v2\/comments?post=115420"}],"version-history":[{"count":0,"href":"https:\/\/franciscanos.org.br\/noticias\/wp-json\/wp\/v2\/posts\/115420\/revisions"}],"wp:featuredmedia":[{"embeddable":true,"href":"https:\/\/franciscanos.org.br\/noticias\/wp-json\/wp\/v2\/media\/201205"}],"wp:attachment":[{"href":"https:\/\/franciscanos.org.br\/noticias\/wp-json\/wp\/v2\/media?parent=115420"}],"wp:term":[{"taxonomy":"category","embeddable":true,"href":"https:\/\/franciscanos.org.br\/noticias\/wp-json\/wp\/v2\/categories?post=115420"},{"taxonomy":"post_tag","embeddable":true,"href":"https:\/\/franciscanos.org.br\/noticias\/wp-json\/wp\/v2\/tags?post=115420"}],"curies":[{"name":"wp","href":"https:\/\/api.w.org\/{rel}","templated":true}]}}