{"id":115377,"date":"2016-08-28T18:58:24","date_gmt":"2016-08-28T21:58:24","guid":{"rendered":"http:\/\/franciscanos.org.br\/?p=115377"},"modified":"2020-03-24T08:19:29","modified_gmt":"2020-03-24T11:19:29","slug":"criada-a-provincia-santa-maria-dos-anjos-dos-frades-capuchinhos","status":"publish","type":"post","link":"https:\/\/franciscanos.org.br\/noticias\/criada-a-provincia-santa-maria-dos-anjos-dos-frades-capuchinhos.html","title":{"rendered":"Frades Capuchinhos: Criada a Prov\u00edncia Santa Maria dos Anjos"},"content":{"rendered":"<p><img loading=\"lazy\" src=\"http:\/\/franciscanos.org.br\/wp-content\/uploads\/2016\/08\/angola_280816.jpg\" alt=\"angola_280816\" width=\"820\" height=\"449\" \/><\/p>\n<p><strong>Frei Cris\u00f3stomo \u00d1gala, OFM<\/strong><\/p>\n<p>Um dia de festa para a Igreja em Angola. Foi criada neste domingo, 28 de agosto, a Prov\u00edncia Santa Maria dos Anjos dos Frades Menores Capuchinhos de Angola. Esse momento hist\u00f3rico aconteceu na Par\u00f3quia Nossa Senhora de F\u00e1tima, em Luanda. A proclama\u00e7\u00e3o da nova Prov\u00edncia foi feita na presen\u00e7a de Dom Filomeno de Nascimento Vieira Dia, Arcebispo Metropolitano de Luanda e Presidente da Confer\u00eancia Episcopal de Angola e S\u00e3o Tom\u00e9 (CEAST); de Dom Francisco Tchimoio, arcebispo de Maputo (Mo\u00e7ambique); de v\u00e1rios bispos da CEAST; na presen\u00e7a do Vice-Presidente da Rep\u00fablica de Angola, Manuel Vicente, de distintas entidades pol\u00edticas, militares, tradicionais, religiosas e dos fi\u00e9is de Luanda. Coube ao Ministro Geral da Ordem dos Frades Menores Capuchinhos, Frei Mauro J\u00f6hri, proclamar a cria\u00e7\u00e3o da Prov\u00edncia Capuchinha de Angola.<\/p>\n<p>Na verdade, as festividades come\u00e7aram no dia 2 de agosto \u00faltimo, festa de Santa Maria dos Anjos da Porci\u00fancula, quando foi aberta as festividades da proclama\u00e7\u00e3o da Prov\u00edncia dos Capuchinhos em Angola. Segundo o bispo Carlos Kiazico capuchinho v\u00e1rias coisas pesaram na balan\u00e7a da qualifica\u00e7\u00e3o para tornar a comunidade numa prov\u00edncia em Angola. Al\u00e9m do n\u00famero tamb\u00e9m a sustentabilidade vocacional \u201ctemos o nosso pr\u00f3prio semin\u00e1rio isso \u00e9 um sinal\u201d, disse.<\/p>\n<p><img loading=\"lazy\" src=\"http:\/\/franciscanos.org.br\/wp-content\/uploads\/2016\/08\/angola_280816_2.jpg\" alt=\"angola_280816_2\" width=\"820\" height=\"489\" \/><\/p>\n<p>Os Capuchinhos em Angola fizeram um longo caminho, com uma longa experi\u00eancia; passaram por muitas vicissitudes gloriosas e tr\u00e1gicas. Conheceram per\u00edodos de paz, e de guerras, per\u00edodos de crise e de prosperidade. Foi uma hist\u00f3ria em crescimento at\u00e9 chegar aos nossos dias.<\/p>\n<p>Os Superiores, na avalia\u00e7\u00e3o feita, a v\u00e1rios n\u00edveis, reconheceram a maturidade alcan\u00e7ada, pronta para o novo t\u00edtulo. No ano passado, o Ministro Geral fez uma visita \u00e0 Cust\u00f3dia de Angola no dia 1\u00ba setembro, fazendo uma consulta por escrito a todos os frades professos solenes da Cust\u00f3dia pela nomea\u00e7\u00e3o do Ministro Provincial e dos quatros conselheiros. Ap\u00f3s ter tomado conhecimento do resultado e do parecer favor\u00e1vel, quer do Ministro da Prov\u00edncia de Veneza, quer dos Conselheiros Provinciais e da Confer\u00eancia dos Frades Capuchinhos na \u00c1frica e ter observado tudo quanto o direito pede para ser observado, ap\u00f3s ter tido o consentimento do seu Conselho, decretou, pelas 12h30 do dia 28 de agosto de 2016, o nascimento da Prov\u00edncia de Angola dos Frades Menores Capuchinhos sob muitos aplausos do povo.<\/p>\n<p><img loading=\"lazy\" src=\"http:\/\/franciscanos.org.br\/wp-content\/uploads\/2016\/08\/angola_280816_3.jpg\" alt=\"angola_280816_3\" width=\"820\" height=\"400\" \/><\/p>\n<table border=\"0\" width=\"450\" cellspacing=\"3\" cellpadding=\"3\" align=\"right\">\n<tbody>\n<tr>\n<td bgcolor=\"#CCCCCC\">\n<h4>UM POUCO DE HIST\u00d3RIA<\/h4>\n<p>A nova Prov\u00edncia capuchinha nascente \u00e9 como uma filha das fam\u00edlias m\u00e3es de Veneza e de Portugal. A presen\u00e7a em Angola data de 1645 a 1835. Em Luanda os capuchinhos tem presen\u00e7a tradicional na par\u00f3quia de F\u00e1tima, onde tem o Semin\u00e1rio. Mas o Santo Ant\u00f3nio, \u00e9 conhecida como a fraternidade dos Capuchinhos Portugueses ao lado da de F\u00e1tima considerada de Veneza.<\/p>\n<p>Mas no in\u00edcio n\u00e3o foi assim. A sede principal encontrava-se em Caxito, na capital da prov\u00edncia do Bengo, 60 Kms ainda mais a Norte. Existia a\u00ed uma fazenda chamada Tentativa, que produzia a\u00e7\u00facar de cana e empregava 5.000 trabalhadores. A\u00ed ainda existe um santu\u00e1rio dedicado a Santa Ana. Os dois primeiros Capuchinhos que em 22 de agosto de 1954 embarcaram, em Lisboa, no paquete \u201cRita Maria\u201d e passaram o Equador para chegar a Angola foram o brasileiro Frei Cirilo Vargas e o portugu\u00eas Frei Louren\u00e7o Torres Lima, ambos na faixa et\u00e1ria dos 30 anos. Depois de 16 dias de mar, estes dois mission\u00e1rios entraram no encantador porto de Luanda antes do p\u00f4r do sol do dia 6 de Setembro, enquanto os raios fugitivos perpassavam pelas jovens palmeiras da marginal.<\/p>\n<p>A ideia de abrir uma Miss\u00e3o em Angola foi tomada pelos Capuchinhos Portugueses no dia 22 de janeiro daquele ano e aprovada com satisfa\u00e7\u00e3o no dia 30 de julho seguinte. Tendo aumentado o n\u00famero, em 1955, avan\u00e7aram um pouco para Norte e fixaram-se na miss\u00e3o de Nambuangongo, a 180 Kms de Luanda.<\/td>\n<\/tr>\n<\/tbody>\n<\/table>\n<p>Em seguida, estabeleceu que todos os Frades da Cust\u00f3dia atual sejam agregados \u00e0 Prov\u00edncia de Angola com todos os direitos e deveres. As casas e outros haveres sejam integrados \u00e0 Prov\u00edncia. Fez saber que a Prov\u00edncia de Angola dos Frades Menores Capuchinhos ter\u00e1 como titular Santa Maria dos Anjos. Tamb\u00e9m disse que fazem parte desta Fraternidade Provincial todos os frades que pertenciam \u00e0 Cust\u00f3dia de Angola.<\/p>\n<p>Assim, o Ministro Geral, em conformidade com as Constitui\u00e7\u00f5es, procedeu a nomea\u00e7\u00e3o do primeiro Ministro Provincial: Frei Afonso Andr\u00e9 Teka. Para Vig\u00e1rio Provincial, Frei Pedro Binji; segundo Conselheiro, Pietro Tuzatto; terceiro Conselheiro, Frei In\u00e1cio Catulu Cassoma; e quarto conselheiro, Frei Afonso Fernando. O Ministro Geral tamb\u00e9m informou que o 1\u00ba Cap\u00edtulo Provincial ser\u00e1 convocado em maio, para tratar dos problemas da vida e das atividades da nova entidade, al\u00e9m disso ter\u00e1 a tarefa de preparar os Estatutos e tamb\u00e9m de precisar os procedimentos capitulares e eleitorais.<\/p>\n<p><strong>Frei Cris\u00f3stomo \u00d1gala, OFM, \u00e9 frade da Funda\u00e7\u00e3o Imaculada M\u00e3e de Deus de Angola da Ordem dos Frades Menores.<\/strong><\/p>\n<p>&nbsp;<\/p>\n","protected":false},"excerpt":{"rendered":"<p>Angola<\/p>\n","protected":false},"author":1,"featured_media":217408,"comment_status":"open","ping_status":"open","sticky":false,"template":"","format":"standard","meta":[],"categories":[1],"tags":[],"acf":[],"yoast_head":"<!-- This site is optimized with the Yoast SEO plugin v19.2 - https:\/\/yoast.com\/wordpress\/plugins\/seo\/ -->\n<title>Frades Capuchinhos: Criada a Prov\u00edncia Santa Maria dos Anjos - Not\u00edcias - Franciscanos<\/title>\n<meta name=\"robots\" content=\"index, follow, max-snippet:-1, max-image-preview:large, max-video-preview:-1\" \/>\n<link rel=\"canonical\" href=\"https:\/\/franciscanos.org.br\/noticias\/criada-a-provincia-santa-maria-dos-anjos-dos-frades-capuchinhos.html\" \/>\n<meta property=\"og:locale\" content=\"pt_BR\" \/>\n<meta property=\"og:type\" content=\"article\" \/>\n<meta property=\"og:title\" content=\"Frades Capuchinhos: Criada a Prov\u00edncia Santa Maria dos Anjos - Not\u00edcias - Franciscanos\" \/>\n<meta property=\"og:description\" content=\"Angola\" \/>\n<meta property=\"og:url\" content=\"https:\/\/franciscanos.org.br\/noticias\/criada-a-provincia-santa-maria-dos-anjos-dos-frades-capuchinhos.html\" \/>\n<meta property=\"og:site_name\" content=\"Not\u00edcias - Franciscanos\" \/>\n<meta property=\"article:published_time\" content=\"2016-08-28T21:58:24+00:00\" \/>\n<meta property=\"article:modified_time\" content=\"2020-03-24T11:19:29+00:00\" \/>\n<meta property=\"og:image\" content=\"https:\/\/franciscanos.org.br\/noticias\/wp-content\/uploads\/2016\/08\/angola_280816.jpg\" \/>\n\t<meta property=\"og:image:width\" content=\"273\" \/>\n\t<meta property=\"og:image:height\" content=\"181\" \/>\n\t<meta property=\"og:image:type\" content=\"image\/jpeg\" \/>\n<meta name=\"author\" content=\"admin\" \/>\n<meta name=\"twitter:card\" content=\"summary_large_image\" \/>\n<meta name=\"twitter:label1\" content=\"Escrito por\" \/>\n\t<meta name=\"twitter:data1\" content=\"admin\" \/>\n\t<meta name=\"twitter:label2\" content=\"Est. tempo de leitura\" \/>\n\t<meta name=\"twitter:data2\" content=\"4 minutos\" \/>\n<script type=\"application\/ld+json\" class=\"yoast-schema-graph\">{\"@context\":\"https:\/\/schema.org\",\"@graph\":[{\"@type\":\"WebSite\",\"@id\":\"https:\/\/franciscanos.org.br\/noticias\/#website\",\"url\":\"https:\/\/franciscanos.org.br\/noticias\/\",\"name\":\"Not\u00edcias - Franciscanos\",\"description\":\"Prov\u00edncia Franciscana da Imaculada Concei\u00e7\u00e3o do Brasil - Ordem dos Frades Menores - OFM\",\"potentialAction\":[{\"@type\":\"SearchAction\",\"target\":{\"@type\":\"EntryPoint\",\"urlTemplate\":\"https:\/\/franciscanos.org.br\/noticias\/?s={search_term_string}\"},\"query-input\":\"required name=search_term_string\"}],\"inLanguage\":\"pt-BR\"},{\"@type\":\"ImageObject\",\"inLanguage\":\"pt-BR\",\"@id\":\"https:\/\/franciscanos.org.br\/noticias\/criada-a-provincia-santa-maria-dos-anjos-dos-frades-capuchinhos.html#primaryimage\",\"url\":\"https:\/\/franciscanos.org.br\/noticias\/wp-content\/uploads\/2016\/08\/angola_280816.jpg\",\"contentUrl\":\"https:\/\/franciscanos.org.br\/noticias\/wp-content\/uploads\/2016\/08\/angola_280816.jpg\",\"width\":273,\"height\":181},{\"@type\":\"WebPage\",\"@id\":\"https:\/\/franciscanos.org.br\/noticias\/criada-a-provincia-santa-maria-dos-anjos-dos-frades-capuchinhos.html#webpage\",\"url\":\"https:\/\/franciscanos.org.br\/noticias\/criada-a-provincia-santa-maria-dos-anjos-dos-frades-capuchinhos.html\",\"name\":\"Frades Capuchinhos: Criada a Prov\u00edncia Santa Maria dos Anjos - Not\u00edcias - Franciscanos\",\"isPartOf\":{\"@id\":\"https:\/\/franciscanos.org.br\/noticias\/#website\"},\"primaryImageOfPage\":{\"@id\":\"https:\/\/franciscanos.org.br\/noticias\/criada-a-provincia-santa-maria-dos-anjos-dos-frades-capuchinhos.html#primaryimage\"},\"datePublished\":\"2016-08-28T21:58:24+00:00\",\"dateModified\":\"2020-03-24T11:19:29+00:00\",\"author\":{\"@id\":\"https:\/\/franciscanos.org.br\/noticias\/#\/schema\/person\/b38fbf43118f02820bd932f2e4b14ad3\"},\"breadcrumb\":{\"@id\":\"https:\/\/franciscanos.org.br\/noticias\/criada-a-provincia-santa-maria-dos-anjos-dos-frades-capuchinhos.html#breadcrumb\"},\"inLanguage\":\"pt-BR\",\"potentialAction\":[{\"@type\":\"ReadAction\",\"target\":[\"https:\/\/franciscanos.org.br\/noticias\/criada-a-provincia-santa-maria-dos-anjos-dos-frades-capuchinhos.html\"]}]},{\"@type\":\"BreadcrumbList\",\"@id\":\"https:\/\/franciscanos.org.br\/noticias\/criada-a-provincia-santa-maria-dos-anjos-dos-frades-capuchinhos.html#breadcrumb\",\"itemListElement\":[{\"@type\":\"ListItem\",\"position\":1,\"name\":\"Home\",\"item\":\"https:\/\/franciscanos.org.br\/noticias\"},{\"@type\":\"ListItem\",\"position\":2,\"name\":\"Frades Capuchinhos: Criada a Prov\u00edncia Santa Maria dos Anjos\"}]},{\"@type\":\"Person\",\"@id\":\"https:\/\/franciscanos.org.br\/noticias\/#\/schema\/person\/b38fbf43118f02820bd932f2e4b14ad3\",\"name\":\"admin\",\"image\":{\"@type\":\"ImageObject\",\"inLanguage\":\"pt-BR\",\"@id\":\"https:\/\/franciscanos.org.br\/noticias\/#\/schema\/person\/image\/\",\"url\":\"https:\/\/secure.gravatar.com\/avatar\/e8495742d34d0ba6448ea1c628263b3e?s=96&d=mm&r=g\",\"contentUrl\":\"https:\/\/secure.gravatar.com\/avatar\/e8495742d34d0ba6448ea1c628263b3e?s=96&d=mm&r=g\",\"caption\":\"admin\"},\"url\":\"https:\/\/franciscanos.org.br\/noticias\/author\/admin\"}]}<\/script>\n<!-- \/ Yoast SEO plugin. -->","yoast_head_json":{"title":"Frades Capuchinhos: Criada a Prov\u00edncia Santa Maria dos Anjos - Not\u00edcias - Franciscanos","robots":{"index":"index","follow":"follow","max-snippet":"max-snippet:-1","max-image-preview":"max-image-preview:large","max-video-preview":"max-video-preview:-1"},"canonical":"https:\/\/franciscanos.org.br\/noticias\/criada-a-provincia-santa-maria-dos-anjos-dos-frades-capuchinhos.html","og_locale":"pt_BR","og_type":"article","og_title":"Frades Capuchinhos: Criada a Prov\u00edncia Santa Maria dos Anjos - Not\u00edcias - Franciscanos","og_description":"Angola","og_url":"https:\/\/franciscanos.org.br\/noticias\/criada-a-provincia-santa-maria-dos-anjos-dos-frades-capuchinhos.html","og_site_name":"Not\u00edcias - Franciscanos","article_published_time":"2016-08-28T21:58:24+00:00","article_modified_time":"2020-03-24T11:19:29+00:00","og_image":[{"width":273,"height":181,"url":"https:\/\/franciscanos.org.br\/noticias\/wp-content\/uploads\/2016\/08\/angola_280816.jpg","type":"image\/jpeg"}],"author":"admin","twitter_card":"summary_large_image","twitter_misc":{"Escrito por":"admin","Est. tempo de leitura":"4 minutos"},"schema":{"@context":"https:\/\/schema.org","@graph":[{"@type":"WebSite","@id":"https:\/\/franciscanos.org.br\/noticias\/#website","url":"https:\/\/franciscanos.org.br\/noticias\/","name":"Not\u00edcias - Franciscanos","description":"Prov\u00edncia Franciscana da Imaculada Concei\u00e7\u00e3o do Brasil - Ordem dos Frades Menores - OFM","potentialAction":[{"@type":"SearchAction","target":{"@type":"EntryPoint","urlTemplate":"https:\/\/franciscanos.org.br\/noticias\/?s={search_term_string}"},"query-input":"required name=search_term_string"}],"inLanguage":"pt-BR"},{"@type":"ImageObject","inLanguage":"pt-BR","@id":"https:\/\/franciscanos.org.br\/noticias\/criada-a-provincia-santa-maria-dos-anjos-dos-frades-capuchinhos.html#primaryimage","url":"https:\/\/franciscanos.org.br\/noticias\/wp-content\/uploads\/2016\/08\/angola_280816.jpg","contentUrl":"https:\/\/franciscanos.org.br\/noticias\/wp-content\/uploads\/2016\/08\/angola_280816.jpg","width":273,"height":181},{"@type":"WebPage","@id":"https:\/\/franciscanos.org.br\/noticias\/criada-a-provincia-santa-maria-dos-anjos-dos-frades-capuchinhos.html#webpage","url":"https:\/\/franciscanos.org.br\/noticias\/criada-a-provincia-santa-maria-dos-anjos-dos-frades-capuchinhos.html","name":"Frades Capuchinhos: Criada a Prov\u00edncia Santa Maria dos Anjos - Not\u00edcias - Franciscanos","isPartOf":{"@id":"https:\/\/franciscanos.org.br\/noticias\/#website"},"primaryImageOfPage":{"@id":"https:\/\/franciscanos.org.br\/noticias\/criada-a-provincia-santa-maria-dos-anjos-dos-frades-capuchinhos.html#primaryimage"},"datePublished":"2016-08-28T21:58:24+00:00","dateModified":"2020-03-24T11:19:29+00:00","author":{"@id":"https:\/\/franciscanos.org.br\/noticias\/#\/schema\/person\/b38fbf43118f02820bd932f2e4b14ad3"},"breadcrumb":{"@id":"https:\/\/franciscanos.org.br\/noticias\/criada-a-provincia-santa-maria-dos-anjos-dos-frades-capuchinhos.html#breadcrumb"},"inLanguage":"pt-BR","potentialAction":[{"@type":"ReadAction","target":["https:\/\/franciscanos.org.br\/noticias\/criada-a-provincia-santa-maria-dos-anjos-dos-frades-capuchinhos.html"]}]},{"@type":"BreadcrumbList","@id":"https:\/\/franciscanos.org.br\/noticias\/criada-a-provincia-santa-maria-dos-anjos-dos-frades-capuchinhos.html#breadcrumb","itemListElement":[{"@type":"ListItem","position":1,"name":"Home","item":"https:\/\/franciscanos.org.br\/noticias"},{"@type":"ListItem","position":2,"name":"Frades Capuchinhos: Criada a Prov\u00edncia Santa Maria dos Anjos"}]},{"@type":"Person","@id":"https:\/\/franciscanos.org.br\/noticias\/#\/schema\/person\/b38fbf43118f02820bd932f2e4b14ad3","name":"admin","image":{"@type":"ImageObject","inLanguage":"pt-BR","@id":"https:\/\/franciscanos.org.br\/noticias\/#\/schema\/person\/image\/","url":"https:\/\/secure.gravatar.com\/avatar\/e8495742d34d0ba6448ea1c628263b3e?s=96&d=mm&r=g","contentUrl":"https:\/\/secure.gravatar.com\/avatar\/e8495742d34d0ba6448ea1c628263b3e?s=96&d=mm&r=g","caption":"admin"},"url":"https:\/\/franciscanos.org.br\/noticias\/author\/admin"}]}},"_links":{"self":[{"href":"https:\/\/franciscanos.org.br\/noticias\/wp-json\/wp\/v2\/posts\/115377"}],"collection":[{"href":"https:\/\/franciscanos.org.br\/noticias\/wp-json\/wp\/v2\/posts"}],"about":[{"href":"https:\/\/franciscanos.org.br\/noticias\/wp-json\/wp\/v2\/types\/post"}],"author":[{"embeddable":true,"href":"https:\/\/franciscanos.org.br\/noticias\/wp-json\/wp\/v2\/users\/1"}],"replies":[{"embeddable":true,"href":"https:\/\/franciscanos.org.br\/noticias\/wp-json\/wp\/v2\/comments?post=115377"}],"version-history":[{"count":1,"href":"https:\/\/franciscanos.org.br\/noticias\/wp-json\/wp\/v2\/posts\/115377\/revisions"}],"predecessor-version":[{"id":222362,"href":"https:\/\/franciscanos.org.br\/noticias\/wp-json\/wp\/v2\/posts\/115377\/revisions\/222362"}],"wp:featuredmedia":[{"embeddable":true,"href":"https:\/\/franciscanos.org.br\/noticias\/wp-json\/wp\/v2\/media\/217408"}],"wp:attachment":[{"href":"https:\/\/franciscanos.org.br\/noticias\/wp-json\/wp\/v2\/media?parent=115377"}],"wp:term":[{"taxonomy":"category","embeddable":true,"href":"https:\/\/franciscanos.org.br\/noticias\/wp-json\/wp\/v2\/categories?post=115377"},{"taxonomy":"post_tag","embeddable":true,"href":"https:\/\/franciscanos.org.br\/noticias\/wp-json\/wp\/v2\/tags?post=115377"}],"curies":[{"name":"wp","href":"https:\/\/api.w.org\/{rel}","templated":true}]}}