{"id":115290,"date":"2016-08-28T16:03:57","date_gmt":"2016-08-28T19:03:57","guid":{"rendered":"http:\/\/franciscanos.org.br\/?p=115290"},"modified":"2019-06-30T16:22:33","modified_gmt":"2019-06-30T19:22:33","slug":"ministro-provincial-indica-as-vestes-dos-neoprofessos-humildade-simplicidade-e-servico","status":"publish","type":"post","link":"https:\/\/franciscanos.org.br\/noticias\/ministro-provincial-indica-as-vestes-dos-neoprofessos-humildade-simplicidade-e-servico.html","title":{"rendered":"Frei Jos\u00e9 e Frei Roberto agora s\u00e3o professos solenes"},"content":{"rendered":"<p><img loading=\"lazy\" src=\"http:\/\/franciscanos.org.br\/wp-content\/uploads\/2016\/08\/prof_280816_8.jpg\" alt=\"prof_280816_8\" width=\"820\" height=\"439\" \/><\/p>\n<p><strong>Moacir Beggo<\/strong><\/p>\n<p><strong>Petr\u00f3polis (RJ)<\/strong> &#8211; \u201cO Senhor me deu irm\u00e3os!\u201d, disse S\u00e3o Francisco de Assis no seu Testamento. Desde ent\u00e3o, h\u00e1 mais de 800 anos, os irm\u00e3os n\u00e3o param de se juntar a ele. Neste domingo, 28 de agosto, foi a vez de Frei Jos\u00e9 Morais Cambolo e Frei Roberto Aparecido Pereira ingressarem definitivamente na Ordem dos Frades Menores e estarem mais pr\u00f3ximos do <em>Poverello <\/em>de Assis.<\/p>\n<p><img loading=\"lazy\" class=\"alignright wp-image-115293 size-full\" src=\"http:\/\/franciscanos.org.br\/wp-content\/uploads\/2016\/08\/prof_280816_3.jpg\" alt=\"prof_280816_3\" width=\"338\" height=\"450\" \/>\u00a0Segundo o Ministro Provincial, Frei Fid\u00eancio Vanboemmel, neste domingo a Ordem Franciscana estava em festa. &#8220;A Ordem dos Frades Menores est\u00e1 em festa por causa de voc\u00eas dois, Frei Jos\u00e9 e Frei Roberto. Mais de 12 mil frades est\u00e3o em festa por causa de voc\u00eas dois&#8221;, frisou Frei Fid\u00eancio, que recebeu em suas m\u00e3os os votos solenes de seus dois confrades durante Celebra\u00e7\u00e3o Eucar\u00edstica \u00e0s 10 horas na Igreja do Sagrado Cora\u00e7\u00e3o de Jesus, em Petr\u00f3polis (RJ), lotada para ver os neoprofessos da Prov\u00edncia Franciscana da Imaculada Concei\u00e7\u00e3o. Participaram da celebra\u00e7\u00e3o Frei C\u00e9sar K\u00fclkamp, Vig\u00e1rio Provincial; Frei James Girardi, o p\u00e1roco do Sagrado; Frei Jorge Schiavini, o guardi\u00e3o da Fraternidade;\u00a0 frades que vieram de toda a Prov\u00edncia, al\u00e9m de religiosos e seminaristas. O Coral dos Canarinhos garantiu a solenidade e a beleza na linda manh\u00e3 petropolitana.<\/p>\n<p>A fam\u00edlia de Frei Roberto, de Len\u00e7\u00f3is Paulista (SP), esteve presente na celebra\u00e7\u00e3o e, representando os familiares de Frei Jos\u00e9, que residem em Angola, estavam seus confrades angolanos e brasileiros, entre eles seus primeiros formadores: Frei Samuel Ferreira de Lima, mestre no Noviciado, e Frei Alexandre Magno, que o acompanhou na forma\u00e7\u00e3o inicial. Frei Jos\u00e9 Morais \u00e9 o quarto professo solene da jovem Funda\u00e7\u00e3o Imaculada M\u00e3e de Deus de Angola.<\/p>\n<p>O rito da profiss\u00e3o solene come\u00e7ou depois da leitura do Evangelho. O mestre Frei Marcos Andrade chamou cada um dos professandos pelo nome. Em p\u00e9, diante do Ministro Provincial, eles responderam: \u201cAqui estou!\u201d. O mestre, ent\u00e3o, fez um breve resumo da vida de cada um. Depois, juntos, eles fizeram o pedido para serem admitidos definitivamente na Ordem dos Frades Menores.<\/p>\n<p>Em seguida, Frei Fid\u00eancio se aproximou deles e os agraciou com lindas mensagens sobre o significado daquele momento de entrega ao Senhor. &#8220;Hoje, a Palavra de Deus que acabamos de ouvir \u00e9 significativa para esse momento, para esse gesto: a profiss\u00e3o solene. Deus se aproxima de voc\u00eas, Deus vem ao encontro de voc\u00eas, Deus fala a voc\u00eas professandos como fala a todos n\u00f3s nesta manh\u00e3 e diz: &#8216;Filho, filha, realiza a tua voca\u00e7\u00e3o com mansid\u00e3o e ser\u00e1s amado mais que um homem generoso&#8217;. E para realizar esse trabalho, essa voca\u00e7\u00e3o, o Senhor, na leitura do Evangelho, nos recomenda a humildade, que tem muito a ver com a minoridade que n\u00f3s queremos viver enquanto frades&#8221;, explicou Frei Fid\u00eancio.<\/p>\n<p>&nbsp;<\/p>\n<p><img loading=\"lazy\" src=\"http:\/\/franciscanos.org.br\/wp-content\/uploads\/2016\/08\/prof_280816_4.jpg\" alt=\"prof_280816_4\" width=\"820\" height=\"439\" \/><\/p>\n<p><em><strong>Frei Jos\u00e9 Morais Cambolo recita a f\u00f3rmula da profiss\u00e3o solene diante do Ministro Provincial<\/strong><\/em><\/p>\n<p><img loading=\"lazy\" src=\"http:\/\/franciscanos.org.br\/wp-content\/uploads\/2016\/08\/prof_280816_5.jpg\" alt=\"prof_280816_5\" width=\"820\" height=\"439\" \/><\/p>\n<p><em><strong>Frei Roberto recita a f\u00f3rmula da profiss\u00e3o solene diante do Ministro Provincial<\/strong><\/em><\/p>\n<p>&#8220;A humildade nos faz encontrar gra\u00e7a diante de Deus&#8221;, disse o celebrante. &#8220;Quando somos humildes, quando vivemos como menores, somos agraciados diante do Senhor, porque \u00e9 para os humildes que o Senhor revela os seus mist\u00e9rios. Isso \u00e9 o que n\u00f3s aprendemos com S\u00e3o Francisco. Isso \u00e9 o que o Senhor nos fala constantemente no Evangelho: aos humildes Deus revela a sua miseric\u00f3rdia e essa humildade n\u00f3s vivemos quando a fazemos transparecer no nosso ser de frades menores&#8221;, ensinou.<\/p>\n<p>Como frades menores, disse Frei Fid\u00eancio, &#8220;n\u00f3s tamb\u00e9m somos convidados a participar do banquete do Reino de Deus&#8221;, como diz o Evangelho de hoje. &#8220;Mas o Senhor nos questiona: qual \u00e9 o lugar que n\u00f3s ocupamos no banquete? Queremos rezar no lugar de honra? N\u00e3o, o lugar de honra \u00e9 o lugar da formalidade. O lugar de honra, muitas vezes, \u00e9 o lugar da frieza. Jesus convida a voc\u00eas, como convida e reconvida n\u00f3s, frades menores, a estarmos de fato na minoridade, na humildade quando soubermos ocupar os \u00faltimos lugares. Jesus diz claramente no Evangelho que esse \u00faltimo lugar \u00e9 o lugar dos pobres, dos menores, dos marginalizados. \u00c9 ali que devemos exercer o nosso exerc\u00edcio do lava-p\u00e9s. Porque s\u00e3o essas pessoas, que n\u00e3o tinham chance de participar do banquete do Reino e n\u00e3o podiam sequer entrar no templo, que Jesus diz: &#8216;\u00e9 ali que devemos estar como irm\u00e3os e menores'&#8221;, apontou o Ministro Provincial.<\/p>\n<p><img loading=\"lazy\" src=\"http:\/\/franciscanos.org.br\/wp-content\/uploads\/2016\/08\/prof_280816_6.jpg\" alt=\"prof_280816_6\" width=\"820\" height=\"439\" \/><\/p>\n<p>&#8220;E o banquete que Jesus hoje nos apresenta \u00e9 o banquete em que n\u00f3s tamb\u00e9m acreditamos: o banquete da fraternidade. A vida entre irm\u00e3os para construir no mundo a grande fraternidade sonhada e querida por Deus. Uma fraternidade na l\u00f3gica do Reino de Deus, na l\u00f3gica do Evangelho. A nossa fraternidade deve ser express\u00e3o dos contornos do banquete do Reino de Deus que Jesus quer nos oferecer&#8221;, explicou.<\/p>\n<p>Segundo o celebrante, n\u00e3o d\u00e1 para participar do banquete dos fariseus. &#8220;O nosso banquete crist\u00e3o deve oferecer a forma do Evangelho e tem os la\u00e7os da fraternidade. Fraternidade que acolhe irm\u00e3os dados pelo Senhor, fraternidade que acolhe irm\u00e3os queridos e amados por Deus, fraternidade que tem de fato o sabor da irmandade, fraternidade que se expressa, sobretudo, na comunh\u00e3o&#8221;, exortou, falando a Frei Jos\u00e9 e Frei Roberto: &#8220;Por isso, meus caros, professar definitivamente \u00e9 exatamente despojar-nos das atitudes de superioridade, de orgulho, de ambi\u00e7\u00e3o para \u00a0revestirmo-nos definitivamente das virtudes da humildade, da simplicidade e do servi\u00e7o&#8221;, completou, desejando boas vindas aos novos professos solenes na grande Fraternidade Franciscana, que \u00e9 a que vai ajud\u00e1-los a viver esse Evangelho de Nosso Senhor Jesus Cristo em obedi\u00eancia, em pobreza e em castidade.<\/p>\n<p><img loading=\"lazy\" src=\"http:\/\/franciscanos.org.br\/wp-content\/uploads\/2016\/08\/prof_280816_7.jpg\" alt=\"prof_280816_7\" width=\"820\" height=\"439\" \/><\/p>\n<p><strong>O RITO DA PROFISS\u00c3O SOLENE<\/strong><\/p>\n<p>Frei Fid\u00eancio explicou que o gesto da profiss\u00e3o \u00e9 revestido de muita simplicidade e que o professando, ao prostrar-se diante do Ministro, o faz diante do Senhor Deus. &#8220;V\u00e3o colocar a hist\u00f3ria deles, a vida entre as m\u00e3os do Ministro. \u00c9 s\u00f3 esse o gesto. Mas \u00e9 um gesto que n\u00f3s s\u00f3 poderemos compreender e entender \u00e0 luz da f\u00e9&#8221;, disse Frei Fid\u00eancio.<\/p>\n<p>Em seguida \u00e0 homilia, o guardi\u00e3o Frei Jorge Schiavini se aproximou do C\u00edrio Pascal, acendeu as velas que foram entregues aos professandos para recordar a voca\u00e7\u00e3o batismal que neles est\u00e1 se desabrochando como voca\u00e7\u00e3o religiosa franciscana. Eles se aproximaram do Ministro Provincial e foram interrogados sobre a prepara\u00e7\u00e3o para se consagrarem a Deus segundo a forma de vida dos Frades Menores.\u00a0 Ent\u00e3o, eles se prostraram ao ch\u00e3o num gesto de entrega e despojamento enquanto foi cantada a Ladainha de Todos os Santos.<\/p>\n<p><img loading=\"lazy\" src=\"http:\/\/franciscanos.org.br\/wp-content\/uploads\/2016\/08\/prof_280816_2.jpg\" alt=\"prof_280816_2\" width=\"820\" height=\"439\" \/><\/p>\n<p>Terminada a Ladainha de todos os Santos, os professandos se ajoelharam diante do Ministro Provincial, colocaram as suas m\u00e3os nas m\u00e3os do Ministro, num gesto de entrega, de obedi\u00eancia, e leram a f\u00f3rmula de profiss\u00e3o definitiva na Ordem dos Frades Menores. Agora, como neoprofessos, foram, ent\u00e3o, abra\u00e7ados pelos confrades num sinal de boas vindas \u00e0 fraternidade.<\/p>\n<p>A liturgia continuou solenemente at\u00e9 o final da comunh\u00e3o. No momento de agradecimento falou Frei Jos\u00e9 Morais, que fez calorosos agradecimentos aos seus confrades, especialmente aos formadores.<\/p>\n<p>Frei Fid\u00eancio, que esteve na Assembleia Capitular da Funda\u00e7\u00e3o de Angola recentemente, disse que era porta-voz n\u00e3o s\u00f3 dos abra\u00e7os e das ora\u00e7\u00f5es dos confrades da Miss\u00e3o, mas tamb\u00e9m do povo angolano.<\/p>\n<p>&#8220;Voc\u00ea, Frei Jos\u00e9 Morais, para n\u00f3s \u00e9 a express\u00e3o mais bonita, mais viva, da nossa Miss\u00e3o Angola. Frei Roberto, voc\u00ea tamb\u00e9m \u00e9 express\u00e3o da nossa Prov\u00edncia da Imaculada. A sua consagra\u00e7\u00e3o nos alegra e gostaria de agradecer aos seus familiares pelo irm\u00e3o que est\u00e3o dando para n\u00f3s&#8221;, encerrou. A festa franciscana deste domingo em Petr\u00f3polis terminou com um delicioso almo\u00e7o fraterno.<\/p>\n<p>VEJA IMAGENS DA CELEBRA\u00c7\u00c3O, INICIANDO COM OS PREPARATIVOS AT\u00c9 O ENCERRAMENTO<\/p>\n\n","protected":false},"excerpt":{"rendered":"<p>Profiss\u00e3o solene<\/p>\n","protected":false},"author":1,"featured_media":206846,"comment_status":"open","ping_status":"open","sticky":false,"template":"","format":"standard","meta":[],"categories":[1],"tags":[],"acf":[],"yoast_head":"<!-- This site is optimized with the Yoast SEO plugin v19.2 - https:\/\/yoast.com\/wordpress\/plugins\/seo\/ -->\n<title>Frei Jos\u00e9 e Frei Roberto agora s\u00e3o professos solenes - Not\u00edcias - Franciscanos<\/title>\n<meta name=\"robots\" content=\"index, follow, max-snippet:-1, max-image-preview:large, max-video-preview:-1\" \/>\n<link rel=\"canonical\" href=\"https:\/\/franciscanos.org.br\/noticias\/ministro-provincial-indica-as-vestes-dos-neoprofessos-humildade-simplicidade-e-servico.html\" \/>\n<meta property=\"og:locale\" content=\"pt_BR\" \/>\n<meta property=\"og:type\" content=\"article\" \/>\n<meta property=\"og:title\" content=\"Frei Jos\u00e9 e Frei Roberto agora s\u00e3o professos solenes - Not\u00edcias - Franciscanos\" \/>\n<meta property=\"og:description\" content=\"Profiss\u00e3o solene\" \/>\n<meta property=\"og:url\" content=\"https:\/\/franciscanos.org.br\/noticias\/ministro-provincial-indica-as-vestes-dos-neoprofessos-humildade-simplicidade-e-servico.html\" \/>\n<meta property=\"og:site_name\" content=\"Not\u00edcias - Franciscanos\" \/>\n<meta property=\"article:published_time\" content=\"2016-08-28T19:03:57+00:00\" \/>\n<meta property=\"article:modified_time\" content=\"2019-06-30T19:22:33+00:00\" \/>\n<meta property=\"og:image\" content=\"https:\/\/franciscanos.org.br\/noticias\/wp-content\/uploads\/2016\/08\/solene_2016.jpg\" \/>\n\t<meta property=\"og:image:width\" content=\"273\" \/>\n\t<meta property=\"og:image:height\" content=\"181\" \/>\n\t<meta property=\"og:image:type\" content=\"image\/jpeg\" \/>\n<meta name=\"author\" content=\"admin\" \/>\n<meta name=\"twitter:card\" content=\"summary_large_image\" \/>\n<meta name=\"twitter:label1\" content=\"Escrito por\" \/>\n\t<meta name=\"twitter:data1\" content=\"admin\" \/>\n\t<meta name=\"twitter:label2\" content=\"Est. tempo de leitura\" \/>\n\t<meta name=\"twitter:data2\" content=\"7 minutos\" \/>\n<script type=\"application\/ld+json\" class=\"yoast-schema-graph\">{\"@context\":\"https:\/\/schema.org\",\"@graph\":[{\"@type\":\"WebSite\",\"@id\":\"https:\/\/franciscanos.org.br\/noticias\/#website\",\"url\":\"https:\/\/franciscanos.org.br\/noticias\/\",\"name\":\"Not\u00edcias - Franciscanos\",\"description\":\"Prov\u00edncia Franciscana da Imaculada Concei\u00e7\u00e3o do Brasil - Ordem dos Frades Menores - OFM\",\"potentialAction\":[{\"@type\":\"SearchAction\",\"target\":{\"@type\":\"EntryPoint\",\"urlTemplate\":\"https:\/\/franciscanos.org.br\/noticias\/?s={search_term_string}\"},\"query-input\":\"required name=search_term_string\"}],\"inLanguage\":\"pt-BR\"},{\"@type\":\"ImageObject\",\"inLanguage\":\"pt-BR\",\"@id\":\"https:\/\/franciscanos.org.br\/noticias\/ministro-provincial-indica-as-vestes-dos-neoprofessos-humildade-simplicidade-e-servico.html#primaryimage\",\"url\":\"https:\/\/franciscanos.org.br\/noticias\/wp-content\/uploads\/2016\/08\/solene_2016.jpg\",\"contentUrl\":\"https:\/\/franciscanos.org.br\/noticias\/wp-content\/uploads\/2016\/08\/solene_2016.jpg\",\"width\":273,\"height\":181},{\"@type\":\"WebPage\",\"@id\":\"https:\/\/franciscanos.org.br\/noticias\/ministro-provincial-indica-as-vestes-dos-neoprofessos-humildade-simplicidade-e-servico.html#webpage\",\"url\":\"https:\/\/franciscanos.org.br\/noticias\/ministro-provincial-indica-as-vestes-dos-neoprofessos-humildade-simplicidade-e-servico.html\",\"name\":\"Frei Jos\u00e9 e Frei Roberto agora s\u00e3o professos solenes - Not\u00edcias - Franciscanos\",\"isPartOf\":{\"@id\":\"https:\/\/franciscanos.org.br\/noticias\/#website\"},\"primaryImageOfPage\":{\"@id\":\"https:\/\/franciscanos.org.br\/noticias\/ministro-provincial-indica-as-vestes-dos-neoprofessos-humildade-simplicidade-e-servico.html#primaryimage\"},\"datePublished\":\"2016-08-28T19:03:57+00:00\",\"dateModified\":\"2019-06-30T19:22:33+00:00\",\"author\":{\"@id\":\"https:\/\/franciscanos.org.br\/noticias\/#\/schema\/person\/b38fbf43118f02820bd932f2e4b14ad3\"},\"breadcrumb\":{\"@id\":\"https:\/\/franciscanos.org.br\/noticias\/ministro-provincial-indica-as-vestes-dos-neoprofessos-humildade-simplicidade-e-servico.html#breadcrumb\"},\"inLanguage\":\"pt-BR\",\"potentialAction\":[{\"@type\":\"ReadAction\",\"target\":[\"https:\/\/franciscanos.org.br\/noticias\/ministro-provincial-indica-as-vestes-dos-neoprofessos-humildade-simplicidade-e-servico.html\"]}]},{\"@type\":\"BreadcrumbList\",\"@id\":\"https:\/\/franciscanos.org.br\/noticias\/ministro-provincial-indica-as-vestes-dos-neoprofessos-humildade-simplicidade-e-servico.html#breadcrumb\",\"itemListElement\":[{\"@type\":\"ListItem\",\"position\":1,\"name\":\"Home\",\"item\":\"https:\/\/franciscanos.org.br\/noticias\"},{\"@type\":\"ListItem\",\"position\":2,\"name\":\"Frei Jos\u00e9 e Frei Roberto agora s\u00e3o professos solenes\"}]},{\"@type\":\"Person\",\"@id\":\"https:\/\/franciscanos.org.br\/noticias\/#\/schema\/person\/b38fbf43118f02820bd932f2e4b14ad3\",\"name\":\"admin\",\"image\":{\"@type\":\"ImageObject\",\"inLanguage\":\"pt-BR\",\"@id\":\"https:\/\/franciscanos.org.br\/noticias\/#\/schema\/person\/image\/\",\"url\":\"https:\/\/secure.gravatar.com\/avatar\/e8495742d34d0ba6448ea1c628263b3e?s=96&d=mm&r=g\",\"contentUrl\":\"https:\/\/secure.gravatar.com\/avatar\/e8495742d34d0ba6448ea1c628263b3e?s=96&d=mm&r=g\",\"caption\":\"admin\"},\"url\":\"https:\/\/franciscanos.org.br\/noticias\/author\/admin\"}]}<\/script>\n<!-- \/ Yoast SEO plugin. -->","yoast_head_json":{"title":"Frei Jos\u00e9 e Frei Roberto agora s\u00e3o professos solenes - Not\u00edcias - Franciscanos","robots":{"index":"index","follow":"follow","max-snippet":"max-snippet:-1","max-image-preview":"max-image-preview:large","max-video-preview":"max-video-preview:-1"},"canonical":"https:\/\/franciscanos.org.br\/noticias\/ministro-provincial-indica-as-vestes-dos-neoprofessos-humildade-simplicidade-e-servico.html","og_locale":"pt_BR","og_type":"article","og_title":"Frei Jos\u00e9 e Frei Roberto agora s\u00e3o professos solenes - Not\u00edcias - Franciscanos","og_description":"Profiss\u00e3o solene","og_url":"https:\/\/franciscanos.org.br\/noticias\/ministro-provincial-indica-as-vestes-dos-neoprofessos-humildade-simplicidade-e-servico.html","og_site_name":"Not\u00edcias - Franciscanos","article_published_time":"2016-08-28T19:03:57+00:00","article_modified_time":"2019-06-30T19:22:33+00:00","og_image":[{"width":273,"height":181,"url":"https:\/\/franciscanos.org.br\/noticias\/wp-content\/uploads\/2016\/08\/solene_2016.jpg","type":"image\/jpeg"}],"author":"admin","twitter_card":"summary_large_image","twitter_misc":{"Escrito por":"admin","Est. tempo de leitura":"7 minutos"},"schema":{"@context":"https:\/\/schema.org","@graph":[{"@type":"WebSite","@id":"https:\/\/franciscanos.org.br\/noticias\/#website","url":"https:\/\/franciscanos.org.br\/noticias\/","name":"Not\u00edcias - Franciscanos","description":"Prov\u00edncia Franciscana da Imaculada Concei\u00e7\u00e3o do Brasil - Ordem dos Frades Menores - OFM","potentialAction":[{"@type":"SearchAction","target":{"@type":"EntryPoint","urlTemplate":"https:\/\/franciscanos.org.br\/noticias\/?s={search_term_string}"},"query-input":"required name=search_term_string"}],"inLanguage":"pt-BR"},{"@type":"ImageObject","inLanguage":"pt-BR","@id":"https:\/\/franciscanos.org.br\/noticias\/ministro-provincial-indica-as-vestes-dos-neoprofessos-humildade-simplicidade-e-servico.html#primaryimage","url":"https:\/\/franciscanos.org.br\/noticias\/wp-content\/uploads\/2016\/08\/solene_2016.jpg","contentUrl":"https:\/\/franciscanos.org.br\/noticias\/wp-content\/uploads\/2016\/08\/solene_2016.jpg","width":273,"height":181},{"@type":"WebPage","@id":"https:\/\/franciscanos.org.br\/noticias\/ministro-provincial-indica-as-vestes-dos-neoprofessos-humildade-simplicidade-e-servico.html#webpage","url":"https:\/\/franciscanos.org.br\/noticias\/ministro-provincial-indica-as-vestes-dos-neoprofessos-humildade-simplicidade-e-servico.html","name":"Frei Jos\u00e9 e Frei Roberto agora s\u00e3o professos solenes - Not\u00edcias - Franciscanos","isPartOf":{"@id":"https:\/\/franciscanos.org.br\/noticias\/#website"},"primaryImageOfPage":{"@id":"https:\/\/franciscanos.org.br\/noticias\/ministro-provincial-indica-as-vestes-dos-neoprofessos-humildade-simplicidade-e-servico.html#primaryimage"},"datePublished":"2016-08-28T19:03:57+00:00","dateModified":"2019-06-30T19:22:33+00:00","author":{"@id":"https:\/\/franciscanos.org.br\/noticias\/#\/schema\/person\/b38fbf43118f02820bd932f2e4b14ad3"},"breadcrumb":{"@id":"https:\/\/franciscanos.org.br\/noticias\/ministro-provincial-indica-as-vestes-dos-neoprofessos-humildade-simplicidade-e-servico.html#breadcrumb"},"inLanguage":"pt-BR","potentialAction":[{"@type":"ReadAction","target":["https:\/\/franciscanos.org.br\/noticias\/ministro-provincial-indica-as-vestes-dos-neoprofessos-humildade-simplicidade-e-servico.html"]}]},{"@type":"BreadcrumbList","@id":"https:\/\/franciscanos.org.br\/noticias\/ministro-provincial-indica-as-vestes-dos-neoprofessos-humildade-simplicidade-e-servico.html#breadcrumb","itemListElement":[{"@type":"ListItem","position":1,"name":"Home","item":"https:\/\/franciscanos.org.br\/noticias"},{"@type":"ListItem","position":2,"name":"Frei Jos\u00e9 e Frei Roberto agora s\u00e3o professos solenes"}]},{"@type":"Person","@id":"https:\/\/franciscanos.org.br\/noticias\/#\/schema\/person\/b38fbf43118f02820bd932f2e4b14ad3","name":"admin","image":{"@type":"ImageObject","inLanguage":"pt-BR","@id":"https:\/\/franciscanos.org.br\/noticias\/#\/schema\/person\/image\/","url":"https:\/\/secure.gravatar.com\/avatar\/e8495742d34d0ba6448ea1c628263b3e?s=96&d=mm&r=g","contentUrl":"https:\/\/secure.gravatar.com\/avatar\/e8495742d34d0ba6448ea1c628263b3e?s=96&d=mm&r=g","caption":"admin"},"url":"https:\/\/franciscanos.org.br\/noticias\/author\/admin"}]}},"_links":{"self":[{"href":"https:\/\/franciscanos.org.br\/noticias\/wp-json\/wp\/v2\/posts\/115290"}],"collection":[{"href":"https:\/\/franciscanos.org.br\/noticias\/wp-json\/wp\/v2\/posts"}],"about":[{"href":"https:\/\/franciscanos.org.br\/noticias\/wp-json\/wp\/v2\/types\/post"}],"author":[{"embeddable":true,"href":"https:\/\/franciscanos.org.br\/noticias\/wp-json\/wp\/v2\/users\/1"}],"replies":[{"embeddable":true,"href":"https:\/\/franciscanos.org.br\/noticias\/wp-json\/wp\/v2\/comments?post=115290"}],"version-history":[{"count":0,"href":"https:\/\/franciscanos.org.br\/noticias\/wp-json\/wp\/v2\/posts\/115290\/revisions"}],"wp:featuredmedia":[{"embeddable":true,"href":"https:\/\/franciscanos.org.br\/noticias\/wp-json\/wp\/v2\/media\/206846"}],"wp:attachment":[{"href":"https:\/\/franciscanos.org.br\/noticias\/wp-json\/wp\/v2\/media?parent=115290"}],"wp:term":[{"taxonomy":"category","embeddable":true,"href":"https:\/\/franciscanos.org.br\/noticias\/wp-json\/wp\/v2\/categories?post=115290"},{"taxonomy":"post_tag","embeddable":true,"href":"https:\/\/franciscanos.org.br\/noticias\/wp-json\/wp\/v2\/tags?post=115290"}],"curies":[{"name":"wp","href":"https:\/\/api.w.org\/{rel}","templated":true}]}}