{"id":115203,"date":"2016-08-26T07:36:56","date_gmt":"2016-08-26T10:36:56","guid":{"rendered":"http:\/\/franciscanos.org.br\/?p=115203"},"modified":"2020-03-24T08:31:48","modified_gmt":"2020-03-24T11:31:48","slug":"paroquia-santo-antonio-celebra-50-anos-no-dia-30-de-agosto","status":"publish","type":"post","link":"https:\/\/franciscanos.org.br\/noticias\/paroquia-santo-antonio-celebra-50-anos-no-dia-30-de-agosto.html","title":{"rendered":"Par\u00f3quia Santo Ant\u00f4nio celebra 50 anos neste dia 30"},"content":{"rendered":"<p><img loading=\"lazy\" src=\"http:\/\/franciscanos.org.br\/wp-content\/uploads\/2016\/08\/floripa_260816_2.jpg\" alt=\"floripa_260816_2\" width=\"820\" height=\"536\" \/><\/p>\n<p>A Par\u00f3quia Santo Ant\u00f4nio de Florian\u00f3polis comemora neste dia 30 de agosto o Jubileu de 50 anos de funda\u00e7\u00e3o e convida a todos para a Missa de A\u00e7\u00e3o de Gra\u00e7as na pr\u00f3xima ter\u00e7a-feira, \u00e0s 19 horas, que ser\u00e1 presidida pelo Arcebispo de Florian\u00f3polis, Dom Wilson Tadeu J\u00f6nck. &#8220;Queremos convidar a todos para celebrar conosco esta data que marcar\u00e1 nosso agradecimento a Deus por esta caminhada&#8221;, diz o p\u00e1roco Frei Vanderley Grassi.<\/p>\n<p>A Par\u00f3quia Santo Ant\u00f4nio, por Decreto Arquiepiscopal assinado por Dom Afonso Niehues, foi criada em 30 de Agosto de 1966. O seu territ\u00f3rio, desmembrado da Par\u00f3quia Nossa Senhora do Desterro (Catedral) abrangia toda a \u00e1rea de entrada da Ilha, pela ponte Herc\u00edlio Luz. Englobou o territ\u00f3rio da Par\u00f3quia Pur\u00edssimo Cora\u00e7\u00e3o de Maria (com sede na atual Igreja de Nossa Senhora do Parto), criada a 12 de abril de 1915.<\/p>\n<table border=\"0\" width=\"450\" cellspacing=\"3\" cellpadding=\"3\" align=\"right\">\n<tbody>\n<tr>\n<td bgcolor=\"#CCCCCC\">\n<h4>TODOS OS P\u00c1ROCOS<\/h4>\n<p><strong>Ano \u00a0 \u00a0 P\u00e1roco<\/strong><br \/>\n1966 &#8211; Frei Martinho Meyer, OFM<br \/>\n1968 &#8211; Frei Fid\u00eancio Feldmann, OFM<br \/>\n1974 &#8211; Frei Jun\u00edpero Beyer, OFM<br \/>\n1980 &#8211; Frei Faustino Tomelin, OFM<br \/>\n1982 &#8211; Frei Tarc\u00edsio Theis, OFM<br \/>\n1986 &#8211; Frei Faustino Tomelin, OFM<br \/>\n1986 &#8211; Frei Marino Prim, OFM<br \/>\n1992 &#8211; Frei Ant\u00f4nio Marcos Koneski, OFM<br \/>\n1998 &#8211; Frei Dalvino Munaretto, OFM<br \/>\n2004 &#8211; Frei Gunther Max Walzer, OFM<br \/>\n2010 &#8211; Frei Jos\u00e9 Clemente Muller, OFM<br \/>\n2011 &#8211; Frei Jo\u00e3o Maria dos Santos, OFM<br \/>\n2013 &#8211; Frei Vanderley Grassi, OFM<\/td>\n<\/tr>\n<\/tbody>\n<\/table>\n<p>A presen\u00e7a dos frades franciscanos da Prov\u00edncia da Imaculada Concei\u00e7\u00e3o, contudo, \u00e9 centen\u00e1ria. Em 1908, era criada a Diocese de Florian\u00f3polis, tendo como primeiro bispo Dom Jo\u00e3o Becker, ano em que os franciscanos se estabeleceram definitivamente na Ilha. Nesse in\u00edcio, moraram os antigos frades nas depend\u00eancias da Igreja de S\u00e3o Francisco, pertencente \u00e0 Ordem Terceira. A presen\u00e7a franciscana em Santa Catarina se deu com a vinda dos mission\u00e1rios alem\u00e3es em 1891, ao se estabelecerem em Teres\u00f3polis, munic\u00edpio de Santo Amaro da Imperatriz.<\/p>\n<p>\u201cDepois de algum tempo, mudaram-se para o lugar atual, \u201co mais pitoresco da cidade\u201d, antigo campo de Moreira C\u00e9sar, morto em Canudos, e depois ch\u00e1cara da Ordem Terceira. Os frades compraram uma \u00e1rea de 6.478 metros quadrados com duas casas, onde moraram por longos anos e instalaram uma capela provis\u00f3ria. A ala central da atual resid\u00eancia foi inaugurada em 1924 e a ala lateral em 1930. S\u00e3o obras de Frei Evaristo Schuermann, como tamb\u00e9m a Igreja de Santo Ant\u00f4nio, constru\u00edda em 1921\u2033, como conta Frei Querubim Engel, na Revista Vida Franciscana (1964).<\/p>\n<p>Neste in\u00edcio de s\u00e9culo, o jesu\u00edta Lu\u00eds Schuller e Frei Evaristo Schuermann, em esfor\u00e7os conjugados, lan\u00e7aram as bases do Grupo Escolar S\u00e3o Jos\u00e9, o maior do Estado, com mais de 1.100 alunos. Em 1925, faleceram no mesmo ano os dois ap\u00f3stolos de Florian\u00f3polis: Monsenhor Francisco Topp, e o Padre Lu\u00eds Schuler. Frei Evaristo tornou-se o herdeiro de ambos: foi nomeado Vig\u00e1rio Geral da Diocese e diretor da Escola Gratuita de S\u00e3o Jos\u00e9. Desde o come\u00e7o, os franciscanos haviam trabalhado na escola. Distribu\u00edam n\u00e3o apenas cal\u00e7ados e cadernos aos in\u00fameros alunos carentes, como ainda lecionavam no Instituto de Educa\u00e7\u00e3o e no Col\u00e9gio Cora\u00e7\u00e3o de Jesus.<\/p>\n<p>Frei Evaristo tamb\u00e9m teve tempo para, em 1921, construir a Igreja Santo Ant\u00f4nio. Os frades ajudavam nos servi\u00e7os da Catedral e estavam encarregados da Igreja de S\u00e3o Francisco, fundada em 1744, com a Ordem Terceira e da Igreja de Nossa Senhora do Parto (Par\u00f3quia anexa \u00e0 Catedral).<\/p>\n<p>Com o falecimento de Frei Evaristo Schuermann em 1939, a Escola Gratuita foi transformada em Grupo Escolar para alunos e foi entregue a um diretor secular.<\/p>\n<p>Atualmente, al\u00e9m de Frei Vanderley, Frei Gentil de Lima Branco e Frei Eliseu Tambosi comp\u00f5em a Fraternidade Santo Ant\u00f4nio.<\/p>\n","protected":false},"excerpt":{"rendered":"<p>Florian\u00f3polis<\/p>\n","protected":false},"author":1,"featured_media":222373,"comment_status":"open","ping_status":"open","sticky":false,"template":"","format":"standard","meta":[],"categories":[1],"tags":[],"acf":[],"yoast_head":"<!-- This site is optimized with the Yoast SEO plugin v19.2 - https:\/\/yoast.com\/wordpress\/plugins\/seo\/ -->\n<title>Par\u00f3quia Santo Ant\u00f4nio celebra 50 anos neste dia 30 - Not\u00edcias - Franciscanos<\/title>\n<meta name=\"robots\" content=\"index, follow, max-snippet:-1, max-image-preview:large, max-video-preview:-1\" \/>\n<link rel=\"canonical\" href=\"https:\/\/franciscanos.org.br\/noticias\/paroquia-santo-antonio-celebra-50-anos-no-dia-30-de-agosto.html\" \/>\n<meta property=\"og:locale\" content=\"pt_BR\" \/>\n<meta property=\"og:type\" content=\"article\" \/>\n<meta property=\"og:title\" content=\"Par\u00f3quia Santo Ant\u00f4nio celebra 50 anos neste dia 30 - Not\u00edcias - Franciscanos\" \/>\n<meta property=\"og:description\" content=\"Florian\u00f3polis\" \/>\n<meta property=\"og:url\" content=\"https:\/\/franciscanos.org.br\/noticias\/paroquia-santo-antonio-celebra-50-anos-no-dia-30-de-agosto.html\" \/>\n<meta property=\"og:site_name\" content=\"Not\u00edcias - Franciscanos\" \/>\n<meta property=\"article:published_time\" content=\"2016-08-26T10:36:56+00:00\" \/>\n<meta property=\"article:modified_time\" content=\"2020-03-24T11:31:48+00:00\" \/>\n<meta property=\"og:image\" content=\"https:\/\/franciscanos.org.br\/noticias\/wp-content\/uploads\/2016\/08\/floripa_260816_2.jpg\" \/>\n\t<meta property=\"og:image:width\" content=\"273\" \/>\n\t<meta property=\"og:image:height\" content=\"181\" \/>\n\t<meta property=\"og:image:type\" content=\"image\/jpeg\" \/>\n<meta name=\"author\" content=\"admin\" \/>\n<meta name=\"twitter:card\" content=\"summary_large_image\" \/>\n<meta name=\"twitter:label1\" content=\"Escrito por\" \/>\n\t<meta name=\"twitter:data1\" content=\"admin\" \/>\n\t<meta name=\"twitter:label2\" content=\"Est. tempo de leitura\" \/>\n\t<meta name=\"twitter:data2\" content=\"3 minutos\" \/>\n<script type=\"application\/ld+json\" class=\"yoast-schema-graph\">{\"@context\":\"https:\/\/schema.org\",\"@graph\":[{\"@type\":\"WebSite\",\"@id\":\"https:\/\/franciscanos.org.br\/noticias\/#website\",\"url\":\"https:\/\/franciscanos.org.br\/noticias\/\",\"name\":\"Not\u00edcias - Franciscanos\",\"description\":\"Prov\u00edncia Franciscana da Imaculada Concei\u00e7\u00e3o do Brasil - Ordem dos Frades Menores - OFM\",\"potentialAction\":[{\"@type\":\"SearchAction\",\"target\":{\"@type\":\"EntryPoint\",\"urlTemplate\":\"https:\/\/franciscanos.org.br\/noticias\/?s={search_term_string}\"},\"query-input\":\"required name=search_term_string\"}],\"inLanguage\":\"pt-BR\"},{\"@type\":\"ImageObject\",\"inLanguage\":\"pt-BR\",\"@id\":\"https:\/\/franciscanos.org.br\/noticias\/paroquia-santo-antonio-celebra-50-anos-no-dia-30-de-agosto.html#primaryimage\",\"url\":\"https:\/\/franciscanos.org.br\/noticias\/wp-content\/uploads\/2016\/08\/floripa_260816_2.jpg\",\"contentUrl\":\"https:\/\/franciscanos.org.br\/noticias\/wp-content\/uploads\/2016\/08\/floripa_260816_2.jpg\",\"width\":273,\"height\":181},{\"@type\":\"WebPage\",\"@id\":\"https:\/\/franciscanos.org.br\/noticias\/paroquia-santo-antonio-celebra-50-anos-no-dia-30-de-agosto.html#webpage\",\"url\":\"https:\/\/franciscanos.org.br\/noticias\/paroquia-santo-antonio-celebra-50-anos-no-dia-30-de-agosto.html\",\"name\":\"Par\u00f3quia Santo Ant\u00f4nio celebra 50 anos neste dia 30 - Not\u00edcias - Franciscanos\",\"isPartOf\":{\"@id\":\"https:\/\/franciscanos.org.br\/noticias\/#website\"},\"primaryImageOfPage\":{\"@id\":\"https:\/\/franciscanos.org.br\/noticias\/paroquia-santo-antonio-celebra-50-anos-no-dia-30-de-agosto.html#primaryimage\"},\"datePublished\":\"2016-08-26T10:36:56+00:00\",\"dateModified\":\"2020-03-24T11:31:48+00:00\",\"author\":{\"@id\":\"https:\/\/franciscanos.org.br\/noticias\/#\/schema\/person\/b38fbf43118f02820bd932f2e4b14ad3\"},\"breadcrumb\":{\"@id\":\"https:\/\/franciscanos.org.br\/noticias\/paroquia-santo-antonio-celebra-50-anos-no-dia-30-de-agosto.html#breadcrumb\"},\"inLanguage\":\"pt-BR\",\"potentialAction\":[{\"@type\":\"ReadAction\",\"target\":[\"https:\/\/franciscanos.org.br\/noticias\/paroquia-santo-antonio-celebra-50-anos-no-dia-30-de-agosto.html\"]}]},{\"@type\":\"BreadcrumbList\",\"@id\":\"https:\/\/franciscanos.org.br\/noticias\/paroquia-santo-antonio-celebra-50-anos-no-dia-30-de-agosto.html#breadcrumb\",\"itemListElement\":[{\"@type\":\"ListItem\",\"position\":1,\"name\":\"Home\",\"item\":\"https:\/\/franciscanos.org.br\/noticias\"},{\"@type\":\"ListItem\",\"position\":2,\"name\":\"Par\u00f3quia Santo Ant\u00f4nio celebra 50 anos neste dia 30\"}]},{\"@type\":\"Person\",\"@id\":\"https:\/\/franciscanos.org.br\/noticias\/#\/schema\/person\/b38fbf43118f02820bd932f2e4b14ad3\",\"name\":\"admin\",\"image\":{\"@type\":\"ImageObject\",\"inLanguage\":\"pt-BR\",\"@id\":\"https:\/\/franciscanos.org.br\/noticias\/#\/schema\/person\/image\/\",\"url\":\"https:\/\/secure.gravatar.com\/avatar\/e8495742d34d0ba6448ea1c628263b3e?s=96&d=mm&r=g\",\"contentUrl\":\"https:\/\/secure.gravatar.com\/avatar\/e8495742d34d0ba6448ea1c628263b3e?s=96&d=mm&r=g\",\"caption\":\"admin\"},\"url\":\"https:\/\/franciscanos.org.br\/noticias\/author\/admin\"}]}<\/script>\n<!-- \/ Yoast SEO plugin. -->","yoast_head_json":{"title":"Par\u00f3quia Santo Ant\u00f4nio celebra 50 anos neste dia 30 - Not\u00edcias - Franciscanos","robots":{"index":"index","follow":"follow","max-snippet":"max-snippet:-1","max-image-preview":"max-image-preview:large","max-video-preview":"max-video-preview:-1"},"canonical":"https:\/\/franciscanos.org.br\/noticias\/paroquia-santo-antonio-celebra-50-anos-no-dia-30-de-agosto.html","og_locale":"pt_BR","og_type":"article","og_title":"Par\u00f3quia Santo Ant\u00f4nio celebra 50 anos neste dia 30 - Not\u00edcias - Franciscanos","og_description":"Florian\u00f3polis","og_url":"https:\/\/franciscanos.org.br\/noticias\/paroquia-santo-antonio-celebra-50-anos-no-dia-30-de-agosto.html","og_site_name":"Not\u00edcias - Franciscanos","article_published_time":"2016-08-26T10:36:56+00:00","article_modified_time":"2020-03-24T11:31:48+00:00","og_image":[{"width":273,"height":181,"url":"https:\/\/franciscanos.org.br\/noticias\/wp-content\/uploads\/2016\/08\/floripa_260816_2.jpg","type":"image\/jpeg"}],"author":"admin","twitter_card":"summary_large_image","twitter_misc":{"Escrito por":"admin","Est. tempo de leitura":"3 minutos"},"schema":{"@context":"https:\/\/schema.org","@graph":[{"@type":"WebSite","@id":"https:\/\/franciscanos.org.br\/noticias\/#website","url":"https:\/\/franciscanos.org.br\/noticias\/","name":"Not\u00edcias - Franciscanos","description":"Prov\u00edncia Franciscana da Imaculada Concei\u00e7\u00e3o do Brasil - Ordem dos Frades Menores - OFM","potentialAction":[{"@type":"SearchAction","target":{"@type":"EntryPoint","urlTemplate":"https:\/\/franciscanos.org.br\/noticias\/?s={search_term_string}"},"query-input":"required name=search_term_string"}],"inLanguage":"pt-BR"},{"@type":"ImageObject","inLanguage":"pt-BR","@id":"https:\/\/franciscanos.org.br\/noticias\/paroquia-santo-antonio-celebra-50-anos-no-dia-30-de-agosto.html#primaryimage","url":"https:\/\/franciscanos.org.br\/noticias\/wp-content\/uploads\/2016\/08\/floripa_260816_2.jpg","contentUrl":"https:\/\/franciscanos.org.br\/noticias\/wp-content\/uploads\/2016\/08\/floripa_260816_2.jpg","width":273,"height":181},{"@type":"WebPage","@id":"https:\/\/franciscanos.org.br\/noticias\/paroquia-santo-antonio-celebra-50-anos-no-dia-30-de-agosto.html#webpage","url":"https:\/\/franciscanos.org.br\/noticias\/paroquia-santo-antonio-celebra-50-anos-no-dia-30-de-agosto.html","name":"Par\u00f3quia Santo Ant\u00f4nio celebra 50 anos neste dia 30 - Not\u00edcias - Franciscanos","isPartOf":{"@id":"https:\/\/franciscanos.org.br\/noticias\/#website"},"primaryImageOfPage":{"@id":"https:\/\/franciscanos.org.br\/noticias\/paroquia-santo-antonio-celebra-50-anos-no-dia-30-de-agosto.html#primaryimage"},"datePublished":"2016-08-26T10:36:56+00:00","dateModified":"2020-03-24T11:31:48+00:00","author":{"@id":"https:\/\/franciscanos.org.br\/noticias\/#\/schema\/person\/b38fbf43118f02820bd932f2e4b14ad3"},"breadcrumb":{"@id":"https:\/\/franciscanos.org.br\/noticias\/paroquia-santo-antonio-celebra-50-anos-no-dia-30-de-agosto.html#breadcrumb"},"inLanguage":"pt-BR","potentialAction":[{"@type":"ReadAction","target":["https:\/\/franciscanos.org.br\/noticias\/paroquia-santo-antonio-celebra-50-anos-no-dia-30-de-agosto.html"]}]},{"@type":"BreadcrumbList","@id":"https:\/\/franciscanos.org.br\/noticias\/paroquia-santo-antonio-celebra-50-anos-no-dia-30-de-agosto.html#breadcrumb","itemListElement":[{"@type":"ListItem","position":1,"name":"Home","item":"https:\/\/franciscanos.org.br\/noticias"},{"@type":"ListItem","position":2,"name":"Par\u00f3quia Santo Ant\u00f4nio celebra 50 anos neste dia 30"}]},{"@type":"Person","@id":"https:\/\/franciscanos.org.br\/noticias\/#\/schema\/person\/b38fbf43118f02820bd932f2e4b14ad3","name":"admin","image":{"@type":"ImageObject","inLanguage":"pt-BR","@id":"https:\/\/franciscanos.org.br\/noticias\/#\/schema\/person\/image\/","url":"https:\/\/secure.gravatar.com\/avatar\/e8495742d34d0ba6448ea1c628263b3e?s=96&d=mm&r=g","contentUrl":"https:\/\/secure.gravatar.com\/avatar\/e8495742d34d0ba6448ea1c628263b3e?s=96&d=mm&r=g","caption":"admin"},"url":"https:\/\/franciscanos.org.br\/noticias\/author\/admin"}]}},"_links":{"self":[{"href":"https:\/\/franciscanos.org.br\/noticias\/wp-json\/wp\/v2\/posts\/115203"}],"collection":[{"href":"https:\/\/franciscanos.org.br\/noticias\/wp-json\/wp\/v2\/posts"}],"about":[{"href":"https:\/\/franciscanos.org.br\/noticias\/wp-json\/wp\/v2\/types\/post"}],"author":[{"embeddable":true,"href":"https:\/\/franciscanos.org.br\/noticias\/wp-json\/wp\/v2\/users\/1"}],"replies":[{"embeddable":true,"href":"https:\/\/franciscanos.org.br\/noticias\/wp-json\/wp\/v2\/comments?post=115203"}],"version-history":[{"count":1,"href":"https:\/\/franciscanos.org.br\/noticias\/wp-json\/wp\/v2\/posts\/115203\/revisions"}],"predecessor-version":[{"id":222374,"href":"https:\/\/franciscanos.org.br\/noticias\/wp-json\/wp\/v2\/posts\/115203\/revisions\/222374"}],"wp:featuredmedia":[{"embeddable":true,"href":"https:\/\/franciscanos.org.br\/noticias\/wp-json\/wp\/v2\/media\/222373"}],"wp:attachment":[{"href":"https:\/\/franciscanos.org.br\/noticias\/wp-json\/wp\/v2\/media?parent=115203"}],"wp:term":[{"taxonomy":"category","embeddable":true,"href":"https:\/\/franciscanos.org.br\/noticias\/wp-json\/wp\/v2\/categories?post=115203"},{"taxonomy":"post_tag","embeddable":true,"href":"https:\/\/franciscanos.org.br\/noticias\/wp-json\/wp\/v2\/tags?post=115203"}],"curies":[{"name":"wp","href":"https:\/\/api.w.org\/{rel}","templated":true}]}}