{"id":115105,"date":"2016-08-26T10:18:29","date_gmt":"2016-08-26T13:18:29","guid":{"rendered":"http:\/\/franciscanos.org.br\/?p=115105"},"modified":"2020-03-24T08:28:53","modified_gmt":"2020-03-24T11:28:53","slug":"almanaque-santo-antonio-2017","status":"publish","type":"post","link":"https:\/\/franciscanos.org.br\/noticias\/almanaque-santo-antonio-2017.html","title":{"rendered":"Almanaque Santo Ant\u00f4nio 2018"},"content":{"rendered":"<p><a href=\"http:\/\/franciscanos.org.br\/wp-content\/uploads\/2016\/08\/almanaque-2019.jpg\"><img loading=\"lazy\" class=\"alignleft size-full wp-image-169614\" src=\"http:\/\/franciscanos.org.br\/wp-content\/uploads\/2016\/08\/almanaque-2019.jpg\" alt=\"almanaque-2019\" width=\"320\" height=\"473\" \/><\/a>Conhecido por ser organizador da Folhinha do Sagrado Cora\u00e7\u00e3o de Jesus, Frei Edrian Josu\u00e9 Pasini tamb\u00e9m \u00e9 organizador de outra publica\u00e7\u00e3o tradicional da Editora Vozes: o Almanaque Santo Ant\u00f4nio. A edi\u00e7\u00e3o de 2018 tamb\u00e9m j\u00e1 est\u00e1 \u00e0 venda.<\/p>\n<p>Segundo Frei Edrian, o leitor tem duas motiva\u00e7\u00f5es para folhear este almanaque. \u201cUma delas nos mostra que um livro \u00e9 sempre um mapa de tesouro a ser desvendado. O prazer desta aventura far\u00e1 com que o leitor descubra-se ao final, rico em conhecimento e, qui\u00e7\u00e1, em sabedoria\u201d.<\/p>\n<p>Outra motiva\u00e7\u00e3o, explica o organizador, \u00e9 a de que a leitura de um livro cria um di\u00e1logo interior e, neste, gera propostas e conduz o leitor a mudan\u00e7as internas. \u201cLer um livro \u00e9 buscar na experi\u00eancia de seu autor outras perspectivas, confrontando-as com as suas. Esse processo pode gerar at\u00e9 mesmo mudan\u00e7a radical de vida. Por isso, podemos dizer que um livro sempre tem algo a dizer e, quem o l\u00ea, o faz a partir de si mesmo e a partir do outro. Nesse sentido, o Almanaque Santo Ant\u00f4nio, com simplicidade, quer propor ao leitor a descoberta do tesouro do conhecimento e sabedoria que est\u00e1 reservado em suas p\u00e1ginas e, a partir das perspectivas de vida e de experi\u00eancias difundidas na variedade de textos de que \u00e9 feito, apontar novas maneiras de pensar e agir\u201d, explica Frei Edrian.<\/p>\n<p>Frei Edrian tamb\u00e9m \u00e9 o respons\u00e1vel pela edi\u00e7\u00e3o do Almanaque Santo Ant\u00f4nio, pela Editora Vozes, onde coordena o departamento sazonal, ou seja, a organiza\u00e7\u00e3o de produtos anuais (Agendinha, Di\u00e1rio, Medita\u00e7\u00f5es para o dia a dia, Guia do dizimista, calend\u00e1rios de Planejamento).<\/p>\n<p>Tanto o Almanaque Santo Ant\u00f4nio como a Folhinha do Sagrado Cora\u00e7\u00e3o de Jesus podem ser adquiridos pelo telefone da Vozes (24) 2233-9042 ou 2233-9029. O email \u00e9 vendas@vozes.com.br<\/p>\n","protected":false},"excerpt":{"rendered":"<p>Almanaque<\/p>\n","protected":false},"author":1,"featured_media":222370,"comment_status":"open","ping_status":"open","sticky":false,"template":"","format":"standard","meta":[],"categories":[1],"tags":[],"acf":[],"yoast_head":"<!-- This site is optimized with the Yoast SEO plugin v19.2 - https:\/\/yoast.com\/wordpress\/plugins\/seo\/ -->\n<title>Almanaque Santo Ant\u00f4nio 2018 - Not\u00edcias - Franciscanos<\/title>\n<meta name=\"robots\" content=\"index, follow, max-snippet:-1, max-image-preview:large, max-video-preview:-1\" \/>\n<link rel=\"canonical\" href=\"https:\/\/franciscanos.org.br\/noticias\/almanaque-santo-antonio-2017.html\" \/>\n<meta property=\"og:locale\" content=\"pt_BR\" \/>\n<meta property=\"og:type\" content=\"article\" \/>\n<meta property=\"og:title\" content=\"Almanaque Santo Ant\u00f4nio 2018 - Not\u00edcias - Franciscanos\" \/>\n<meta property=\"og:description\" content=\"Almanaque\" \/>\n<meta property=\"og:url\" content=\"https:\/\/franciscanos.org.br\/noticias\/almanaque-santo-antonio-2017.html\" \/>\n<meta property=\"og:site_name\" content=\"Not\u00edcias - Franciscanos\" \/>\n<meta property=\"article:published_time\" content=\"2016-08-26T13:18:29+00:00\" \/>\n<meta property=\"article:modified_time\" content=\"2020-03-24T11:28:53+00:00\" \/>\n<meta property=\"og:image\" content=\"https:\/\/franciscanos.org.br\/noticias\/wp-content\/uploads\/2016\/08\/almanaque-2019.jpg\" \/>\n\t<meta property=\"og:image:width\" content=\"273\" \/>\n\t<meta property=\"og:image:height\" content=\"180\" \/>\n\t<meta property=\"og:image:type\" content=\"image\/jpeg\" \/>\n<meta name=\"author\" content=\"admin\" \/>\n<meta name=\"twitter:card\" content=\"summary_large_image\" \/>\n<meta name=\"twitter:label1\" content=\"Escrito por\" \/>\n\t<meta name=\"twitter:data1\" content=\"admin\" \/>\n\t<meta name=\"twitter:label2\" content=\"Est. tempo de leitura\" \/>\n\t<meta name=\"twitter:data2\" content=\"2 minutos\" \/>\n<script type=\"application\/ld+json\" class=\"yoast-schema-graph\">{\"@context\":\"https:\/\/schema.org\",\"@graph\":[{\"@type\":\"WebSite\",\"@id\":\"https:\/\/franciscanos.org.br\/noticias\/#website\",\"url\":\"https:\/\/franciscanos.org.br\/noticias\/\",\"name\":\"Not\u00edcias - Franciscanos\",\"description\":\"Prov\u00edncia Franciscana da Imaculada Concei\u00e7\u00e3o do Brasil - Ordem dos Frades Menores - OFM\",\"potentialAction\":[{\"@type\":\"SearchAction\",\"target\":{\"@type\":\"EntryPoint\",\"urlTemplate\":\"https:\/\/franciscanos.org.br\/noticias\/?s={search_term_string}\"},\"query-input\":\"required name=search_term_string\"}],\"inLanguage\":\"pt-BR\"},{\"@type\":\"ImageObject\",\"inLanguage\":\"pt-BR\",\"@id\":\"https:\/\/franciscanos.org.br\/noticias\/almanaque-santo-antonio-2017.html#primaryimage\",\"url\":\"https:\/\/franciscanos.org.br\/noticias\/wp-content\/uploads\/2016\/08\/almanaque-2019.jpg\",\"contentUrl\":\"https:\/\/franciscanos.org.br\/noticias\/wp-content\/uploads\/2016\/08\/almanaque-2019.jpg\",\"width\":273,\"height\":180},{\"@type\":\"WebPage\",\"@id\":\"https:\/\/franciscanos.org.br\/noticias\/almanaque-santo-antonio-2017.html#webpage\",\"url\":\"https:\/\/franciscanos.org.br\/noticias\/almanaque-santo-antonio-2017.html\",\"name\":\"Almanaque Santo Ant\u00f4nio 2018 - Not\u00edcias - Franciscanos\",\"isPartOf\":{\"@id\":\"https:\/\/franciscanos.org.br\/noticias\/#website\"},\"primaryImageOfPage\":{\"@id\":\"https:\/\/franciscanos.org.br\/noticias\/almanaque-santo-antonio-2017.html#primaryimage\"},\"datePublished\":\"2016-08-26T13:18:29+00:00\",\"dateModified\":\"2020-03-24T11:28:53+00:00\",\"author\":{\"@id\":\"https:\/\/franciscanos.org.br\/noticias\/#\/schema\/person\/b38fbf43118f02820bd932f2e4b14ad3\"},\"breadcrumb\":{\"@id\":\"https:\/\/franciscanos.org.br\/noticias\/almanaque-santo-antonio-2017.html#breadcrumb\"},\"inLanguage\":\"pt-BR\",\"potentialAction\":[{\"@type\":\"ReadAction\",\"target\":[\"https:\/\/franciscanos.org.br\/noticias\/almanaque-santo-antonio-2017.html\"]}]},{\"@type\":\"BreadcrumbList\",\"@id\":\"https:\/\/franciscanos.org.br\/noticias\/almanaque-santo-antonio-2017.html#breadcrumb\",\"itemListElement\":[{\"@type\":\"ListItem\",\"position\":1,\"name\":\"Home\",\"item\":\"https:\/\/franciscanos.org.br\/noticias\"},{\"@type\":\"ListItem\",\"position\":2,\"name\":\"Almanaque Santo Ant\u00f4nio 2018\"}]},{\"@type\":\"Person\",\"@id\":\"https:\/\/franciscanos.org.br\/noticias\/#\/schema\/person\/b38fbf43118f02820bd932f2e4b14ad3\",\"name\":\"admin\",\"image\":{\"@type\":\"ImageObject\",\"inLanguage\":\"pt-BR\",\"@id\":\"https:\/\/franciscanos.org.br\/noticias\/#\/schema\/person\/image\/\",\"url\":\"https:\/\/secure.gravatar.com\/avatar\/e8495742d34d0ba6448ea1c628263b3e?s=96&d=mm&r=g\",\"contentUrl\":\"https:\/\/secure.gravatar.com\/avatar\/e8495742d34d0ba6448ea1c628263b3e?s=96&d=mm&r=g\",\"caption\":\"admin\"},\"url\":\"https:\/\/franciscanos.org.br\/noticias\/author\/admin\"}]}<\/script>\n<!-- \/ Yoast SEO plugin. -->","yoast_head_json":{"title":"Almanaque Santo Ant\u00f4nio 2018 - Not\u00edcias - Franciscanos","robots":{"index":"index","follow":"follow","max-snippet":"max-snippet:-1","max-image-preview":"max-image-preview:large","max-video-preview":"max-video-preview:-1"},"canonical":"https:\/\/franciscanos.org.br\/noticias\/almanaque-santo-antonio-2017.html","og_locale":"pt_BR","og_type":"article","og_title":"Almanaque Santo Ant\u00f4nio 2018 - Not\u00edcias - Franciscanos","og_description":"Almanaque","og_url":"https:\/\/franciscanos.org.br\/noticias\/almanaque-santo-antonio-2017.html","og_site_name":"Not\u00edcias - Franciscanos","article_published_time":"2016-08-26T13:18:29+00:00","article_modified_time":"2020-03-24T11:28:53+00:00","og_image":[{"width":273,"height":180,"url":"https:\/\/franciscanos.org.br\/noticias\/wp-content\/uploads\/2016\/08\/almanaque-2019.jpg","type":"image\/jpeg"}],"author":"admin","twitter_card":"summary_large_image","twitter_misc":{"Escrito por":"admin","Est. tempo de leitura":"2 minutos"},"schema":{"@context":"https:\/\/schema.org","@graph":[{"@type":"WebSite","@id":"https:\/\/franciscanos.org.br\/noticias\/#website","url":"https:\/\/franciscanos.org.br\/noticias\/","name":"Not\u00edcias - Franciscanos","description":"Prov\u00edncia Franciscana da Imaculada Concei\u00e7\u00e3o do Brasil - Ordem dos Frades Menores - OFM","potentialAction":[{"@type":"SearchAction","target":{"@type":"EntryPoint","urlTemplate":"https:\/\/franciscanos.org.br\/noticias\/?s={search_term_string}"},"query-input":"required name=search_term_string"}],"inLanguage":"pt-BR"},{"@type":"ImageObject","inLanguage":"pt-BR","@id":"https:\/\/franciscanos.org.br\/noticias\/almanaque-santo-antonio-2017.html#primaryimage","url":"https:\/\/franciscanos.org.br\/noticias\/wp-content\/uploads\/2016\/08\/almanaque-2019.jpg","contentUrl":"https:\/\/franciscanos.org.br\/noticias\/wp-content\/uploads\/2016\/08\/almanaque-2019.jpg","width":273,"height":180},{"@type":"WebPage","@id":"https:\/\/franciscanos.org.br\/noticias\/almanaque-santo-antonio-2017.html#webpage","url":"https:\/\/franciscanos.org.br\/noticias\/almanaque-santo-antonio-2017.html","name":"Almanaque Santo Ant\u00f4nio 2018 - Not\u00edcias - Franciscanos","isPartOf":{"@id":"https:\/\/franciscanos.org.br\/noticias\/#website"},"primaryImageOfPage":{"@id":"https:\/\/franciscanos.org.br\/noticias\/almanaque-santo-antonio-2017.html#primaryimage"},"datePublished":"2016-08-26T13:18:29+00:00","dateModified":"2020-03-24T11:28:53+00:00","author":{"@id":"https:\/\/franciscanos.org.br\/noticias\/#\/schema\/person\/b38fbf43118f02820bd932f2e4b14ad3"},"breadcrumb":{"@id":"https:\/\/franciscanos.org.br\/noticias\/almanaque-santo-antonio-2017.html#breadcrumb"},"inLanguage":"pt-BR","potentialAction":[{"@type":"ReadAction","target":["https:\/\/franciscanos.org.br\/noticias\/almanaque-santo-antonio-2017.html"]}]},{"@type":"BreadcrumbList","@id":"https:\/\/franciscanos.org.br\/noticias\/almanaque-santo-antonio-2017.html#breadcrumb","itemListElement":[{"@type":"ListItem","position":1,"name":"Home","item":"https:\/\/franciscanos.org.br\/noticias"},{"@type":"ListItem","position":2,"name":"Almanaque Santo Ant\u00f4nio 2018"}]},{"@type":"Person","@id":"https:\/\/franciscanos.org.br\/noticias\/#\/schema\/person\/b38fbf43118f02820bd932f2e4b14ad3","name":"admin","image":{"@type":"ImageObject","inLanguage":"pt-BR","@id":"https:\/\/franciscanos.org.br\/noticias\/#\/schema\/person\/image\/","url":"https:\/\/secure.gravatar.com\/avatar\/e8495742d34d0ba6448ea1c628263b3e?s=96&d=mm&r=g","contentUrl":"https:\/\/secure.gravatar.com\/avatar\/e8495742d34d0ba6448ea1c628263b3e?s=96&d=mm&r=g","caption":"admin"},"url":"https:\/\/franciscanos.org.br\/noticias\/author\/admin"}]}},"_links":{"self":[{"href":"https:\/\/franciscanos.org.br\/noticias\/wp-json\/wp\/v2\/posts\/115105"}],"collection":[{"href":"https:\/\/franciscanos.org.br\/noticias\/wp-json\/wp\/v2\/posts"}],"about":[{"href":"https:\/\/franciscanos.org.br\/noticias\/wp-json\/wp\/v2\/types\/post"}],"author":[{"embeddable":true,"href":"https:\/\/franciscanos.org.br\/noticias\/wp-json\/wp\/v2\/users\/1"}],"replies":[{"embeddable":true,"href":"https:\/\/franciscanos.org.br\/noticias\/wp-json\/wp\/v2\/comments?post=115105"}],"version-history":[{"count":1,"href":"https:\/\/franciscanos.org.br\/noticias\/wp-json\/wp\/v2\/posts\/115105\/revisions"}],"predecessor-version":[{"id":222371,"href":"https:\/\/franciscanos.org.br\/noticias\/wp-json\/wp\/v2\/posts\/115105\/revisions\/222371"}],"wp:featuredmedia":[{"embeddable":true,"href":"https:\/\/franciscanos.org.br\/noticias\/wp-json\/wp\/v2\/media\/222370"}],"wp:attachment":[{"href":"https:\/\/franciscanos.org.br\/noticias\/wp-json\/wp\/v2\/media?parent=115105"}],"wp:term":[{"taxonomy":"category","embeddable":true,"href":"https:\/\/franciscanos.org.br\/noticias\/wp-json\/wp\/v2\/categories?post=115105"},{"taxonomy":"post_tag","embeddable":true,"href":"https:\/\/franciscanos.org.br\/noticias\/wp-json\/wp\/v2\/tags?post=115105"}],"curies":[{"name":"wp","href":"https:\/\/api.w.org\/{rel}","templated":true}]}}