{"id":115100,"date":"2017-06-27T10:11:32","date_gmt":"2017-06-27T13:11:32","guid":{"rendered":"http:\/\/franciscanos.org.br\/?p=115100"},"modified":"2019-02-27T11:21:11","modified_gmt":"2019-02-27T14:21:11","slug":"folhinha-do-sagrado-coracao-de-jesus-2017","status":"publish","type":"post","link":"https:\/\/franciscanos.org.br\/noticias\/folhinha-do-sagrado-coracao-de-jesus-2017.html","title":{"rendered":"Folhinha do Sagrado Cora\u00e7\u00e3o de Jesus 2018"},"content":{"rendered":"<p><img loading=\"lazy\" class=\"alignleft size-full wp-image-136868\" src=\"http:\/\/franciscanos.org.br\/wp-content\/uploads\/2016\/08\/folhinha_270617.jpg\" alt=\"folhinha_270617\" width=\"302\" height=\"540\" \/>A tradicional Folhinha do Sagrado Cora\u00e7\u00e3o, edi\u00e7\u00e3o 2018, j\u00e1 \u00a0est\u00e1 \u00e0 venda. \u201cEsta <em>Folhinha<\/em>, \u2018batizada\u2019 com o nome \u2018Sagrado Cora\u00e7\u00e3o de Jesus\u2019, foi e continua sendo uma medi\u00e7\u00e3o significativa para conduzir as pessoas ao mist\u00e9rio amoroso do Cora\u00e7\u00e3o de Jesus mediante o an\u00fancio da Palavra de Deus e tantas outras mensagens de otimismo a milhares de lares, escrit\u00f3rios e, hoje, tamb\u00e9m presente nas novas m\u00eddias\u201d, observa Frei o Ministro Provincial, Frei Fid\u00eancio Vanboemmel.<\/p>\n<p>O editor Frei Edrian Josu\u00e9 Pasini celebra com alegria esta edi\u00e7\u00e3o. \u201cDesde 1940, temos a Folhinha presente em mais de 600 mil lares brasileiros, levando-lhes a cada dia uma mensagem otimista e cativando toda a fam\u00edlia\u201d, diz o frade, adiantando que ela j\u00e1 poder\u00e1 ser adquirida nas livrarias Vozes de todo o pa\u00eds e tamb\u00e9m online (vendas@vozes.com.br).<\/p>\n<p>Segundo Frei Edrian, a Folhinha \u00e9 editada tamb\u00e9m na vers\u00e3o para mesa, sendo ideal para o ambiente de trabalho. \u201cA Folhinha n\u00e3o \u00e9 um apenas um simples calend\u00e1rio anual: re\u00fane em suas p\u00e1ginas informa\u00e7\u00f5es di\u00e1rias sobre os mais diversos assuntos desde religi\u00e3o, vida de santos, educa\u00e7\u00e3o, dicas de sa\u00fade e bem-estar, receitas culin\u00e1rias, humor, curiosidades, mensagens, ora\u00e7\u00f5es, liturgia di\u00e1ria, pensamentos b\u00edblicos e de autores diversos\u201d, explica o frade, que trabalha na Editora Vozes desde 1994.<\/p>\n<h3><strong>Hist\u00f3rico<\/strong><\/h3>\n<p>A Folhinha do Sagrado Cora\u00e7\u00e3o de Jesus \u00e9 publicada pela Editora Vozes desde 1940. \u00c9, portanto, a mais antiga publica\u00e7\u00e3o nessa \u00e1rea no Brasil. Jorge Conrado Deister, funcion\u00e1rio da editora na \u00e9poca, foi o primeiro redator da<em> Folhinha.<\/em><\/p>\n<p>Ela \u00e9 composta de uma estampa do Sagrado Cora\u00e7\u00e3o de Jesus e de um bloco com calend\u00e1rio anual, que \u00e9 encaixado na parte inferior da estampa. Traz na estampa a inscri\u00e7\u00e3o: \u201cCora\u00e7\u00e3o de Jesus aben\u00e7oai este lar\u201d. O bloco traz 768 p\u00e1ginas que se convencionou denomin\u00e1-las de \u201cpagelas\u201d que s\u00e3o destac\u00e1veis dia ap\u00f3s dia.<\/p>\n<p>Uma das primeiras propagandas da <em>Folhinha<\/em> saiu no peri\u00f3dico publicado pela pr\u00f3pria editora, \u201cA Voz de Santo Ant\u00f4nio\u201d, de abril de 1939. Num dos trechos dizia-se que se \u201ctomou por programa de atua\u00e7\u00e3o a difus\u00e3o do culto do Sagrado Cora\u00e7\u00e3o de Jesus t\u00e3o tradicional no Brasil cat\u00f3lico desde os tempos do Pe. Jos\u00e9 de Anchieta\u201d. Provavelmente, o nome da Folhinha teve origem nessa devo\u00e7\u00e3o.<\/p>\n<p>Em 1959, a Editora Vozes adquiriu a impressora rotativa Pavema, de fabrica\u00e7\u00e3o alem\u00e3, para imprimir especialmente a<em> Folhinha.<\/em><\/p>\n<p>Em 1940, sua tiragem era de 31 mil exemplares. Em novembro de 1963 ultrapassou 1 milh\u00e3o de exemplares (da edi\u00e7\u00e3o da<em> Folhinha<\/em> de 1964). Em 1982 chegou a exatos 1.260.705 exemplares. Hoje, sua tiragem aproxima-se a 600 mil exemplares.<\/p>\n<p>Nesse tempo em que foi publicada, sofreu mudan\u00e7as em seu nome: de 1940 a 1959: Folhinha do Sagrado Cora\u00e7\u00e3o de Jesus; de 1960 a 1975: Almanaque do Sagrado Cora\u00e7\u00e3o de Jesus; de 1976 a 1978: Informativo Popular Cora\u00e7\u00e3o de Jesus; de 1979 at\u00e9 os dias de hoje: retornou ao nome original: Folhinha do Sagrado Cora\u00e7\u00e3o de Jesus. Em 1996, a Folhinha come\u00e7ou a apresentar-se tamb\u00e9m na vers\u00e3o (modelo) para mesa.<\/p>\n<p>A Folhinha pode ser adquirida pelo telefone da Vozes (24) 2233-9042 ou 2233-9029, pelo e-mail vendas@vozes.com.br.<\/p>\n","protected":false},"excerpt":{"rendered":"<p>Editora Vozes<\/p>\n","protected":false},"author":1,"featured_media":200701,"comment_status":"open","ping_status":"open","sticky":false,"template":"","format":"standard","meta":[],"categories":[1],"tags":[65,163],"acf":[],"yoast_head":"<!-- This site is optimized with the Yoast SEO plugin v19.2 - https:\/\/yoast.com\/wordpress\/plugins\/seo\/ -->\n<title>Folhinha do Sagrado Cora\u00e7\u00e3o de Jesus 2018 - Not\u00edcias - Franciscanos<\/title>\n<meta name=\"robots\" content=\"index, follow, max-snippet:-1, max-image-preview:large, max-video-preview:-1\" \/>\n<link rel=\"canonical\" href=\"https:\/\/franciscanos.org.br\/noticias\/folhinha-do-sagrado-coracao-de-jesus-2017.html\" \/>\n<meta property=\"og:locale\" content=\"pt_BR\" \/>\n<meta property=\"og:type\" content=\"article\" \/>\n<meta property=\"og:title\" content=\"Folhinha do Sagrado Cora\u00e7\u00e3o de Jesus 2018 - Not\u00edcias - Franciscanos\" \/>\n<meta property=\"og:description\" content=\"Editora Vozes\" \/>\n<meta property=\"og:url\" content=\"https:\/\/franciscanos.org.br\/noticias\/folhinha-do-sagrado-coracao-de-jesus-2017.html\" \/>\n<meta property=\"og:site_name\" content=\"Not\u00edcias - Franciscanos\" \/>\n<meta property=\"article:published_time\" content=\"2017-06-27T13:11:32+00:00\" \/>\n<meta property=\"article:modified_time\" content=\"2019-02-27T14:21:11+00:00\" \/>\n<meta property=\"og:image\" content=\"https:\/\/franciscanos.org.br\/noticias\/wp-content\/uploads\/2017\/06\/folhinha_270617.jpg\" \/>\n\t<meta property=\"og:image:width\" content=\"273\" \/>\n\t<meta property=\"og:image:height\" content=\"181\" \/>\n\t<meta property=\"og:image:type\" content=\"image\/jpeg\" \/>\n<meta name=\"author\" content=\"admin\" \/>\n<meta name=\"twitter:card\" content=\"summary_large_image\" \/>\n<meta name=\"twitter:label1\" content=\"Escrito por\" \/>\n\t<meta name=\"twitter:data1\" content=\"admin\" \/>\n\t<meta name=\"twitter:label2\" content=\"Est. tempo de leitura\" \/>\n\t<meta name=\"twitter:data2\" content=\"3 minutos\" \/>\n<script type=\"application\/ld+json\" class=\"yoast-schema-graph\">{\"@context\":\"https:\/\/schema.org\",\"@graph\":[{\"@type\":\"WebSite\",\"@id\":\"https:\/\/franciscanos.org.br\/noticias\/#website\",\"url\":\"https:\/\/franciscanos.org.br\/noticias\/\",\"name\":\"Not\u00edcias - Franciscanos\",\"description\":\"Prov\u00edncia Franciscana da Imaculada Concei\u00e7\u00e3o do Brasil - Ordem dos Frades Menores - OFM\",\"potentialAction\":[{\"@type\":\"SearchAction\",\"target\":{\"@type\":\"EntryPoint\",\"urlTemplate\":\"https:\/\/franciscanos.org.br\/noticias\/?s={search_term_string}\"},\"query-input\":\"required name=search_term_string\"}],\"inLanguage\":\"pt-BR\"},{\"@type\":\"ImageObject\",\"inLanguage\":\"pt-BR\",\"@id\":\"https:\/\/franciscanos.org.br\/noticias\/folhinha-do-sagrado-coracao-de-jesus-2017.html#primaryimage\",\"url\":\"https:\/\/franciscanos.org.br\/noticias\/wp-content\/uploads\/2017\/06\/folhinha_270617.jpg\",\"contentUrl\":\"https:\/\/franciscanos.org.br\/noticias\/wp-content\/uploads\/2017\/06\/folhinha_270617.jpg\",\"width\":273,\"height\":181},{\"@type\":\"WebPage\",\"@id\":\"https:\/\/franciscanos.org.br\/noticias\/folhinha-do-sagrado-coracao-de-jesus-2017.html#webpage\",\"url\":\"https:\/\/franciscanos.org.br\/noticias\/folhinha-do-sagrado-coracao-de-jesus-2017.html\",\"name\":\"Folhinha do Sagrado Cora\u00e7\u00e3o de Jesus 2018 - Not\u00edcias - Franciscanos\",\"isPartOf\":{\"@id\":\"https:\/\/franciscanos.org.br\/noticias\/#website\"},\"primaryImageOfPage\":{\"@id\":\"https:\/\/franciscanos.org.br\/noticias\/folhinha-do-sagrado-coracao-de-jesus-2017.html#primaryimage\"},\"datePublished\":\"2017-06-27T13:11:32+00:00\",\"dateModified\":\"2019-02-27T14:21:11+00:00\",\"author\":{\"@id\":\"https:\/\/franciscanos.org.br\/noticias\/#\/schema\/person\/b38fbf43118f02820bd932f2e4b14ad3\"},\"breadcrumb\":{\"@id\":\"https:\/\/franciscanos.org.br\/noticias\/folhinha-do-sagrado-coracao-de-jesus-2017.html#breadcrumb\"},\"inLanguage\":\"pt-BR\",\"potentialAction\":[{\"@type\":\"ReadAction\",\"target\":[\"https:\/\/franciscanos.org.br\/noticias\/folhinha-do-sagrado-coracao-de-jesus-2017.html\"]}]},{\"@type\":\"BreadcrumbList\",\"@id\":\"https:\/\/franciscanos.org.br\/noticias\/folhinha-do-sagrado-coracao-de-jesus-2017.html#breadcrumb\",\"itemListElement\":[{\"@type\":\"ListItem\",\"position\":1,\"name\":\"Home\",\"item\":\"https:\/\/franciscanos.org.br\/noticias\"},{\"@type\":\"ListItem\",\"position\":2,\"name\":\"Folhinha do Sagrado Cora\u00e7\u00e3o de Jesus 2018\"}]},{\"@type\":\"Person\",\"@id\":\"https:\/\/franciscanos.org.br\/noticias\/#\/schema\/person\/b38fbf43118f02820bd932f2e4b14ad3\",\"name\":\"admin\",\"image\":{\"@type\":\"ImageObject\",\"inLanguage\":\"pt-BR\",\"@id\":\"https:\/\/franciscanos.org.br\/noticias\/#\/schema\/person\/image\/\",\"url\":\"https:\/\/secure.gravatar.com\/avatar\/e8495742d34d0ba6448ea1c628263b3e?s=96&d=mm&r=g\",\"contentUrl\":\"https:\/\/secure.gravatar.com\/avatar\/e8495742d34d0ba6448ea1c628263b3e?s=96&d=mm&r=g\",\"caption\":\"admin\"},\"url\":\"https:\/\/franciscanos.org.br\/noticias\/author\/admin\"}]}<\/script>\n<!-- \/ Yoast SEO plugin. -->","yoast_head_json":{"title":"Folhinha do Sagrado Cora\u00e7\u00e3o de Jesus 2018 - Not\u00edcias - Franciscanos","robots":{"index":"index","follow":"follow","max-snippet":"max-snippet:-1","max-image-preview":"max-image-preview:large","max-video-preview":"max-video-preview:-1"},"canonical":"https:\/\/franciscanos.org.br\/noticias\/folhinha-do-sagrado-coracao-de-jesus-2017.html","og_locale":"pt_BR","og_type":"article","og_title":"Folhinha do Sagrado Cora\u00e7\u00e3o de Jesus 2018 - Not\u00edcias - Franciscanos","og_description":"Editora Vozes","og_url":"https:\/\/franciscanos.org.br\/noticias\/folhinha-do-sagrado-coracao-de-jesus-2017.html","og_site_name":"Not\u00edcias - Franciscanos","article_published_time":"2017-06-27T13:11:32+00:00","article_modified_time":"2019-02-27T14:21:11+00:00","og_image":[{"width":273,"height":181,"url":"https:\/\/franciscanos.org.br\/noticias\/wp-content\/uploads\/2017\/06\/folhinha_270617.jpg","type":"image\/jpeg"}],"author":"admin","twitter_card":"summary_large_image","twitter_misc":{"Escrito por":"admin","Est. tempo de leitura":"3 minutos"},"schema":{"@context":"https:\/\/schema.org","@graph":[{"@type":"WebSite","@id":"https:\/\/franciscanos.org.br\/noticias\/#website","url":"https:\/\/franciscanos.org.br\/noticias\/","name":"Not\u00edcias - Franciscanos","description":"Prov\u00edncia Franciscana da Imaculada Concei\u00e7\u00e3o do Brasil - Ordem dos Frades Menores - OFM","potentialAction":[{"@type":"SearchAction","target":{"@type":"EntryPoint","urlTemplate":"https:\/\/franciscanos.org.br\/noticias\/?s={search_term_string}"},"query-input":"required name=search_term_string"}],"inLanguage":"pt-BR"},{"@type":"ImageObject","inLanguage":"pt-BR","@id":"https:\/\/franciscanos.org.br\/noticias\/folhinha-do-sagrado-coracao-de-jesus-2017.html#primaryimage","url":"https:\/\/franciscanos.org.br\/noticias\/wp-content\/uploads\/2017\/06\/folhinha_270617.jpg","contentUrl":"https:\/\/franciscanos.org.br\/noticias\/wp-content\/uploads\/2017\/06\/folhinha_270617.jpg","width":273,"height":181},{"@type":"WebPage","@id":"https:\/\/franciscanos.org.br\/noticias\/folhinha-do-sagrado-coracao-de-jesus-2017.html#webpage","url":"https:\/\/franciscanos.org.br\/noticias\/folhinha-do-sagrado-coracao-de-jesus-2017.html","name":"Folhinha do Sagrado Cora\u00e7\u00e3o de Jesus 2018 - Not\u00edcias - Franciscanos","isPartOf":{"@id":"https:\/\/franciscanos.org.br\/noticias\/#website"},"primaryImageOfPage":{"@id":"https:\/\/franciscanos.org.br\/noticias\/folhinha-do-sagrado-coracao-de-jesus-2017.html#primaryimage"},"datePublished":"2017-06-27T13:11:32+00:00","dateModified":"2019-02-27T14:21:11+00:00","author":{"@id":"https:\/\/franciscanos.org.br\/noticias\/#\/schema\/person\/b38fbf43118f02820bd932f2e4b14ad3"},"breadcrumb":{"@id":"https:\/\/franciscanos.org.br\/noticias\/folhinha-do-sagrado-coracao-de-jesus-2017.html#breadcrumb"},"inLanguage":"pt-BR","potentialAction":[{"@type":"ReadAction","target":["https:\/\/franciscanos.org.br\/noticias\/folhinha-do-sagrado-coracao-de-jesus-2017.html"]}]},{"@type":"BreadcrumbList","@id":"https:\/\/franciscanos.org.br\/noticias\/folhinha-do-sagrado-coracao-de-jesus-2017.html#breadcrumb","itemListElement":[{"@type":"ListItem","position":1,"name":"Home","item":"https:\/\/franciscanos.org.br\/noticias"},{"@type":"ListItem","position":2,"name":"Folhinha do Sagrado Cora\u00e7\u00e3o de Jesus 2018"}]},{"@type":"Person","@id":"https:\/\/franciscanos.org.br\/noticias\/#\/schema\/person\/b38fbf43118f02820bd932f2e4b14ad3","name":"admin","image":{"@type":"ImageObject","inLanguage":"pt-BR","@id":"https:\/\/franciscanos.org.br\/noticias\/#\/schema\/person\/image\/","url":"https:\/\/secure.gravatar.com\/avatar\/e8495742d34d0ba6448ea1c628263b3e?s=96&d=mm&r=g","contentUrl":"https:\/\/secure.gravatar.com\/avatar\/e8495742d34d0ba6448ea1c628263b3e?s=96&d=mm&r=g","caption":"admin"},"url":"https:\/\/franciscanos.org.br\/noticias\/author\/admin"}]}},"_links":{"self":[{"href":"https:\/\/franciscanos.org.br\/noticias\/wp-json\/wp\/v2\/posts\/115100"}],"collection":[{"href":"https:\/\/franciscanos.org.br\/noticias\/wp-json\/wp\/v2\/posts"}],"about":[{"href":"https:\/\/franciscanos.org.br\/noticias\/wp-json\/wp\/v2\/types\/post"}],"author":[{"embeddable":true,"href":"https:\/\/franciscanos.org.br\/noticias\/wp-json\/wp\/v2\/users\/1"}],"replies":[{"embeddable":true,"href":"https:\/\/franciscanos.org.br\/noticias\/wp-json\/wp\/v2\/comments?post=115100"}],"version-history":[{"count":0,"href":"https:\/\/franciscanos.org.br\/noticias\/wp-json\/wp\/v2\/posts\/115100\/revisions"}],"wp:featuredmedia":[{"embeddable":true,"href":"https:\/\/franciscanos.org.br\/noticias\/wp-json\/wp\/v2\/media\/200701"}],"wp:attachment":[{"href":"https:\/\/franciscanos.org.br\/noticias\/wp-json\/wp\/v2\/media?parent=115100"}],"wp:term":[{"taxonomy":"category","embeddable":true,"href":"https:\/\/franciscanos.org.br\/noticias\/wp-json\/wp\/v2\/categories?post=115100"},{"taxonomy":"post_tag","embeddable":true,"href":"https:\/\/franciscanos.org.br\/noticias\/wp-json\/wp\/v2\/tags?post=115100"}],"curies":[{"name":"wp","href":"https:\/\/api.w.org\/{rel}","templated":true}]}}