{"id":114978,"date":"2016-08-24T08:23:43","date_gmt":"2016-08-24T11:23:43","guid":{"rendered":"http:\/\/franciscanos.org.br\/?p=114978"},"modified":"2019-02-27T11:39:25","modified_gmt":"2019-02-27T14:39:25","slug":"mosela-peregrinacao-e-centenario-de-frei-aniceto","status":"publish","type":"post","link":"https:\/\/franciscanos.org.br\/noticias\/mosela-peregrinacao-e-centenario-de-frei-aniceto.html","title":{"rendered":"Peregrina\u00e7\u00e3o e centen\u00e1rio de Frei Aniceto em Petr\u00f3polis"},"content":{"rendered":"<p><img loading=\"lazy\" src=\"http:\/\/franciscanos.org.br\/wp-content\/uploads\/2016\/08\/aniceto_240816_1.jpg\" alt=\"aniceto_240816_1\" width=\"820\" height=\"289\" \/><\/p>\n<p><strong>Natalia Zimbr\u00e3o, especial para este site<\/strong><\/p>\n<p><strong>Petr\u00f3polis (RJ)<\/strong> &#8211; Por ocasi\u00e3o do Jubileu Extraordin\u00e1rio da Miseric\u00f3rdia, a Par\u00f3quia S\u00e3o Judas Tadeu (Mosela) realizou no domingo, 21, uma peregrina\u00e7\u00e3o \u00e0 Porta Santa da Catedral S\u00e3o Pedro de Alc\u00e2ntara. No trajeto, visitaram tamb\u00e9m o t\u00famulo de Frei Aniceto Kroker, cujo centen\u00e1rio se comemora neste ano.<\/p>\n<p>Os paroquianos se reuniram na Matriz de S\u00e3o Judas Tadeu e o p\u00e1roco, Padre Jardel Lima, apresentou uma pequena explica\u00e7\u00e3o sobre o Ano Santo convocado pelo Papa Francisco, que teve in\u00edcio no dia 8 de dezembro de 2015 \u2013 Solenidade da Imaculada Concei\u00e7\u00e3o \u2013 e segue at\u00e9 o pr\u00f3ximo dia 20 de novembro \u2013 Solenidade de Cristo Rei.<\/p>\n<p>Em seguida, sa\u00edram em caminhada rumo \u00e0 Catedral de Petr\u00f3polis, onde se encontra uma das Portas Santas da Diocese de Petr\u00f3polis. No percurso, os fi\u00e9is foram entoando cantos e rezando o santo ter\u00e7o.<\/p>\n<p>Na entrada do bairro Mosela, onde tem in\u00edcio o territ\u00f3rio da Par\u00f3quia S\u00e3o Judas Tadeu, foi feita uma ora\u00e7\u00e3o por todas as fam\u00edlias do bairro e tamb\u00e9m por aqueles que trabalham na localidade.<\/p>\n<p>Ao chegar \u00e0 Catedral, todos fizeram um momento de ora\u00e7\u00e3o diante da Porta Santa e Pe. Jardel explicou o que representa esta porta, convidando todos a abrir o cora\u00e7\u00e3o para \u201creceber a miseric\u00f3rdia de Deus, mas tamb\u00e9m para ser sinal de miseric\u00f3rdia para os irm\u00e3os\u201d.<\/p>\n<p>Por fim, os paroquianos da Mosela rezaram a \u00faltima dezena do ter\u00e7o dentro da Catedral e fizeram alguns minutos de sil\u00eancio e ora\u00e7\u00e3o.<\/p>\n<p><img loading=\"lazy\" src=\"http:\/\/franciscanos.org.br\/wp-content\/uploads\/2016\/08\/aniceto_240816_2.jpg\" alt=\"aniceto_240816_2\" width=\"820\" height=\"410\" \/><\/p>\n<p><strong>Centen\u00e1rio de Frei Aniceto<\/strong><\/p>\n<p>Neste ano, a Par\u00f3quia S\u00e3o Judas Tadeu est\u00e1 comemorando o centen\u00e1rio de Frei Aniceto Kroker, fundador desta comunidade. Por isso, durante a peregrina\u00e7\u00e3o \u00e0 Porta Santa da Catedral, aproveitaram para visitar o t\u00famulo deste franciscano e rezar por sua alma.<\/p>\n<p>Frei Aniceto nasceu na Alemanha em 25 de outubro de 1916 e, quando jovem, veio para o Brasil, onde ingressou para a Ordem dos Frades Menores. Na d\u00e9cada de 1950 deu in\u00edcio a uma de suas grandes obras, a Igreja de S\u00e3o Judas Tadeu e as escolas da Mosela.<\/p>\n<p>Na visita ao t\u00famulo do frade, os paroquianos foram recebidos pelos franciscanos do Sagrado Cora\u00e7\u00e3o de Jesus, Par\u00f3quia \u00e0 qual pertencia a Mosela.<\/p>\n<p>\u201cQue o suor de Frei Aniceto, que caiu sobre o solo da Mosela possa gerar sempre muitos bons frutos\u201d, declarou Pe. Jardel, lembrando que muitos dos que ali estavam presentes conviveram com o frei e foram formados por ele.<\/p>\n<p>Frei Leandro, que recebeu os visitantes, agradeceu pela presen\u00e7a e pelo carinho da comunidade com Frei Aniceto. \u201cN\u00f3s franciscanos ficamos muito felizes por v\u00ea-los cultivar essa mem\u00f3ria de Frei Aniceto. N\u00e3o o conheci, mas sei que ele fez muito por essa cidade, especialmente pela Mosela e, at\u00e9 mesmo quando j\u00e1 estava doente, fazia quest\u00e3o de ir \u00e0 Igreja de S\u00e3o Judas Tadeu\u201d, afirmou.<\/p>\n<p>Diante do mausol\u00e9u, todos entoaram a \u2018Ora\u00e7\u00e3o de S\u00e3o Francisco\u2019 e encerraram a visita com o \u2018C\u00e2ntico das Criaturas\u2019.<\/p>\n<p><img loading=\"lazy\" src=\"http:\/\/franciscanos.org.br\/wp-content\/uploads\/2016\/08\/aniceto_240816_3.jpg\" alt=\"aniceto_240816_3\" width=\"820\" height=\"547\" \/><\/p>\n","protected":false},"excerpt":{"rendered":"<p>Celebra\u00e7\u00e3o<\/p>\n","protected":false},"author":1,"featured_media":200713,"comment_status":"open","ping_status":"open","sticky":false,"template":"","format":"standard","meta":[],"categories":[1],"tags":[190],"acf":[],"yoast_head":"<!-- This site is optimized with the Yoast SEO plugin v19.2 - https:\/\/yoast.com\/wordpress\/plugins\/seo\/ -->\n<title>Peregrina\u00e7\u00e3o e centen\u00e1rio de Frei Aniceto em Petr\u00f3polis - Not\u00edcias - Franciscanos<\/title>\n<meta name=\"robots\" content=\"index, follow, max-snippet:-1, max-image-preview:large, max-video-preview:-1\" \/>\n<link rel=\"canonical\" href=\"https:\/\/franciscanos.org.br\/noticias\/mosela-peregrinacao-e-centenario-de-frei-aniceto.html\" \/>\n<meta property=\"og:locale\" content=\"pt_BR\" \/>\n<meta property=\"og:type\" content=\"article\" \/>\n<meta property=\"og:title\" content=\"Peregrina\u00e7\u00e3o e centen\u00e1rio de Frei Aniceto em Petr\u00f3polis - Not\u00edcias - Franciscanos\" \/>\n<meta property=\"og:description\" content=\"Celebra\u00e7\u00e3o\" \/>\n<meta property=\"og:url\" content=\"https:\/\/franciscanos.org.br\/noticias\/mosela-peregrinacao-e-centenario-de-frei-aniceto.html\" \/>\n<meta property=\"og:site_name\" content=\"Not\u00edcias - Franciscanos\" \/>\n<meta property=\"article:published_time\" content=\"2016-08-24T11:23:43+00:00\" \/>\n<meta property=\"article:modified_time\" content=\"2019-02-27T14:39:25+00:00\" \/>\n<meta property=\"og:image\" content=\"https:\/\/franciscanos.org.br\/noticias\/wp-content\/uploads\/2016\/08\/aniceto_240816_2.jpg\" \/>\n\t<meta property=\"og:image:width\" content=\"273\" \/>\n\t<meta property=\"og:image:height\" content=\"181\" \/>\n\t<meta property=\"og:image:type\" content=\"image\/jpeg\" \/>\n<meta name=\"author\" content=\"admin\" \/>\n<meta name=\"twitter:card\" content=\"summary_large_image\" \/>\n<meta name=\"twitter:label1\" content=\"Escrito por\" \/>\n\t<meta name=\"twitter:data1\" content=\"admin\" \/>\n\t<meta name=\"twitter:label2\" content=\"Est. tempo de leitura\" \/>\n\t<meta name=\"twitter:data2\" content=\"3 minutos\" \/>\n<script type=\"application\/ld+json\" class=\"yoast-schema-graph\">{\"@context\":\"https:\/\/schema.org\",\"@graph\":[{\"@type\":\"WebSite\",\"@id\":\"https:\/\/franciscanos.org.br\/noticias\/#website\",\"url\":\"https:\/\/franciscanos.org.br\/noticias\/\",\"name\":\"Not\u00edcias - Franciscanos\",\"description\":\"Prov\u00edncia Franciscana da Imaculada Concei\u00e7\u00e3o do Brasil - Ordem dos Frades Menores - OFM\",\"potentialAction\":[{\"@type\":\"SearchAction\",\"target\":{\"@type\":\"EntryPoint\",\"urlTemplate\":\"https:\/\/franciscanos.org.br\/noticias\/?s={search_term_string}\"},\"query-input\":\"required name=search_term_string\"}],\"inLanguage\":\"pt-BR\"},{\"@type\":\"ImageObject\",\"inLanguage\":\"pt-BR\",\"@id\":\"https:\/\/franciscanos.org.br\/noticias\/mosela-peregrinacao-e-centenario-de-frei-aniceto.html#primaryimage\",\"url\":\"https:\/\/franciscanos.org.br\/noticias\/wp-content\/uploads\/2016\/08\/aniceto_240816_2.jpg\",\"contentUrl\":\"https:\/\/franciscanos.org.br\/noticias\/wp-content\/uploads\/2016\/08\/aniceto_240816_2.jpg\",\"width\":273,\"height\":181},{\"@type\":\"WebPage\",\"@id\":\"https:\/\/franciscanos.org.br\/noticias\/mosela-peregrinacao-e-centenario-de-frei-aniceto.html#webpage\",\"url\":\"https:\/\/franciscanos.org.br\/noticias\/mosela-peregrinacao-e-centenario-de-frei-aniceto.html\",\"name\":\"Peregrina\u00e7\u00e3o e centen\u00e1rio de Frei Aniceto em Petr\u00f3polis - Not\u00edcias - Franciscanos\",\"isPartOf\":{\"@id\":\"https:\/\/franciscanos.org.br\/noticias\/#website\"},\"primaryImageOfPage\":{\"@id\":\"https:\/\/franciscanos.org.br\/noticias\/mosela-peregrinacao-e-centenario-de-frei-aniceto.html#primaryimage\"},\"datePublished\":\"2016-08-24T11:23:43+00:00\",\"dateModified\":\"2019-02-27T14:39:25+00:00\",\"author\":{\"@id\":\"https:\/\/franciscanos.org.br\/noticias\/#\/schema\/person\/b38fbf43118f02820bd932f2e4b14ad3\"},\"breadcrumb\":{\"@id\":\"https:\/\/franciscanos.org.br\/noticias\/mosela-peregrinacao-e-centenario-de-frei-aniceto.html#breadcrumb\"},\"inLanguage\":\"pt-BR\",\"potentialAction\":[{\"@type\":\"ReadAction\",\"target\":[\"https:\/\/franciscanos.org.br\/noticias\/mosela-peregrinacao-e-centenario-de-frei-aniceto.html\"]}]},{\"@type\":\"BreadcrumbList\",\"@id\":\"https:\/\/franciscanos.org.br\/noticias\/mosela-peregrinacao-e-centenario-de-frei-aniceto.html#breadcrumb\",\"itemListElement\":[{\"@type\":\"ListItem\",\"position\":1,\"name\":\"Home\",\"item\":\"https:\/\/franciscanos.org.br\/noticias\"},{\"@type\":\"ListItem\",\"position\":2,\"name\":\"Peregrina\u00e7\u00e3o e centen\u00e1rio de Frei Aniceto em Petr\u00f3polis\"}]},{\"@type\":\"Person\",\"@id\":\"https:\/\/franciscanos.org.br\/noticias\/#\/schema\/person\/b38fbf43118f02820bd932f2e4b14ad3\",\"name\":\"admin\",\"image\":{\"@type\":\"ImageObject\",\"inLanguage\":\"pt-BR\",\"@id\":\"https:\/\/franciscanos.org.br\/noticias\/#\/schema\/person\/image\/\",\"url\":\"https:\/\/secure.gravatar.com\/avatar\/e8495742d34d0ba6448ea1c628263b3e?s=96&d=mm&r=g\",\"contentUrl\":\"https:\/\/secure.gravatar.com\/avatar\/e8495742d34d0ba6448ea1c628263b3e?s=96&d=mm&r=g\",\"caption\":\"admin\"},\"url\":\"https:\/\/franciscanos.org.br\/noticias\/author\/admin\"}]}<\/script>\n<!-- \/ Yoast SEO plugin. -->","yoast_head_json":{"title":"Peregrina\u00e7\u00e3o e centen\u00e1rio de Frei Aniceto em Petr\u00f3polis - Not\u00edcias - Franciscanos","robots":{"index":"index","follow":"follow","max-snippet":"max-snippet:-1","max-image-preview":"max-image-preview:large","max-video-preview":"max-video-preview:-1"},"canonical":"https:\/\/franciscanos.org.br\/noticias\/mosela-peregrinacao-e-centenario-de-frei-aniceto.html","og_locale":"pt_BR","og_type":"article","og_title":"Peregrina\u00e7\u00e3o e centen\u00e1rio de Frei Aniceto em Petr\u00f3polis - Not\u00edcias - Franciscanos","og_description":"Celebra\u00e7\u00e3o","og_url":"https:\/\/franciscanos.org.br\/noticias\/mosela-peregrinacao-e-centenario-de-frei-aniceto.html","og_site_name":"Not\u00edcias - Franciscanos","article_published_time":"2016-08-24T11:23:43+00:00","article_modified_time":"2019-02-27T14:39:25+00:00","og_image":[{"width":273,"height":181,"url":"https:\/\/franciscanos.org.br\/noticias\/wp-content\/uploads\/2016\/08\/aniceto_240816_2.jpg","type":"image\/jpeg"}],"author":"admin","twitter_card":"summary_large_image","twitter_misc":{"Escrito por":"admin","Est. tempo de leitura":"3 minutos"},"schema":{"@context":"https:\/\/schema.org","@graph":[{"@type":"WebSite","@id":"https:\/\/franciscanos.org.br\/noticias\/#website","url":"https:\/\/franciscanos.org.br\/noticias\/","name":"Not\u00edcias - Franciscanos","description":"Prov\u00edncia Franciscana da Imaculada Concei\u00e7\u00e3o do Brasil - Ordem dos Frades Menores - OFM","potentialAction":[{"@type":"SearchAction","target":{"@type":"EntryPoint","urlTemplate":"https:\/\/franciscanos.org.br\/noticias\/?s={search_term_string}"},"query-input":"required name=search_term_string"}],"inLanguage":"pt-BR"},{"@type":"ImageObject","inLanguage":"pt-BR","@id":"https:\/\/franciscanos.org.br\/noticias\/mosela-peregrinacao-e-centenario-de-frei-aniceto.html#primaryimage","url":"https:\/\/franciscanos.org.br\/noticias\/wp-content\/uploads\/2016\/08\/aniceto_240816_2.jpg","contentUrl":"https:\/\/franciscanos.org.br\/noticias\/wp-content\/uploads\/2016\/08\/aniceto_240816_2.jpg","width":273,"height":181},{"@type":"WebPage","@id":"https:\/\/franciscanos.org.br\/noticias\/mosela-peregrinacao-e-centenario-de-frei-aniceto.html#webpage","url":"https:\/\/franciscanos.org.br\/noticias\/mosela-peregrinacao-e-centenario-de-frei-aniceto.html","name":"Peregrina\u00e7\u00e3o e centen\u00e1rio de Frei Aniceto em Petr\u00f3polis - Not\u00edcias - Franciscanos","isPartOf":{"@id":"https:\/\/franciscanos.org.br\/noticias\/#website"},"primaryImageOfPage":{"@id":"https:\/\/franciscanos.org.br\/noticias\/mosela-peregrinacao-e-centenario-de-frei-aniceto.html#primaryimage"},"datePublished":"2016-08-24T11:23:43+00:00","dateModified":"2019-02-27T14:39:25+00:00","author":{"@id":"https:\/\/franciscanos.org.br\/noticias\/#\/schema\/person\/b38fbf43118f02820bd932f2e4b14ad3"},"breadcrumb":{"@id":"https:\/\/franciscanos.org.br\/noticias\/mosela-peregrinacao-e-centenario-de-frei-aniceto.html#breadcrumb"},"inLanguage":"pt-BR","potentialAction":[{"@type":"ReadAction","target":["https:\/\/franciscanos.org.br\/noticias\/mosela-peregrinacao-e-centenario-de-frei-aniceto.html"]}]},{"@type":"BreadcrumbList","@id":"https:\/\/franciscanos.org.br\/noticias\/mosela-peregrinacao-e-centenario-de-frei-aniceto.html#breadcrumb","itemListElement":[{"@type":"ListItem","position":1,"name":"Home","item":"https:\/\/franciscanos.org.br\/noticias"},{"@type":"ListItem","position":2,"name":"Peregrina\u00e7\u00e3o e centen\u00e1rio de Frei Aniceto em Petr\u00f3polis"}]},{"@type":"Person","@id":"https:\/\/franciscanos.org.br\/noticias\/#\/schema\/person\/b38fbf43118f02820bd932f2e4b14ad3","name":"admin","image":{"@type":"ImageObject","inLanguage":"pt-BR","@id":"https:\/\/franciscanos.org.br\/noticias\/#\/schema\/person\/image\/","url":"https:\/\/secure.gravatar.com\/avatar\/e8495742d34d0ba6448ea1c628263b3e?s=96&d=mm&r=g","contentUrl":"https:\/\/secure.gravatar.com\/avatar\/e8495742d34d0ba6448ea1c628263b3e?s=96&d=mm&r=g","caption":"admin"},"url":"https:\/\/franciscanos.org.br\/noticias\/author\/admin"}]}},"_links":{"self":[{"href":"https:\/\/franciscanos.org.br\/noticias\/wp-json\/wp\/v2\/posts\/114978"}],"collection":[{"href":"https:\/\/franciscanos.org.br\/noticias\/wp-json\/wp\/v2\/posts"}],"about":[{"href":"https:\/\/franciscanos.org.br\/noticias\/wp-json\/wp\/v2\/types\/post"}],"author":[{"embeddable":true,"href":"https:\/\/franciscanos.org.br\/noticias\/wp-json\/wp\/v2\/users\/1"}],"replies":[{"embeddable":true,"href":"https:\/\/franciscanos.org.br\/noticias\/wp-json\/wp\/v2\/comments?post=114978"}],"version-history":[{"count":0,"href":"https:\/\/franciscanos.org.br\/noticias\/wp-json\/wp\/v2\/posts\/114978\/revisions"}],"wp:featuredmedia":[{"embeddable":true,"href":"https:\/\/franciscanos.org.br\/noticias\/wp-json\/wp\/v2\/media\/200713"}],"wp:attachment":[{"href":"https:\/\/franciscanos.org.br\/noticias\/wp-json\/wp\/v2\/media?parent=114978"}],"wp:term":[{"taxonomy":"category","embeddable":true,"href":"https:\/\/franciscanos.org.br\/noticias\/wp-json\/wp\/v2\/categories?post=114978"},{"taxonomy":"post_tag","embeddable":true,"href":"https:\/\/franciscanos.org.br\/noticias\/wp-json\/wp\/v2\/tags?post=114978"}],"curies":[{"name":"wp","href":"https:\/\/api.w.org\/{rel}","templated":true}]}}