{"id":114736,"date":"2016-08-21T14:23:51","date_gmt":"2016-08-21T17:23:51","guid":{"rendered":"http:\/\/franciscanos.org.br\/?p=114736"},"modified":"2020-06-09T15:53:06","modified_gmt":"2020-06-09T18:53:06","slug":"papa-nossa-vida-nao-e-um-videogame","status":"publish","type":"post","link":"https:\/\/franciscanos.org.br\/noticias\/papa-nossa-vida-nao-e-um-videogame.html","title":{"rendered":"Papa: \u201cNossa vida n\u00e3o \u00e9 um videogame&#8221;"},"content":{"rendered":"<p><img loading=\"lazy\" src=\"http:\/\/franciscanos.org.br\/wp-content\/uploads\/2016\/08\/papa_210816.jpg\" alt=\"papa_210816\" width=\"820\" height=\"357\" \/><\/p>\n<p><strong>Cidade do Vatican<\/strong>o \u2013 \u201cNossa vida n\u00e3o \u00e9 um videogame e nem uma novela. Nossa vida \u00e9 uma coisa s\u00e9ria e o objetivo a alcan\u00e7ar \u00e9 importante: a salva\u00e7\u00e3o eterna\u201d. Assim disse o Papa em sua reflex\u00e3o do Angelus neste domingo (21\/08). Aos milhares de fi\u00e9is que neste domingo ensolarado tomaram a Pra\u00e7a S\u00e3o Pedro, o Papa falou sobre a salva\u00e7\u00e3o representada pela porta de Jesus, que conduz ao perd\u00e3o do Pai.<\/p>\n<p>\u201cA porta da miseric\u00f3rdia de Deus \u2013 prosseguiu \u2013 \u00e9 sempre aberta para todos. Deus n\u00e3o tem prefer\u00eancias, pois acolhe sempre todos, sem distin\u00e7\u00e3o. E a salva\u00e7\u00e3o que Ele nos d\u00e1 \u00e9 um fluxo incessante de miseric\u00f3rdia que derruba qualquer barreira e abre para surpreendentes perspectivas de luz e de paz\u201d.<br \/>\nNo Evangelho de Lucas, Jesus adverte: \u201cEsfor\u00e7ai-vos por entrar pela porta estreita. Pois eu vos digo que muitos ten\u00adtar\u00e3o entrar e n\u00e3o conseguir\u00e3o\u201d. \u201cEsta porta n\u00e3o \u00e9 estreita porque \u00e9 oprimente \u2013 explicou o Papa \u2013 mas porque assim, n\u00f3s limitamos e contemos nosso orgulho e nosso medo; e nos abrimos com cora\u00e7\u00e3o humilde e confiante a Ele, reconhecendo-nos como pecadores e necessitados de seu perd\u00e3o\u201d.<\/p>\n<p><strong>Em sil\u00eancio para meditar com os fi\u00e9is<\/strong><br \/>\nImprovisando, o Papa prop\u00f4s aos presentes que pensassem em sil\u00eancio alguns instantes nas coisas que cada um t\u00eam dentro e que impedem que se atravesse esta porta: o orgulho, a soberba, os pecados&#8230;<\/p>\n<p>\u201cDepois, pensemos na outra porta, aquela que est\u00e1 escancarada&#8230; a da miseric\u00f3rdia de Deus que nos espera do outro lado, para nos perdoar. Esta porta \u00e9 a ocasi\u00e3o\u201d.<\/p>\n<p>Referindo-se ainda \u00e0 narra\u00e7\u00e3o de Lucas, Francisco lembrou que \u201ca um certo ponto, o dono da casa se levanta e fecha a porta. \u201cMas se Deus \u00e9 bom e nos ama, por que fecha a porta? Porque nossa vida n\u00e3o \u00e9 um videogame e nem uma novela. Nossa vida \u00e9 uma coisa s\u00e9ria e o objetivo a alcan\u00e7ar \u00e9 importante: a salva\u00e7\u00e3o eterna. Ao entrar pela porta de Jesus, a porta da f\u00e9 e do Evangelho, deixamos para tr\u00e1s atitudes mundanas, maus h\u00e1bitos, ego\u00edsmos e fechamentos\u201d.<\/p>\n<p><strong>Maria nos ajude a compreender<\/strong><br \/>\nA exorta\u00e7\u00e3o final do Pont\u00edfice foi a Maria: \u201ca ela, pe\u00e7amos que nos ajude a entender as ocasi\u00f5es que o Senhor nos oferece para atravessar a porta da f\u00e9 e percorrer uma estrada maior: o caminho da salva\u00e7\u00e3o, capaz de acolher todos os que se deixam envolver pelo amor. \u00c9 o amor que salva; \u00e9 o amor que na terra \u00e9 fonte de bem-aventuran\u00e7as para aqueles que na mansid\u00e3o, na plenitude e na justi\u00e7a, se esquecem de si e se doam aos outros, especialmente aos mais fr\u00e1geis\u201d.<\/p>\n<p><strong>ATENTADO NA TURQUIA<\/strong><br \/>\nO governo da prov\u00edncia turca de Gaziantep anunciou neste domingo (21\/08), que o n\u00famero de mortos causados pelo atentado em um casamento perto da fronteira s\u00edria subiu para 50 e os feridos seriam 94. A cidade se tornou um centro importante para acolher refugiados s\u00edrios que fogem da guerra civil em seu pa\u00eds.<\/p>\n<p>O ataque foi recordado pelo Papa Francisco ap\u00f3s a ora\u00e7\u00e3o do Angelus, na Pra\u00e7a S\u00e3o Pedro. O Pont\u00edfice exressou a sua dor pelas v\u00edtimas e a solidariedade na ora\u00e7\u00e3o pelas pessoas atingidas.<\/p>\n<p>\u201cQueridos irm\u00e3os e irm\u00e3s, chegou-me a triste not\u00edcia do sangrento atentado que ontem atingiu a querida Turquia. Rezemos pelas v\u00edtimas, pelos mortos e os feridos e pe\u00e7amos o dom da paz para todos\u201d, disse o Papa, rezando em seguida a Ave Maria junto com os fi\u00e9is.<\/p>\n<p>Segundo a ag\u00eancia de not\u00edcias Dogan, a explos\u00e3o, que aconteceu \u00e0s 16h40 (hor\u00e1rio de Bras\u00edlia), teve como alvo uma cerim\u00f4nia de casamento ao ar livre.<br \/>\nUm respons\u00e1vel turco informou que a cidade de Gaziantep \u00e9 de maioria curda, o que refor\u00e7a as especula\u00e7\u00f5es sobre um atentado jihadista.<\/p>\n<p>Numerosos curdos participavam do casamento, incluindo muitas mulheres e crian\u00e7as, e \u201cmuitos curdos perderam a vida\u201d. \u201cO objetivo do terror \u00e9 atemorizar a popula\u00e7\u00e3o, mas n\u00e3o vamos permitir isso\u201d, garantiu o vice-primeiro-ministro turco, Mehmet Simsek.<\/p>\n<hr \/>\n<p><em>Fonte: R\u00e1dio Vaticano<\/em><\/p>\n","protected":false},"excerpt":{"rendered":"<p>Angelus<\/p>\n","protected":false},"author":1,"featured_media":0,"comment_status":"open","ping_status":"open","sticky":false,"template":"","format":"standard","meta":[],"categories":[1428],"tags":[403],"acf":[],"yoast_head":"<!-- This site is optimized with the Yoast SEO plugin v19.2 - https:\/\/yoast.com\/wordpress\/plugins\/seo\/ -->\n<title>Papa: \u201cNossa vida n\u00e3o \u00e9 um videogame&quot; - Not\u00edcias - Franciscanos<\/title>\n<meta name=\"robots\" content=\"index, follow, max-snippet:-1, max-image-preview:large, max-video-preview:-1\" \/>\n<link rel=\"canonical\" href=\"https:\/\/franciscanos.org.br\/noticias\/papa-nossa-vida-nao-e-um-videogame.html\" \/>\n<meta property=\"og:locale\" content=\"pt_BR\" \/>\n<meta property=\"og:type\" content=\"article\" \/>\n<meta property=\"og:title\" content=\"Papa: \u201cNossa vida n\u00e3o \u00e9 um videogame&quot; - Not\u00edcias - Franciscanos\" \/>\n<meta property=\"og:description\" content=\"Angelus\" \/>\n<meta property=\"og:url\" content=\"https:\/\/franciscanos.org.br\/noticias\/papa-nossa-vida-nao-e-um-videogame.html\" \/>\n<meta property=\"og:site_name\" content=\"Not\u00edcias - Franciscanos\" \/>\n<meta property=\"article:published_time\" content=\"2016-08-21T17:23:51+00:00\" \/>\n<meta property=\"article:modified_time\" content=\"2020-06-09T18:53:06+00:00\" \/>\n<meta property=\"og:image\" content=\"http:\/\/franciscanos.org.br\/wp-content\/uploads\/2016\/08\/papa_210816.jpg\" \/>\n<meta name=\"author\" content=\"admin\" \/>\n<meta name=\"twitter:card\" content=\"summary_large_image\" \/>\n<meta name=\"twitter:label1\" content=\"Escrito por\" \/>\n\t<meta name=\"twitter:data1\" content=\"admin\" \/>\n\t<meta name=\"twitter:label2\" content=\"Est. tempo de leitura\" \/>\n\t<meta name=\"twitter:data2\" content=\"4 minutos\" \/>\n<script type=\"application\/ld+json\" class=\"yoast-schema-graph\">{\"@context\":\"https:\/\/schema.org\",\"@graph\":[{\"@type\":\"WebSite\",\"@id\":\"https:\/\/franciscanos.org.br\/noticias\/#website\",\"url\":\"https:\/\/franciscanos.org.br\/noticias\/\",\"name\":\"Not\u00edcias - Franciscanos\",\"description\":\"Prov\u00edncia Franciscana da Imaculada Concei\u00e7\u00e3o do Brasil - Ordem dos Frades Menores - OFM\",\"potentialAction\":[{\"@type\":\"SearchAction\",\"target\":{\"@type\":\"EntryPoint\",\"urlTemplate\":\"https:\/\/franciscanos.org.br\/noticias\/?s={search_term_string}\"},\"query-input\":\"required name=search_term_string\"}],\"inLanguage\":\"pt-BR\"},{\"@type\":\"ImageObject\",\"inLanguage\":\"pt-BR\",\"@id\":\"https:\/\/franciscanos.org.br\/noticias\/papa-nossa-vida-nao-e-um-videogame.html#primaryimage\",\"url\":\"http:\/\/franciscanos.org.br\/wp-content\/uploads\/2016\/08\/papa_210816.jpg\",\"contentUrl\":\"http:\/\/franciscanos.org.br\/wp-content\/uploads\/2016\/08\/papa_210816.jpg\"},{\"@type\":\"WebPage\",\"@id\":\"https:\/\/franciscanos.org.br\/noticias\/papa-nossa-vida-nao-e-um-videogame.html#webpage\",\"url\":\"https:\/\/franciscanos.org.br\/noticias\/papa-nossa-vida-nao-e-um-videogame.html\",\"name\":\"Papa: \u201cNossa vida n\u00e3o \u00e9 um videogame\\\" - Not\u00edcias - Franciscanos\",\"isPartOf\":{\"@id\":\"https:\/\/franciscanos.org.br\/noticias\/#website\"},\"primaryImageOfPage\":{\"@id\":\"https:\/\/franciscanos.org.br\/noticias\/papa-nossa-vida-nao-e-um-videogame.html#primaryimage\"},\"datePublished\":\"2016-08-21T17:23:51+00:00\",\"dateModified\":\"2020-06-09T18:53:06+00:00\",\"author\":{\"@id\":\"https:\/\/franciscanos.org.br\/noticias\/#\/schema\/person\/b38fbf43118f02820bd932f2e4b14ad3\"},\"breadcrumb\":{\"@id\":\"https:\/\/franciscanos.org.br\/noticias\/papa-nossa-vida-nao-e-um-videogame.html#breadcrumb\"},\"inLanguage\":\"pt-BR\",\"potentialAction\":[{\"@type\":\"ReadAction\",\"target\":[\"https:\/\/franciscanos.org.br\/noticias\/papa-nossa-vida-nao-e-um-videogame.html\"]}]},{\"@type\":\"BreadcrumbList\",\"@id\":\"https:\/\/franciscanos.org.br\/noticias\/papa-nossa-vida-nao-e-um-videogame.html#breadcrumb\",\"itemListElement\":[{\"@type\":\"ListItem\",\"position\":1,\"name\":\"Home\",\"item\":\"https:\/\/franciscanos.org.br\/noticias\"},{\"@type\":\"ListItem\",\"position\":2,\"name\":\"Papa: \u201cNossa vida n\u00e3o \u00e9 um videogame&#8221;\"}]},{\"@type\":\"Person\",\"@id\":\"https:\/\/franciscanos.org.br\/noticias\/#\/schema\/person\/b38fbf43118f02820bd932f2e4b14ad3\",\"name\":\"admin\",\"image\":{\"@type\":\"ImageObject\",\"inLanguage\":\"pt-BR\",\"@id\":\"https:\/\/franciscanos.org.br\/noticias\/#\/schema\/person\/image\/\",\"url\":\"https:\/\/secure.gravatar.com\/avatar\/e8495742d34d0ba6448ea1c628263b3e?s=96&d=mm&r=g\",\"contentUrl\":\"https:\/\/secure.gravatar.com\/avatar\/e8495742d34d0ba6448ea1c628263b3e?s=96&d=mm&r=g\",\"caption\":\"admin\"},\"url\":\"https:\/\/franciscanos.org.br\/noticias\/author\/admin\"}]}<\/script>\n<!-- \/ Yoast SEO plugin. -->","yoast_head_json":{"title":"Papa: \u201cNossa vida n\u00e3o \u00e9 um videogame\" - Not\u00edcias - Franciscanos","robots":{"index":"index","follow":"follow","max-snippet":"max-snippet:-1","max-image-preview":"max-image-preview:large","max-video-preview":"max-video-preview:-1"},"canonical":"https:\/\/franciscanos.org.br\/noticias\/papa-nossa-vida-nao-e-um-videogame.html","og_locale":"pt_BR","og_type":"article","og_title":"Papa: \u201cNossa vida n\u00e3o \u00e9 um videogame\" - Not\u00edcias - Franciscanos","og_description":"Angelus","og_url":"https:\/\/franciscanos.org.br\/noticias\/papa-nossa-vida-nao-e-um-videogame.html","og_site_name":"Not\u00edcias - Franciscanos","article_published_time":"2016-08-21T17:23:51+00:00","article_modified_time":"2020-06-09T18:53:06+00:00","og_image":[{"url":"http:\/\/franciscanos.org.br\/wp-content\/uploads\/2016\/08\/papa_210816.jpg"}],"author":"admin","twitter_card":"summary_large_image","twitter_misc":{"Escrito por":"admin","Est. tempo de leitura":"4 minutos"},"schema":{"@context":"https:\/\/schema.org","@graph":[{"@type":"WebSite","@id":"https:\/\/franciscanos.org.br\/noticias\/#website","url":"https:\/\/franciscanos.org.br\/noticias\/","name":"Not\u00edcias - Franciscanos","description":"Prov\u00edncia Franciscana da Imaculada Concei\u00e7\u00e3o do Brasil - Ordem dos Frades Menores - OFM","potentialAction":[{"@type":"SearchAction","target":{"@type":"EntryPoint","urlTemplate":"https:\/\/franciscanos.org.br\/noticias\/?s={search_term_string}"},"query-input":"required name=search_term_string"}],"inLanguage":"pt-BR"},{"@type":"ImageObject","inLanguage":"pt-BR","@id":"https:\/\/franciscanos.org.br\/noticias\/papa-nossa-vida-nao-e-um-videogame.html#primaryimage","url":"http:\/\/franciscanos.org.br\/wp-content\/uploads\/2016\/08\/papa_210816.jpg","contentUrl":"http:\/\/franciscanos.org.br\/wp-content\/uploads\/2016\/08\/papa_210816.jpg"},{"@type":"WebPage","@id":"https:\/\/franciscanos.org.br\/noticias\/papa-nossa-vida-nao-e-um-videogame.html#webpage","url":"https:\/\/franciscanos.org.br\/noticias\/papa-nossa-vida-nao-e-um-videogame.html","name":"Papa: \u201cNossa vida n\u00e3o \u00e9 um videogame\" - Not\u00edcias - Franciscanos","isPartOf":{"@id":"https:\/\/franciscanos.org.br\/noticias\/#website"},"primaryImageOfPage":{"@id":"https:\/\/franciscanos.org.br\/noticias\/papa-nossa-vida-nao-e-um-videogame.html#primaryimage"},"datePublished":"2016-08-21T17:23:51+00:00","dateModified":"2020-06-09T18:53:06+00:00","author":{"@id":"https:\/\/franciscanos.org.br\/noticias\/#\/schema\/person\/b38fbf43118f02820bd932f2e4b14ad3"},"breadcrumb":{"@id":"https:\/\/franciscanos.org.br\/noticias\/papa-nossa-vida-nao-e-um-videogame.html#breadcrumb"},"inLanguage":"pt-BR","potentialAction":[{"@type":"ReadAction","target":["https:\/\/franciscanos.org.br\/noticias\/papa-nossa-vida-nao-e-um-videogame.html"]}]},{"@type":"BreadcrumbList","@id":"https:\/\/franciscanos.org.br\/noticias\/papa-nossa-vida-nao-e-um-videogame.html#breadcrumb","itemListElement":[{"@type":"ListItem","position":1,"name":"Home","item":"https:\/\/franciscanos.org.br\/noticias"},{"@type":"ListItem","position":2,"name":"Papa: \u201cNossa vida n\u00e3o \u00e9 um videogame&#8221;"}]},{"@type":"Person","@id":"https:\/\/franciscanos.org.br\/noticias\/#\/schema\/person\/b38fbf43118f02820bd932f2e4b14ad3","name":"admin","image":{"@type":"ImageObject","inLanguage":"pt-BR","@id":"https:\/\/franciscanos.org.br\/noticias\/#\/schema\/person\/image\/","url":"https:\/\/secure.gravatar.com\/avatar\/e8495742d34d0ba6448ea1c628263b3e?s=96&d=mm&r=g","contentUrl":"https:\/\/secure.gravatar.com\/avatar\/e8495742d34d0ba6448ea1c628263b3e?s=96&d=mm&r=g","caption":"admin"},"url":"https:\/\/franciscanos.org.br\/noticias\/author\/admin"}]}},"_links":{"self":[{"href":"https:\/\/franciscanos.org.br\/noticias\/wp-json\/wp\/v2\/posts\/114736"}],"collection":[{"href":"https:\/\/franciscanos.org.br\/noticias\/wp-json\/wp\/v2\/posts"}],"about":[{"href":"https:\/\/franciscanos.org.br\/noticias\/wp-json\/wp\/v2\/types\/post"}],"author":[{"embeddable":true,"href":"https:\/\/franciscanos.org.br\/noticias\/wp-json\/wp\/v2\/users\/1"}],"replies":[{"embeddable":true,"href":"https:\/\/franciscanos.org.br\/noticias\/wp-json\/wp\/v2\/comments?post=114736"}],"version-history":[{"count":2,"href":"https:\/\/franciscanos.org.br\/noticias\/wp-json\/wp\/v2\/posts\/114736\/revisions"}],"predecessor-version":[{"id":225634,"href":"https:\/\/franciscanos.org.br\/noticias\/wp-json\/wp\/v2\/posts\/114736\/revisions\/225634"}],"wp:attachment":[{"href":"https:\/\/franciscanos.org.br\/noticias\/wp-json\/wp\/v2\/media?parent=114736"}],"wp:term":[{"taxonomy":"category","embeddable":true,"href":"https:\/\/franciscanos.org.br\/noticias\/wp-json\/wp\/v2\/categories?post=114736"},{"taxonomy":"post_tag","embeddable":true,"href":"https:\/\/franciscanos.org.br\/noticias\/wp-json\/wp\/v2\/tags?post=114736"}],"curies":[{"name":"wp","href":"https:\/\/api.w.org\/{rel}","templated":true}]}}