{"id":114688,"date":"2016-08-23T11:30:34","date_gmt":"2016-08-23T14:30:34","guid":{"rendered":"http:\/\/franciscanos.org.br\/?p=114688"},"modified":"2020-06-09T15:51:02","modified_gmt":"2020-06-09T18:51:02","slug":"frades-fazem-a-profissao-solene-domingo","status":"publish","type":"post","link":"https:\/\/franciscanos.org.br\/noticias\/frades-fazem-a-profissao-solene-domingo.html","title":{"rendered":"Dois frades fazem a profiss\u00e3o solene domingo"},"content":{"rendered":"<p><strong>Moacir Beggo<\/strong><\/p>\n<p><strong>Petr\u00f3polis (RJ)<\/strong> &#8211; A solene Celebra\u00e7\u00e3o Eucar\u00edstica das 10 horas na Par\u00f3quia do Sagrado Cora\u00e7\u00e3o de Jesus, em Petr\u00f3polis, quando tem a participa\u00e7\u00e3o do Coral dos Canarinhos, ser\u00e1 mais solene ainda neste domingo, 28 de agosto: Frei Jos\u00e9 Morais Cambolo e Frei Roberto Aparecido Pereira v\u00e3o professar os votos solenes na Ordem dos Frades Menores pelas m\u00e3os do Ministro Provincial Frei Fid\u00eancio Vanboemmel.<\/p>\n<p>A profiss\u00e3o solene, o \u00faltimo degrau para um frade ingressar definitivamente na vida religiosa, ser\u00e1 feita recitando a seguinte f\u00f3rmula: \u201cPara louvor e gl\u00f3ria da Sant\u00edssima Trindade, eu, frei\u2026 tendo o Senhor me dado a gra\u00e7a de seguir mais de perto o Evangelho e os passos de Nosso Senhor Jesus Cristo, em tuas m\u00e3os, Frei Fid\u00eancio Vanboemmel, com firme f\u00e9 e vontade, fa\u00e7o voto a Deus, Pai santo e todo-poderoso, de viver por todo o tempo de minha vida, em obedi\u00eancia, sem nada de pr\u00f3prio e em castidade. Ao mesmo tempo, professo a vida e a Regra dos Frades Menores, confirmada pelo Papa Hon\u00f3rio, e prometo observ\u00e1-la fielmente segundo as Constitui\u00e7\u00f5es da Ordem dos Frades Menores. Entrego-me, pois, de todo o cora\u00e7\u00e3o a esta Fraternidade, para que, pela a\u00e7\u00e3o eficaz do Esp\u00edrito Santo, guiado pelo exemplo de Maria Imaculada, por intercess\u00e3o de nosso Pai S\u00e3o Francisco e de todos os santos, e com a ajuda fraterna de todos, eu possa tender constantemente para a perfeita caridade, no servi\u00e7o a Deus, \u00e0 Igreja e aos homens\u201d.<\/p>\n<p><img loading=\"lazy\" class=\"alignright wp-image-114956\" src=\"http:\/\/franciscanos.org.br\/wp-content\/uploads\/2016\/08\/frades_230816_1.jpg\" alt=\"frades_230816_1\" width=\"441\" height=\"338\" \/>O professando Frei Jos\u00e9 Morais \u00e9 natural de Luanda, Angola, onde nasceu no dia 26 de janeiro de 1989. Vestiu o h\u00e1bito franciscano no Noviciado de Rodeio no dia 12 de janeiro de 2010. Cursou Filosofia em Luanda e est\u00e1 cursando o segundo ano de Teologia em Petr\u00f3polis. J\u00e1 Roberto Aparecido \u00e9 natural de Len\u00e7\u00f3is Paulista (SP), onde nasceu no dia 1\u00ba de agosto de 1987. Vestiu o h\u00e1bito franciscano no Noviciado de Rodeio no dia 12 de janeiro de 2010, cursou Filosofia em Curitiba e est\u00e1 cursando o terceiro de Teologia em Petr\u00f3polis.<\/p>\n<p>Os dois frades escolheram como lema para a profiss\u00e3o um trecho do Testamento de S\u00e3o Francisco de Assis, que est\u00e1 tamb\u00e9m em sintonia com o Ano da Miseric\u00f3rdia: &#8220;E o Senhor me conduziu entre eles e fiz miseric\u00f3rdia com eles&#8221; (Test, 2)<\/p>\n<p><strong>Retiro Preparat\u00f3rio em Rodeio<\/strong><\/p>\n<p>Este momento importante na vida religiosa franciscana foi preparado pelos dois jovens frades durante Retiro no Noviciado de Rodeio em julho. Com eles, participaram deste retiro mais tr\u00eas frades da Prov\u00edncia do Sant\u00edssimo Nome de Jesus &#8211; Frei Edgar Vieira Manso, Frei Janilson Lu\u00eds Coelho e Frei Rog\u00e9rio Ferreira Constantino &#8211; que tamb\u00e9m far\u00e3o a profiss\u00e3o solene, mas em outra data. O mestre Frei Marcos Ant\u00f4nio de Andrade acompanhou os professandos.<\/p>\n<p>\u201cOs primeiros dias do retiro aconteceram no pr\u00f3prio Noviciado, sendo observado o itiner\u00e1rio pr\u00f3prio desta casa de forma\u00e7\u00e3o. Houve momentos de exposi\u00e7\u00e3o de textos iluminadores para cada dia, contando com a presen\u00e7a do pregador do retiro e com o aux\u00edlio dos irm\u00e3os que residem na fraternidade. Momentos de deserto tamb\u00e9m fizeram parte deste caminho percorrido na primeira parte do m\u00eas\u201d, explicou Frei Jos\u00e9.<\/p>\n<p>\u201cNa segunda parte do retiro pudemos vivenciar o sil\u00eancio da procura incans\u00e1vel pela voz do Senhor: a ora\u00e7\u00e3o, que alimenta o frade menor; o trabalho, que nos faz servir mais que ser servidos e o conv\u00edvio fraterno, heran\u00e7a nos legada pelo Ser\u00e1fico Patriarca, tudo isto no eremit\u00e9rio Beato Frei Eg\u00eddio de Assis\u201d, completou.<\/p>\n<p><a href=\"http:\/\/franciscanos.org.br\/wp-content\/uploads\/2016\/08\/profissao_190816_convite.jpg\"><img loading=\"lazy\" src=\"http:\/\/franciscanos.org.br\/wp-content\/uploads\/2016\/08\/profissao_190816_convite.jpg\" alt=\"profissao_190816_convite\" width=\"830\" height=\"1162\" \/><\/a><\/p>\n","protected":false},"excerpt":{"rendered":"<p> Frei Jos\u00e9 Morais Cambolo e Frei Roberto Aparecido Pereira fazem a profiss\u00e3o solene <\/p>\n","protected":false},"author":1,"featured_media":208879,"comment_status":"open","ping_status":"open","sticky":false,"template":"","format":"standard","meta":[],"categories":[1],"tags":[418],"acf":[],"yoast_head":"<!-- This site is optimized with the Yoast SEO plugin v19.2 - https:\/\/yoast.com\/wordpress\/plugins\/seo\/ -->\n<title>Dois frades fazem a profiss\u00e3o solene domingo - Not\u00edcias - Franciscanos<\/title>\n<meta name=\"robots\" content=\"index, follow, max-snippet:-1, max-image-preview:large, max-video-preview:-1\" \/>\n<link rel=\"canonical\" href=\"https:\/\/franciscanos.org.br\/noticias\/frades-fazem-a-profissao-solene-domingo.html\" \/>\n<meta property=\"og:locale\" content=\"pt_BR\" \/>\n<meta property=\"og:type\" content=\"article\" \/>\n<meta property=\"og:title\" content=\"Dois frades fazem a profiss\u00e3o solene domingo - Not\u00edcias - Franciscanos\" \/>\n<meta property=\"og:description\" content=\"Frei Jos\u00e9 Morais Cambolo e Frei Roberto Aparecido Pereira fazem a profiss\u00e3o solene\" \/>\n<meta property=\"og:url\" content=\"https:\/\/franciscanos.org.br\/noticias\/frades-fazem-a-profissao-solene-domingo.html\" \/>\n<meta property=\"og:site_name\" content=\"Not\u00edcias - Franciscanos\" \/>\n<meta property=\"article:published_time\" content=\"2016-08-23T14:30:34+00:00\" \/>\n<meta property=\"article:modified_time\" content=\"2020-06-09T18:51:02+00:00\" \/>\n<meta property=\"og:image\" content=\"https:\/\/franciscanos.org.br\/noticias\/wp-content\/uploads\/2016\/08\/frades_230816_1.jpg\" \/>\n\t<meta property=\"og:image:width\" content=\"273\" \/>\n\t<meta property=\"og:image:height\" content=\"181\" \/>\n\t<meta property=\"og:image:type\" content=\"image\/jpeg\" \/>\n<meta name=\"author\" content=\"admin\" \/>\n<meta name=\"twitter:card\" content=\"summary_large_image\" \/>\n<meta name=\"twitter:label1\" content=\"Escrito por\" \/>\n\t<meta name=\"twitter:data1\" content=\"admin\" \/>\n\t<meta name=\"twitter:label2\" content=\"Est. tempo de leitura\" \/>\n\t<meta name=\"twitter:data2\" content=\"3 minutos\" \/>\n<script type=\"application\/ld+json\" class=\"yoast-schema-graph\">{\"@context\":\"https:\/\/schema.org\",\"@graph\":[{\"@type\":\"WebSite\",\"@id\":\"https:\/\/franciscanos.org.br\/noticias\/#website\",\"url\":\"https:\/\/franciscanos.org.br\/noticias\/\",\"name\":\"Not\u00edcias - Franciscanos\",\"description\":\"Prov\u00edncia Franciscana da Imaculada Concei\u00e7\u00e3o do Brasil - Ordem dos Frades Menores - OFM\",\"potentialAction\":[{\"@type\":\"SearchAction\",\"target\":{\"@type\":\"EntryPoint\",\"urlTemplate\":\"https:\/\/franciscanos.org.br\/noticias\/?s={search_term_string}\"},\"query-input\":\"required name=search_term_string\"}],\"inLanguage\":\"pt-BR\"},{\"@type\":\"ImageObject\",\"inLanguage\":\"pt-BR\",\"@id\":\"https:\/\/franciscanos.org.br\/noticias\/frades-fazem-a-profissao-solene-domingo.html#primaryimage\",\"url\":\"https:\/\/franciscanos.org.br\/noticias\/wp-content\/uploads\/2016\/08\/frades_230816_1.jpg\",\"contentUrl\":\"https:\/\/franciscanos.org.br\/noticias\/wp-content\/uploads\/2016\/08\/frades_230816_1.jpg\",\"width\":273,\"height\":181},{\"@type\":\"WebPage\",\"@id\":\"https:\/\/franciscanos.org.br\/noticias\/frades-fazem-a-profissao-solene-domingo.html#webpage\",\"url\":\"https:\/\/franciscanos.org.br\/noticias\/frades-fazem-a-profissao-solene-domingo.html\",\"name\":\"Dois frades fazem a profiss\u00e3o solene domingo - Not\u00edcias - Franciscanos\",\"isPartOf\":{\"@id\":\"https:\/\/franciscanos.org.br\/noticias\/#website\"},\"primaryImageOfPage\":{\"@id\":\"https:\/\/franciscanos.org.br\/noticias\/frades-fazem-a-profissao-solene-domingo.html#primaryimage\"},\"datePublished\":\"2016-08-23T14:30:34+00:00\",\"dateModified\":\"2020-06-09T18:51:02+00:00\",\"author\":{\"@id\":\"https:\/\/franciscanos.org.br\/noticias\/#\/schema\/person\/b38fbf43118f02820bd932f2e4b14ad3\"},\"breadcrumb\":{\"@id\":\"https:\/\/franciscanos.org.br\/noticias\/frades-fazem-a-profissao-solene-domingo.html#breadcrumb\"},\"inLanguage\":\"pt-BR\",\"potentialAction\":[{\"@type\":\"ReadAction\",\"target\":[\"https:\/\/franciscanos.org.br\/noticias\/frades-fazem-a-profissao-solene-domingo.html\"]}]},{\"@type\":\"BreadcrumbList\",\"@id\":\"https:\/\/franciscanos.org.br\/noticias\/frades-fazem-a-profissao-solene-domingo.html#breadcrumb\",\"itemListElement\":[{\"@type\":\"ListItem\",\"position\":1,\"name\":\"Home\",\"item\":\"https:\/\/franciscanos.org.br\/noticias\"},{\"@type\":\"ListItem\",\"position\":2,\"name\":\"Dois frades fazem a profiss\u00e3o solene domingo\"}]},{\"@type\":\"Person\",\"@id\":\"https:\/\/franciscanos.org.br\/noticias\/#\/schema\/person\/b38fbf43118f02820bd932f2e4b14ad3\",\"name\":\"admin\",\"image\":{\"@type\":\"ImageObject\",\"inLanguage\":\"pt-BR\",\"@id\":\"https:\/\/franciscanos.org.br\/noticias\/#\/schema\/person\/image\/\",\"url\":\"https:\/\/secure.gravatar.com\/avatar\/e8495742d34d0ba6448ea1c628263b3e?s=96&d=mm&r=g\",\"contentUrl\":\"https:\/\/secure.gravatar.com\/avatar\/e8495742d34d0ba6448ea1c628263b3e?s=96&d=mm&r=g\",\"caption\":\"admin\"},\"url\":\"https:\/\/franciscanos.org.br\/noticias\/author\/admin\"}]}<\/script>\n<!-- \/ Yoast SEO plugin. -->","yoast_head_json":{"title":"Dois frades fazem a profiss\u00e3o solene domingo - Not\u00edcias - Franciscanos","robots":{"index":"index","follow":"follow","max-snippet":"max-snippet:-1","max-image-preview":"max-image-preview:large","max-video-preview":"max-video-preview:-1"},"canonical":"https:\/\/franciscanos.org.br\/noticias\/frades-fazem-a-profissao-solene-domingo.html","og_locale":"pt_BR","og_type":"article","og_title":"Dois frades fazem a profiss\u00e3o solene domingo - Not\u00edcias - Franciscanos","og_description":"Frei Jos\u00e9 Morais Cambolo e Frei Roberto Aparecido Pereira fazem a profiss\u00e3o solene","og_url":"https:\/\/franciscanos.org.br\/noticias\/frades-fazem-a-profissao-solene-domingo.html","og_site_name":"Not\u00edcias - Franciscanos","article_published_time":"2016-08-23T14:30:34+00:00","article_modified_time":"2020-06-09T18:51:02+00:00","og_image":[{"width":273,"height":181,"url":"https:\/\/franciscanos.org.br\/noticias\/wp-content\/uploads\/2016\/08\/frades_230816_1.jpg","type":"image\/jpeg"}],"author":"admin","twitter_card":"summary_large_image","twitter_misc":{"Escrito por":"admin","Est. tempo de leitura":"3 minutos"},"schema":{"@context":"https:\/\/schema.org","@graph":[{"@type":"WebSite","@id":"https:\/\/franciscanos.org.br\/noticias\/#website","url":"https:\/\/franciscanos.org.br\/noticias\/","name":"Not\u00edcias - Franciscanos","description":"Prov\u00edncia Franciscana da Imaculada Concei\u00e7\u00e3o do Brasil - Ordem dos Frades Menores - OFM","potentialAction":[{"@type":"SearchAction","target":{"@type":"EntryPoint","urlTemplate":"https:\/\/franciscanos.org.br\/noticias\/?s={search_term_string}"},"query-input":"required name=search_term_string"}],"inLanguage":"pt-BR"},{"@type":"ImageObject","inLanguage":"pt-BR","@id":"https:\/\/franciscanos.org.br\/noticias\/frades-fazem-a-profissao-solene-domingo.html#primaryimage","url":"https:\/\/franciscanos.org.br\/noticias\/wp-content\/uploads\/2016\/08\/frades_230816_1.jpg","contentUrl":"https:\/\/franciscanos.org.br\/noticias\/wp-content\/uploads\/2016\/08\/frades_230816_1.jpg","width":273,"height":181},{"@type":"WebPage","@id":"https:\/\/franciscanos.org.br\/noticias\/frades-fazem-a-profissao-solene-domingo.html#webpage","url":"https:\/\/franciscanos.org.br\/noticias\/frades-fazem-a-profissao-solene-domingo.html","name":"Dois frades fazem a profiss\u00e3o solene domingo - Not\u00edcias - Franciscanos","isPartOf":{"@id":"https:\/\/franciscanos.org.br\/noticias\/#website"},"primaryImageOfPage":{"@id":"https:\/\/franciscanos.org.br\/noticias\/frades-fazem-a-profissao-solene-domingo.html#primaryimage"},"datePublished":"2016-08-23T14:30:34+00:00","dateModified":"2020-06-09T18:51:02+00:00","author":{"@id":"https:\/\/franciscanos.org.br\/noticias\/#\/schema\/person\/b38fbf43118f02820bd932f2e4b14ad3"},"breadcrumb":{"@id":"https:\/\/franciscanos.org.br\/noticias\/frades-fazem-a-profissao-solene-domingo.html#breadcrumb"},"inLanguage":"pt-BR","potentialAction":[{"@type":"ReadAction","target":["https:\/\/franciscanos.org.br\/noticias\/frades-fazem-a-profissao-solene-domingo.html"]}]},{"@type":"BreadcrumbList","@id":"https:\/\/franciscanos.org.br\/noticias\/frades-fazem-a-profissao-solene-domingo.html#breadcrumb","itemListElement":[{"@type":"ListItem","position":1,"name":"Home","item":"https:\/\/franciscanos.org.br\/noticias"},{"@type":"ListItem","position":2,"name":"Dois frades fazem a profiss\u00e3o solene domingo"}]},{"@type":"Person","@id":"https:\/\/franciscanos.org.br\/noticias\/#\/schema\/person\/b38fbf43118f02820bd932f2e4b14ad3","name":"admin","image":{"@type":"ImageObject","inLanguage":"pt-BR","@id":"https:\/\/franciscanos.org.br\/noticias\/#\/schema\/person\/image\/","url":"https:\/\/secure.gravatar.com\/avatar\/e8495742d34d0ba6448ea1c628263b3e?s=96&d=mm&r=g","contentUrl":"https:\/\/secure.gravatar.com\/avatar\/e8495742d34d0ba6448ea1c628263b3e?s=96&d=mm&r=g","caption":"admin"},"url":"https:\/\/franciscanos.org.br\/noticias\/author\/admin"}]}},"_links":{"self":[{"href":"https:\/\/franciscanos.org.br\/noticias\/wp-json\/wp\/v2\/posts\/114688"}],"collection":[{"href":"https:\/\/franciscanos.org.br\/noticias\/wp-json\/wp\/v2\/posts"}],"about":[{"href":"https:\/\/franciscanos.org.br\/noticias\/wp-json\/wp\/v2\/types\/post"}],"author":[{"embeddable":true,"href":"https:\/\/franciscanos.org.br\/noticias\/wp-json\/wp\/v2\/users\/1"}],"replies":[{"embeddable":true,"href":"https:\/\/franciscanos.org.br\/noticias\/wp-json\/wp\/v2\/comments?post=114688"}],"version-history":[{"count":1,"href":"https:\/\/franciscanos.org.br\/noticias\/wp-json\/wp\/v2\/posts\/114688\/revisions"}],"predecessor-version":[{"id":225633,"href":"https:\/\/franciscanos.org.br\/noticias\/wp-json\/wp\/v2\/posts\/114688\/revisions\/225633"}],"wp:featuredmedia":[{"embeddable":true,"href":"https:\/\/franciscanos.org.br\/noticias\/wp-json\/wp\/v2\/media\/208879"}],"wp:attachment":[{"href":"https:\/\/franciscanos.org.br\/noticias\/wp-json\/wp\/v2\/media?parent=114688"}],"wp:term":[{"taxonomy":"category","embeddable":true,"href":"https:\/\/franciscanos.org.br\/noticias\/wp-json\/wp\/v2\/categories?post=114688"},{"taxonomy":"post_tag","embeddable":true,"href":"https:\/\/franciscanos.org.br\/noticias\/wp-json\/wp\/v2\/tags?post=114688"}],"curies":[{"name":"wp","href":"https:\/\/api.w.org\/{rel}","templated":true}]}}