{"id":114649,"date":"2016-08-19T07:22:40","date_gmt":"2016-08-19T10:22:40","guid":{"rendered":"http:\/\/franciscanos.org.br\/?p=114649"},"modified":"2019-04-17T14:26:51","modified_gmt":"2019-04-17T17:26:51","slug":"a-forca-do-sexo-fragil","status":"publish","type":"post","link":"https:\/\/franciscanos.org.br\/noticias\/a-forca-do-sexo-fragil.html","title":{"rendered":"A for\u00e7a do &#8220;sexo fr\u00e1gil&#8221;"},"content":{"rendered":"<p><img loading=\"lazy\" src=\"https:\/\/franciscanos.org.br\/noticias\/wp-content\/uploads\/2016\/08\/maria_190816.jpg\" alt=\"\" width=\"820\" height=\"495\" \/><\/p>\n<p><strong>Frei Gustavo Medella<\/strong><\/p>\n<p>&#8220;Dizem que a mulher \u00e9 o sexo fr\u00e1gil. Mas que mentira absurda!&#8221;, diz a can\u00e7\u00e3o de Erasmo Carlos. E as leituras que comp\u00f5em a liturgia na qual celebramos a Assun\u00e7\u00e3o de Maria, neste domingo (21 de agosto), v\u00eam confirmar a senten\u00e7a cantada pelo <em>Tremend\u00e3o<\/em>. Contemplar o exemplo da M\u00e3e da Verdade permite-nos perceber o qu\u00e3o mentiroso se mostra este estigma da fragilidade feminina.<\/p>\n<p>Na primeira leitura, a gr\u00e1vida vestida de sol &#8211; imagem de Maria e da Igreja &#8211; d\u00e1 \u00e0 luz o seu rebento, defendendo-o da voracidade do drag\u00e3o que desejava devorar seu filho. Maria, sob a a\u00e7\u00e3o do Esp\u00edrito, defendeu seu Filho das armadilhas de um rei ganancioso e o conduziu a um crescimento sadio e integral. Mesmo vivendo com pobreza, conseguiu criar Jesus num ambiente no qual Ele crescia em gra\u00e7a, sabedoria e estatura. Essa mulher \u00e9 a Igreja teimosa, que insiste em ser portadora de profecia e esperan\u00e7a diante de tantas propostas de f\u00e9 que devoram a autonomia das pessoas, alienando-as em promessas ilus\u00f3rias e enganadoras.<\/p>\n<p>No Salmo, aparece a figura da rainha, com veste resplandecente de ouro. Em Maria, seu grande esplendor \u00e9 a simplicidade da qual se revestiu. A humildade da serva que cativou o cora\u00e7\u00e3o de Deus, a disponibilidade da prima que se p\u00f4s a servi\u00e7o da parenta idosa, a coragem e a ousadia da menina que se colocou \u00e0 disposi\u00e7\u00e3o dos planos de Deus. Quanto \u00e0 Igreja, seguindo-se a m\u00e1xima de S\u00e3o Louren\u00e7o, &#8220;seu grande tesouro s\u00e3o os pobres&#8221;.\u00a0 Quando a Igreja negligencia tal tesouro e se apega \u00e0s riquezas e ao poder, torna-se infecunda, segundo as palavras do pr\u00f3prio Papa Francisco: &#8220;O apego das riquezas nos d\u00e1 tristeza e nos torna est\u00e9reis&#8221;.<\/p>\n<p>No Evangelho, a for\u00e7a de quem assume trazer o c\u00e9u dentro de si e abra\u00e7a o compromisso de levar o c\u00e9u aos outros. A presen\u00e7a de Maria junto a Isabel certamente foi luz e descanso para aquela gestante de idade avan\u00e7ada. Cada vez que Igreja torna viva a solidariedade e a partilha entre a humanidade, oferece ao mundo o c\u00e9u, seu dom mais precioso.<\/p>\n<p>Deus nos chama para viver o c\u00e9u. Assim como chamou Maria e ela o aceitou prontamente. Que a festa da Assun\u00e7\u00e3o nos estimule a aderirmos com integralidade a este convite que o Senhor insistentemente nos faz. Nossa Senhora da Gl\u00f3ria, olhai por n\u00f3s!<\/p>\n","protected":false},"excerpt":{"rendered":"<p>Liturgia dominical<\/p>\n","protected":false},"author":1,"featured_media":202566,"comment_status":"open","ping_status":"open","sticky":false,"template":"","format":"standard","meta":[],"categories":[1],"tags":[537],"acf":[],"yoast_head":"<!-- This site is optimized with the Yoast SEO plugin v19.2 - https:\/\/yoast.com\/wordpress\/plugins\/seo\/ -->\n<title>A for\u00e7a do &quot;sexo fr\u00e1gil&quot; - Not\u00edcias - Franciscanos<\/title>\n<meta name=\"robots\" content=\"index, follow, max-snippet:-1, max-image-preview:large, max-video-preview:-1\" \/>\n<link rel=\"canonical\" href=\"https:\/\/franciscanos.org.br\/noticias\/a-forca-do-sexo-fragil.html\" \/>\n<meta property=\"og:locale\" content=\"pt_BR\" \/>\n<meta property=\"og:type\" content=\"article\" \/>\n<meta property=\"og:title\" content=\"A for\u00e7a do &quot;sexo fr\u00e1gil&quot; - Not\u00edcias - Franciscanos\" \/>\n<meta property=\"og:description\" content=\"Liturgia dominical\" \/>\n<meta property=\"og:url\" content=\"https:\/\/franciscanos.org.br\/noticias\/a-forca-do-sexo-fragil.html\" \/>\n<meta property=\"og:site_name\" content=\"Not\u00edcias - Franciscanos\" \/>\n<meta property=\"article:published_time\" content=\"2016-08-19T10:22:40+00:00\" \/>\n<meta property=\"article:modified_time\" content=\"2019-04-17T17:26:51+00:00\" \/>\n<meta property=\"og:image\" content=\"https:\/\/franciscanos.org.br\/noticias\/wp-content\/uploads\/2016\/08\/maria_190816-1.jpg\" \/>\n\t<meta property=\"og:image:width\" content=\"273\" \/>\n\t<meta property=\"og:image:height\" content=\"181\" \/>\n\t<meta property=\"og:image:type\" content=\"image\/jpeg\" \/>\n<meta name=\"author\" content=\"admin\" \/>\n<meta name=\"twitter:card\" content=\"summary_large_image\" \/>\n<meta name=\"twitter:label1\" content=\"Escrito por\" \/>\n\t<meta name=\"twitter:data1\" content=\"admin\" \/>\n\t<meta name=\"twitter:label2\" content=\"Est. tempo de leitura\" \/>\n\t<meta name=\"twitter:data2\" content=\"2 minutos\" \/>\n<script type=\"application\/ld+json\" class=\"yoast-schema-graph\">{\"@context\":\"https:\/\/schema.org\",\"@graph\":[{\"@type\":\"WebSite\",\"@id\":\"https:\/\/franciscanos.org.br\/noticias\/#website\",\"url\":\"https:\/\/franciscanos.org.br\/noticias\/\",\"name\":\"Not\u00edcias - Franciscanos\",\"description\":\"Prov\u00edncia Franciscana da Imaculada Concei\u00e7\u00e3o do Brasil - Ordem dos Frades Menores - OFM\",\"potentialAction\":[{\"@type\":\"SearchAction\",\"target\":{\"@type\":\"EntryPoint\",\"urlTemplate\":\"https:\/\/franciscanos.org.br\/noticias\/?s={search_term_string}\"},\"query-input\":\"required name=search_term_string\"}],\"inLanguage\":\"pt-BR\"},{\"@type\":\"ImageObject\",\"inLanguage\":\"pt-BR\",\"@id\":\"https:\/\/franciscanos.org.br\/noticias\/a-forca-do-sexo-fragil.html#primaryimage\",\"url\":\"https:\/\/franciscanos.org.br\/noticias\/wp-content\/uploads\/2016\/08\/maria_190816-1.jpg\",\"contentUrl\":\"https:\/\/franciscanos.org.br\/noticias\/wp-content\/uploads\/2016\/08\/maria_190816-1.jpg\",\"width\":273,\"height\":181},{\"@type\":\"WebPage\",\"@id\":\"https:\/\/franciscanos.org.br\/noticias\/a-forca-do-sexo-fragil.html#webpage\",\"url\":\"https:\/\/franciscanos.org.br\/noticias\/a-forca-do-sexo-fragil.html\",\"name\":\"A for\u00e7a do \\\"sexo fr\u00e1gil\\\" - Not\u00edcias - Franciscanos\",\"isPartOf\":{\"@id\":\"https:\/\/franciscanos.org.br\/noticias\/#website\"},\"primaryImageOfPage\":{\"@id\":\"https:\/\/franciscanos.org.br\/noticias\/a-forca-do-sexo-fragil.html#primaryimage\"},\"datePublished\":\"2016-08-19T10:22:40+00:00\",\"dateModified\":\"2019-04-17T17:26:51+00:00\",\"author\":{\"@id\":\"https:\/\/franciscanos.org.br\/noticias\/#\/schema\/person\/b38fbf43118f02820bd932f2e4b14ad3\"},\"breadcrumb\":{\"@id\":\"https:\/\/franciscanos.org.br\/noticias\/a-forca-do-sexo-fragil.html#breadcrumb\"},\"inLanguage\":\"pt-BR\",\"potentialAction\":[{\"@type\":\"ReadAction\",\"target\":[\"https:\/\/franciscanos.org.br\/noticias\/a-forca-do-sexo-fragil.html\"]}]},{\"@type\":\"BreadcrumbList\",\"@id\":\"https:\/\/franciscanos.org.br\/noticias\/a-forca-do-sexo-fragil.html#breadcrumb\",\"itemListElement\":[{\"@type\":\"ListItem\",\"position\":1,\"name\":\"Home\",\"item\":\"https:\/\/franciscanos.org.br\/noticias\"},{\"@type\":\"ListItem\",\"position\":2,\"name\":\"A for\u00e7a do &#8220;sexo fr\u00e1gil&#8221;\"}]},{\"@type\":\"Person\",\"@id\":\"https:\/\/franciscanos.org.br\/noticias\/#\/schema\/person\/b38fbf43118f02820bd932f2e4b14ad3\",\"name\":\"admin\",\"image\":{\"@type\":\"ImageObject\",\"inLanguage\":\"pt-BR\",\"@id\":\"https:\/\/franciscanos.org.br\/noticias\/#\/schema\/person\/image\/\",\"url\":\"https:\/\/secure.gravatar.com\/avatar\/e8495742d34d0ba6448ea1c628263b3e?s=96&d=mm&r=g\",\"contentUrl\":\"https:\/\/secure.gravatar.com\/avatar\/e8495742d34d0ba6448ea1c628263b3e?s=96&d=mm&r=g\",\"caption\":\"admin\"},\"url\":\"https:\/\/franciscanos.org.br\/noticias\/author\/admin\"}]}<\/script>\n<!-- \/ Yoast SEO plugin. -->","yoast_head_json":{"title":"A for\u00e7a do \"sexo fr\u00e1gil\" - Not\u00edcias - Franciscanos","robots":{"index":"index","follow":"follow","max-snippet":"max-snippet:-1","max-image-preview":"max-image-preview:large","max-video-preview":"max-video-preview:-1"},"canonical":"https:\/\/franciscanos.org.br\/noticias\/a-forca-do-sexo-fragil.html","og_locale":"pt_BR","og_type":"article","og_title":"A for\u00e7a do \"sexo fr\u00e1gil\" - Not\u00edcias - Franciscanos","og_description":"Liturgia dominical","og_url":"https:\/\/franciscanos.org.br\/noticias\/a-forca-do-sexo-fragil.html","og_site_name":"Not\u00edcias - Franciscanos","article_published_time":"2016-08-19T10:22:40+00:00","article_modified_time":"2019-04-17T17:26:51+00:00","og_image":[{"width":273,"height":181,"url":"https:\/\/franciscanos.org.br\/noticias\/wp-content\/uploads\/2016\/08\/maria_190816-1.jpg","type":"image\/jpeg"}],"author":"admin","twitter_card":"summary_large_image","twitter_misc":{"Escrito por":"admin","Est. tempo de leitura":"2 minutos"},"schema":{"@context":"https:\/\/schema.org","@graph":[{"@type":"WebSite","@id":"https:\/\/franciscanos.org.br\/noticias\/#website","url":"https:\/\/franciscanos.org.br\/noticias\/","name":"Not\u00edcias - Franciscanos","description":"Prov\u00edncia Franciscana da Imaculada Concei\u00e7\u00e3o do Brasil - Ordem dos Frades Menores - OFM","potentialAction":[{"@type":"SearchAction","target":{"@type":"EntryPoint","urlTemplate":"https:\/\/franciscanos.org.br\/noticias\/?s={search_term_string}"},"query-input":"required name=search_term_string"}],"inLanguage":"pt-BR"},{"@type":"ImageObject","inLanguage":"pt-BR","@id":"https:\/\/franciscanos.org.br\/noticias\/a-forca-do-sexo-fragil.html#primaryimage","url":"https:\/\/franciscanos.org.br\/noticias\/wp-content\/uploads\/2016\/08\/maria_190816-1.jpg","contentUrl":"https:\/\/franciscanos.org.br\/noticias\/wp-content\/uploads\/2016\/08\/maria_190816-1.jpg","width":273,"height":181},{"@type":"WebPage","@id":"https:\/\/franciscanos.org.br\/noticias\/a-forca-do-sexo-fragil.html#webpage","url":"https:\/\/franciscanos.org.br\/noticias\/a-forca-do-sexo-fragil.html","name":"A for\u00e7a do \"sexo fr\u00e1gil\" - Not\u00edcias - Franciscanos","isPartOf":{"@id":"https:\/\/franciscanos.org.br\/noticias\/#website"},"primaryImageOfPage":{"@id":"https:\/\/franciscanos.org.br\/noticias\/a-forca-do-sexo-fragil.html#primaryimage"},"datePublished":"2016-08-19T10:22:40+00:00","dateModified":"2019-04-17T17:26:51+00:00","author":{"@id":"https:\/\/franciscanos.org.br\/noticias\/#\/schema\/person\/b38fbf43118f02820bd932f2e4b14ad3"},"breadcrumb":{"@id":"https:\/\/franciscanos.org.br\/noticias\/a-forca-do-sexo-fragil.html#breadcrumb"},"inLanguage":"pt-BR","potentialAction":[{"@type":"ReadAction","target":["https:\/\/franciscanos.org.br\/noticias\/a-forca-do-sexo-fragil.html"]}]},{"@type":"BreadcrumbList","@id":"https:\/\/franciscanos.org.br\/noticias\/a-forca-do-sexo-fragil.html#breadcrumb","itemListElement":[{"@type":"ListItem","position":1,"name":"Home","item":"https:\/\/franciscanos.org.br\/noticias"},{"@type":"ListItem","position":2,"name":"A for\u00e7a do &#8220;sexo fr\u00e1gil&#8221;"}]},{"@type":"Person","@id":"https:\/\/franciscanos.org.br\/noticias\/#\/schema\/person\/b38fbf43118f02820bd932f2e4b14ad3","name":"admin","image":{"@type":"ImageObject","inLanguage":"pt-BR","@id":"https:\/\/franciscanos.org.br\/noticias\/#\/schema\/person\/image\/","url":"https:\/\/secure.gravatar.com\/avatar\/e8495742d34d0ba6448ea1c628263b3e?s=96&d=mm&r=g","contentUrl":"https:\/\/secure.gravatar.com\/avatar\/e8495742d34d0ba6448ea1c628263b3e?s=96&d=mm&r=g","caption":"admin"},"url":"https:\/\/franciscanos.org.br\/noticias\/author\/admin"}]}},"_links":{"self":[{"href":"https:\/\/franciscanos.org.br\/noticias\/wp-json\/wp\/v2\/posts\/114649"}],"collection":[{"href":"https:\/\/franciscanos.org.br\/noticias\/wp-json\/wp\/v2\/posts"}],"about":[{"href":"https:\/\/franciscanos.org.br\/noticias\/wp-json\/wp\/v2\/types\/post"}],"author":[{"embeddable":true,"href":"https:\/\/franciscanos.org.br\/noticias\/wp-json\/wp\/v2\/users\/1"}],"replies":[{"embeddable":true,"href":"https:\/\/franciscanos.org.br\/noticias\/wp-json\/wp\/v2\/comments?post=114649"}],"version-history":[{"count":0,"href":"https:\/\/franciscanos.org.br\/noticias\/wp-json\/wp\/v2\/posts\/114649\/revisions"}],"wp:featuredmedia":[{"embeddable":true,"href":"https:\/\/franciscanos.org.br\/noticias\/wp-json\/wp\/v2\/media\/202566"}],"wp:attachment":[{"href":"https:\/\/franciscanos.org.br\/noticias\/wp-json\/wp\/v2\/media?parent=114649"}],"wp:term":[{"taxonomy":"category","embeddable":true,"href":"https:\/\/franciscanos.org.br\/noticias\/wp-json\/wp\/v2\/categories?post=114649"},{"taxonomy":"post_tag","embeddable":true,"href":"https:\/\/franciscanos.org.br\/noticias\/wp-json\/wp\/v2\/tags?post=114649"}],"curies":[{"name":"wp","href":"https:\/\/api.w.org\/{rel}","templated":true}]}}