{"id":114604,"date":"2016-08-18T09:10:11","date_gmt":"2016-08-18T12:10:11","guid":{"rendered":"http:\/\/franciscanos.org.br\/?p=114604"},"modified":"2019-01-22T16:39:40","modified_gmt":"2019-01-22T18:39:40","slug":"lancamentos-da-semana-18","status":"publish","type":"post","link":"https:\/\/franciscanos.org.br\/noticias\/lancamentos-da-semana-18.html","title":{"rendered":"Lan\u00e7amentos da Semana"},"content":{"rendered":"<h3><strong><a href=\"http:\/\/franciscanos.org.br\/wp-content\/uploads\/2016\/08\/sao-jeronimo.jpg\"><img loading=\"lazy\" class=\"alignleft size-full wp-image-114606\" src=\"http:\/\/franciscanos.org.br\/wp-content\/uploads\/2016\/08\/sao-jeronimo.jpg\" alt=\"sao-jeronimo\" width=\"200\" height=\"289\" \/><\/a>S\u00e3o Jer\u00f4nimo<br \/>\n<\/strong><strong>Invocado contra perigos e afli\u00e7\u00f5es<br \/>\n<\/strong><strong>Novena e ladainha<\/strong><\/h3>\n<p><strong>Elam de Almeida Pimentel<\/strong><\/p>\n<p>S\u00e3o Jer\u00f4nimo \u00e9 considerado pela Igreja Cat\u00f3lica como santo e doutor da Igreja. Popularmente \u00e9 invocado contra raios e tempestades, assim como Santa B\u00e1rbara: \u201cValei-me, S\u00e3o Jer\u00f4nimo e Santa B\u00e1rbara!\u201d diz o povo quando o rel\u00e2mpago surge no c\u00e9u.<\/p>\n<p><strong>N\u00ba DE P\u00c1GINAS<\/strong><strong>: 32<\/strong><\/p>\n<p>&nbsp;<\/p>\n<p>&nbsp;<\/p>\n<p>&nbsp;<\/p>\n<p>&nbsp;<\/p>\n<h3><strong><a href=\"http:\/\/franciscanos.org.br\/wp-content\/uploads\/2016\/08\/historia-do-rosto.jpg\"><img loading=\"lazy\" class=\"alignleft size-full wp-image-114607\" src=\"http:\/\/franciscanos.org.br\/wp-content\/uploads\/2016\/08\/historia-do-rosto.jpg\" alt=\"historia-do-rosto\" width=\"200\" height=\"305\" \/><\/a>Hist\u00f3ria do rosto<br \/>\n<\/strong><strong>Exprimir e calar as emo\u00e7\u00f5es<\/strong><\/h3>\n<p><strong>Jean-Jacques Courtine e Claudine Haroche<\/strong><\/p>\n<p>O rosto fala. Os textos entre os s\u00e9culos 16 e 19 dizem e repetem que nos tra\u00e7os do homem f\u00edsico pode-se ler o homem psicol\u00f3gico.<\/p>\n<p>Mas o rosto pode tamb\u00e9m dissimular e a fisionomia traduzir tanto autenticidade quanto conformismo. Cada vez mais sens\u00edvel ao indiv\u00edduo, ao olhar e ao movimento dos tra\u00e7os, o s\u00e9culo 16 v\u00ea crescer o imp\u00e9rio da express\u00e3o individual. Mas ao mesmo tempo h\u00e1 uma desconfian\u00e7a de todo excesso e um desejo de silenciar o corpo.<\/p>\n<p>No in\u00edcio do s\u00e9culo 19, com o advento das sociedades de massa, os rostos tendem a se tornar an\u00f4nimos, um medo do desconhecido se esbo\u00e7a, assim como divis\u00f5es entre a fisionomia do homem honesto e a do homem perigoso, entre o f\u00edsico popular e o f\u00edsico burgu\u00eas&#8230;<\/p>\n<p>Nesta obra, os autores buscam os seus tra\u00e7os na observa\u00e7\u00e3o do homem social e recorrem aos manuais de civilidade e de boas maneiras, \u00e0s artes da conversa\u00e7\u00e3o, aos tratados de ret\u00f3rica, mas tamb\u00e9m \u00e0s mem\u00f3rias e correspond\u00eancias para compreender os deslocamentos da sensibilidade para o rosto como express\u00e3o de si e elo entre os homens nas circunst\u00e2ncias da vida social: o com\u00e9rcio, a conversa\u00e7\u00e3o, o sil\u00eancio, as formas que a sociedade civil requer.<\/p>\n<p style=\"padding-left: 30px;\"><strong>Jean-Jacques Courtine<\/strong><em> \u00e9 professor de Antropologia Cultural na Sorbonne Nouvelle (Paris III), professor em\u00e9rito da Universidade de Calif\u00f3rnia (Santa B\u00e1rbara). \u00c9 autor da obra: Decifrar o corpo \u2013 pensar com Foucault (Vozes, 2013) e editou, notadamente, com Alain Corbin e Georges Vigarello, as obras: Hist\u00f3ria do Corpo (3 vols.; Vozes, 2008) e Historia da Virilidade (3 vols.; Vozes, 2013).<\/em><\/p>\n<p style=\"padding-left: 30px;\"><strong>Claudine Haroche<\/strong> <em>\u00e9 diretora de pesquisa no CNRS (Centro Nacional de Pesquisa Cient\u00edfica, da Fran\u00e7a), \u00e9 tamb\u00e9m pesquisadora no Centro de Estudos Interdisciplinares: Sociologia, Antropologia, Hist\u00f3ria (CESTAH\/EHESS).<\/em><\/p>\n<p><strong>N\u00ba DE P\u00c1GINAS<\/strong><strong>: 256<\/strong><\/p>\n<p>&nbsp;<\/p>\n<h3><strong><a href=\"http:\/\/franciscanos.org.br\/wp-content\/uploads\/2016\/08\/seneca.jpg\"><img loading=\"lazy\" class=\"alignleft size-full wp-image-114608\" src=\"http:\/\/franciscanos.org.br\/wp-content\/uploads\/2016\/08\/seneca.jpg\" alt=\"seneca\" width=\"200\" height=\"325\" \/><\/a>Edificar-se para a morte<\/strong><\/h3>\n<p><strong>S\u00eaneca<\/strong><\/p>\n<p>O autor latino <em>Lucius Annaeus Seneca<\/em> (c.4 a.C.-65 d.C.) \u2013 S\u00eaneca, o jovem, ou simplesmente S\u00eaneca \u2013 redigiu no final de sua rica vida pol\u00edtica e intelectual um conjunto de cartas, que supera a centena, numa suposta troca epistolar com um nobre cidad\u00e3o romano de nome Luc\u00edlio, seu pupilo na forma\u00e7\u00e3o moral segundo os preceitos do estoicismo, filosofia disseminada na vida imperial do s\u00e9culo I.<\/p>\n<p>As ep\u00edstolas cobrem vasta \u00e1rea de interesses, mas certamente um tema preponderante \u00e9 a aproxima\u00e7\u00e3o da morte para S\u00eaneca. Ele, que foi compelido ao suic\u00eddio pelo imperador Nero, seu antigo pupilo, se apresenta nas cartas como um esp\u00edrito j\u00e1 pronto para enfrentar a morte depois de uma vida de prepara\u00e7\u00e3o moral.<\/p>\n<p>S\u00eaneca prop\u00f5e o desapego \u00e0 vida se esta n\u00e3o for mais que a extens\u00e3o de dias sem prop\u00f3sito. Por outro lado, ressalta o valor do tempo numa vida conduzida dentro da moral estoica. Segundo o autor, \u00e9 preciso enfrentar a velhice com esp\u00edrito vigoroso e manter o \u00e2nimo forte diante da morte: n\u00e3o h\u00e1 porque tem\u00ea-la, j\u00e1 que a morte sempre acompanha a vida e acontece para todos.<\/p>\n<p><strong>N\u00ba DE P\u00c1GINAS: 160<\/strong><\/p>\n<p>&nbsp;<\/p>\n<h3><strong><a href=\"http:\/\/franciscanos.org.br\/wp-content\/uploads\/2016\/08\/crescer-em-comunh\u00e3o.jpg\"><img loading=\"lazy\" class=\"alignleft size-full wp-image-114609\" src=\"http:\/\/franciscanos.org.br\/wp-content\/uploads\/2016\/08\/crescer-em-comunh\u00e3o.jpg\" alt=\"crescer-em-comunh\u00e3o\" width=\"200\" height=\"268\" \/><\/a>Crescer em Comunh\u00e3o<br \/>\n<\/strong><strong>Catequese de perseveran\u00e7a com adolescentes<\/strong><\/h3>\n<p><strong>Catequista e Catequizando<\/strong><\/p>\n<p>A cole\u00e7\u00e3o <em>Crescer em Comunh\u00e3o<\/em>, revista e ampliada, procura oferecer um itiner\u00e1rio de educa\u00e7\u00e3o da f\u00e9 para catequistas, catequizandos e fam\u00edlias, como caminho para o encontro com Jesus Cristo. Para isso, integra os elementos essenciais da inicia\u00e7\u00e3o \u00e0 vida crist\u00e3, oferecendo encontros orantes e centrados na Palavra de Deus e no Magist\u00e9rio da Igreja.<\/p>\n<p>Este volume apresenta uma proposta renovadora e envolvente de catequese com adolescentes, os quais, nesta fase de suas vidas, est\u00e3o em busca de consolidar a sua f\u00e9.<\/p>\n<p>O livro traz diferentes temas pensados para os adolescentes com o objetivo de ajud\u00e1-los a expressar, com suas atitudes e palavras, o seu compromisso com Deus.<\/p>\n<p>O intuito das autoras \u00e9 colaborar para o amadurecimento dos adolescentes como crist\u00e3os e membros da comunidade de f\u00e9. Para isso, convidam os adolescentes a participar de diferentes reflex\u00f5es e atividades para fortalecer a sua identidade como disc\u00edpulos seguidores de Jesus Cristo.<\/p>\n<p><strong>N\u00ba DE P\u00c1GINAS: 128<\/strong><\/p>\n<p>&nbsp;<\/p>\n","protected":false},"excerpt":{"rendered":"<p>Editora Vozes<\/p>\n","protected":false},"author":1,"featured_media":194592,"comment_status":"open","ping_status":"open","sticky":false,"template":"","format":"standard","meta":[],"categories":[1],"tags":[238],"acf":[],"yoast_head":"<!-- This site is optimized with the Yoast SEO plugin v19.2 - https:\/\/yoast.com\/wordpress\/plugins\/seo\/ -->\n<title>Lan\u00e7amentos da Semana - Not\u00edcias - Franciscanos<\/title>\n<meta name=\"robots\" content=\"index, follow, max-snippet:-1, max-image-preview:large, max-video-preview:-1\" \/>\n<link rel=\"canonical\" href=\"https:\/\/franciscanos.org.br\/noticias\/lancamentos-da-semana-18.html\" \/>\n<meta property=\"og:locale\" content=\"pt_BR\" \/>\n<meta property=\"og:type\" content=\"article\" \/>\n<meta property=\"og:title\" content=\"Lan\u00e7amentos da Semana - Not\u00edcias - Franciscanos\" \/>\n<meta property=\"og:description\" content=\"Editora Vozes\" \/>\n<meta property=\"og:url\" content=\"https:\/\/franciscanos.org.br\/noticias\/lancamentos-da-semana-18.html\" \/>\n<meta property=\"og:site_name\" content=\"Not\u00edcias - Franciscanos\" \/>\n<meta property=\"article:published_time\" content=\"2016-08-18T12:10:11+00:00\" \/>\n<meta property=\"article:modified_time\" content=\"2019-01-22T18:39:40+00:00\" \/>\n<meta property=\"og:image\" content=\"https:\/\/franciscanos.org.br\/noticias\/wp-content\/uploads\/2017\/11\/vozes.png\" \/>\n\t<meta property=\"og:image:width\" content=\"273\" \/>\n\t<meta property=\"og:image:height\" content=\"181\" \/>\n\t<meta property=\"og:image:type\" content=\"image\/png\" \/>\n<meta name=\"author\" content=\"admin\" \/>\n<meta name=\"twitter:card\" content=\"summary_large_image\" \/>\n<meta name=\"twitter:label1\" content=\"Escrito por\" \/>\n\t<meta name=\"twitter:data1\" content=\"admin\" \/>\n\t<meta name=\"twitter:label2\" content=\"Est. tempo de leitura\" \/>\n\t<meta name=\"twitter:data2\" content=\"4 minutos\" \/>\n<script type=\"application\/ld+json\" class=\"yoast-schema-graph\">{\"@context\":\"https:\/\/schema.org\",\"@graph\":[{\"@type\":\"WebSite\",\"@id\":\"https:\/\/franciscanos.org.br\/noticias\/#website\",\"url\":\"https:\/\/franciscanos.org.br\/noticias\/\",\"name\":\"Not\u00edcias - Franciscanos\",\"description\":\"Prov\u00edncia Franciscana da Imaculada Concei\u00e7\u00e3o do Brasil - Ordem dos Frades Menores - OFM\",\"potentialAction\":[{\"@type\":\"SearchAction\",\"target\":{\"@type\":\"EntryPoint\",\"urlTemplate\":\"https:\/\/franciscanos.org.br\/noticias\/?s={search_term_string}\"},\"query-input\":\"required name=search_term_string\"}],\"inLanguage\":\"pt-BR\"},{\"@type\":\"ImageObject\",\"inLanguage\":\"pt-BR\",\"@id\":\"https:\/\/franciscanos.org.br\/noticias\/lancamentos-da-semana-18.html#primaryimage\",\"url\":\"https:\/\/franciscanos.org.br\/noticias\/wp-content\/uploads\/2017\/11\/vozes.png\",\"contentUrl\":\"https:\/\/franciscanos.org.br\/noticias\/wp-content\/uploads\/2017\/11\/vozes.png\",\"width\":273,\"height\":181},{\"@type\":\"WebPage\",\"@id\":\"https:\/\/franciscanos.org.br\/noticias\/lancamentos-da-semana-18.html#webpage\",\"url\":\"https:\/\/franciscanos.org.br\/noticias\/lancamentos-da-semana-18.html\",\"name\":\"Lan\u00e7amentos da Semana - Not\u00edcias - Franciscanos\",\"isPartOf\":{\"@id\":\"https:\/\/franciscanos.org.br\/noticias\/#website\"},\"primaryImageOfPage\":{\"@id\":\"https:\/\/franciscanos.org.br\/noticias\/lancamentos-da-semana-18.html#primaryimage\"},\"datePublished\":\"2016-08-18T12:10:11+00:00\",\"dateModified\":\"2019-01-22T18:39:40+00:00\",\"author\":{\"@id\":\"https:\/\/franciscanos.org.br\/noticias\/#\/schema\/person\/b38fbf43118f02820bd932f2e4b14ad3\"},\"breadcrumb\":{\"@id\":\"https:\/\/franciscanos.org.br\/noticias\/lancamentos-da-semana-18.html#breadcrumb\"},\"inLanguage\":\"pt-BR\",\"potentialAction\":[{\"@type\":\"ReadAction\",\"target\":[\"https:\/\/franciscanos.org.br\/noticias\/lancamentos-da-semana-18.html\"]}]},{\"@type\":\"BreadcrumbList\",\"@id\":\"https:\/\/franciscanos.org.br\/noticias\/lancamentos-da-semana-18.html#breadcrumb\",\"itemListElement\":[{\"@type\":\"ListItem\",\"position\":1,\"name\":\"Home\",\"item\":\"https:\/\/franciscanos.org.br\/noticias\"},{\"@type\":\"ListItem\",\"position\":2,\"name\":\"Lan\u00e7amentos da Semana\"}]},{\"@type\":\"Person\",\"@id\":\"https:\/\/franciscanos.org.br\/noticias\/#\/schema\/person\/b38fbf43118f02820bd932f2e4b14ad3\",\"name\":\"admin\",\"image\":{\"@type\":\"ImageObject\",\"inLanguage\":\"pt-BR\",\"@id\":\"https:\/\/franciscanos.org.br\/noticias\/#\/schema\/person\/image\/\",\"url\":\"https:\/\/secure.gravatar.com\/avatar\/e8495742d34d0ba6448ea1c628263b3e?s=96&d=mm&r=g\",\"contentUrl\":\"https:\/\/secure.gravatar.com\/avatar\/e8495742d34d0ba6448ea1c628263b3e?s=96&d=mm&r=g\",\"caption\":\"admin\"},\"url\":\"https:\/\/franciscanos.org.br\/noticias\/author\/admin\"}]}<\/script>\n<!-- \/ Yoast SEO plugin. -->","yoast_head_json":{"title":"Lan\u00e7amentos da Semana - Not\u00edcias - Franciscanos","robots":{"index":"index","follow":"follow","max-snippet":"max-snippet:-1","max-image-preview":"max-image-preview:large","max-video-preview":"max-video-preview:-1"},"canonical":"https:\/\/franciscanos.org.br\/noticias\/lancamentos-da-semana-18.html","og_locale":"pt_BR","og_type":"article","og_title":"Lan\u00e7amentos da Semana - Not\u00edcias - Franciscanos","og_description":"Editora Vozes","og_url":"https:\/\/franciscanos.org.br\/noticias\/lancamentos-da-semana-18.html","og_site_name":"Not\u00edcias - Franciscanos","article_published_time":"2016-08-18T12:10:11+00:00","article_modified_time":"2019-01-22T18:39:40+00:00","og_image":[{"width":273,"height":181,"url":"https:\/\/franciscanos.org.br\/noticias\/wp-content\/uploads\/2017\/11\/vozes.png","type":"image\/png"}],"author":"admin","twitter_card":"summary_large_image","twitter_misc":{"Escrito por":"admin","Est. tempo de leitura":"4 minutos"},"schema":{"@context":"https:\/\/schema.org","@graph":[{"@type":"WebSite","@id":"https:\/\/franciscanos.org.br\/noticias\/#website","url":"https:\/\/franciscanos.org.br\/noticias\/","name":"Not\u00edcias - Franciscanos","description":"Prov\u00edncia Franciscana da Imaculada Concei\u00e7\u00e3o do Brasil - Ordem dos Frades Menores - OFM","potentialAction":[{"@type":"SearchAction","target":{"@type":"EntryPoint","urlTemplate":"https:\/\/franciscanos.org.br\/noticias\/?s={search_term_string}"},"query-input":"required name=search_term_string"}],"inLanguage":"pt-BR"},{"@type":"ImageObject","inLanguage":"pt-BR","@id":"https:\/\/franciscanos.org.br\/noticias\/lancamentos-da-semana-18.html#primaryimage","url":"https:\/\/franciscanos.org.br\/noticias\/wp-content\/uploads\/2017\/11\/vozes.png","contentUrl":"https:\/\/franciscanos.org.br\/noticias\/wp-content\/uploads\/2017\/11\/vozes.png","width":273,"height":181},{"@type":"WebPage","@id":"https:\/\/franciscanos.org.br\/noticias\/lancamentos-da-semana-18.html#webpage","url":"https:\/\/franciscanos.org.br\/noticias\/lancamentos-da-semana-18.html","name":"Lan\u00e7amentos da Semana - Not\u00edcias - Franciscanos","isPartOf":{"@id":"https:\/\/franciscanos.org.br\/noticias\/#website"},"primaryImageOfPage":{"@id":"https:\/\/franciscanos.org.br\/noticias\/lancamentos-da-semana-18.html#primaryimage"},"datePublished":"2016-08-18T12:10:11+00:00","dateModified":"2019-01-22T18:39:40+00:00","author":{"@id":"https:\/\/franciscanos.org.br\/noticias\/#\/schema\/person\/b38fbf43118f02820bd932f2e4b14ad3"},"breadcrumb":{"@id":"https:\/\/franciscanos.org.br\/noticias\/lancamentos-da-semana-18.html#breadcrumb"},"inLanguage":"pt-BR","potentialAction":[{"@type":"ReadAction","target":["https:\/\/franciscanos.org.br\/noticias\/lancamentos-da-semana-18.html"]}]},{"@type":"BreadcrumbList","@id":"https:\/\/franciscanos.org.br\/noticias\/lancamentos-da-semana-18.html#breadcrumb","itemListElement":[{"@type":"ListItem","position":1,"name":"Home","item":"https:\/\/franciscanos.org.br\/noticias"},{"@type":"ListItem","position":2,"name":"Lan\u00e7amentos da Semana"}]},{"@type":"Person","@id":"https:\/\/franciscanos.org.br\/noticias\/#\/schema\/person\/b38fbf43118f02820bd932f2e4b14ad3","name":"admin","image":{"@type":"ImageObject","inLanguage":"pt-BR","@id":"https:\/\/franciscanos.org.br\/noticias\/#\/schema\/person\/image\/","url":"https:\/\/secure.gravatar.com\/avatar\/e8495742d34d0ba6448ea1c628263b3e?s=96&d=mm&r=g","contentUrl":"https:\/\/secure.gravatar.com\/avatar\/e8495742d34d0ba6448ea1c628263b3e?s=96&d=mm&r=g","caption":"admin"},"url":"https:\/\/franciscanos.org.br\/noticias\/author\/admin"}]}},"_links":{"self":[{"href":"https:\/\/franciscanos.org.br\/noticias\/wp-json\/wp\/v2\/posts\/114604"}],"collection":[{"href":"https:\/\/franciscanos.org.br\/noticias\/wp-json\/wp\/v2\/posts"}],"about":[{"href":"https:\/\/franciscanos.org.br\/noticias\/wp-json\/wp\/v2\/types\/post"}],"author":[{"embeddable":true,"href":"https:\/\/franciscanos.org.br\/noticias\/wp-json\/wp\/v2\/users\/1"}],"replies":[{"embeddable":true,"href":"https:\/\/franciscanos.org.br\/noticias\/wp-json\/wp\/v2\/comments?post=114604"}],"version-history":[{"count":0,"href":"https:\/\/franciscanos.org.br\/noticias\/wp-json\/wp\/v2\/posts\/114604\/revisions"}],"wp:featuredmedia":[{"embeddable":true,"href":"https:\/\/franciscanos.org.br\/noticias\/wp-json\/wp\/v2\/media\/194592"}],"wp:attachment":[{"href":"https:\/\/franciscanos.org.br\/noticias\/wp-json\/wp\/v2\/media?parent=114604"}],"wp:term":[{"taxonomy":"category","embeddable":true,"href":"https:\/\/franciscanos.org.br\/noticias\/wp-json\/wp\/v2\/categories?post=114604"},{"taxonomy":"post_tag","embeddable":true,"href":"https:\/\/franciscanos.org.br\/noticias\/wp-json\/wp\/v2\/tags?post=114604"}],"curies":[{"name":"wp","href":"https:\/\/api.w.org\/{rel}","templated":true}]}}