{"id":11398,"date":"2012-02-28T06:43:43","date_gmt":"2012-02-28T09:43:43","guid":{"rendered":"http:\/\/new.franciscanos.org.br\/?p=11398"},"modified":"2020-06-16T15:56:20","modified_gmt":"2020-06-16T18:56:20","slug":"a-vida-franciscana-e-uma-reposta-aos-desafios-atuais","status":"publish","type":"post","link":"https:\/\/franciscanos.org.br\/noticias\/a-vida-franciscana-e-uma-reposta-aos-desafios-atuais.html","title":{"rendered":"\u201cA Vida Franciscana \u00e9 uma  reposta aos desafios atuais\u201d"},"content":{"rendered":"<p><img loading=\"lazy\" class=\"alignnone  wp-image-199058\" src=\"https:\/\/franciscanos.org.br\/noticias\/wp-content\/uploads\/2012\/02\/1724_0202121.jpg\" alt=\"\" width=\"981\" height=\"357\" srcset=\"https:\/\/franciscanos.org.br\/noticias\/wp-content\/uploads\/2012\/02\/1724_0202121.jpg 830w, https:\/\/franciscanos.org.br\/noticias\/wp-content\/uploads\/2012\/02\/1724_0202121-450x164.jpg 450w, https:\/\/franciscanos.org.br\/noticias\/wp-content\/uploads\/2012\/02\/1724_0202121-768x279.jpg 768w, https:\/\/franciscanos.org.br\/noticias\/wp-content\/uploads\/2012\/02\/1724_0202121-150x55.jpg 150w\" sizes=\"(max-width: 981px) 100vw, 981px\" \/><\/p>\n<p><em>A terra do franciscano e primeiro santo brasileiro, Guaratinguet\u00e1 (SP), ter\u00e1 mais um sacerdote franciscano. Frei Jeferson Palandi Broca ser\u00e1 ordenado presb\u00edtero no dia 3 de mar\u00e7o pelo Arcebispo de Aparecida, Dom Raymundo Cardeal Damasceno Assis, na Igreja Nossa Senhora da Gl\u00f3ria, \u00e0s 19 horas. No dia 4, ele celebrar\u00e1 a Primeira Missa, \u00e0s 10 horas, na Capela Sagrada Fam\u00edlia, no bairro do Pedregulho. Natural de Guaratinguet\u00e1 (SP), Frei Jeferson Palandi Broca \u00e9 filho de Marina Palandi e Jos\u00e9 da Silva Broca (falecido). \u00c9 o ca\u00e7ula de cinco filhos, e isso por 5 minutos, visto que Frei Jeferson \u00e9 g\u00eameo com sua irm\u00e3 Jana\u00edna. Frei Jeferson nasceu no dia 8 de junho de 1976 e foi admitido na Ordem Franciscana em 2003, quando recebeu o h\u00e1bito no dia 9 de janeiro. Professou solenemente na Ordem no dia 5 de novembro de 2009 e foi ordenado di\u00e1cono no dia 4 de dezembro de 2010. Ap\u00f3s a ordena\u00e7\u00e3o, Frei Jeferson viajar\u00e1 para Angola, onde vai ser mission\u00e1rio, residindo na Fraternidade de Malange. <\/em><\/p>\n<p><em>Conhe\u00e7a mais Frei Jeferson nesta entrevista! <\/em><\/p>\n<p><strong>Site Franciscanos &#8211; Como se deu o seu discernimento vocacional?<\/strong><\/p>\n<p><strong>Frei Jeferson &#8211; <\/strong>Meu discernimento vocacional se deu ap\u00f3s tr\u00eas anos frequentando um grupo de ora\u00e7\u00e3o, depois de um longo per\u00edodo afastado da Igreja. Na medida em que ia buscando um maior conhecimento da vida crist\u00e3 e da doutrina cat\u00f3lica, o meu desejo de me entregar totalmente a Deus foi aumentando. Assim que fui me tornando um fiel mais participante da vida da Igreja, a certeza de querer ser sacerdote foi ficando mais clara, e quando um colega me deu um livro que continha a hist\u00f3ria de S\u00e3o Francisco, ficou n\u00edtido o estilo de vida que queria para a minha vida. Dessa maneira, em 1999 iniciei os encontros vocacionais no Semin\u00e1rio Frei Galv\u00e3o, em Guaratinguet\u00e1, onde pude experimentar a vida franciscana, repetindo essa experi\u00eancia no ano de 2000. E 2001, para sentir mais profundamente a vida franciscana, ingressei no aspirantado em Ituporanga (SC).<\/p>\n<p><strong><strong>Site Franciscanos\u00a0<\/strong>\u00a0&#8211; Por que escolheu a vida religiosa franciscana?<\/strong><\/p>\n<p><strong>Frei Jeferson &#8211; <\/strong>Escolhi a vida franciscana pelo estilo e modo dos frades viverem, principalmente a dimens\u00e3o da fraternidade. Tamb\u00e9m porque, ao ler a hist\u00f3ria de S\u00e3o Francisco, identifiquei-me muito e me senti como ele ao descobrir qual estilo de vida que deveria seguir: \u201c \u00c9 isso que eu quero, \u00e9 isso que eu procuro, \u00e9 isso que desejo de todo meu cora\u00e7\u00e3o\u201d.<\/p>\n<table border=\"0\" width=\"300\" align=\"right\">\n<tbody>\n<tr>\n<td bgcolor=\"#D6D6D6\"><strong>ATIVIDADES PASTORAIS<\/strong><\/td>\n<\/tr>\n<tr>\n<td bgcolor=\"#D6D6D6\"><strong>2004 &#8211;<\/strong> Pastoral na Comunidade Nossa Sra. Aparecida (Campo Largo &#8211; PR)<br \/>\nEst\u00e1gio na Fraternidade S\u00e3o Francisco (S\u00e3o Paulo &#8211; SP)<br \/>\nEst\u00e1gio na Fraternidade Nossa Sra. da Concei\u00e7\u00e3o (Mangueirinha &#8211; PR)<br \/>\n<strong>2005 &#8211; <\/strong>Miss\u00f5es nas Comunidades S\u00e3o Vicente, Nossa Sra. das Gra\u00e7as e Nossa Sra. do Carmo (Campo Largo &#8211; PR)<br \/>\nEst\u00e1gio na Fraternidade S\u00e3o Benedito (Amparo &#8211; SP)<br \/>\nEst\u00e1gio na Fraternidade Santo Ant\u00f4nio do Pari (S\u00e3o Paulo &#8211; SP)<br \/>\n<strong>2006 &#8211; <\/strong>Pastoral na Comunidade S\u00e3o Lu\u00eds (Campo Largo &#8211; PR)<br \/>\nEst\u00e1gio no Albergue S\u00e3o Francisco e SEFRAS (S\u00e3o Paulo &#8211; SP)<br \/>\nEst\u00e1gio na Fraternidade S\u00e3o Francisco (S\u00e3o Paulo &#8211; SP)<br \/>\n<strong>2007 &#8211;<\/strong> Pastoral na Comunidade Sagrado Cora\u00e7\u00e3o de Jesus (Campo Largo &#8211; PR)<br \/>\nEst\u00e1gio na Fraternidade S\u00e3o Boaventura (Campo Largo &#8211; PR)<br \/>\nEst\u00e1gio no Hospital S\u00e3o Roque (Piraquara &#8211; PR)<br \/>\n<strong>2008 e 2009 &#8211;<\/strong> Pastoral na Comunidade da Vila S\u00e3o Jos\u00e9 (Petr\u00f3polis &#8211; RJ)<br \/>\n<strong>2008 &#8211;<\/strong> Est\u00e1gio na Loja Vozes (S\u00e3o Paulo &#8211; SP)<br \/>\nEst\u00e1gio na Fraternidade M\u00e3e Terra, em Imbari\u00ea (Duque de Caxias &#8211; RJ)<br \/>\n<strong>2009 &#8211;<\/strong> Retiro para a Profiss\u00e3o Solene<br \/>\nEst\u00e1gio na Fraternidade Nossa Sra. da Boa Viagem (Rocinha &#8211; Rio de Janeiro &#8211; RJ)<br \/>\n<strong>2010 e 2011 &#8211; <\/strong>Pastoral na Par\u00f3quia Santa Clara, em Imbari\u00ea (Duque de Caxias &#8211; RJ)<br \/>\n<strong>2010 &#8211; <\/strong>Est\u00e1gio na Fraternidade M\u00e3e Terra, em Imbari\u00ea (Duque de Caxias &#8211; RJ)<\/td>\n<\/tr>\n<\/tbody>\n<\/table>\n<p><strong><strong>Site Franciscanos\u00a0<\/strong>\u00a0&#8211; Quais os desafios de um jovem sacerdote na sociedade hoje?<\/strong><\/p>\n<p><strong>Frei Jeferson &#8211;<\/strong> Os desafios s\u00e3o muitos, mas creio que um dos maiores desafios seja vivenciar os valores evang\u00e9licos, que na atual sociedade n\u00e3o s\u00e3o valorizados, ou at\u00e9 mesmo s\u00e3o banalizados e ridicularizados. Desse modo, a vida crist\u00e3 e o modo crist\u00e3o de estar no mundo n\u00e3o s\u00e3o bem vistos e nem aprovados por essa sociedade capitalista. Sendo assim, vivenciar esse modo de vida, ou melhor, mostrar que h\u00e1 outra possibilidade de viver a vida, de estar no mundo, e que \u00e9 diferente da ditada pela sociedade de consumo, n\u00e3o \u00e9 f\u00e1cil, pois estamos indo contra os interesses de um grupo, para qual a vida humana e suas dimens\u00f5es n\u00e3o t\u00eam outros valores.<\/p>\n<p><strong><strong>Site Franciscanos\u00a0<\/strong>\u00a0&#8211; S\u00e3o Francisco e Santa Clara t\u00eam lugar hoje no mundo globalizado?<\/strong><\/p>\n<p><strong>Frei Jeferson &#8211; <\/strong>Apesar desta sociedade capitalista n\u00e3o valorizar a vida como um dom de Deus, S\u00e3o Francisco e Santa Clara s\u00e3o figuras interessantes nesse mundo globalizado. Eles surgem como modelo de ser humano realmente universal, pois vivenciaram a humanidade na sua totalidade, e isso inclui Deus, a natureza e o pr\u00f3ximo. Mas, numa rela\u00e7\u00e3o de contato, de cara a cara, de responsabilidade. Por isso, eles t\u00eam muito espa\u00e7o e lugar no mundo globalizado de hoje.<\/p>\n<p><strong><strong>Site Franciscanos\u00a0<\/strong>\u00a0&#8211; Quais as suas expectativas quanto \u00e0 miss\u00e3o em Angola.<\/strong><\/p>\n<p><strong>Frei Jeferson &#8211; <\/strong>Nos \u00faltimos dois anos pude conviver com dois confrades que moraram recentemente em Angola. Ouvi muitas hist\u00f3rias que aumentaram o meu desejo de ir para a nossa miss\u00e3o. Espero poder contribuir e dar continuidade ao trabalho realizado pelos freis que foram antes de mim. Tamb\u00e9m espero aprender a louvar e rezar muito com os freis que est\u00e3o l\u00e1 e com o povo angolano, e assim, tornar-me um frade melhor, um ser humano melhor. Para tanto, tenho consci\u00eancia de que o estilo de vida dos angolanos, sua cultura \u00e9 bem diferente do nosso estilo de vida, da nossa cultura. E essa diferen\u00e7a \u00e9 uma possibilidade de enriquecimento cultural, de sabedoria, de religiosidade, de crescimento pessoal e humano para mim. Assim ser\u00e1 uma experi\u00eancia riqu\u00edssima.<\/p>\n<p><strong><strong>Site Franciscanos\u00a0<\/strong>\u00a0&#8211; Que mensagem voc\u00ea deixaria para um jovem sobre a vida franciscana?<\/strong><\/p>\n<p><strong>Frei Jeferson &#8211;<\/strong> A Vida Franciscana \u00e9 uma experi\u00eancia fant\u00e1stica, \u00e9 um estilo de viver e estar no mundo, um modo de seguir Jesus Cristo. A Vida Francisca \u00e9 uma reposta aos desafios atuais. Uma\u00a0 proposta de viver a vida, de ser e estar no mundo, e que n\u00e3o est\u00e1 desatualizada, ultrapassada, visto que ela engloba as m\u00faltiplas dimens\u00f5es do ser humano.<\/p>\n<p>&nbsp;<\/p>\n","protected":false},"excerpt":{"rendered":"<p>Entrevista com Frei Jeferson Broca<\/p>\n","protected":false},"author":1,"featured_media":199382,"comment_status":"open","ping_status":"open","sticky":false,"template":"","format":"standard","meta":[],"categories":[758],"tags":[160,161,157],"acf":[],"yoast_head":"<!-- This site is optimized with the Yoast SEO plugin v19.2 - https:\/\/yoast.com\/wordpress\/plugins\/seo\/ -->\n<title>\u201cA Vida Franciscana \u00e9 uma reposta aos desafios atuais\u201d - Not\u00edcias - Franciscanos<\/title>\n<meta name=\"robots\" content=\"index, follow, max-snippet:-1, max-image-preview:large, max-video-preview:-1\" \/>\n<link rel=\"canonical\" href=\"https:\/\/franciscanos.org.br\/noticias\/a-vida-franciscana-e-uma-reposta-aos-desafios-atuais.html\" \/>\n<meta property=\"og:locale\" content=\"pt_BR\" \/>\n<meta property=\"og:type\" content=\"article\" \/>\n<meta property=\"og:title\" content=\"\u201cA Vida Franciscana \u00e9 uma reposta aos desafios atuais\u201d - Not\u00edcias - Franciscanos\" \/>\n<meta property=\"og:description\" content=\"Entrevista com Frei Jeferson Broca\" \/>\n<meta property=\"og:url\" content=\"https:\/\/franciscanos.org.br\/noticias\/a-vida-franciscana-e-uma-reposta-aos-desafios-atuais.html\" \/>\n<meta property=\"og:site_name\" content=\"Not\u00edcias - Franciscanos\" \/>\n<meta property=\"article:published_time\" content=\"2012-02-28T09:43:43+00:00\" \/>\n<meta property=\"article:modified_time\" content=\"2020-06-16T18:56:20+00:00\" \/>\n<meta property=\"og:image\" content=\"https:\/\/franciscanos.org.br\/noticias\/wp-content\/uploads\/2012\/02\/jeferson.jpg\" \/>\n\t<meta property=\"og:image:width\" content=\"273\" \/>\n\t<meta property=\"og:image:height\" content=\"181\" \/>\n\t<meta property=\"og:image:type\" content=\"image\/jpeg\" \/>\n<meta name=\"author\" content=\"admin\" \/>\n<meta name=\"twitter:card\" content=\"summary_large_image\" \/>\n<meta name=\"twitter:label1\" content=\"Escrito por\" \/>\n\t<meta name=\"twitter:data1\" content=\"admin\" \/>\n\t<meta name=\"twitter:label2\" content=\"Est. tempo de leitura\" \/>\n\t<meta name=\"twitter:data2\" content=\"6 minutos\" \/>\n<script type=\"application\/ld+json\" class=\"yoast-schema-graph\">{\"@context\":\"https:\/\/schema.org\",\"@graph\":[{\"@type\":\"WebSite\",\"@id\":\"https:\/\/franciscanos.org.br\/noticias\/#website\",\"url\":\"https:\/\/franciscanos.org.br\/noticias\/\",\"name\":\"Not\u00edcias - Franciscanos\",\"description\":\"Prov\u00edncia Franciscana da Imaculada Concei\u00e7\u00e3o do Brasil - Ordem dos Frades Menores - OFM\",\"potentialAction\":[{\"@type\":\"SearchAction\",\"target\":{\"@type\":\"EntryPoint\",\"urlTemplate\":\"https:\/\/franciscanos.org.br\/noticias\/?s={search_term_string}\"},\"query-input\":\"required name=search_term_string\"}],\"inLanguage\":\"pt-BR\"},{\"@type\":\"ImageObject\",\"inLanguage\":\"pt-BR\",\"@id\":\"https:\/\/franciscanos.org.br\/noticias\/a-vida-franciscana-e-uma-reposta-aos-desafios-atuais.html#primaryimage\",\"url\":\"https:\/\/franciscanos.org.br\/noticias\/wp-content\/uploads\/2012\/02\/jeferson.jpg\",\"contentUrl\":\"https:\/\/franciscanos.org.br\/noticias\/wp-content\/uploads\/2012\/02\/jeferson.jpg\",\"width\":273,\"height\":181},{\"@type\":\"WebPage\",\"@id\":\"https:\/\/franciscanos.org.br\/noticias\/a-vida-franciscana-e-uma-reposta-aos-desafios-atuais.html#webpage\",\"url\":\"https:\/\/franciscanos.org.br\/noticias\/a-vida-franciscana-e-uma-reposta-aos-desafios-atuais.html\",\"name\":\"\u201cA Vida Franciscana \u00e9 uma reposta aos desafios atuais\u201d - Not\u00edcias - Franciscanos\",\"isPartOf\":{\"@id\":\"https:\/\/franciscanos.org.br\/noticias\/#website\"},\"primaryImageOfPage\":{\"@id\":\"https:\/\/franciscanos.org.br\/noticias\/a-vida-franciscana-e-uma-reposta-aos-desafios-atuais.html#primaryimage\"},\"datePublished\":\"2012-02-28T09:43:43+00:00\",\"dateModified\":\"2020-06-16T18:56:20+00:00\",\"author\":{\"@id\":\"https:\/\/franciscanos.org.br\/noticias\/#\/schema\/person\/b38fbf43118f02820bd932f2e4b14ad3\"},\"breadcrumb\":{\"@id\":\"https:\/\/franciscanos.org.br\/noticias\/a-vida-franciscana-e-uma-reposta-aos-desafios-atuais.html#breadcrumb\"},\"inLanguage\":\"pt-BR\",\"potentialAction\":[{\"@type\":\"ReadAction\",\"target\":[\"https:\/\/franciscanos.org.br\/noticias\/a-vida-franciscana-e-uma-reposta-aos-desafios-atuais.html\"]}]},{\"@type\":\"BreadcrumbList\",\"@id\":\"https:\/\/franciscanos.org.br\/noticias\/a-vida-franciscana-e-uma-reposta-aos-desafios-atuais.html#breadcrumb\",\"itemListElement\":[{\"@type\":\"ListItem\",\"position\":1,\"name\":\"Home\",\"item\":\"https:\/\/franciscanos.org.br\/noticias\"},{\"@type\":\"ListItem\",\"position\":2,\"name\":\"\u201cA Vida Franciscana \u00e9 uma reposta aos desafios atuais\u201d\"}]},{\"@type\":\"Person\",\"@id\":\"https:\/\/franciscanos.org.br\/noticias\/#\/schema\/person\/b38fbf43118f02820bd932f2e4b14ad3\",\"name\":\"admin\",\"image\":{\"@type\":\"ImageObject\",\"inLanguage\":\"pt-BR\",\"@id\":\"https:\/\/franciscanos.org.br\/noticias\/#\/schema\/person\/image\/\",\"url\":\"https:\/\/secure.gravatar.com\/avatar\/e8495742d34d0ba6448ea1c628263b3e?s=96&d=mm&r=g\",\"contentUrl\":\"https:\/\/secure.gravatar.com\/avatar\/e8495742d34d0ba6448ea1c628263b3e?s=96&d=mm&r=g\",\"caption\":\"admin\"},\"url\":\"https:\/\/franciscanos.org.br\/noticias\/author\/admin\"}]}<\/script>\n<!-- \/ Yoast SEO plugin. -->","yoast_head_json":{"title":"\u201cA Vida Franciscana \u00e9 uma reposta aos desafios atuais\u201d - Not\u00edcias - Franciscanos","robots":{"index":"index","follow":"follow","max-snippet":"max-snippet:-1","max-image-preview":"max-image-preview:large","max-video-preview":"max-video-preview:-1"},"canonical":"https:\/\/franciscanos.org.br\/noticias\/a-vida-franciscana-e-uma-reposta-aos-desafios-atuais.html","og_locale":"pt_BR","og_type":"article","og_title":"\u201cA Vida Franciscana \u00e9 uma reposta aos desafios atuais\u201d - Not\u00edcias - Franciscanos","og_description":"Entrevista com Frei Jeferson Broca","og_url":"https:\/\/franciscanos.org.br\/noticias\/a-vida-franciscana-e-uma-reposta-aos-desafios-atuais.html","og_site_name":"Not\u00edcias - Franciscanos","article_published_time":"2012-02-28T09:43:43+00:00","article_modified_time":"2020-06-16T18:56:20+00:00","og_image":[{"width":273,"height":181,"url":"https:\/\/franciscanos.org.br\/noticias\/wp-content\/uploads\/2012\/02\/jeferson.jpg","type":"image\/jpeg"}],"author":"admin","twitter_card":"summary_large_image","twitter_misc":{"Escrito por":"admin","Est. tempo de leitura":"6 minutos"},"schema":{"@context":"https:\/\/schema.org","@graph":[{"@type":"WebSite","@id":"https:\/\/franciscanos.org.br\/noticias\/#website","url":"https:\/\/franciscanos.org.br\/noticias\/","name":"Not\u00edcias - Franciscanos","description":"Prov\u00edncia Franciscana da Imaculada Concei\u00e7\u00e3o do Brasil - Ordem dos Frades Menores - OFM","potentialAction":[{"@type":"SearchAction","target":{"@type":"EntryPoint","urlTemplate":"https:\/\/franciscanos.org.br\/noticias\/?s={search_term_string}"},"query-input":"required name=search_term_string"}],"inLanguage":"pt-BR"},{"@type":"ImageObject","inLanguage":"pt-BR","@id":"https:\/\/franciscanos.org.br\/noticias\/a-vida-franciscana-e-uma-reposta-aos-desafios-atuais.html#primaryimage","url":"https:\/\/franciscanos.org.br\/noticias\/wp-content\/uploads\/2012\/02\/jeferson.jpg","contentUrl":"https:\/\/franciscanos.org.br\/noticias\/wp-content\/uploads\/2012\/02\/jeferson.jpg","width":273,"height":181},{"@type":"WebPage","@id":"https:\/\/franciscanos.org.br\/noticias\/a-vida-franciscana-e-uma-reposta-aos-desafios-atuais.html#webpage","url":"https:\/\/franciscanos.org.br\/noticias\/a-vida-franciscana-e-uma-reposta-aos-desafios-atuais.html","name":"\u201cA Vida Franciscana \u00e9 uma reposta aos desafios atuais\u201d - Not\u00edcias - Franciscanos","isPartOf":{"@id":"https:\/\/franciscanos.org.br\/noticias\/#website"},"primaryImageOfPage":{"@id":"https:\/\/franciscanos.org.br\/noticias\/a-vida-franciscana-e-uma-reposta-aos-desafios-atuais.html#primaryimage"},"datePublished":"2012-02-28T09:43:43+00:00","dateModified":"2020-06-16T18:56:20+00:00","author":{"@id":"https:\/\/franciscanos.org.br\/noticias\/#\/schema\/person\/b38fbf43118f02820bd932f2e4b14ad3"},"breadcrumb":{"@id":"https:\/\/franciscanos.org.br\/noticias\/a-vida-franciscana-e-uma-reposta-aos-desafios-atuais.html#breadcrumb"},"inLanguage":"pt-BR","potentialAction":[{"@type":"ReadAction","target":["https:\/\/franciscanos.org.br\/noticias\/a-vida-franciscana-e-uma-reposta-aos-desafios-atuais.html"]}]},{"@type":"BreadcrumbList","@id":"https:\/\/franciscanos.org.br\/noticias\/a-vida-franciscana-e-uma-reposta-aos-desafios-atuais.html#breadcrumb","itemListElement":[{"@type":"ListItem","position":1,"name":"Home","item":"https:\/\/franciscanos.org.br\/noticias"},{"@type":"ListItem","position":2,"name":"\u201cA Vida Franciscana \u00e9 uma reposta aos desafios atuais\u201d"}]},{"@type":"Person","@id":"https:\/\/franciscanos.org.br\/noticias\/#\/schema\/person\/b38fbf43118f02820bd932f2e4b14ad3","name":"admin","image":{"@type":"ImageObject","inLanguage":"pt-BR","@id":"https:\/\/franciscanos.org.br\/noticias\/#\/schema\/person\/image\/","url":"https:\/\/secure.gravatar.com\/avatar\/e8495742d34d0ba6448ea1c628263b3e?s=96&d=mm&r=g","contentUrl":"https:\/\/secure.gravatar.com\/avatar\/e8495742d34d0ba6448ea1c628263b3e?s=96&d=mm&r=g","caption":"admin"},"url":"https:\/\/franciscanos.org.br\/noticias\/author\/admin"}]}},"_links":{"self":[{"href":"https:\/\/franciscanos.org.br\/noticias\/wp-json\/wp\/v2\/posts\/11398"}],"collection":[{"href":"https:\/\/franciscanos.org.br\/noticias\/wp-json\/wp\/v2\/posts"}],"about":[{"href":"https:\/\/franciscanos.org.br\/noticias\/wp-json\/wp\/v2\/types\/post"}],"author":[{"embeddable":true,"href":"https:\/\/franciscanos.org.br\/noticias\/wp-json\/wp\/v2\/users\/1"}],"replies":[{"embeddable":true,"href":"https:\/\/franciscanos.org.br\/noticias\/wp-json\/wp\/v2\/comments?post=11398"}],"version-history":[{"count":1,"href":"https:\/\/franciscanos.org.br\/noticias\/wp-json\/wp\/v2\/posts\/11398\/revisions"}],"predecessor-version":[{"id":226561,"href":"https:\/\/franciscanos.org.br\/noticias\/wp-json\/wp\/v2\/posts\/11398\/revisions\/226561"}],"wp:featuredmedia":[{"embeddable":true,"href":"https:\/\/franciscanos.org.br\/noticias\/wp-json\/wp\/v2\/media\/199382"}],"wp:attachment":[{"href":"https:\/\/franciscanos.org.br\/noticias\/wp-json\/wp\/v2\/media?parent=11398"}],"wp:term":[{"taxonomy":"category","embeddable":true,"href":"https:\/\/franciscanos.org.br\/noticias\/wp-json\/wp\/v2\/categories?post=11398"},{"taxonomy":"post_tag","embeddable":true,"href":"https:\/\/franciscanos.org.br\/noticias\/wp-json\/wp\/v2\/tags?post=11398"}],"curies":[{"name":"wp","href":"https:\/\/api.w.org\/{rel}","templated":true}]}}