{"id":113886,"date":"2016-08-10T08:26:23","date_gmt":"2016-08-10T11:26:23","guid":{"rendered":"http:\/\/franciscanos.org.br\/?p=113886"},"modified":"2020-06-09T16:03:59","modified_gmt":"2020-06-09T19:03:59","slug":"a-palavra-de-jesus-anima-e-da-esperanca-afirma-papa","status":"publish","type":"post","link":"https:\/\/franciscanos.org.br\/noticias\/a-palavra-de-jesus-anima-e-da-esperanca-afirma-papa.html","title":{"rendered":"A Palavra de Jesus anima e d\u00e1 esperan\u00e7a, afirma Papa"},"content":{"rendered":"<p><img loading=\"lazy\" src=\"http:\/\/franciscanos.org.br\/wp-content\/uploads\/2016\/08\/audiencia_100816g.jpg\" alt=\"audiencia_100816g\" width=\"830\" height=\"399\" \/><\/p>\n<p><strong>Cidade do Vaticano<\/strong> \u2013 O Papa encontrou milhares de peregrinos e fi\u00e9is, provenientes de diversas parte da It\u00e1lia e do mundo, para a tradicional Audi\u00eancia semanal nesta quarta-feira (10\/08), na Sala Paulo VI.<\/p>\n<p>Em sua catequese, Francisco partiu da passagem evang\u00e9lica da \u201cressurrei\u00e7\u00e3o de um jovem\u201d. Trata-se de um milagre realmente grandioso. Por\u00e9m, o ponto central desta narra\u00e7\u00e3o n\u00e3o \u00e9 o \u201cmilagre\u201d, mas a ternura de Jesus com a m\u00e3e do jovem.<\/p>\n<p>A miseric\u00f3rdia \u2013 disse o Papa \u2013 se apresenta aqui como uma grande compaix\u00e3o de Jesus pela mulher, que havia perdido seu marido e, agora, acompanhava seu \u00fanico filho ao cemit\u00e9rio. Esta grande dor de uma m\u00e3e comoveu Jesus, a ponto de realizar o milagre da ressurrei\u00e7\u00e3o de seu filho.<\/p>\n<p>Ao iniciar este epis\u00f3dio, recorda Francisco, o evangelista Lucas descreve alguns particulares: \u00e0 porta da cidadezinha de Naim encontram-se dois grupos numerosos, que prov\u00eam de dire\u00e7\u00f5es opostas e n\u00e3o t\u00eam nada em comum.<\/p>\n<p><strong>Dor<\/strong><\/p>\n<p>Por sua vez, Jesus, acompanhado dos seus disc\u00edpulos e de uma grande multid\u00e3o, est\u00e1 para entrar na cidadezinha e se depara com o enterro de um jovem, com uma m\u00e3e vi\u00fava e muita gente. Ao ver a mulher, Jesus sentiu uma grande compaix\u00e3o e, com uma grande miseric\u00f3rdia, tocou o caix\u00e3o e enfrentou a morte. E o Papa ponderou:<\/p>\n<p>\u201cDurante este Jubileu seria bom que, ao passar pela Porta Santa, a \u2018Porta da Miseric\u00f3rdia\u2019, os peregrinos se recordassem deste epis\u00f3dio do Evangelho. Quando Jesus viu aquela mulher em l\u00e1grimas, ele entrou em seu cora\u00e7\u00e3o. Ao passar pela Porta Santa cada uma leva a pr\u00f3pria vida, com suas alegrias e sofrimentos, projetos e fal\u00eancias, d\u00favidas e temores, para apresent\u00e1-la \u00e0 miseric\u00f3rdia divina\u201d.<\/p>\n<p><strong>Al\u00e9m do sofrimento<\/strong><\/p>\n<p>Devemos estar cientes, acrescentou o Pont\u00edfice, que na Porta Santa o Senhor se aproxima de cada um de n\u00f3s para oferecer a sua poderosa palavra consoladora: \u201cN\u00e3o chore\u201d:<\/p>\n<p>\u201cEsta \u00e9 a Porta do encontro entre a dor da humanidade e a compaix\u00e3o de Deus. Ao passar pela Porta Santa realizamos a nossa peregrina\u00e7\u00e3o no \u00e2mbito da miseric\u00f3rdia de Deus, que hoje repete a n\u00f3s, como fez com o jovem defunto: \u2018Levante-se\u2019. A palavra poderosa de Jesus realiza em n\u00f3s a passagem da morte para a vida, nos faz reviver, nos d\u00e1 esperan\u00e7a, fortalece os cora\u00e7\u00f5es e nos leva para al\u00e9m do sofrimento e da morte\u201d.<\/p>\n<p><strong>Porta<\/strong><\/p>\n<p>Em rela\u00e7\u00e3o ao epis\u00f3dio, Jesus restitui o filho \u00e0 sua m\u00e3e. Assim, ela se torna m\u00e3e pela segunda vez. M\u00e3e e filho experimentam a miseric\u00f3rdia concreta do Senhor. Ele vai ao encontro do seu povo, a humanidade. Ele \u00e9 a verdadeira Porta que nos conduz \u00e0 salva\u00e7\u00e3o e nos restitui \u00e0 vida nova. A sua Miseric\u00f3rdia nos conduz \u00e0s obras de miseric\u00f3rdia.<\/p>\n<p>Ao t\u00e9rmino da sua catequese semanal, o Papa passou a cumprimentar os diversos grupos de peregrinos em algumas l\u00ednguas. Eis a sauda\u00e7\u00e3o que fez em portugu\u00eas:<\/p>\n<p><strong>Sauda\u00e7\u00e3o em portugu\u00eas<\/strong><\/p>\n<p>\u201cDirijo uma sauda\u00e7\u00e3o cordial aos peregrinos de l\u00edngua portuguesa, em particular aos fi\u00e9is de Portugal e do Brasil. Queridos amigos, a experi\u00eancia da compaix\u00e3o misericordiosa de Deus nos deve impelir a levar os outros ao encontro com Jesus, que espera cada homem e cada mulher nas diversas Portas da Miseric\u00f3rdia espalhadas por todas as Igrejas particulares do mundo. Que Deus os aben\u00e7oe!\u201d<\/p>\n<p>Antes de conceder a sua B\u00ean\u00e7\u00e3o Apost\u00f3lica, Francisco dirigiu uma sauda\u00e7\u00e3o particular a algumas Religiosas, que est\u00e3o realizando seus Cap\u00edtulos Gerais, e \u00e0 Ordem dos Padres Pregadores ou Dominicanos pelo oitavo centen\u00e1rio de sua funda\u00e7\u00e3o por S\u00e3o Domingos de Gusm\u00e3o.<\/p>\n<hr \/>\n<p><em>Fonte: R\u00e1dio Vaticano<\/em><\/p>\n","protected":false},"excerpt":{"rendered":"<p>Audi\u00eancia Geral<\/p>\n","protected":false},"author":1,"featured_media":219117,"comment_status":"open","ping_status":"open","sticky":false,"template":"","format":"standard","meta":[],"categories":[1428],"tags":[487],"acf":[],"yoast_head":"<!-- This site is optimized with the Yoast SEO plugin v19.2 - https:\/\/yoast.com\/wordpress\/plugins\/seo\/ -->\n<title>A Palavra de Jesus anima e d\u00e1 esperan\u00e7a, afirma Papa - Not\u00edcias - Franciscanos<\/title>\n<meta name=\"robots\" content=\"index, follow, max-snippet:-1, max-image-preview:large, max-video-preview:-1\" \/>\n<link rel=\"canonical\" href=\"https:\/\/franciscanos.org.br\/noticias\/a-palavra-de-jesus-anima-e-da-esperanca-afirma-papa.html\" \/>\n<meta property=\"og:locale\" content=\"pt_BR\" \/>\n<meta property=\"og:type\" content=\"article\" \/>\n<meta property=\"og:title\" content=\"A Palavra de Jesus anima e d\u00e1 esperan\u00e7a, afirma Papa - Not\u00edcias - Franciscanos\" \/>\n<meta property=\"og:description\" content=\"Audi\u00eancia Geral\" \/>\n<meta property=\"og:url\" content=\"https:\/\/franciscanos.org.br\/noticias\/a-palavra-de-jesus-anima-e-da-esperanca-afirma-papa.html\" \/>\n<meta property=\"og:site_name\" content=\"Not\u00edcias - Franciscanos\" \/>\n<meta property=\"article:published_time\" content=\"2016-08-10T11:26:23+00:00\" \/>\n<meta property=\"article:modified_time\" content=\"2020-06-09T19:03:59+00:00\" \/>\n<meta property=\"og:image\" content=\"https:\/\/franciscanos.org.br\/noticias\/wp-content\/uploads\/2016\/08\/audiencia_100816g.jpg\" \/>\n\t<meta property=\"og:image:width\" content=\"273\" \/>\n\t<meta property=\"og:image:height\" content=\"181\" \/>\n\t<meta property=\"og:image:type\" content=\"image\/jpeg\" \/>\n<meta name=\"author\" content=\"admin\" \/>\n<meta name=\"twitter:card\" content=\"summary_large_image\" \/>\n<meta name=\"twitter:label1\" content=\"Escrito por\" \/>\n\t<meta name=\"twitter:data1\" content=\"admin\" \/>\n\t<meta name=\"twitter:label2\" content=\"Est. tempo de leitura\" \/>\n\t<meta name=\"twitter:data2\" content=\"3 minutos\" \/>\n<script type=\"application\/ld+json\" class=\"yoast-schema-graph\">{\"@context\":\"https:\/\/schema.org\",\"@graph\":[{\"@type\":\"WebSite\",\"@id\":\"https:\/\/franciscanos.org.br\/noticias\/#website\",\"url\":\"https:\/\/franciscanos.org.br\/noticias\/\",\"name\":\"Not\u00edcias - Franciscanos\",\"description\":\"Prov\u00edncia Franciscana da Imaculada Concei\u00e7\u00e3o do Brasil - Ordem dos Frades Menores - OFM\",\"potentialAction\":[{\"@type\":\"SearchAction\",\"target\":{\"@type\":\"EntryPoint\",\"urlTemplate\":\"https:\/\/franciscanos.org.br\/noticias\/?s={search_term_string}\"},\"query-input\":\"required name=search_term_string\"}],\"inLanguage\":\"pt-BR\"},{\"@type\":\"ImageObject\",\"inLanguage\":\"pt-BR\",\"@id\":\"https:\/\/franciscanos.org.br\/noticias\/a-palavra-de-jesus-anima-e-da-esperanca-afirma-papa.html#primaryimage\",\"url\":\"https:\/\/franciscanos.org.br\/noticias\/wp-content\/uploads\/2016\/08\/audiencia_100816g.jpg\",\"contentUrl\":\"https:\/\/franciscanos.org.br\/noticias\/wp-content\/uploads\/2016\/08\/audiencia_100816g.jpg\",\"width\":273,\"height\":181},{\"@type\":\"WebPage\",\"@id\":\"https:\/\/franciscanos.org.br\/noticias\/a-palavra-de-jesus-anima-e-da-esperanca-afirma-papa.html#webpage\",\"url\":\"https:\/\/franciscanos.org.br\/noticias\/a-palavra-de-jesus-anima-e-da-esperanca-afirma-papa.html\",\"name\":\"A Palavra de Jesus anima e d\u00e1 esperan\u00e7a, afirma Papa - Not\u00edcias - Franciscanos\",\"isPartOf\":{\"@id\":\"https:\/\/franciscanos.org.br\/noticias\/#website\"},\"primaryImageOfPage\":{\"@id\":\"https:\/\/franciscanos.org.br\/noticias\/a-palavra-de-jesus-anima-e-da-esperanca-afirma-papa.html#primaryimage\"},\"datePublished\":\"2016-08-10T11:26:23+00:00\",\"dateModified\":\"2020-06-09T19:03:59+00:00\",\"author\":{\"@id\":\"https:\/\/franciscanos.org.br\/noticias\/#\/schema\/person\/b38fbf43118f02820bd932f2e4b14ad3\"},\"breadcrumb\":{\"@id\":\"https:\/\/franciscanos.org.br\/noticias\/a-palavra-de-jesus-anima-e-da-esperanca-afirma-papa.html#breadcrumb\"},\"inLanguage\":\"pt-BR\",\"potentialAction\":[{\"@type\":\"ReadAction\",\"target\":[\"https:\/\/franciscanos.org.br\/noticias\/a-palavra-de-jesus-anima-e-da-esperanca-afirma-papa.html\"]}]},{\"@type\":\"BreadcrumbList\",\"@id\":\"https:\/\/franciscanos.org.br\/noticias\/a-palavra-de-jesus-anima-e-da-esperanca-afirma-papa.html#breadcrumb\",\"itemListElement\":[{\"@type\":\"ListItem\",\"position\":1,\"name\":\"Home\",\"item\":\"https:\/\/franciscanos.org.br\/noticias\"},{\"@type\":\"ListItem\",\"position\":2,\"name\":\"A Palavra de Jesus anima e d\u00e1 esperan\u00e7a, afirma Papa\"}]},{\"@type\":\"Person\",\"@id\":\"https:\/\/franciscanos.org.br\/noticias\/#\/schema\/person\/b38fbf43118f02820bd932f2e4b14ad3\",\"name\":\"admin\",\"image\":{\"@type\":\"ImageObject\",\"inLanguage\":\"pt-BR\",\"@id\":\"https:\/\/franciscanos.org.br\/noticias\/#\/schema\/person\/image\/\",\"url\":\"https:\/\/secure.gravatar.com\/avatar\/e8495742d34d0ba6448ea1c628263b3e?s=96&d=mm&r=g\",\"contentUrl\":\"https:\/\/secure.gravatar.com\/avatar\/e8495742d34d0ba6448ea1c628263b3e?s=96&d=mm&r=g\",\"caption\":\"admin\"},\"url\":\"https:\/\/franciscanos.org.br\/noticias\/author\/admin\"}]}<\/script>\n<!-- \/ Yoast SEO plugin. -->","yoast_head_json":{"title":"A Palavra de Jesus anima e d\u00e1 esperan\u00e7a, afirma Papa - Not\u00edcias - Franciscanos","robots":{"index":"index","follow":"follow","max-snippet":"max-snippet:-1","max-image-preview":"max-image-preview:large","max-video-preview":"max-video-preview:-1"},"canonical":"https:\/\/franciscanos.org.br\/noticias\/a-palavra-de-jesus-anima-e-da-esperanca-afirma-papa.html","og_locale":"pt_BR","og_type":"article","og_title":"A Palavra de Jesus anima e d\u00e1 esperan\u00e7a, afirma Papa - Not\u00edcias - Franciscanos","og_description":"Audi\u00eancia Geral","og_url":"https:\/\/franciscanos.org.br\/noticias\/a-palavra-de-jesus-anima-e-da-esperanca-afirma-papa.html","og_site_name":"Not\u00edcias - Franciscanos","article_published_time":"2016-08-10T11:26:23+00:00","article_modified_time":"2020-06-09T19:03:59+00:00","og_image":[{"width":273,"height":181,"url":"https:\/\/franciscanos.org.br\/noticias\/wp-content\/uploads\/2016\/08\/audiencia_100816g.jpg","type":"image\/jpeg"}],"author":"admin","twitter_card":"summary_large_image","twitter_misc":{"Escrito por":"admin","Est. tempo de leitura":"3 minutos"},"schema":{"@context":"https:\/\/schema.org","@graph":[{"@type":"WebSite","@id":"https:\/\/franciscanos.org.br\/noticias\/#website","url":"https:\/\/franciscanos.org.br\/noticias\/","name":"Not\u00edcias - Franciscanos","description":"Prov\u00edncia Franciscana da Imaculada Concei\u00e7\u00e3o do Brasil - Ordem dos Frades Menores - OFM","potentialAction":[{"@type":"SearchAction","target":{"@type":"EntryPoint","urlTemplate":"https:\/\/franciscanos.org.br\/noticias\/?s={search_term_string}"},"query-input":"required name=search_term_string"}],"inLanguage":"pt-BR"},{"@type":"ImageObject","inLanguage":"pt-BR","@id":"https:\/\/franciscanos.org.br\/noticias\/a-palavra-de-jesus-anima-e-da-esperanca-afirma-papa.html#primaryimage","url":"https:\/\/franciscanos.org.br\/noticias\/wp-content\/uploads\/2016\/08\/audiencia_100816g.jpg","contentUrl":"https:\/\/franciscanos.org.br\/noticias\/wp-content\/uploads\/2016\/08\/audiencia_100816g.jpg","width":273,"height":181},{"@type":"WebPage","@id":"https:\/\/franciscanos.org.br\/noticias\/a-palavra-de-jesus-anima-e-da-esperanca-afirma-papa.html#webpage","url":"https:\/\/franciscanos.org.br\/noticias\/a-palavra-de-jesus-anima-e-da-esperanca-afirma-papa.html","name":"A Palavra de Jesus anima e d\u00e1 esperan\u00e7a, afirma Papa - Not\u00edcias - Franciscanos","isPartOf":{"@id":"https:\/\/franciscanos.org.br\/noticias\/#website"},"primaryImageOfPage":{"@id":"https:\/\/franciscanos.org.br\/noticias\/a-palavra-de-jesus-anima-e-da-esperanca-afirma-papa.html#primaryimage"},"datePublished":"2016-08-10T11:26:23+00:00","dateModified":"2020-06-09T19:03:59+00:00","author":{"@id":"https:\/\/franciscanos.org.br\/noticias\/#\/schema\/person\/b38fbf43118f02820bd932f2e4b14ad3"},"breadcrumb":{"@id":"https:\/\/franciscanos.org.br\/noticias\/a-palavra-de-jesus-anima-e-da-esperanca-afirma-papa.html#breadcrumb"},"inLanguage":"pt-BR","potentialAction":[{"@type":"ReadAction","target":["https:\/\/franciscanos.org.br\/noticias\/a-palavra-de-jesus-anima-e-da-esperanca-afirma-papa.html"]}]},{"@type":"BreadcrumbList","@id":"https:\/\/franciscanos.org.br\/noticias\/a-palavra-de-jesus-anima-e-da-esperanca-afirma-papa.html#breadcrumb","itemListElement":[{"@type":"ListItem","position":1,"name":"Home","item":"https:\/\/franciscanos.org.br\/noticias"},{"@type":"ListItem","position":2,"name":"A Palavra de Jesus anima e d\u00e1 esperan\u00e7a, afirma Papa"}]},{"@type":"Person","@id":"https:\/\/franciscanos.org.br\/noticias\/#\/schema\/person\/b38fbf43118f02820bd932f2e4b14ad3","name":"admin","image":{"@type":"ImageObject","inLanguage":"pt-BR","@id":"https:\/\/franciscanos.org.br\/noticias\/#\/schema\/person\/image\/","url":"https:\/\/secure.gravatar.com\/avatar\/e8495742d34d0ba6448ea1c628263b3e?s=96&d=mm&r=g","contentUrl":"https:\/\/secure.gravatar.com\/avatar\/e8495742d34d0ba6448ea1c628263b3e?s=96&d=mm&r=g","caption":"admin"},"url":"https:\/\/franciscanos.org.br\/noticias\/author\/admin"}]}},"_links":{"self":[{"href":"https:\/\/franciscanos.org.br\/noticias\/wp-json\/wp\/v2\/posts\/113886"}],"collection":[{"href":"https:\/\/franciscanos.org.br\/noticias\/wp-json\/wp\/v2\/posts"}],"about":[{"href":"https:\/\/franciscanos.org.br\/noticias\/wp-json\/wp\/v2\/types\/post"}],"author":[{"embeddable":true,"href":"https:\/\/franciscanos.org.br\/noticias\/wp-json\/wp\/v2\/users\/1"}],"replies":[{"embeddable":true,"href":"https:\/\/franciscanos.org.br\/noticias\/wp-json\/wp\/v2\/comments?post=113886"}],"version-history":[{"count":2,"href":"https:\/\/franciscanos.org.br\/noticias\/wp-json\/wp\/v2\/posts\/113886\/revisions"}],"predecessor-version":[{"id":225642,"href":"https:\/\/franciscanos.org.br\/noticias\/wp-json\/wp\/v2\/posts\/113886\/revisions\/225642"}],"wp:featuredmedia":[{"embeddable":true,"href":"https:\/\/franciscanos.org.br\/noticias\/wp-json\/wp\/v2\/media\/219117"}],"wp:attachment":[{"href":"https:\/\/franciscanos.org.br\/noticias\/wp-json\/wp\/v2\/media?parent=113886"}],"wp:term":[{"taxonomy":"category","embeddable":true,"href":"https:\/\/franciscanos.org.br\/noticias\/wp-json\/wp\/v2\/categories?post=113886"},{"taxonomy":"post_tag","embeddable":true,"href":"https:\/\/franciscanos.org.br\/noticias\/wp-json\/wp\/v2\/tags?post=113886"}],"curies":[{"name":"wp","href":"https:\/\/api.w.org\/{rel}","templated":true}]}}