{"id":113706,"date":"2016-08-08T11:36:05","date_gmt":"2016-08-08T14:36:05","guid":{"rendered":"http:\/\/franciscanos.org.br\/?p=113706"},"modified":"2020-03-24T10:45:18","modified_gmt":"2020-03-24T13:45:18","slug":"trajetoria-de-luta-de-dom-paulo-evaristo-arns-retratada-em-exposicao","status":"publish","type":"post","link":"https:\/\/franciscanos.org.br\/noticias\/trajetoria-de-luta-de-dom-paulo-evaristo-arns-retratada-em-exposicao.html","title":{"rendered":"Trajet\u00f3ria de luta de Dom Paulo Evaristo Arns ser\u00e1 retratada em exposi\u00e7\u00e3o"},"content":{"rendered":"<p><img loading=\"lazy\" src=\"http:\/\/franciscanos.org.br\/wp-content\/uploads\/2016\/08\/dom_paulo_-830.jpg\" alt=\"dom_paulo_-830\" width=\"830\" height=\"360\" \/><\/p>\n<p><strong>Bras\u00edlia (DF)<\/strong> &#8211; As bi\u00f3grafas de Dom Paulo Evaristo Cardeal Arns, que completa 95 anos em setembro pr\u00f3ximo, iniciaram uma campanha virtual para arrecadar fundos. A ideia \u00e9 custear as despesas com a produ\u00e7\u00e3o de uma exposi\u00e7\u00e3o de arte em homenagem \u00e0 trajet\u00f3ria do arcebispo em\u00e9rito de S\u00e3o Paulo e sua luta contra a ditadura no Brasil.<\/p>\n<p>No m\u00eas passado, o Papa enviou uma carta pelos 50 anos de ordena\u00e7\u00e3o episcopal de Dom Paulo.<\/p>\n<p>A exposi\u00e7\u00e3o se realizar\u00e1 no antigo pr\u00e9dio do Deops (Departamento Estadual de Ordem Pol\u00edtica e Social), em S\u00e3o Paulo (SP). O local, hoje revitalizado e chamado \u2018Memorial da Resist\u00eancia\u2019, abrigou uma das pol\u00edcias pol\u00edticas mais truculentas do pa\u00eds, principalmente durante o regime militar.<\/p>\n<p><strong>Direitos Humanos<\/strong><\/p>\n<p>A exposi\u00e7\u00e3o vai retratar a atua\u00e7\u00e3o do arcebispo contra a viol\u00eancia e os desmandos da ditadura e ser\u00e1 aberta no dia 10 de dezembro pr\u00f3ximo, Dia Internacional dos Direitos Humanos, fazendo parte da programa\u00e7\u00e3o oficial do Festival de Direitos Humanos.<\/p>\n<p>Idealizada pelas jornalistas Evanize Sydow e Marilda Ferri, a &#8220;vaquinha&#8221; online tem o t\u00edtulo de \u201cDom Paulo Evaristo, Cardeal Arns \u2013 95 Anos\u201d, est\u00e1 hospedada na plataforma de crowdfunding Catarse e aceita doa\u00e7\u00f5es de pessoas f\u00edsicas e jur\u00eddicas.<\/p>\n<p>O livro ser\u00e1 relan\u00e7ado em edi\u00e7\u00e3o ampliada tamb\u00e9m por meio da campanha, agora pela Editora Express\u00e3o Popular.<\/p>\n<p>Com ampla repercuss\u00e3o na imprensa na \u00e9poca de seu lan\u00e7amento, a biografia \u201cDom Paulo Evaristo Arns \u2013 Um homem amado e perseguido\u201d foi considerada uma obra que \u201cresponde a uma s\u00e9rie de quest\u00f5es fundamentais sobre os fatos que marcaram a hist\u00f3ria do pa\u00eds nas \u00faltimas tr\u00eas d\u00e9cadas e, sobretudo, a hist\u00f3ria individual de milhares de v\u00edtimas de persegui\u00e7\u00f5es e do arb\u00edtrio durante o per\u00edodo do regime militar\u201d, descreve o texto do Jornal do Brasil.<\/p>\n","protected":false},"excerpt":{"rendered":"<p>Campanha<\/p>\n","protected":false},"author":1,"featured_media":219239,"comment_status":"open","ping_status":"open","sticky":false,"template":"","format":"standard","meta":[],"categories":[1],"tags":[],"acf":[],"yoast_head":"<!-- This site is optimized with the Yoast SEO plugin v19.2 - https:\/\/yoast.com\/wordpress\/plugins\/seo\/ -->\n<title>Trajet\u00f3ria de luta de Dom Paulo Evaristo Arns ser\u00e1 retratada em exposi\u00e7\u00e3o - Not\u00edcias - Franciscanos<\/title>\n<meta name=\"robots\" content=\"index, follow, max-snippet:-1, max-image-preview:large, max-video-preview:-1\" \/>\n<link rel=\"canonical\" href=\"https:\/\/franciscanos.org.br\/noticias\/trajetoria-de-luta-de-dom-paulo-evaristo-arns-retratada-em-exposicao.html\" \/>\n<meta property=\"og:locale\" content=\"pt_BR\" \/>\n<meta property=\"og:type\" content=\"article\" \/>\n<meta property=\"og:title\" content=\"Trajet\u00f3ria de luta de Dom Paulo Evaristo Arns ser\u00e1 retratada em exposi\u00e7\u00e3o - Not\u00edcias - Franciscanos\" \/>\n<meta property=\"og:description\" content=\"Campanha\" \/>\n<meta property=\"og:url\" content=\"https:\/\/franciscanos.org.br\/noticias\/trajetoria-de-luta-de-dom-paulo-evaristo-arns-retratada-em-exposicao.html\" \/>\n<meta property=\"og:site_name\" content=\"Not\u00edcias - Franciscanos\" \/>\n<meta property=\"article:published_time\" content=\"2016-08-08T14:36:05+00:00\" \/>\n<meta property=\"article:modified_time\" content=\"2020-03-24T13:45:18+00:00\" \/>\n<meta property=\"og:image\" content=\"https:\/\/franciscanos.org.br\/noticias\/wp-content\/uploads\/2016\/08\/dom_paulo_-830.jpg\" \/>\n\t<meta property=\"og:image:width\" content=\"273\" \/>\n\t<meta property=\"og:image:height\" content=\"181\" \/>\n\t<meta property=\"og:image:type\" content=\"image\/jpeg\" \/>\n<meta name=\"author\" content=\"admin\" \/>\n<meta name=\"twitter:card\" content=\"summary_large_image\" \/>\n<meta name=\"twitter:label1\" content=\"Escrito por\" \/>\n\t<meta name=\"twitter:data1\" content=\"admin\" \/>\n\t<meta name=\"twitter:label2\" content=\"Est. tempo de leitura\" \/>\n\t<meta name=\"twitter:data2\" content=\"2 minutos\" \/>\n<script type=\"application\/ld+json\" class=\"yoast-schema-graph\">{\"@context\":\"https:\/\/schema.org\",\"@graph\":[{\"@type\":\"WebSite\",\"@id\":\"https:\/\/franciscanos.org.br\/noticias\/#website\",\"url\":\"https:\/\/franciscanos.org.br\/noticias\/\",\"name\":\"Not\u00edcias - Franciscanos\",\"description\":\"Prov\u00edncia Franciscana da Imaculada Concei\u00e7\u00e3o do Brasil - Ordem dos Frades Menores - OFM\",\"potentialAction\":[{\"@type\":\"SearchAction\",\"target\":{\"@type\":\"EntryPoint\",\"urlTemplate\":\"https:\/\/franciscanos.org.br\/noticias\/?s={search_term_string}\"},\"query-input\":\"required name=search_term_string\"}],\"inLanguage\":\"pt-BR\"},{\"@type\":\"ImageObject\",\"inLanguage\":\"pt-BR\",\"@id\":\"https:\/\/franciscanos.org.br\/noticias\/trajetoria-de-luta-de-dom-paulo-evaristo-arns-retratada-em-exposicao.html#primaryimage\",\"url\":\"https:\/\/franciscanos.org.br\/noticias\/wp-content\/uploads\/2016\/08\/dom_paulo_-830.jpg\",\"contentUrl\":\"https:\/\/franciscanos.org.br\/noticias\/wp-content\/uploads\/2016\/08\/dom_paulo_-830.jpg\",\"width\":273,\"height\":181},{\"@type\":\"WebPage\",\"@id\":\"https:\/\/franciscanos.org.br\/noticias\/trajetoria-de-luta-de-dom-paulo-evaristo-arns-retratada-em-exposicao.html#webpage\",\"url\":\"https:\/\/franciscanos.org.br\/noticias\/trajetoria-de-luta-de-dom-paulo-evaristo-arns-retratada-em-exposicao.html\",\"name\":\"Trajet\u00f3ria de luta de Dom Paulo Evaristo Arns ser\u00e1 retratada em exposi\u00e7\u00e3o - Not\u00edcias - Franciscanos\",\"isPartOf\":{\"@id\":\"https:\/\/franciscanos.org.br\/noticias\/#website\"},\"primaryImageOfPage\":{\"@id\":\"https:\/\/franciscanos.org.br\/noticias\/trajetoria-de-luta-de-dom-paulo-evaristo-arns-retratada-em-exposicao.html#primaryimage\"},\"datePublished\":\"2016-08-08T14:36:05+00:00\",\"dateModified\":\"2020-03-24T13:45:18+00:00\",\"author\":{\"@id\":\"https:\/\/franciscanos.org.br\/noticias\/#\/schema\/person\/b38fbf43118f02820bd932f2e4b14ad3\"},\"breadcrumb\":{\"@id\":\"https:\/\/franciscanos.org.br\/noticias\/trajetoria-de-luta-de-dom-paulo-evaristo-arns-retratada-em-exposicao.html#breadcrumb\"},\"inLanguage\":\"pt-BR\",\"potentialAction\":[{\"@type\":\"ReadAction\",\"target\":[\"https:\/\/franciscanos.org.br\/noticias\/trajetoria-de-luta-de-dom-paulo-evaristo-arns-retratada-em-exposicao.html\"]}]},{\"@type\":\"BreadcrumbList\",\"@id\":\"https:\/\/franciscanos.org.br\/noticias\/trajetoria-de-luta-de-dom-paulo-evaristo-arns-retratada-em-exposicao.html#breadcrumb\",\"itemListElement\":[{\"@type\":\"ListItem\",\"position\":1,\"name\":\"Home\",\"item\":\"https:\/\/franciscanos.org.br\/noticias\"},{\"@type\":\"ListItem\",\"position\":2,\"name\":\"Trajet\u00f3ria de luta de Dom Paulo Evaristo Arns ser\u00e1 retratada em exposi\u00e7\u00e3o\"}]},{\"@type\":\"Person\",\"@id\":\"https:\/\/franciscanos.org.br\/noticias\/#\/schema\/person\/b38fbf43118f02820bd932f2e4b14ad3\",\"name\":\"admin\",\"image\":{\"@type\":\"ImageObject\",\"inLanguage\":\"pt-BR\",\"@id\":\"https:\/\/franciscanos.org.br\/noticias\/#\/schema\/person\/image\/\",\"url\":\"https:\/\/secure.gravatar.com\/avatar\/e8495742d34d0ba6448ea1c628263b3e?s=96&d=mm&r=g\",\"contentUrl\":\"https:\/\/secure.gravatar.com\/avatar\/e8495742d34d0ba6448ea1c628263b3e?s=96&d=mm&r=g\",\"caption\":\"admin\"},\"url\":\"https:\/\/franciscanos.org.br\/noticias\/author\/admin\"}]}<\/script>\n<!-- \/ Yoast SEO plugin. -->","yoast_head_json":{"title":"Trajet\u00f3ria de luta de Dom Paulo Evaristo Arns ser\u00e1 retratada em exposi\u00e7\u00e3o - Not\u00edcias - Franciscanos","robots":{"index":"index","follow":"follow","max-snippet":"max-snippet:-1","max-image-preview":"max-image-preview:large","max-video-preview":"max-video-preview:-1"},"canonical":"https:\/\/franciscanos.org.br\/noticias\/trajetoria-de-luta-de-dom-paulo-evaristo-arns-retratada-em-exposicao.html","og_locale":"pt_BR","og_type":"article","og_title":"Trajet\u00f3ria de luta de Dom Paulo Evaristo Arns ser\u00e1 retratada em exposi\u00e7\u00e3o - Not\u00edcias - Franciscanos","og_description":"Campanha","og_url":"https:\/\/franciscanos.org.br\/noticias\/trajetoria-de-luta-de-dom-paulo-evaristo-arns-retratada-em-exposicao.html","og_site_name":"Not\u00edcias - Franciscanos","article_published_time":"2016-08-08T14:36:05+00:00","article_modified_time":"2020-03-24T13:45:18+00:00","og_image":[{"width":273,"height":181,"url":"https:\/\/franciscanos.org.br\/noticias\/wp-content\/uploads\/2016\/08\/dom_paulo_-830.jpg","type":"image\/jpeg"}],"author":"admin","twitter_card":"summary_large_image","twitter_misc":{"Escrito por":"admin","Est. tempo de leitura":"2 minutos"},"schema":{"@context":"https:\/\/schema.org","@graph":[{"@type":"WebSite","@id":"https:\/\/franciscanos.org.br\/noticias\/#website","url":"https:\/\/franciscanos.org.br\/noticias\/","name":"Not\u00edcias - Franciscanos","description":"Prov\u00edncia Franciscana da Imaculada Concei\u00e7\u00e3o do Brasil - Ordem dos Frades Menores - OFM","potentialAction":[{"@type":"SearchAction","target":{"@type":"EntryPoint","urlTemplate":"https:\/\/franciscanos.org.br\/noticias\/?s={search_term_string}"},"query-input":"required name=search_term_string"}],"inLanguage":"pt-BR"},{"@type":"ImageObject","inLanguage":"pt-BR","@id":"https:\/\/franciscanos.org.br\/noticias\/trajetoria-de-luta-de-dom-paulo-evaristo-arns-retratada-em-exposicao.html#primaryimage","url":"https:\/\/franciscanos.org.br\/noticias\/wp-content\/uploads\/2016\/08\/dom_paulo_-830.jpg","contentUrl":"https:\/\/franciscanos.org.br\/noticias\/wp-content\/uploads\/2016\/08\/dom_paulo_-830.jpg","width":273,"height":181},{"@type":"WebPage","@id":"https:\/\/franciscanos.org.br\/noticias\/trajetoria-de-luta-de-dom-paulo-evaristo-arns-retratada-em-exposicao.html#webpage","url":"https:\/\/franciscanos.org.br\/noticias\/trajetoria-de-luta-de-dom-paulo-evaristo-arns-retratada-em-exposicao.html","name":"Trajet\u00f3ria de luta de Dom Paulo Evaristo Arns ser\u00e1 retratada em exposi\u00e7\u00e3o - Not\u00edcias - Franciscanos","isPartOf":{"@id":"https:\/\/franciscanos.org.br\/noticias\/#website"},"primaryImageOfPage":{"@id":"https:\/\/franciscanos.org.br\/noticias\/trajetoria-de-luta-de-dom-paulo-evaristo-arns-retratada-em-exposicao.html#primaryimage"},"datePublished":"2016-08-08T14:36:05+00:00","dateModified":"2020-03-24T13:45:18+00:00","author":{"@id":"https:\/\/franciscanos.org.br\/noticias\/#\/schema\/person\/b38fbf43118f02820bd932f2e4b14ad3"},"breadcrumb":{"@id":"https:\/\/franciscanos.org.br\/noticias\/trajetoria-de-luta-de-dom-paulo-evaristo-arns-retratada-em-exposicao.html#breadcrumb"},"inLanguage":"pt-BR","potentialAction":[{"@type":"ReadAction","target":["https:\/\/franciscanos.org.br\/noticias\/trajetoria-de-luta-de-dom-paulo-evaristo-arns-retratada-em-exposicao.html"]}]},{"@type":"BreadcrumbList","@id":"https:\/\/franciscanos.org.br\/noticias\/trajetoria-de-luta-de-dom-paulo-evaristo-arns-retratada-em-exposicao.html#breadcrumb","itemListElement":[{"@type":"ListItem","position":1,"name":"Home","item":"https:\/\/franciscanos.org.br\/noticias"},{"@type":"ListItem","position":2,"name":"Trajet\u00f3ria de luta de Dom Paulo Evaristo Arns ser\u00e1 retratada em exposi\u00e7\u00e3o"}]},{"@type":"Person","@id":"https:\/\/franciscanos.org.br\/noticias\/#\/schema\/person\/b38fbf43118f02820bd932f2e4b14ad3","name":"admin","image":{"@type":"ImageObject","inLanguage":"pt-BR","@id":"https:\/\/franciscanos.org.br\/noticias\/#\/schema\/person\/image\/","url":"https:\/\/secure.gravatar.com\/avatar\/e8495742d34d0ba6448ea1c628263b3e?s=96&d=mm&r=g","contentUrl":"https:\/\/secure.gravatar.com\/avatar\/e8495742d34d0ba6448ea1c628263b3e?s=96&d=mm&r=g","caption":"admin"},"url":"https:\/\/franciscanos.org.br\/noticias\/author\/admin"}]}},"_links":{"self":[{"href":"https:\/\/franciscanos.org.br\/noticias\/wp-json\/wp\/v2\/posts\/113706"}],"collection":[{"href":"https:\/\/franciscanos.org.br\/noticias\/wp-json\/wp\/v2\/posts"}],"about":[{"href":"https:\/\/franciscanos.org.br\/noticias\/wp-json\/wp\/v2\/types\/post"}],"author":[{"embeddable":true,"href":"https:\/\/franciscanos.org.br\/noticias\/wp-json\/wp\/v2\/users\/1"}],"replies":[{"embeddable":true,"href":"https:\/\/franciscanos.org.br\/noticias\/wp-json\/wp\/v2\/comments?post=113706"}],"version-history":[{"count":1,"href":"https:\/\/franciscanos.org.br\/noticias\/wp-json\/wp\/v2\/posts\/113706\/revisions"}],"predecessor-version":[{"id":222436,"href":"https:\/\/franciscanos.org.br\/noticias\/wp-json\/wp\/v2\/posts\/113706\/revisions\/222436"}],"wp:featuredmedia":[{"embeddable":true,"href":"https:\/\/franciscanos.org.br\/noticias\/wp-json\/wp\/v2\/media\/219239"}],"wp:attachment":[{"href":"https:\/\/franciscanos.org.br\/noticias\/wp-json\/wp\/v2\/media?parent=113706"}],"wp:term":[{"taxonomy":"category","embeddable":true,"href":"https:\/\/franciscanos.org.br\/noticias\/wp-json\/wp\/v2\/categories?post=113706"},{"taxonomy":"post_tag","embeddable":true,"href":"https:\/\/franciscanos.org.br\/noticias\/wp-json\/wp\/v2\/tags?post=113706"}],"curies":[{"name":"wp","href":"https:\/\/api.w.org\/{rel}","templated":true}]}}