{"id":113701,"date":"2016-08-08T11:20:15","date_gmt":"2016-08-08T14:20:15","guid":{"rendered":"http:\/\/franciscanos.org.br\/?p=113701"},"modified":"2020-08-05T12:58:38","modified_gmt":"2020-08-05T15:58:38","slug":"papa-injusticas-nascem-do-nosso-comportar-como-patroes-da-vida-dos-outros","status":"publish","type":"post","link":"https:\/\/franciscanos.org.br\/noticias\/papa-injusticas-nascem-do-nosso-comportar-como-patroes-da-vida-dos-outros.html","title":{"rendered":"Injusti\u00e7as nascem do nosso comportamento"},"content":{"rendered":"<p>&nbsp;<\/p>\n<p><img loading=\"lazy\" class=\"alignnone wp-image-227485 size-full\" src=\"https:\/\/franciscanos.org.br\/noticias\/wp-content\/uploads\/2018\/07\/angelus_150718.jpg\" alt=\"\" width=\"1000\" height=\"563\" srcset=\"https:\/\/franciscanos.org.br\/noticias\/wp-content\/uploads\/2018\/07\/angelus_150718.jpg 1000w, https:\/\/franciscanos.org.br\/noticias\/wp-content\/uploads\/2018\/07\/angelus_150718-450x253.jpg 450w, https:\/\/franciscanos.org.br\/noticias\/wp-content\/uploads\/2018\/07\/angelus_150718-768x432.jpg 768w, https:\/\/franciscanos.org.br\/noticias\/wp-content\/uploads\/2018\/07\/angelus_150718-150x84.jpg 150w\" sizes=\"(max-width: 1000px) 100vw, 1000px\" \/><\/p>\n<p><strong>Cidade do Vaticano<\/strong> &#8211; O Papa Francisco conduziu a ora\u00e7\u00e3o mariana do Angelus, deste domingo (07\/08), com os fi\u00e9is e peregrinos provenientes de v\u00e1rias partes do mundo que se reuniram na Pra\u00e7a S\u00e3o Pedro.<\/p>\n<p>\u201cNo Evangelho de hoje, Jesus fala aos seus disc\u00edpulos sobre a atitude a ser tomada em vista do encontro final com Ele, e explica como a expectativa deste encontro deve conduzir a uma vida rica de boas obras\u201d, disse o Pont\u00edfice em sua alocu\u00e7\u00e3o.<\/p>\n<p>\u201cVendam os seus bens e deem o dinheiro em esmola. Fa\u00e7am bolsas que n\u00e3o envelhecem, um tesouro que n\u00e3o perde o seu valor no c\u00e9u: l\u00e1 o ladr\u00e3o n\u00e3o chega, nem a tra\u00e7a r\u00f3i\u201d, diz Jesus.<\/p>\n<p>&#8220;\u00c9 um convite a dar valor \u00e0 esmola como obra de miseric\u00f3rdia, a n\u00e3o colocar a confian\u00e7a nos bens ef\u00eameros, a usar as coisas sem apego e ego\u00edsmo, mas segundo a l\u00f3gica de Deus, a l\u00f3gica da aten\u00e7\u00e3o aos outros, a l\u00f3gica do amor. N\u00f3s podemos ser muito apegados ao dinheiro, ter muitas coisas, mas no final, n\u00e3o podemos levar tudo isso conosco. Recordem que o sud\u00e1rio n\u00e3o tem bolsos\u201d, frisou o Papa.<\/p>\n<p>O ensinamento de Jesus prossegue com tr\u00eas par\u00e1bolas breves sobre o tema da vigil\u00e2ncia. \u201cIsto \u00e9 importante: a vigil\u00e2ncia, estar atentos, ser vigilantes na vida\u201d, disse o Papa.<\/p>\n<p><strong>Atitude<\/strong><\/p>\n<p>A primeira \u00e9 a Par\u00e1bola dos Servos que esperam na noite o retorno do patr\u00e3o. \u201cFelizes os servos que o senhor encontra acordados quando chega\u201d: \u00e9 a beatitude do esperar o Senhor com f\u00e9, de estar preparado, em atitude de servi\u00e7o. Ele est\u00e1 presente a cada dia, bate \u00e0 porta do nosso cora\u00e7\u00e3o. Ser\u00e1 feliz aquele que o abrir a porta, porque ter\u00e1 uma grande recompensa: De fato, o Senhor se far\u00e1 servo de seus servos. \u00c9 uma recompensa bonita. No grande banquete de seu Reino ele os servir\u00e1. Com esta par\u00e1bola, ambientada na noite, Jesus prev\u00ea a vida como uma vig\u00edlia de expectativa operante, um prel\u00fadio ao luminoso dia da eternidade.<\/p>\n<p>Para ter acesso a essa vida \u201c\u00e9 preciso estar preparado, vigilante e comprometido com o servi\u00e7o aos outros, na perspectiva consoladora de que, de l\u00e1, n\u00e3o seremos n\u00f3s a servir a Deus, mas Ele nos acolher\u00e1 em sua mesa. Pensando bem, isto acontece j\u00e1 hoje toda vez que encontramos o Senhor na ora\u00e7\u00e3o ou quando servimos os pobres, mas sobretudo na Eucaristia, onde Ele prepara um banquete para nos nutrir com a sua Palavra e seu Corpo\u201d.<\/p>\n<p>A segunda par\u00e1bola tem como imagem a chegada imprevis\u00edvel do ladr\u00e3o. Este fato exige vigil\u00e2ncia; de fato, Jesus exorta: \u201cEstejam preparados! Porque o Filho do Homem vai chegar na hora em que voc\u00eas menos esperarem\u201d. O disc\u00edpulo \u00e9 aquele que espera o Senhor e o seu Reino.<\/p>\n<p><strong>Comportamento<\/strong><\/p>\n<p>\u201cO Evangelho esclarece esta perspectiva com a terceira par\u00e1bola: o administrador de uma casa depois da partida do patr\u00e3o. Na primeira parte, o administrador cumpre fielmente as suas tarefas e recebe a recompensa. Na segunda, o administrador abusa de sua autoridade e espanca os servos, e no retorno inesperado do patr\u00e3o, ser\u00e1 punido. Esta cena descreve uma situa\u00e7\u00e3o frequente tamb\u00e9m em nossos dias: muitas injusti\u00e7as, viol\u00eancias e maldades cotidianas nascem da ideia de nos comportar como patr\u00f5es da vida dos outros. Temos um patr\u00e3o que n\u00e3o gosta de ser chamado de patr\u00e3o, mas como Pai. Somos servos, pecadores e filhos. Ele \u00e9 o \u00fanico Pai.\u201d<\/p>\n<p>\u201cJesus hoje nos recorda que a espera da bem-aventuran\u00e7a eterna n\u00e3o nos exime do compromisso de tornar o mundo mais justo e habit\u00e1vel. Ali\u00e1s, esta nossa esperan\u00e7a de possuir o Reino na eternidade nos impulsiona a trabalhar para melhorar as condi\u00e7\u00f5es da vida terrena, especialmente dos irm\u00e3os desfavorecidos\u201d, disse ainda o Papa.<\/p>\n<p>Francisco pediu \u00e0 Virgem Maria para que nos ajude a ser pessoas e comunidades n\u00e3o achatadas no presente, ou, pior, nost\u00e1lgicas do passado, mas inclinadas ao futuro de Deus, ao encontro com Ele, nossa vida e nossa esperan\u00e7a.<\/p>\n<hr \/>\n<p><em>Fonte: R\u00e1dio Vaticano<\/em><\/p>\n","protected":false},"excerpt":{"rendered":"<p>Angelus<\/p>\n","protected":false},"author":1,"featured_media":227498,"comment_status":"open","ping_status":"open","sticky":false,"template":"","format":"standard","meta":[],"categories":[1428],"tags":[403],"acf":[],"yoast_head":"<!-- This site is optimized with the Yoast SEO plugin v19.2 - https:\/\/yoast.com\/wordpress\/plugins\/seo\/ -->\n<title>Injusti\u00e7as nascem do nosso comportamento - Not\u00edcias - Franciscanos<\/title>\n<meta name=\"robots\" content=\"index, follow, max-snippet:-1, max-image-preview:large, max-video-preview:-1\" \/>\n<link rel=\"canonical\" href=\"https:\/\/franciscanos.org.br\/noticias\/papa-injusticas-nascem-do-nosso-comportar-como-patroes-da-vida-dos-outros.html\" \/>\n<meta property=\"og:locale\" content=\"pt_BR\" \/>\n<meta property=\"og:type\" content=\"article\" \/>\n<meta property=\"og:title\" content=\"Injusti\u00e7as nascem do nosso comportamento - Not\u00edcias - Franciscanos\" \/>\n<meta property=\"og:description\" content=\"Angelus\" \/>\n<meta property=\"og:url\" content=\"https:\/\/franciscanos.org.br\/noticias\/papa-injusticas-nascem-do-nosso-comportar-como-patroes-da-vida-dos-outros.html\" \/>\n<meta property=\"og:site_name\" content=\"Not\u00edcias - Franciscanos\" \/>\n<meta property=\"article:published_time\" content=\"2016-08-08T14:20:15+00:00\" \/>\n<meta property=\"article:modified_time\" content=\"2020-08-05T15:58:38+00:00\" \/>\n<meta property=\"og:image\" content=\"https:\/\/franciscanos.org.br\/noticias\/wp-content\/uploads\/2016\/08\/angelus_150718d.jpg\" \/>\n\t<meta property=\"og:image:width\" content=\"800\" \/>\n\t<meta property=\"og:image:height\" content=\"601\" \/>\n\t<meta property=\"og:image:type\" content=\"image\/jpeg\" \/>\n<meta name=\"author\" content=\"admin\" \/>\n<meta name=\"twitter:card\" content=\"summary_large_image\" \/>\n<meta name=\"twitter:label1\" content=\"Escrito por\" \/>\n\t<meta name=\"twitter:data1\" content=\"admin\" \/>\n\t<meta name=\"twitter:label2\" content=\"Est. tempo de leitura\" \/>\n\t<meta name=\"twitter:data2\" content=\"4 minutos\" \/>\n<script type=\"application\/ld+json\" class=\"yoast-schema-graph\">{\"@context\":\"https:\/\/schema.org\",\"@graph\":[{\"@type\":\"WebSite\",\"@id\":\"https:\/\/franciscanos.org.br\/noticias\/#website\",\"url\":\"https:\/\/franciscanos.org.br\/noticias\/\",\"name\":\"Not\u00edcias - Franciscanos\",\"description\":\"Prov\u00edncia Franciscana da Imaculada Concei\u00e7\u00e3o do Brasil - Ordem dos Frades Menores - OFM\",\"potentialAction\":[{\"@type\":\"SearchAction\",\"target\":{\"@type\":\"EntryPoint\",\"urlTemplate\":\"https:\/\/franciscanos.org.br\/noticias\/?s={search_term_string}\"},\"query-input\":\"required name=search_term_string\"}],\"inLanguage\":\"pt-BR\"},{\"@type\":\"ImageObject\",\"inLanguage\":\"pt-BR\",\"@id\":\"https:\/\/franciscanos.org.br\/noticias\/papa-injusticas-nascem-do-nosso-comportar-como-patroes-da-vida-dos-outros.html#primaryimage\",\"url\":\"https:\/\/franciscanos.org.br\/noticias\/wp-content\/uploads\/2016\/08\/angelus_150718d.jpg\",\"contentUrl\":\"https:\/\/franciscanos.org.br\/noticias\/wp-content\/uploads\/2016\/08\/angelus_150718d.jpg\",\"width\":800,\"height\":601},{\"@type\":\"WebPage\",\"@id\":\"https:\/\/franciscanos.org.br\/noticias\/papa-injusticas-nascem-do-nosso-comportar-como-patroes-da-vida-dos-outros.html#webpage\",\"url\":\"https:\/\/franciscanos.org.br\/noticias\/papa-injusticas-nascem-do-nosso-comportar-como-patroes-da-vida-dos-outros.html\",\"name\":\"Injusti\u00e7as nascem do nosso comportamento - Not\u00edcias - Franciscanos\",\"isPartOf\":{\"@id\":\"https:\/\/franciscanos.org.br\/noticias\/#website\"},\"primaryImageOfPage\":{\"@id\":\"https:\/\/franciscanos.org.br\/noticias\/papa-injusticas-nascem-do-nosso-comportar-como-patroes-da-vida-dos-outros.html#primaryimage\"},\"datePublished\":\"2016-08-08T14:20:15+00:00\",\"dateModified\":\"2020-08-05T15:58:38+00:00\",\"author\":{\"@id\":\"https:\/\/franciscanos.org.br\/noticias\/#\/schema\/person\/b38fbf43118f02820bd932f2e4b14ad3\"},\"breadcrumb\":{\"@id\":\"https:\/\/franciscanos.org.br\/noticias\/papa-injusticas-nascem-do-nosso-comportar-como-patroes-da-vida-dos-outros.html#breadcrumb\"},\"inLanguage\":\"pt-BR\",\"potentialAction\":[{\"@type\":\"ReadAction\",\"target\":[\"https:\/\/franciscanos.org.br\/noticias\/papa-injusticas-nascem-do-nosso-comportar-como-patroes-da-vida-dos-outros.html\"]}]},{\"@type\":\"BreadcrumbList\",\"@id\":\"https:\/\/franciscanos.org.br\/noticias\/papa-injusticas-nascem-do-nosso-comportar-como-patroes-da-vida-dos-outros.html#breadcrumb\",\"itemListElement\":[{\"@type\":\"ListItem\",\"position\":1,\"name\":\"Home\",\"item\":\"https:\/\/franciscanos.org.br\/noticias\"},{\"@type\":\"ListItem\",\"position\":2,\"name\":\"Injusti\u00e7as nascem do nosso comportamento\"}]},{\"@type\":\"Person\",\"@id\":\"https:\/\/franciscanos.org.br\/noticias\/#\/schema\/person\/b38fbf43118f02820bd932f2e4b14ad3\",\"name\":\"admin\",\"image\":{\"@type\":\"ImageObject\",\"inLanguage\":\"pt-BR\",\"@id\":\"https:\/\/franciscanos.org.br\/noticias\/#\/schema\/person\/image\/\",\"url\":\"https:\/\/secure.gravatar.com\/avatar\/e8495742d34d0ba6448ea1c628263b3e?s=96&d=mm&r=g\",\"contentUrl\":\"https:\/\/secure.gravatar.com\/avatar\/e8495742d34d0ba6448ea1c628263b3e?s=96&d=mm&r=g\",\"caption\":\"admin\"},\"url\":\"https:\/\/franciscanos.org.br\/noticias\/author\/admin\"}]}<\/script>\n<!-- \/ Yoast SEO plugin. -->","yoast_head_json":{"title":"Injusti\u00e7as nascem do nosso comportamento - Not\u00edcias - Franciscanos","robots":{"index":"index","follow":"follow","max-snippet":"max-snippet:-1","max-image-preview":"max-image-preview:large","max-video-preview":"max-video-preview:-1"},"canonical":"https:\/\/franciscanos.org.br\/noticias\/papa-injusticas-nascem-do-nosso-comportar-como-patroes-da-vida-dos-outros.html","og_locale":"pt_BR","og_type":"article","og_title":"Injusti\u00e7as nascem do nosso comportamento - Not\u00edcias - Franciscanos","og_description":"Angelus","og_url":"https:\/\/franciscanos.org.br\/noticias\/papa-injusticas-nascem-do-nosso-comportar-como-patroes-da-vida-dos-outros.html","og_site_name":"Not\u00edcias - Franciscanos","article_published_time":"2016-08-08T14:20:15+00:00","article_modified_time":"2020-08-05T15:58:38+00:00","og_image":[{"width":800,"height":601,"url":"https:\/\/franciscanos.org.br\/noticias\/wp-content\/uploads\/2016\/08\/angelus_150718d.jpg","type":"image\/jpeg"}],"author":"admin","twitter_card":"summary_large_image","twitter_misc":{"Escrito por":"admin","Est. tempo de leitura":"4 minutos"},"schema":{"@context":"https:\/\/schema.org","@graph":[{"@type":"WebSite","@id":"https:\/\/franciscanos.org.br\/noticias\/#website","url":"https:\/\/franciscanos.org.br\/noticias\/","name":"Not\u00edcias - Franciscanos","description":"Prov\u00edncia Franciscana da Imaculada Concei\u00e7\u00e3o do Brasil - Ordem dos Frades Menores - OFM","potentialAction":[{"@type":"SearchAction","target":{"@type":"EntryPoint","urlTemplate":"https:\/\/franciscanos.org.br\/noticias\/?s={search_term_string}"},"query-input":"required name=search_term_string"}],"inLanguage":"pt-BR"},{"@type":"ImageObject","inLanguage":"pt-BR","@id":"https:\/\/franciscanos.org.br\/noticias\/papa-injusticas-nascem-do-nosso-comportar-como-patroes-da-vida-dos-outros.html#primaryimage","url":"https:\/\/franciscanos.org.br\/noticias\/wp-content\/uploads\/2016\/08\/angelus_150718d.jpg","contentUrl":"https:\/\/franciscanos.org.br\/noticias\/wp-content\/uploads\/2016\/08\/angelus_150718d.jpg","width":800,"height":601},{"@type":"WebPage","@id":"https:\/\/franciscanos.org.br\/noticias\/papa-injusticas-nascem-do-nosso-comportar-como-patroes-da-vida-dos-outros.html#webpage","url":"https:\/\/franciscanos.org.br\/noticias\/papa-injusticas-nascem-do-nosso-comportar-como-patroes-da-vida-dos-outros.html","name":"Injusti\u00e7as nascem do nosso comportamento - Not\u00edcias - Franciscanos","isPartOf":{"@id":"https:\/\/franciscanos.org.br\/noticias\/#website"},"primaryImageOfPage":{"@id":"https:\/\/franciscanos.org.br\/noticias\/papa-injusticas-nascem-do-nosso-comportar-como-patroes-da-vida-dos-outros.html#primaryimage"},"datePublished":"2016-08-08T14:20:15+00:00","dateModified":"2020-08-05T15:58:38+00:00","author":{"@id":"https:\/\/franciscanos.org.br\/noticias\/#\/schema\/person\/b38fbf43118f02820bd932f2e4b14ad3"},"breadcrumb":{"@id":"https:\/\/franciscanos.org.br\/noticias\/papa-injusticas-nascem-do-nosso-comportar-como-patroes-da-vida-dos-outros.html#breadcrumb"},"inLanguage":"pt-BR","potentialAction":[{"@type":"ReadAction","target":["https:\/\/franciscanos.org.br\/noticias\/papa-injusticas-nascem-do-nosso-comportar-como-patroes-da-vida-dos-outros.html"]}]},{"@type":"BreadcrumbList","@id":"https:\/\/franciscanos.org.br\/noticias\/papa-injusticas-nascem-do-nosso-comportar-como-patroes-da-vida-dos-outros.html#breadcrumb","itemListElement":[{"@type":"ListItem","position":1,"name":"Home","item":"https:\/\/franciscanos.org.br\/noticias"},{"@type":"ListItem","position":2,"name":"Injusti\u00e7as nascem do nosso comportamento"}]},{"@type":"Person","@id":"https:\/\/franciscanos.org.br\/noticias\/#\/schema\/person\/b38fbf43118f02820bd932f2e4b14ad3","name":"admin","image":{"@type":"ImageObject","inLanguage":"pt-BR","@id":"https:\/\/franciscanos.org.br\/noticias\/#\/schema\/person\/image\/","url":"https:\/\/secure.gravatar.com\/avatar\/e8495742d34d0ba6448ea1c628263b3e?s=96&d=mm&r=g","contentUrl":"https:\/\/secure.gravatar.com\/avatar\/e8495742d34d0ba6448ea1c628263b3e?s=96&d=mm&r=g","caption":"admin"},"url":"https:\/\/franciscanos.org.br\/noticias\/author\/admin"}]}},"_links":{"self":[{"href":"https:\/\/franciscanos.org.br\/noticias\/wp-json\/wp\/v2\/posts\/113701"}],"collection":[{"href":"https:\/\/franciscanos.org.br\/noticias\/wp-json\/wp\/v2\/posts"}],"about":[{"href":"https:\/\/franciscanos.org.br\/noticias\/wp-json\/wp\/v2\/types\/post"}],"author":[{"embeddable":true,"href":"https:\/\/franciscanos.org.br\/noticias\/wp-json\/wp\/v2\/users\/1"}],"replies":[{"embeddable":true,"href":"https:\/\/franciscanos.org.br\/noticias\/wp-json\/wp\/v2\/comments?post=113701"}],"version-history":[{"count":5,"href":"https:\/\/franciscanos.org.br\/noticias\/wp-json\/wp\/v2\/posts\/113701\/revisions"}],"predecessor-version":[{"id":227500,"href":"https:\/\/franciscanos.org.br\/noticias\/wp-json\/wp\/v2\/posts\/113701\/revisions\/227500"}],"wp:featuredmedia":[{"embeddable":true,"href":"https:\/\/franciscanos.org.br\/noticias\/wp-json\/wp\/v2\/media\/227498"}],"wp:attachment":[{"href":"https:\/\/franciscanos.org.br\/noticias\/wp-json\/wp\/v2\/media?parent=113701"}],"wp:term":[{"taxonomy":"category","embeddable":true,"href":"https:\/\/franciscanos.org.br\/noticias\/wp-json\/wp\/v2\/categories?post=113701"},{"taxonomy":"post_tag","embeddable":true,"href":"https:\/\/franciscanos.org.br\/noticias\/wp-json\/wp\/v2\/tags?post=113701"}],"curies":[{"name":"wp","href":"https:\/\/api.w.org\/{rel}","templated":true}]}}