{"id":113677,"date":"2016-08-08T10:43:56","date_gmt":"2016-08-08T13:43:56","guid":{"rendered":"http:\/\/franciscanos.org.br\/?p=113677"},"modified":"2019-02-25T16:04:23","modified_gmt":"2019-02-25T19:04:23","slug":"coral-dos-canarinhos-completa-74-anos-em-agosto","status":"publish","type":"post","link":"https:\/\/franciscanos.org.br\/noticias\/coral-dos-canarinhos-completa-74-anos-em-agosto.html","title":{"rendered":"Coral dos Canarinhos completa 74 anos"},"content":{"rendered":"<p><img loading=\"lazy\" src=\"http:\/\/franciscanos.org.br\/wp-content\/uploads\/2016\/08\/canarinhos_830.jpg\" alt=\"canarinhos_83,0\" width=\"830\" height=\"400\" \/><br \/>\n<strong>Petr\u00f3polis (RJ) &#8211;<\/strong> Ao chegar em Petr\u00f3polis, o alem\u00e3o Frei Leto trouxe consigo a vontade de criar um coro de meninos, sonho que se tornou realidade no dia 15 de agosto de 1942, quando o Coral dos Canarinhos de Petr\u00f3polis se apresentou pela primeira vez na Igreja do Sagrado Cora\u00e7\u00e3o de Jesus. Era o in\u00edcio de uma trajet\u00f3ria marcada pelo pioneirismo e tradi\u00e7\u00e3o, mas tamb\u00e9m cercada de amor, dedica\u00e7\u00e3o e orgulho daqueles que estamparam no peito o s\u00edmbolo do coro, que comemora agora seus 74 anos.<\/p>\n<p>O grupo vocal, que se consagrou como um dos maiores patrim\u00f4nios da cidade, \u00e9 o mais antigo e tradicional coro de meninos do Brasil. Para o p\u00fablico, sin\u00f4nimo de qualidade t\u00e9cnica e encantamento, para os coralistas, uma escola da vida. O Coral dos Canarinhos, que hoje pertence ao Instituto dos Meninos Cantores de Petr\u00f3polis (IMCP), deu uma nova oportunidade para milhares de crian\u00e7as e adolescentes, que tiveram a chance de contar com um ensino musical exemplar inteiramente gratuito, abrindo portas e mudando o destino de muitos jovens.<\/p>\n<p>Seu Geraldo de Mello foi um Canarinho entre 1953 e 1955. Hoje, tamb\u00e9m completa 74 anos e lembra com saudade de sua \u00e9poca no coral. \u201cNo meu tempo, \u00e9ramos muito carentes, minha fam\u00edlia era muito pobre. Eu pegava os sapatos da minha irm\u00e3 e enchia de jornal para poder me apresentar. No entanto, esse era o momento que me fazia feliz. O coro me ensinou a admirar a m\u00fasica cl\u00e1ssica e a valorizar a cultura. Uma \u00e9poca dourada da minha vida e inf\u00e2ncia\u201d.<\/p>\n<p>Mas a forma\u00e7\u00e3o de quem passa pelo coral vai muito al\u00e9m da m\u00fasica. \u00c9 o que conta o maestro Marco Aur\u00e9lio Lischt. A frente do grupo vocal h\u00e1 18 anos, Lischt j\u00e1 esteve do outro lado, se apresentando como um canarinho. \u201cAqui, as crian\u00e7as t\u00eam no\u00e7\u00e3o de mundo, aprendem o que \u00e9 responsabilidade e disciplina. \u00c9 dif\u00edcil encontrar algu\u00e9m que n\u00e3o se sinta grato pela oportunidade de ter tido os Canarinhos como parte de sua educa\u00e7\u00e3o. As experi\u00eancias adquiridas e o contato com a cultura daqui e de outros pa\u00edses proporcionam uma viv\u00eancia \u00fanica na vida desses meninos\u201d, declarou.<\/p>\n<p>As vozes angelicais do Coral dos Canarinhos de Petr\u00f3polis j\u00e1 percorrem o Brasil e o mundo, com turn\u00eas na Am\u00e9rica Latina, Europa e Estados Unidos. Cerca de tr\u00eas mil coralistas fizeram parte da hist\u00f3ria do grupo vocal, que coleciona uma ampla discografia com 18 CD\u2019s gravados, incluindo \u00e1lbuns lan\u00e7ados na Alemanha.<\/p>\n<p>Grandes concertos abrilhantam o curr\u00edculo do coro, como tr\u00eas apresenta\u00e7\u00f5es para o Papa Jo\u00e3o Paulo II. Os Canarinhos tamb\u00e9m participaram diversas vezes do Projeto Aquarius, destacando-se o da praia de Copacabana em 2006 com as Orquestras Petrobras Sinf\u00f4nica e Sinf\u00f4nica de Porto Alegre, e do projeto \u201c+Crian\u00e7a na Rio +20\u201d. Em 2014, o grupo vocal voltou a se encontrar com a Orquestra Petrobras Sinf\u00f4nica, no Theatro Municipal do Rio de Janeiro, para apresenta\u00e7\u00f5es da cl\u00e1ssica obra \u201cO Messias\u201d, de Handel. Recentemente, em 2016, o Coral apresentou, ao lado das Meninas dos Canarinhos, da Orquestra Filarm\u00f4nica de Petr\u00f3polis e de solistas convidados, o orat\u00f3rio \u201cA Paix\u00e3o segundo S\u00e3o Jo\u00e3o\u201d, obra-prima de Johann Sebastian Bach, apresentada pela primeira vez em Petr\u00f3polis.<\/p>\n<p>As emo\u00e7\u00f5es de se apresentar como um Canarinho tamb\u00e9m foram sentidas um dia pelo Sr. Renato Pitzer, que, no final do ano, soma a mesma idade do grupo vocal do qual fez parte. \u201cEntrei no coral em 1951 e l\u00e1 permaneci at\u00e9 1959, sa\u00ed muito bem preparado. O n\u00edvel de ensino daquela \u00e9poca era excelente, coisa que \u00e9 dif\u00edcil de encontrar hoje em dia\u201d.<br \/>\nSeu Gilberto Amaro foi um Canarinho por 9 anos e ingressou no coro na d\u00e9cada de 50. At\u00e9 hoje, carrega a alegria de ter feito parte do grupo vocal. Tanto que ele sempre d\u00e1 um jeitinho de ficar perto do coral. \u201cMe apresentei no coro dos ex-canarinhos e sempre que posso, assisto aos concertos. Tenho saudade, foram bons tempos, a escola era muito boa. Hoje, aprecio a m\u00fasica gra\u00e7as \u00e0s aulas\u201d, relembrou.<\/p>\n<p>\u201cA nossa hist\u00f3ria n\u00e3o para por aqui. Muito pelo contr\u00e1rio, vamos al\u00e7ar voos muito maiores e continuar encantando o p\u00fablico e transformando a vida desses meninos. Essa \u00e9 a miss\u00e3o do Coral dos Canarinhos. Muitas outras vozes e cora\u00e7\u00f5es chegar\u00e3o para continuar construindo nossa trajet\u00f3ria, sem esquecer de todos aqueles que contribu\u00edram para que cheg\u00e1ssemos at\u00e9 aqui\u201d, declarou Lischt.<\/p>\n","protected":false},"excerpt":{"rendered":"<p>Canarinhos de Petr\u00f3polis<\/p>\n","protected":false},"author":1,"featured_media":200546,"comment_status":"open","ping_status":"open","sticky":false,"template":"","format":"standard","meta":[],"categories":[1],"tags":[1378],"acf":[],"yoast_head":"<!-- This site is optimized with the Yoast SEO plugin v19.2 - https:\/\/yoast.com\/wordpress\/plugins\/seo\/ -->\n<title>Coral dos Canarinhos completa 74 anos - Not\u00edcias - Franciscanos<\/title>\n<meta name=\"robots\" content=\"index, follow, max-snippet:-1, max-image-preview:large, max-video-preview:-1\" \/>\n<link rel=\"canonical\" href=\"https:\/\/franciscanos.org.br\/noticias\/coral-dos-canarinhos-completa-74-anos-em-agosto.html\" \/>\n<meta property=\"og:locale\" content=\"pt_BR\" \/>\n<meta property=\"og:type\" content=\"article\" \/>\n<meta property=\"og:title\" content=\"Coral dos Canarinhos completa 74 anos - Not\u00edcias - Franciscanos\" \/>\n<meta property=\"og:description\" content=\"Canarinhos de Petr\u00f3polis\" \/>\n<meta property=\"og:url\" content=\"https:\/\/franciscanos.org.br\/noticias\/coral-dos-canarinhos-completa-74-anos-em-agosto.html\" \/>\n<meta property=\"og:site_name\" content=\"Not\u00edcias - Franciscanos\" \/>\n<meta property=\"article:published_time\" content=\"2016-08-08T13:43:56+00:00\" \/>\n<meta property=\"article:modified_time\" content=\"2019-02-25T19:04:23+00:00\" \/>\n<meta property=\"og:image\" content=\"https:\/\/franciscanos.org.br\/noticias\/wp-content\/uploads\/2016\/08\/canarinhos_250219.jpg\" \/>\n\t<meta property=\"og:image:width\" content=\"273\" \/>\n\t<meta property=\"og:image:height\" content=\"181\" \/>\n\t<meta property=\"og:image:type\" content=\"image\/jpeg\" \/>\n<meta name=\"author\" content=\"admin\" \/>\n<meta name=\"twitter:card\" content=\"summary_large_image\" \/>\n<meta name=\"twitter:label1\" content=\"Escrito por\" \/>\n\t<meta name=\"twitter:data1\" content=\"admin\" \/>\n\t<meta name=\"twitter:label2\" content=\"Est. tempo de leitura\" \/>\n\t<meta name=\"twitter:data2\" content=\"4 minutos\" \/>\n<script type=\"application\/ld+json\" class=\"yoast-schema-graph\">{\"@context\":\"https:\/\/schema.org\",\"@graph\":[{\"@type\":\"WebSite\",\"@id\":\"https:\/\/franciscanos.org.br\/noticias\/#website\",\"url\":\"https:\/\/franciscanos.org.br\/noticias\/\",\"name\":\"Not\u00edcias - Franciscanos\",\"description\":\"Prov\u00edncia Franciscana da Imaculada Concei\u00e7\u00e3o do Brasil - Ordem dos Frades Menores - OFM\",\"potentialAction\":[{\"@type\":\"SearchAction\",\"target\":{\"@type\":\"EntryPoint\",\"urlTemplate\":\"https:\/\/franciscanos.org.br\/noticias\/?s={search_term_string}\"},\"query-input\":\"required name=search_term_string\"}],\"inLanguage\":\"pt-BR\"},{\"@type\":\"ImageObject\",\"inLanguage\":\"pt-BR\",\"@id\":\"https:\/\/franciscanos.org.br\/noticias\/coral-dos-canarinhos-completa-74-anos-em-agosto.html#primaryimage\",\"url\":\"https:\/\/franciscanos.org.br\/noticias\/wp-content\/uploads\/2016\/08\/canarinhos_250219.jpg\",\"contentUrl\":\"https:\/\/franciscanos.org.br\/noticias\/wp-content\/uploads\/2016\/08\/canarinhos_250219.jpg\",\"width\":273,\"height\":181},{\"@type\":\"WebPage\",\"@id\":\"https:\/\/franciscanos.org.br\/noticias\/coral-dos-canarinhos-completa-74-anos-em-agosto.html#webpage\",\"url\":\"https:\/\/franciscanos.org.br\/noticias\/coral-dos-canarinhos-completa-74-anos-em-agosto.html\",\"name\":\"Coral dos Canarinhos completa 74 anos - Not\u00edcias - Franciscanos\",\"isPartOf\":{\"@id\":\"https:\/\/franciscanos.org.br\/noticias\/#website\"},\"primaryImageOfPage\":{\"@id\":\"https:\/\/franciscanos.org.br\/noticias\/coral-dos-canarinhos-completa-74-anos-em-agosto.html#primaryimage\"},\"datePublished\":\"2016-08-08T13:43:56+00:00\",\"dateModified\":\"2019-02-25T19:04:23+00:00\",\"author\":{\"@id\":\"https:\/\/franciscanos.org.br\/noticias\/#\/schema\/person\/b38fbf43118f02820bd932f2e4b14ad3\"},\"breadcrumb\":{\"@id\":\"https:\/\/franciscanos.org.br\/noticias\/coral-dos-canarinhos-completa-74-anos-em-agosto.html#breadcrumb\"},\"inLanguage\":\"pt-BR\",\"potentialAction\":[{\"@type\":\"ReadAction\",\"target\":[\"https:\/\/franciscanos.org.br\/noticias\/coral-dos-canarinhos-completa-74-anos-em-agosto.html\"]}]},{\"@type\":\"BreadcrumbList\",\"@id\":\"https:\/\/franciscanos.org.br\/noticias\/coral-dos-canarinhos-completa-74-anos-em-agosto.html#breadcrumb\",\"itemListElement\":[{\"@type\":\"ListItem\",\"position\":1,\"name\":\"Home\",\"item\":\"https:\/\/franciscanos.org.br\/noticias\"},{\"@type\":\"ListItem\",\"position\":2,\"name\":\"Coral dos Canarinhos completa 74 anos\"}]},{\"@type\":\"Person\",\"@id\":\"https:\/\/franciscanos.org.br\/noticias\/#\/schema\/person\/b38fbf43118f02820bd932f2e4b14ad3\",\"name\":\"admin\",\"image\":{\"@type\":\"ImageObject\",\"inLanguage\":\"pt-BR\",\"@id\":\"https:\/\/franciscanos.org.br\/noticias\/#\/schema\/person\/image\/\",\"url\":\"https:\/\/secure.gravatar.com\/avatar\/e8495742d34d0ba6448ea1c628263b3e?s=96&d=mm&r=g\",\"contentUrl\":\"https:\/\/secure.gravatar.com\/avatar\/e8495742d34d0ba6448ea1c628263b3e?s=96&d=mm&r=g\",\"caption\":\"admin\"},\"url\":\"https:\/\/franciscanos.org.br\/noticias\/author\/admin\"}]}<\/script>\n<!-- \/ Yoast SEO plugin. -->","yoast_head_json":{"title":"Coral dos Canarinhos completa 74 anos - Not\u00edcias - Franciscanos","robots":{"index":"index","follow":"follow","max-snippet":"max-snippet:-1","max-image-preview":"max-image-preview:large","max-video-preview":"max-video-preview:-1"},"canonical":"https:\/\/franciscanos.org.br\/noticias\/coral-dos-canarinhos-completa-74-anos-em-agosto.html","og_locale":"pt_BR","og_type":"article","og_title":"Coral dos Canarinhos completa 74 anos - Not\u00edcias - Franciscanos","og_description":"Canarinhos de Petr\u00f3polis","og_url":"https:\/\/franciscanos.org.br\/noticias\/coral-dos-canarinhos-completa-74-anos-em-agosto.html","og_site_name":"Not\u00edcias - Franciscanos","article_published_time":"2016-08-08T13:43:56+00:00","article_modified_time":"2019-02-25T19:04:23+00:00","og_image":[{"width":273,"height":181,"url":"https:\/\/franciscanos.org.br\/noticias\/wp-content\/uploads\/2016\/08\/canarinhos_250219.jpg","type":"image\/jpeg"}],"author":"admin","twitter_card":"summary_large_image","twitter_misc":{"Escrito por":"admin","Est. tempo de leitura":"4 minutos"},"schema":{"@context":"https:\/\/schema.org","@graph":[{"@type":"WebSite","@id":"https:\/\/franciscanos.org.br\/noticias\/#website","url":"https:\/\/franciscanos.org.br\/noticias\/","name":"Not\u00edcias - Franciscanos","description":"Prov\u00edncia Franciscana da Imaculada Concei\u00e7\u00e3o do Brasil - Ordem dos Frades Menores - OFM","potentialAction":[{"@type":"SearchAction","target":{"@type":"EntryPoint","urlTemplate":"https:\/\/franciscanos.org.br\/noticias\/?s={search_term_string}"},"query-input":"required name=search_term_string"}],"inLanguage":"pt-BR"},{"@type":"ImageObject","inLanguage":"pt-BR","@id":"https:\/\/franciscanos.org.br\/noticias\/coral-dos-canarinhos-completa-74-anos-em-agosto.html#primaryimage","url":"https:\/\/franciscanos.org.br\/noticias\/wp-content\/uploads\/2016\/08\/canarinhos_250219.jpg","contentUrl":"https:\/\/franciscanos.org.br\/noticias\/wp-content\/uploads\/2016\/08\/canarinhos_250219.jpg","width":273,"height":181},{"@type":"WebPage","@id":"https:\/\/franciscanos.org.br\/noticias\/coral-dos-canarinhos-completa-74-anos-em-agosto.html#webpage","url":"https:\/\/franciscanos.org.br\/noticias\/coral-dos-canarinhos-completa-74-anos-em-agosto.html","name":"Coral dos Canarinhos completa 74 anos - Not\u00edcias - Franciscanos","isPartOf":{"@id":"https:\/\/franciscanos.org.br\/noticias\/#website"},"primaryImageOfPage":{"@id":"https:\/\/franciscanos.org.br\/noticias\/coral-dos-canarinhos-completa-74-anos-em-agosto.html#primaryimage"},"datePublished":"2016-08-08T13:43:56+00:00","dateModified":"2019-02-25T19:04:23+00:00","author":{"@id":"https:\/\/franciscanos.org.br\/noticias\/#\/schema\/person\/b38fbf43118f02820bd932f2e4b14ad3"},"breadcrumb":{"@id":"https:\/\/franciscanos.org.br\/noticias\/coral-dos-canarinhos-completa-74-anos-em-agosto.html#breadcrumb"},"inLanguage":"pt-BR","potentialAction":[{"@type":"ReadAction","target":["https:\/\/franciscanos.org.br\/noticias\/coral-dos-canarinhos-completa-74-anos-em-agosto.html"]}]},{"@type":"BreadcrumbList","@id":"https:\/\/franciscanos.org.br\/noticias\/coral-dos-canarinhos-completa-74-anos-em-agosto.html#breadcrumb","itemListElement":[{"@type":"ListItem","position":1,"name":"Home","item":"https:\/\/franciscanos.org.br\/noticias"},{"@type":"ListItem","position":2,"name":"Coral dos Canarinhos completa 74 anos"}]},{"@type":"Person","@id":"https:\/\/franciscanos.org.br\/noticias\/#\/schema\/person\/b38fbf43118f02820bd932f2e4b14ad3","name":"admin","image":{"@type":"ImageObject","inLanguage":"pt-BR","@id":"https:\/\/franciscanos.org.br\/noticias\/#\/schema\/person\/image\/","url":"https:\/\/secure.gravatar.com\/avatar\/e8495742d34d0ba6448ea1c628263b3e?s=96&d=mm&r=g","contentUrl":"https:\/\/secure.gravatar.com\/avatar\/e8495742d34d0ba6448ea1c628263b3e?s=96&d=mm&r=g","caption":"admin"},"url":"https:\/\/franciscanos.org.br\/noticias\/author\/admin"}]}},"_links":{"self":[{"href":"https:\/\/franciscanos.org.br\/noticias\/wp-json\/wp\/v2\/posts\/113677"}],"collection":[{"href":"https:\/\/franciscanos.org.br\/noticias\/wp-json\/wp\/v2\/posts"}],"about":[{"href":"https:\/\/franciscanos.org.br\/noticias\/wp-json\/wp\/v2\/types\/post"}],"author":[{"embeddable":true,"href":"https:\/\/franciscanos.org.br\/noticias\/wp-json\/wp\/v2\/users\/1"}],"replies":[{"embeddable":true,"href":"https:\/\/franciscanos.org.br\/noticias\/wp-json\/wp\/v2\/comments?post=113677"}],"version-history":[{"count":0,"href":"https:\/\/franciscanos.org.br\/noticias\/wp-json\/wp\/v2\/posts\/113677\/revisions"}],"wp:featuredmedia":[{"embeddable":true,"href":"https:\/\/franciscanos.org.br\/noticias\/wp-json\/wp\/v2\/media\/200546"}],"wp:attachment":[{"href":"https:\/\/franciscanos.org.br\/noticias\/wp-json\/wp\/v2\/media?parent=113677"}],"wp:term":[{"taxonomy":"category","embeddable":true,"href":"https:\/\/franciscanos.org.br\/noticias\/wp-json\/wp\/v2\/categories?post=113677"},{"taxonomy":"post_tag","embeddable":true,"href":"https:\/\/franciscanos.org.br\/noticias\/wp-json\/wp\/v2\/tags?post=113677"}],"curies":[{"name":"wp","href":"https:\/\/api.w.org\/{rel}","templated":true}]}}