{"id":11355,"date":"2012-02-06T07:46:50","date_gmt":"2012-02-06T09:46:50","guid":{"rendered":"http:\/\/new.franciscanos.org.br\/?p=11355"},"modified":"2020-06-16T15:42:42","modified_gmt":"2020-06-16T18:42:42","slug":"somente-um-profundo-amor-a-deus-e-aos-homens-e-capaz-de-levar-um-jovem-a-abracar-a-vida-religiosa-e-sacerdotal","status":"publish","type":"post","link":"https:\/\/franciscanos.org.br\/noticias\/somente-um-profundo-amor-a-deus-e-aos-homens-e-capaz-de-levar-um-jovem-a-abracar-a-vida-religiosa-e-sacerdotal.html","title":{"rendered":"Frei Diego Melo vai ser ordenado presb\u00edtero neste s\u00e1bado"},"content":{"rendered":"<p><img loading=\"lazy\" class=\"wp-image-199088 alignleft\" src=\"https:\/\/franciscanos.org.br\/noticias\/wp-content\/uploads\/2012\/02\/1718_0102121.jpg\" alt=\"\" width=\"1062\" height=\"407\" srcset=\"https:\/\/franciscanos.org.br\/noticias\/wp-content\/uploads\/2012\/02\/1718_0102121.jpg 830w, https:\/\/franciscanos.org.br\/noticias\/wp-content\/uploads\/2012\/02\/1718_0102121-450x172.jpg 450w, https:\/\/franciscanos.org.br\/noticias\/wp-content\/uploads\/2012\/02\/1718_0102121-768x294.jpg 768w, https:\/\/franciscanos.org.br\/noticias\/wp-content\/uploads\/2012\/02\/1718_0102121-150x57.jpg 150w\" sizes=\"(max-width: 1062px) 100vw, 1062px\" \/><\/p>\n<p><em>Filho de Roselei Maria e Alfredo Adenir Melo, Frei Diego nasceu no dia 26 de agosto de 1983 em Lages, Santa Catarina. \u00c9 nesta cidade que ser\u00e1 ordenado presb\u00edtero no dia 11 de fevereiro \u00e0s 17 horas, pelas m\u00e3os do bispo franciscano Dom Irineu Andreassa. Sua ordena\u00e7\u00e3o ser\u00e1 no Gin\u00e1sio de Esportes do Col\u00e9gio Santa Rosa de Lages. A primeira etapa na forma\u00e7\u00e3o religiosa franciscana de Frei Diego foi o Aspirantado de Ituporanga, em 2002. No ano seguinte, foi para o Postulantado e recebeu o h\u00e1bito franciscano em 2004, na cidade de Rodeio. Concluiu o Curso de Filosofia (Curitiba) no ano de 2007 e, em 2011, terminou o Curso de Teologia no Instituto Teol\u00f3gico Franciscano de Petr\u00f3polis (RJ). Professou solenemente na Ordem Franciscana no dia 5 de novembro de 2009 e foi ordenado di\u00e1cono no dia 4 de dezembro de 2010. Nesta entrevista, Frei Diego fala como se deu o seu discernimento vocacional e a op\u00e7\u00e3o pela vida religiosa franciscana. Para ele,\u00a0 ser franciscano \u201c\u00e9 uma proposta para quem de fato \u00e9 corajoso, para quem n\u00e3o \u00e9 med\u00edocre e aceita viver um grande desafio a cada dia\u201d.\u00a0 <\/em><br \/>\n<em>Acompanhe! <\/em><\/p>\n<p><strong>Site Franciscanos &#8211; Como se deu o seu discernimento vocacional? <\/strong><br \/>\n<strong>Frei Diego &#8211;<\/strong> Desde pequeno sempre gostei muito de participar da Igreja, dos grupos de fam\u00edlia e da ora\u00e7\u00e3o do Ter\u00e7o que era rezada pela Legi\u00e3o de Maria todas as tardes na minha comunidade. Tamb\u00e9m gostava de visitar um jovem que tinha defici\u00eancia f\u00edsica e mental e que morava pr\u00f3ximo \u00e0 minha casa. Certo dia, ao visit\u00e1-lo e ao aproximar-me dele, ganhei um abra\u00e7o seu, o que n\u00e3o era t\u00e3o comum, tendo em vista que ele era sempre muito agitado. Chegando em casa, contei para minha m\u00e3e e ela, ent\u00e3o, disse-me que era para eu nunca esquecer daquele gesto, pois na verdade era o pr\u00f3prio Jesus que estava me abra\u00e7ando. Nunca mais me esqueci daquele momento. Hoje, ao olhar para a minha pr\u00f3pria hist\u00f3ria, percebo o quanto Deus foi falando comigo por meio de pessoas e acontecimentos concretos. Portanto, posso dizer que foi nos gestos mais simples e na concretude da vida com suas dificuldades e sofrimentos que fui descobrindo a voz de Deus a me chamar.<\/p>\n<p><strong><strong><a href=\"http:\/\/franciscanos.org.br\/wp-content\/uploads\/2012\/02\/1721_010212.jpg\"><img loading=\"lazy\" class=\"alignleft\" title=\"1721_010212\" src=\"http:\/\/franciscanos.org.br\/wp-content\/uploads\/2012\/02\/1721_010212.jpg\" alt=\"\" width=\"400\" height=\"232\" \/><\/a><\/strong>Site Franciscanos &#8211; Quando resolveu optar pela vida religiosa franciscana?<\/strong><br \/>\n<strong>Frei Diego &#8211; <\/strong>Quando tinha cerca de 16\/17 anos, trabalhava em uma empresa durante o dia e cursava o Ensino M\u00e9dio \u00e0 noite. Aos finais de semana, participava de um grupo de jovens que ajudava na liturgia do Convento Franciscano S\u00e3o Jos\u00e9, na minha cidade natal, Lages-SC. Diante de tantas possibilidades que come\u00e7avam a se descortinar diante de mim, sentia que buscava algo mais radical para a minha vida, embora n\u00e3o soubesse exatamente o que poderia ser. Com o passar do tempo e com a proximidade com os frades, principalmente com o belo testemunho de simplicidade do meu primeiro orientador vocacional, Frei Bruno Kroeling (falecido em 2001), fui descobrindo que a Vida Franciscana poderia saciar essa minha sede de radicalidade. Com a ajuda e o exemplo dos frades, fui conhecendo a S\u00e3o Francisco e descobrindo a grandeza de sua proposta. Posso dizer que no caminho proposto por Francisco de Assis se encontrava e se encontra todo o meu desejo e projeto de vida. Apaixonei-me profundamente pela sua vida e tamb\u00e9m quis segui-lo. Era tudo o que eu buscava. Sentia que, de fato, ali poderia encontrar a resposta para a mi-nha vida. Foi quando, depois de um per\u00edodo de discernimento vocacional e, com 18 anos completos, tomei coragem e deixei o meu emprego e o lar da minha fam\u00edlia que tanto amo para ingressar numa outra grande fam\u00edlia que me acolheu de bra\u00e7os abertos, que \u00e9 a Ordem dos Frades Menores.<\/p>\n<p><strong>Site Franciscanos &#8211; Qual o significado desta ordena\u00e7\u00e3o presbiteral para voc\u00ea?<\/strong><br \/>\n<strong>Frei Diego &#8211; <\/strong>Trata-se de mais um passo na realiza\u00e7\u00e3o de um sonho que, de certa forma, j\u00e1 est\u00e1 sendo realizado desde o momento em que optei por ser religioso franciscano. Para mim, ser sacerdote \u00e9 estar a servi\u00e7o do povo de Deus, participando das suas alegrias e dores, sendo presen\u00e7a do Cristo amigo e solid\u00e1rio, fazendo-se alimento eucar\u00edstico sobre o altar e curando as feridas dos chagados de nossa sociedade. \u00c9 ter a consci\u00eancia de que, se aqui estou, \u00e9 porque Jesus conta comigo para a realiza\u00e7\u00e3o da sua miss\u00e3o. Por isso escolhi como lema Jo 15,16: \u201cN\u00e3o fostes v\u00f3s que me escolhestes, mas fui eu que vos esco-lhi\u201d, justamente porque acredito que a voca\u00e7\u00e3o n\u00e3o \u00e9 m\u00e9rito meu, mas \u00e9 gra\u00e7a e bondade de Deus. Portanto, sinto-me agradecido a Deus por, apesar de todas as fragilidades, ter confiado a mim essa t\u00e3o bela miss\u00e3o de ser um sacerdote franciscano.<\/p>\n<table border=\"0\" width=\"300\" align=\"right\">\n<tbody>\n<tr>\n<td bgcolor=\"#dfdfdf\"><strong>ATIVIDADES PASTORAIS<\/strong><\/td>\n<\/tr>\n<tr>\n<td bgcolor=\"#dfdfdf\"><strong>2005 \u2013<\/strong> Pastoral Vocacional em Rondinha (Campo Largo &#8211; PR)<br \/>\nEst\u00e1gio no Hospital de Hansenianos S\u00e3o Roque (Piraquara &#8211; PR)<br \/>\nEst\u00e1gio no SEFRAS (S\u00e3o Paulo &#8211; SP)<br \/>\n<strong>2006 \u2013<\/strong> Pastoral na Comunidade Nossa Sra. das Gra\u00e7as (Campo Largo &#8211; PR)<br \/>\nEst\u00e1gio na Fraternidade Nossa Sra. Aparecida (Lages &#8211; SC)<br \/>\nEst\u00e1gio na Fraternidade S\u00e3o Boaventura (Campo Largo &#8211; PR)<br \/>\n<strong>2007 \u2013 <\/strong>Pastoral no Hospital Pequeno Cotolengo (Curitiba &#8211; PR)<br \/>\nEst\u00e1gio no Semin\u00e1rio Santo Ant\u00f4nio (Agudos &#8211; SP)<br \/>\nEst\u00e1gio no Convento S\u00e3o Francisco (S\u00e3o Paulo &#8211; SP)<br \/>\n<strong>2008 e 2009 \u2013<\/strong> Pastoral na Comunidade Santa Edwiges (Petr\u00f3polis &#8211; RJ) e Anima\u00e7\u00e3o vocacional local<br \/>\n<strong>2008 \u2013<\/strong> Est\u00e1gio na Fraternidade Nossa Sra. da Boa Viagem, na Rocinha (Rio de Janeiro &#8211; RJ)<br \/>\nEst\u00e1gio no Postulantado Frei Galv\u00e3o (Guaratinguet\u00e1 &#8211; SP)<br \/>\n<strong>2009 &#8211; <\/strong>Retiro em prepara\u00e7\u00e3o para a Profiss\u00e3o Solene<br \/>\nEst\u00e1gio e estudos na It\u00e1lia<br \/>\n<strong>2010 e 2011 \u2013<\/strong> Par\u00f3quia Nossa Senhora Aparecida (Nil\u00f3polis \u2013 RJ) e Animador vocacional local e Regional (Serra e Baixada)<br \/>\n<strong>2010 &#8211;<\/strong> Est\u00e1gio no Servi\u00e7o de Anima\u00e7\u00e3o Vocacional Provincial<br \/>\nEst\u00e1gio na Par\u00f3quia Nossa Senhora Aparecida (Nil\u00f3polis \u2013 RJ)<br \/>\n<strong>2011 \u2013<\/strong> Est\u00e1gio no Convento do Sagrado Cora\u00e7\u00e3o de Jesus (Petr\u00f3polis)<\/td>\n<\/tr>\n<\/tbody>\n<\/table>\n<p><strong>Site Franciscanos &#8211; O que leva um jovem a se encantar pela vida religiosa e sacerdotal no mundo de hoje?<\/strong><br \/>\n<strong>Frei Diego &#8211;<\/strong> Creio que somente um profundo amor a Deus e aos homens \u00e9 capaz de levar um jovem a abra\u00e7ar a vida religiosa e sacerdotal. Se n\u00e3o se tem essa motiva\u00e7\u00e3o de querer doar-se inteiramente pelo Reino de Deus, certamente haver\u00e1 outros apelos que ser\u00e3o mais sedutores. Trata-se do desejo de se fazer irm\u00e3o de todos, doar-se sem medidas, ter como fam\u00edlia o povo de Deus, como casa e claustro o pr\u00f3prio mundo, ser livre e buscar a cada dia tornar-se reflexo de Deus para os homens e mulheres dos dias de hoje. Enfim, \u00e9 o desejo de conformar a vida \u00e0 vida de Jesus, que \u00e9 pobre, humilde e crucificado. Se n\u00e3o for movido por um profundo amor a Jesus Cristo, nada nessa vida tem sentido.<\/p>\n<p><strong>Site Franciscanos &#8211; O que esperar de um jovem sacerdote no nosso mundo atual?<\/strong><br \/>\n<strong>Frei Diego &#8211;<\/strong> Imagino que deve-se esperar que ele tenha consci\u00eancia da grandeza da sua miss\u00e3o, mas que tamb\u00e9m n\u00e3o se esque\u00e7a que \u00e9 a gra\u00e7a de Deus que o far\u00e1 seguir em frente. Espera-se dele uma resposta vocacional que seja reiterada por uma vida entusiasmada, aberta a descobrir novos caminhos de evangeliza\u00e7\u00e3o e tamb\u00e9m coerente com aquilo que acredita e anuncia. Espera-se que seja algu\u00e9m que saiba dialogar com as tantas diferen\u00e7as que comp\u00f5em o nosso mundo, que n\u00e3o se deixe envolver pelo comodismo ou pelas suas seguran\u00e7as e que aprenda sempre com aqueles que s\u00e3o os nossos mestres, os mais pobres e simples. Algu\u00e9m que tenha a humildade de aprender a descobrir as sementes do Verbo que est\u00e3o presentes em tantas realidades de nosso mundo, tanto na Igreja quanto fora dela. Enfim, um jovem que coloque todas as suas energias a servi\u00e7o dessa grande proposta de Jesus e que nunca se esque\u00e7a de ser uma pessoa simples, de ora\u00e7\u00e3o e a servi\u00e7o do povo de Deus.<br \/>\n<strong><a href=\"http:\/\/franciscanos.org.br\/wp-content\/uploads\/2012\/02\/1721_010212.jpg\"><br \/>\n<\/a>Site Franciscanos &#8211; O que voc\u00ea diria a um jovem sobre a vida religiosa franciscana e sacerdotal?<\/strong><br \/>\n<strong>Frei Diego &#8211; <\/strong>Diria que a vida \u00e9 um presente de Deus e que, sendo \u00fanica, deve ser aproveitada e vivida com intensidade a cada momento. Diria que a vida religiosa franciscana \u00e9 uma maneira, entre tantas outras, de viver radicalmente a cada momento a nossa vida. Ser franciscano \u00e9 uma op\u00e7\u00e3o de vida encantadora. \u00c9 uma proposta para quem de fato \u00e9 corajoso, para quem n\u00e3o \u00e9 med\u00edocre e aceita viver um grande desafio a cada dia. \u00c9 um ideal a ser perseguido e constru\u00eddo, mas \u00e9 tamb\u00e9m uma realidade que j\u00e1 pode ser experimentada no concreto do dia-a-dia. Enfim, \u00e9 uma proposta que d\u00e1 sentido \u00e0 minha exist\u00eancia e que, certamente, tamb\u00e9m pode ser um sentido de vida para tantos outros jovens que ainda buscam descobrir a melhor forma de viver intensamente as suas pr\u00f3prias vidas.<\/p>\n","protected":false},"excerpt":{"rendered":"<p>Entrevista com Frei Diego A. Melo<\/p>\n","protected":false},"author":1,"featured_media":199091,"comment_status":"closed","ping_status":"closed","sticky":false,"template":"","format":"standard","meta":[],"categories":[758],"tags":[1330,157],"acf":[],"yoast_head":"<!-- This site is optimized with the Yoast SEO plugin v19.2 - https:\/\/yoast.com\/wordpress\/plugins\/seo\/ -->\n<title>Frei Diego Melo vai ser ordenado presb\u00edtero neste s\u00e1bado - Not\u00edcias - Franciscanos<\/title>\n<meta name=\"robots\" content=\"index, follow, max-snippet:-1, max-image-preview:large, max-video-preview:-1\" \/>\n<link rel=\"canonical\" href=\"https:\/\/franciscanos.org.br\/noticias\/somente-um-profundo-amor-a-deus-e-aos-homens-e-capaz-de-levar-um-jovem-a-abracar-a-vida-religiosa-e-sacerdotal.html\" \/>\n<meta property=\"og:locale\" content=\"pt_BR\" \/>\n<meta property=\"og:type\" content=\"article\" \/>\n<meta property=\"og:title\" content=\"Frei Diego Melo vai ser ordenado presb\u00edtero neste s\u00e1bado - Not\u00edcias - Franciscanos\" \/>\n<meta property=\"og:description\" content=\"Entrevista com Frei Diego A. Melo\" \/>\n<meta property=\"og:url\" content=\"https:\/\/franciscanos.org.br\/noticias\/somente-um-profundo-amor-a-deus-e-aos-homens-e-capaz-de-levar-um-jovem-a-abracar-a-vida-religiosa-e-sacerdotal.html\" \/>\n<meta property=\"og:site_name\" content=\"Not\u00edcias - Franciscanos\" \/>\n<meta property=\"article:published_time\" content=\"2012-02-06T09:46:50+00:00\" \/>\n<meta property=\"article:modified_time\" content=\"2020-06-16T18:42:42+00:00\" \/>\n<meta property=\"og:image\" content=\"https:\/\/franciscanos.org.br\/noticias\/wp-content\/uploads\/2012\/02\/diego_010219.jpg\" \/>\n\t<meta property=\"og:image:width\" content=\"273\" \/>\n\t<meta property=\"og:image:height\" content=\"181\" \/>\n\t<meta property=\"og:image:type\" content=\"image\/jpeg\" \/>\n<meta name=\"author\" content=\"admin\" \/>\n<meta name=\"twitter:card\" content=\"summary_large_image\" \/>\n<meta name=\"twitter:label1\" content=\"Escrito por\" \/>\n\t<meta name=\"twitter:data1\" content=\"admin\" \/>\n\t<meta name=\"twitter:label2\" content=\"Est. tempo de leitura\" \/>\n\t<meta name=\"twitter:data2\" content=\"8 minutos\" \/>\n<script type=\"application\/ld+json\" class=\"yoast-schema-graph\">{\"@context\":\"https:\/\/schema.org\",\"@graph\":[{\"@type\":\"WebSite\",\"@id\":\"https:\/\/franciscanos.org.br\/noticias\/#website\",\"url\":\"https:\/\/franciscanos.org.br\/noticias\/\",\"name\":\"Not\u00edcias - Franciscanos\",\"description\":\"Prov\u00edncia Franciscana da Imaculada Concei\u00e7\u00e3o do Brasil - Ordem dos Frades Menores - OFM\",\"potentialAction\":[{\"@type\":\"SearchAction\",\"target\":{\"@type\":\"EntryPoint\",\"urlTemplate\":\"https:\/\/franciscanos.org.br\/noticias\/?s={search_term_string}\"},\"query-input\":\"required name=search_term_string\"}],\"inLanguage\":\"pt-BR\"},{\"@type\":\"ImageObject\",\"inLanguage\":\"pt-BR\",\"@id\":\"https:\/\/franciscanos.org.br\/noticias\/somente-um-profundo-amor-a-deus-e-aos-homens-e-capaz-de-levar-um-jovem-a-abracar-a-vida-religiosa-e-sacerdotal.html#primaryimage\",\"url\":\"https:\/\/franciscanos.org.br\/noticias\/wp-content\/uploads\/2012\/02\/diego_010219.jpg\",\"contentUrl\":\"https:\/\/franciscanos.org.br\/noticias\/wp-content\/uploads\/2012\/02\/diego_010219.jpg\",\"width\":273,\"height\":181},{\"@type\":\"WebPage\",\"@id\":\"https:\/\/franciscanos.org.br\/noticias\/somente-um-profundo-amor-a-deus-e-aos-homens-e-capaz-de-levar-um-jovem-a-abracar-a-vida-religiosa-e-sacerdotal.html#webpage\",\"url\":\"https:\/\/franciscanos.org.br\/noticias\/somente-um-profundo-amor-a-deus-e-aos-homens-e-capaz-de-levar-um-jovem-a-abracar-a-vida-religiosa-e-sacerdotal.html\",\"name\":\"Frei Diego Melo vai ser ordenado presb\u00edtero neste s\u00e1bado - Not\u00edcias - Franciscanos\",\"isPartOf\":{\"@id\":\"https:\/\/franciscanos.org.br\/noticias\/#website\"},\"primaryImageOfPage\":{\"@id\":\"https:\/\/franciscanos.org.br\/noticias\/somente-um-profundo-amor-a-deus-e-aos-homens-e-capaz-de-levar-um-jovem-a-abracar-a-vida-religiosa-e-sacerdotal.html#primaryimage\"},\"datePublished\":\"2012-02-06T09:46:50+00:00\",\"dateModified\":\"2020-06-16T18:42:42+00:00\",\"author\":{\"@id\":\"https:\/\/franciscanos.org.br\/noticias\/#\/schema\/person\/b38fbf43118f02820bd932f2e4b14ad3\"},\"breadcrumb\":{\"@id\":\"https:\/\/franciscanos.org.br\/noticias\/somente-um-profundo-amor-a-deus-e-aos-homens-e-capaz-de-levar-um-jovem-a-abracar-a-vida-religiosa-e-sacerdotal.html#breadcrumb\"},\"inLanguage\":\"pt-BR\",\"potentialAction\":[{\"@type\":\"ReadAction\",\"target\":[\"https:\/\/franciscanos.org.br\/noticias\/somente-um-profundo-amor-a-deus-e-aos-homens-e-capaz-de-levar-um-jovem-a-abracar-a-vida-religiosa-e-sacerdotal.html\"]}]},{\"@type\":\"BreadcrumbList\",\"@id\":\"https:\/\/franciscanos.org.br\/noticias\/somente-um-profundo-amor-a-deus-e-aos-homens-e-capaz-de-levar-um-jovem-a-abracar-a-vida-religiosa-e-sacerdotal.html#breadcrumb\",\"itemListElement\":[{\"@type\":\"ListItem\",\"position\":1,\"name\":\"Home\",\"item\":\"https:\/\/franciscanos.org.br\/noticias\"},{\"@type\":\"ListItem\",\"position\":2,\"name\":\"Frei Diego Melo vai ser ordenado presb\u00edtero neste s\u00e1bado\"}]},{\"@type\":\"Person\",\"@id\":\"https:\/\/franciscanos.org.br\/noticias\/#\/schema\/person\/b38fbf43118f02820bd932f2e4b14ad3\",\"name\":\"admin\",\"image\":{\"@type\":\"ImageObject\",\"inLanguage\":\"pt-BR\",\"@id\":\"https:\/\/franciscanos.org.br\/noticias\/#\/schema\/person\/image\/\",\"url\":\"https:\/\/secure.gravatar.com\/avatar\/e8495742d34d0ba6448ea1c628263b3e?s=96&d=mm&r=g\",\"contentUrl\":\"https:\/\/secure.gravatar.com\/avatar\/e8495742d34d0ba6448ea1c628263b3e?s=96&d=mm&r=g\",\"caption\":\"admin\"},\"url\":\"https:\/\/franciscanos.org.br\/noticias\/author\/admin\"}]}<\/script>\n<!-- \/ Yoast SEO plugin. -->","yoast_head_json":{"title":"Frei Diego Melo vai ser ordenado presb\u00edtero neste s\u00e1bado - Not\u00edcias - Franciscanos","robots":{"index":"index","follow":"follow","max-snippet":"max-snippet:-1","max-image-preview":"max-image-preview:large","max-video-preview":"max-video-preview:-1"},"canonical":"https:\/\/franciscanos.org.br\/noticias\/somente-um-profundo-amor-a-deus-e-aos-homens-e-capaz-de-levar-um-jovem-a-abracar-a-vida-religiosa-e-sacerdotal.html","og_locale":"pt_BR","og_type":"article","og_title":"Frei Diego Melo vai ser ordenado presb\u00edtero neste s\u00e1bado - Not\u00edcias - Franciscanos","og_description":"Entrevista com Frei Diego A. Melo","og_url":"https:\/\/franciscanos.org.br\/noticias\/somente-um-profundo-amor-a-deus-e-aos-homens-e-capaz-de-levar-um-jovem-a-abracar-a-vida-religiosa-e-sacerdotal.html","og_site_name":"Not\u00edcias - Franciscanos","article_published_time":"2012-02-06T09:46:50+00:00","article_modified_time":"2020-06-16T18:42:42+00:00","og_image":[{"width":273,"height":181,"url":"https:\/\/franciscanos.org.br\/noticias\/wp-content\/uploads\/2012\/02\/diego_010219.jpg","type":"image\/jpeg"}],"author":"admin","twitter_card":"summary_large_image","twitter_misc":{"Escrito por":"admin","Est. tempo de leitura":"8 minutos"},"schema":{"@context":"https:\/\/schema.org","@graph":[{"@type":"WebSite","@id":"https:\/\/franciscanos.org.br\/noticias\/#website","url":"https:\/\/franciscanos.org.br\/noticias\/","name":"Not\u00edcias - Franciscanos","description":"Prov\u00edncia Franciscana da Imaculada Concei\u00e7\u00e3o do Brasil - Ordem dos Frades Menores - OFM","potentialAction":[{"@type":"SearchAction","target":{"@type":"EntryPoint","urlTemplate":"https:\/\/franciscanos.org.br\/noticias\/?s={search_term_string}"},"query-input":"required name=search_term_string"}],"inLanguage":"pt-BR"},{"@type":"ImageObject","inLanguage":"pt-BR","@id":"https:\/\/franciscanos.org.br\/noticias\/somente-um-profundo-amor-a-deus-e-aos-homens-e-capaz-de-levar-um-jovem-a-abracar-a-vida-religiosa-e-sacerdotal.html#primaryimage","url":"https:\/\/franciscanos.org.br\/noticias\/wp-content\/uploads\/2012\/02\/diego_010219.jpg","contentUrl":"https:\/\/franciscanos.org.br\/noticias\/wp-content\/uploads\/2012\/02\/diego_010219.jpg","width":273,"height":181},{"@type":"WebPage","@id":"https:\/\/franciscanos.org.br\/noticias\/somente-um-profundo-amor-a-deus-e-aos-homens-e-capaz-de-levar-um-jovem-a-abracar-a-vida-religiosa-e-sacerdotal.html#webpage","url":"https:\/\/franciscanos.org.br\/noticias\/somente-um-profundo-amor-a-deus-e-aos-homens-e-capaz-de-levar-um-jovem-a-abracar-a-vida-religiosa-e-sacerdotal.html","name":"Frei Diego Melo vai ser ordenado presb\u00edtero neste s\u00e1bado - Not\u00edcias - Franciscanos","isPartOf":{"@id":"https:\/\/franciscanos.org.br\/noticias\/#website"},"primaryImageOfPage":{"@id":"https:\/\/franciscanos.org.br\/noticias\/somente-um-profundo-amor-a-deus-e-aos-homens-e-capaz-de-levar-um-jovem-a-abracar-a-vida-religiosa-e-sacerdotal.html#primaryimage"},"datePublished":"2012-02-06T09:46:50+00:00","dateModified":"2020-06-16T18:42:42+00:00","author":{"@id":"https:\/\/franciscanos.org.br\/noticias\/#\/schema\/person\/b38fbf43118f02820bd932f2e4b14ad3"},"breadcrumb":{"@id":"https:\/\/franciscanos.org.br\/noticias\/somente-um-profundo-amor-a-deus-e-aos-homens-e-capaz-de-levar-um-jovem-a-abracar-a-vida-religiosa-e-sacerdotal.html#breadcrumb"},"inLanguage":"pt-BR","potentialAction":[{"@type":"ReadAction","target":["https:\/\/franciscanos.org.br\/noticias\/somente-um-profundo-amor-a-deus-e-aos-homens-e-capaz-de-levar-um-jovem-a-abracar-a-vida-religiosa-e-sacerdotal.html"]}]},{"@type":"BreadcrumbList","@id":"https:\/\/franciscanos.org.br\/noticias\/somente-um-profundo-amor-a-deus-e-aos-homens-e-capaz-de-levar-um-jovem-a-abracar-a-vida-religiosa-e-sacerdotal.html#breadcrumb","itemListElement":[{"@type":"ListItem","position":1,"name":"Home","item":"https:\/\/franciscanos.org.br\/noticias"},{"@type":"ListItem","position":2,"name":"Frei Diego Melo vai ser ordenado presb\u00edtero neste s\u00e1bado"}]},{"@type":"Person","@id":"https:\/\/franciscanos.org.br\/noticias\/#\/schema\/person\/b38fbf43118f02820bd932f2e4b14ad3","name":"admin","image":{"@type":"ImageObject","inLanguage":"pt-BR","@id":"https:\/\/franciscanos.org.br\/noticias\/#\/schema\/person\/image\/","url":"https:\/\/secure.gravatar.com\/avatar\/e8495742d34d0ba6448ea1c628263b3e?s=96&d=mm&r=g","contentUrl":"https:\/\/secure.gravatar.com\/avatar\/e8495742d34d0ba6448ea1c628263b3e?s=96&d=mm&r=g","caption":"admin"},"url":"https:\/\/franciscanos.org.br\/noticias\/author\/admin"}]}},"_links":{"self":[{"href":"https:\/\/franciscanos.org.br\/noticias\/wp-json\/wp\/v2\/posts\/11355"}],"collection":[{"href":"https:\/\/franciscanos.org.br\/noticias\/wp-json\/wp\/v2\/posts"}],"about":[{"href":"https:\/\/franciscanos.org.br\/noticias\/wp-json\/wp\/v2\/types\/post"}],"author":[{"embeddable":true,"href":"https:\/\/franciscanos.org.br\/noticias\/wp-json\/wp\/v2\/users\/1"}],"replies":[{"embeddable":true,"href":"https:\/\/franciscanos.org.br\/noticias\/wp-json\/wp\/v2\/comments?post=11355"}],"version-history":[{"count":1,"href":"https:\/\/franciscanos.org.br\/noticias\/wp-json\/wp\/v2\/posts\/11355\/revisions"}],"predecessor-version":[{"id":226557,"href":"https:\/\/franciscanos.org.br\/noticias\/wp-json\/wp\/v2\/posts\/11355\/revisions\/226557"}],"wp:featuredmedia":[{"embeddable":true,"href":"https:\/\/franciscanos.org.br\/noticias\/wp-json\/wp\/v2\/media\/199091"}],"wp:attachment":[{"href":"https:\/\/franciscanos.org.br\/noticias\/wp-json\/wp\/v2\/media?parent=11355"}],"wp:term":[{"taxonomy":"category","embeddable":true,"href":"https:\/\/franciscanos.org.br\/noticias\/wp-json\/wp\/v2\/categories?post=11355"},{"taxonomy":"post_tag","embeddable":true,"href":"https:\/\/franciscanos.org.br\/noticias\/wp-json\/wp\/v2\/tags?post=11355"}],"curies":[{"name":"wp","href":"https:\/\/api.w.org\/{rel}","templated":true}]}}