{"id":113524,"date":"2016-08-06T14:51:21","date_gmt":"2016-08-06T17:51:21","guid":{"rendered":"http:\/\/franciscanos.org.br\/?p=113524"},"modified":"2023-01-25T09:59:47","modified_gmt":"2023-01-25T12:59:47","slug":"nosso-ministerio-nos-envia-para-as-profundezas-das-miserias-dores-e-sofrimentos-de-nosso-povo","status":"publish","type":"post","link":"https:\/\/franciscanos.org.br\/noticias\/nosso-ministerio-nos-envia-para-as-profundezas-das-miserias-dores-e-sofrimentos-de-nosso-povo.html","title":{"rendered":"Partilhar das mis\u00e9rias, dores e sofrimentos de nosso povo"},"content":{"rendered":"<p><img loading=\"lazy\" src=\"http:\/\/franciscanos.org.br\/wp-content\/uploads\/2016\/08\/evaristo_06082016_8.jpg\" alt=\"evaristo_06082016_8\" width=\"820\" height=\"439\" \/><\/p>\n<p><strong>Frei Augusto Luiz Gabriel (fotos) e Moacir Beggo<\/strong><\/p>\n<p><strong>Gaspar (SC)<\/strong> &#8211; A bela e grandiosa Matriz de S\u00e3o Pedro Ap\u00f3stolo de Gaspar, no alto da colina no Vale do Itaja\u00ed, foi testemunha da quinta ordena\u00e7\u00e3o de um bispo franciscano neste s\u00e1bado (6\/8), \u00e0s 9 horas, quando Frei Evaristo Pascoal Spengler foi ordenado bispo pelo Secret\u00e1rio Geral da CNBB e Bispo Auxiliar de Bras\u00edlia, Dom Leonardo Ulrich Steiner (ordenante principal), e pelos bispos Dom Alberto Taveira Corr\u00eaa, Arcebispo Metropolitano de Bel\u00e9m (PA), e Dom Mauro Morelli, Bispo Em\u00e9rito da Diocese de Duque de Caxias (RJ).<\/p>\n<p>A igreja estava repleta pelos paroquianos de Gaspar e tamb\u00e9m pelos fi\u00e9is da Baixada Fluminense, RJ, um dos \u00faltimos locais de trabalho de Frei Evaristo, al\u00e9m de familiares e amigos do ordenando. A cerim\u00f4nia contou ainda com a presen\u00e7a de 12 bispos al\u00e9m dos ordenantes, entre eles o Arcebispo de Porto Alegre, Dom Jaime Spengler, que \u00e9 natural de Gaspar, os confrades bispos de Frei Evaristo, Dom Severino Clasen, Dom Bernardo Bahlmann, Dom Jo\u00e3o Bosco, frades de toda a Prov\u00edncia, especialmente de um grande grupo de Frades estudantes que vieram de Rondinha, os novi\u00e7os de Rodeio, dezenas de padres, di\u00e1conos, seminaristas, religiosos e religiosas.<\/p>\n<p>Nas palavras de boas vindas, o bispo anfitri\u00e3o, Dom Rafael Biernaski, da Diocese de Blumenau, Dom Evaristo \u00e9 um presente de Deus. &#8220;Frei Evaristo \u00e9 um filho desta terra e o quinto bispo escolhido desta regi\u00e3o. E a destinat\u00e1ria desse presente de Deus \u00e9 a Prelazia de Maraj\u00f3&#8221;, saudou.<\/p>\n<p><img loading=\"lazy\" src=\"http:\/\/franciscanos.org.br\/wp-content\/uploads\/2016\/08\/evaristo_06082016_1.jpg\" alt=\"evaristo_06082016_1\" width=\"820\" height=\"418\" \/><\/p>\n<p>Obedecendo ao rito inicial, Frei Evaristo foi apresentado pelo Vig\u00e1rio Geral da Prelazia do Maraj\u00f3, Pe. Jos\u00e9 Ant\u00f4nio. A bula papal, assinada pelo Papa Francisco, foi lida pelo Ministro Provincial da Prov\u00edncia da Imaculada Concei\u00e7\u00e3o, Frei Fid\u00eancio Vanboemmel. &#8220;Sauda\u00e7\u00e3o e b\u00ean\u00e7\u00e3o apost\u00f3lica. Dileto filho, queremos que mostre este nosso decreto ao clero e ao povo da tua Prelazia, aos quais exortamos que, sob tua dire\u00e7\u00e3o, de cora\u00e7\u00e3o sincero, cumpram a vontade de Cristo na sua vida di\u00e1ria&#8221;, leu Frei Fid\u00eancio.<\/p>\n<p>Um momento de sil\u00eancio tomou conta da assembleia durante a imposi\u00e7\u00e3o das m\u00e3os dos bispos, antecedida pela prostra\u00e7\u00e3o e a Ladainha de Todos os Santos. Um momento central da celebra\u00e7\u00e3o foi a prece de ordena\u00e7\u00e3o, quando Dom Evaristo ficou de joelhos, e os di\u00e1conos Frei Edvaldo Soares e Frei R\u00f3bson Scudela seguraram aberto sobre sua cabe\u00e7a o livro dos Evangelhos e todos os bispos rezaram juntos: \u201cEnviai agora sobre este eleito a for\u00e7a que de v\u00f3s procede, o Esp\u00edrito Soberano, que destes ao vosso amado Filho, Jesus Cristo, e ele transmitiu aos santos Ap\u00f3stolos, que fundaram a Igreja por toda a parte, como vosso templo, para gl\u00f3ria e perene louvor ao vosso nome\u201d.<\/p>\n<p><img loading=\"lazy\" src=\"http:\/\/franciscanos.org.br\/wp-content\/uploads\/2016\/08\/evaristo_06082016_6.jpg\" alt=\"evaristo_06082016_6\" width=\"820\" height=\"615\" \/><\/p>\n<p>Logo ap\u00f3s, o eleito teve a cabe\u00e7a ungida com o \u00f3leo santo e recebeu as ins\u00edgnias: o anel, sinal de fidelidade, foi trazido pelos sobrinhos Ant\u00f4nio e Ketlyn (afilhada de Frei Evaristo); a mitra, sinal de santidade, pelas irm\u00e3s Maristela e \u00c2ngela; e o b\u00e1culo, significando o cuidado do rebanho, pelos irm\u00e3os Carmen e Renato. A irm\u00e3 Gertrudes fez a Primeira Leitura e o irm\u00e3o Aloir fez a segunda.<\/p>\n<p>A tr\u00eas horas de celebra\u00e7\u00e3o n\u00e3o tiraram \u00e2nimo da assembleia. Em v\u00e1rias ocasi\u00f5es, o p\u00fablico expressou a emo\u00e7\u00e3o e a alegria atrav\u00e9s de aplausos, como no momento em que Dom Evaristo, j\u00e1 portando todas as ins\u00edgnias episcopais (anel, b\u00e1culo, mitra) andou entre o povo, distribuindo sorrisos e b\u00ean\u00e7\u00e3os. O riso constante, marca registrada de Frei Evaristo, davam sinais do contentamento e da gratid\u00e3o que povoavam o cora\u00e7\u00e3o do novo bispo.<\/p>\n<p>Dom Leonardo fez uma bela homilia. &#8220;A f\u00e9, sugada no peito de tua m\u00e3e e embalada no colo de teu pai, partilhada com teus irm\u00e3os e irm\u00e3s, com a tua comunidade de f\u00e9, pede que avances para \u00e1guas mais profundas. A palavra ouvida que te despertou para a vida religiosa franciscana e para o presbiterado, pede que avances para \u00e1guas da anima\u00e7\u00e3o e santifica\u00e7\u00e3o de uma Igreja particular. Para \u00e1guas mais profundas: mais doa\u00e7\u00e3o, mais disponibilidade, mais medita\u00e7\u00e3o, mais aten\u00e7\u00e3o, mais generosidade, maior desprendimento, mais amor&#8230; Pede que seja Menor entre os menores&#8221;, exortou o Secret\u00e1rio Geral da CNBB.<\/p>\n<p><img loading=\"lazy\" src=\"http:\/\/franciscanos.org.br\/wp-content\/uploads\/2016\/08\/evaristo_06082016_2.jpg\" alt=\"evaristo_06082016_2\" width=\"820\" height=\"424\" \/><\/p>\n<p>Tomando como base o lema episcopal do novo bispo, &#8220;Avan\u00e7a para \u00e1guas profundas&#8221;, Dom Leonardo foi mais incisivo: &#8220;Ser bispo \u00e9 um risco, quando permanecemos \u00e0 margem, lavando as redes da noite do vazio de n\u00f3s mesmos. Ser bispo \u00e9 um risco, quando n\u00e3o nos entregamos de corpo e alma, por inteiro, todo inteiro ao servi\u00e7o dos irm\u00e3os! \u00c9 um risco, quando n\u00e3o chegamos at\u00e9 as periferias geogr\u00e1ficas e existenciais e deixamos de anunciar e proclamar que o &#8216;Amor n\u00e3o \u00e9 amado&#8217;, disse, referindo-se \u00e0 frase de S\u00e3o Francisco de Assis.<\/p>\n<p>E Dom Leonardo continuou: &#8220;Nosso minist\u00e9rio nos envia para as profundezas das mis\u00e9rias, dores e sofrimentos de nosso povo. Na profundidade do drama humano, das entranhas do abandono, somos provocados a buscar, nas \u00e1guas misericordiosas e compadecidas do mist\u00e9rio do amor de Deus, o \u00f3leo do consolo e o vinho da proximidade para o nosso povo. Descer para a profundidade do cora\u00e7\u00e3o de cada um de teus irm\u00e3os e irm\u00e3s; compadecido, toca, limpa, derrama o \u00f3leo da elei\u00e7\u00e3o, da un\u00e7\u00e3o nas feridas do corpo e do esp\u00edrito; derrama o vinho da verdade, da alegria no cora\u00e7\u00e3o de teus irm\u00e3os e irm\u00e3s; conduz \u00e0 casa da tua Igreja aqueles que s\u00e3o in\u00fateis ao Estado e \u00e0 sociedade (Madre Teresa de Calcut\u00e1)&#8221;.<\/p>\n<p><img loading=\"lazy\" src=\"http:\/\/franciscanos.org.br\/wp-content\/uploads\/2016\/08\/evaristo_06082016_7.jpg\" alt=\"evaristo_06082016_7\" width=\"820\" height=\"439\" \/><\/p>\n<p>Quase no final da homilia, prestou uma bela homenagem ao antecessor de Dom Evaristo, Dom Jos\u00e9 Ascona \u00a0Hermoso. &#8220;Quanto a nossa Igreja no Brasil \u00e9 devedora a este homem de Deus!&#8221;, disse, pedindo ora\u00e7\u00f5es e apoio ao novo bispo: &#8220;Certamente nos sentiremos ainda mais unidos a dom Evaristo e \u00e0 Igreja do Maraj\u00f3 se soubermos tamb\u00e9m partilhar al\u00e9m da ora\u00e7\u00e3o,\u00a0 o afeto e os nossos bens&#8221;.<\/p>\n<p><strong>&#8220;NUNCA ALMEJEI SER BISPO&#8221;<\/strong><\/p>\n<p>Em seus agradecimentos finais, Dom Evaristo come\u00e7ou agradecendo carinhosamente a Deus, \u00e0 Igreja, \u00e0 Prov\u00edncia Franciscana da Imaculada Concei\u00e7\u00e3o, aos seus confrades, familiares, ao povo que o conheceu e ao novo rebanho de fi\u00e9is na Prelazia. &#8220;Ano passado quando nossa Prov\u00edncia Franciscana se preparava para o Cap\u00edtulo Provincial recebi a visita de Frei Nestor, o Visitador, representando o Ministro Geral. Ele perguntou a cada frade onde gostaria de trabalhar nos pr\u00f3ximos tr\u00eas anos. Eu lhe disse que era candidato a voltar \u00e0 Miss\u00e3o de Angola. O Cap\u00edtulo Provincial me elegeu Vig\u00e1rio Provincial junto com o Ministro Provincial Frei Fid\u00eancio. Dois meses depois de ter chegado a S\u00e3o Paulo, fui nomeado pelo Papa Francisco para ser bispo da Prelazia do Maraj\u00f3&#8221;, contou Dom Evaristo.<\/p>\n<p><img loading=\"lazy\" src=\"http:\/\/franciscanos.org.br\/wp-content\/uploads\/2016\/08\/evaristo_06082016_9.jpg\" alt=\"evaristo_06082016_9\" width=\"820\" height=\"289\" \/><\/p>\n<p>&#8220;Nunca almejei ser bispo. Entendo essa tarefa n\u00e3o como uma promo\u00e7\u00e3o nem como um t\u00edtulo, como podem alguns pensar, mas como uma miss\u00e3o, como um servi\u00e7o que a Igreja me confia em fun\u00e7\u00e3o da pr\u00f3pria Igreja e do povo de Maraj\u00f3. Por isso, quando me perguntaram como ser\u00e1 o bispo Frei Evaristo, respondi: continuarei a ser um frade menor, aberto a conhecer a Igreja, o povo, a hist\u00f3ria da Igreja do Maraj\u00f3&#8221;, disse, recebendo um longo aplauso.<\/p>\n<p>&#8220;Consciente que Deus j\u00e1 fez alian\u00e7a com aquele povo, j\u00e1 caminhou muito antes de mim naquelas terras e naquelas \u00e1guas. Quero somar ao trabalho j\u00e1 desenvolvido pelo meu antecessor, Dom Azcona, ao trabalho desenvolvido pela Ordem Regular de Santo Agostinho, aos padres diocesanos, aos religiosos e religiosas, aos mission\u00e1rios leigos, aos catequistas, ministros, \u00e0s lideran\u00e7as da Igreja e ao povo de Deus da igreja do Maraj\u00f3&#8221;, prometeu.<\/p>\n<p><img loading=\"lazy\" src=\"http:\/\/franciscanos.org.br\/wp-content\/uploads\/2016\/08\/evaristo_06082016_5.jpg\" alt=\"evaristo_06082016_5\" width=\"820\" height=\"460\" \/><\/p>\n<p>Frei Evaristo recebeu uma homenagem dos fi\u00e9is da Baixada Fluminense, onde residiu por muitos anos, e dos doze sacerdotes que vieram da Prelazia. Ele n\u00e3o se esqueceu dos seus confrades que conviveu desde o Semin\u00e1rio, a conhecida turma dos &#8220;Gafanhotos&#8221;:\u00a0 &#8220;Sempre foi uma turma alegre e unida. Unida para tudo: estudar, trabalhar, rezar, jogar e tamb\u00e9m para comer. Achavam que essa turma comia muito. Ficou conhecida na Prov\u00edncia como Gafanhotos. S\u00e3o sempre um apoio na miss\u00e3o&#8221;. No final da Celebra\u00e7\u00e3o, nas suas considera\u00e7\u00f5es, Dom Leonardo brincou: &#8220;N\u00e3o pensei que pudesse sair um bispo da turma dos Gafanhotos&#8221;.<\/p>\n<p>Ap\u00f3s a celebra\u00e7\u00e3o, foi oferecido um almo\u00e7o festivo nas depend\u00eancias da empresa Bunge Alimentos.<\/p>\n","protected":false},"excerpt":{"rendered":"<p>Ordena\u00e7\u00e3o Episcopal<\/p>\n","protected":false},"author":1,"featured_media":208921,"comment_status":"open","ping_status":"open","sticky":false,"template":"","format":"standard","meta":[],"categories":[1],"tags":[1379],"acf":[],"yoast_head":"<!-- This site is optimized with the Yoast SEO plugin v19.2 - https:\/\/yoast.com\/wordpress\/plugins\/seo\/ -->\n<title>Partilhar das mis\u00e9rias, dores e sofrimentos de nosso povo - Not\u00edcias - Franciscanos<\/title>\n<meta name=\"robots\" content=\"index, follow, max-snippet:-1, max-image-preview:large, max-video-preview:-1\" \/>\n<link rel=\"canonical\" href=\"https:\/\/franciscanos.org.br\/noticias\/nosso-ministerio-nos-envia-para-as-profundezas-das-miserias-dores-e-sofrimentos-de-nosso-povo.html\" \/>\n<meta property=\"og:locale\" content=\"pt_BR\" \/>\n<meta property=\"og:type\" content=\"article\" \/>\n<meta property=\"og:title\" content=\"Partilhar das mis\u00e9rias, dores e sofrimentos de nosso povo - Not\u00edcias - Franciscanos\" \/>\n<meta property=\"og:description\" content=\"Ordena\u00e7\u00e3o Episcopal\" \/>\n<meta property=\"og:url\" content=\"https:\/\/franciscanos.org.br\/noticias\/nosso-ministerio-nos-envia-para-as-profundezas-das-miserias-dores-e-sofrimentos-de-nosso-povo.html\" \/>\n<meta property=\"og:site_name\" content=\"Not\u00edcias - Franciscanos\" \/>\n<meta property=\"article:published_time\" content=\"2016-08-06T17:51:21+00:00\" \/>\n<meta property=\"article:modified_time\" content=\"2023-01-25T12:59:47+00:00\" \/>\n<meta property=\"og:image\" content=\"https:\/\/franciscanos.org.br\/noticias\/wp-content\/uploads\/2016\/08\/evaristo_06082016_8.jpg\" \/>\n\t<meta property=\"og:image:width\" content=\"273\" \/>\n\t<meta property=\"og:image:height\" content=\"181\" \/>\n\t<meta property=\"og:image:type\" content=\"image\/jpeg\" \/>\n<meta name=\"author\" content=\"admin\" \/>\n<meta name=\"twitter:card\" content=\"summary_large_image\" \/>\n<meta name=\"twitter:label1\" content=\"Escrito por\" \/>\n\t<meta name=\"twitter:data1\" content=\"admin\" \/>\n\t<meta name=\"twitter:label2\" content=\"Est. tempo de leitura\" \/>\n\t<meta name=\"twitter:data2\" content=\"7 minutos\" \/>\n<script type=\"application\/ld+json\" class=\"yoast-schema-graph\">{\"@context\":\"https:\/\/schema.org\",\"@graph\":[{\"@type\":\"WebSite\",\"@id\":\"https:\/\/franciscanos.org.br\/noticias\/#website\",\"url\":\"https:\/\/franciscanos.org.br\/noticias\/\",\"name\":\"Not\u00edcias - Franciscanos\",\"description\":\"Prov\u00edncia Franciscana da Imaculada Concei\u00e7\u00e3o do Brasil - Ordem dos Frades Menores - OFM\",\"potentialAction\":[{\"@type\":\"SearchAction\",\"target\":{\"@type\":\"EntryPoint\",\"urlTemplate\":\"https:\/\/franciscanos.org.br\/noticias\/?s={search_term_string}\"},\"query-input\":\"required name=search_term_string\"}],\"inLanguage\":\"pt-BR\"},{\"@type\":\"ImageObject\",\"inLanguage\":\"pt-BR\",\"@id\":\"https:\/\/franciscanos.org.br\/noticias\/nosso-ministerio-nos-envia-para-as-profundezas-das-miserias-dores-e-sofrimentos-de-nosso-povo.html#primaryimage\",\"url\":\"https:\/\/franciscanos.org.br\/noticias\/wp-content\/uploads\/2016\/08\/evaristo_06082016_8.jpg\",\"contentUrl\":\"https:\/\/franciscanos.org.br\/noticias\/wp-content\/uploads\/2016\/08\/evaristo_06082016_8.jpg\",\"width\":273,\"height\":181},{\"@type\":\"WebPage\",\"@id\":\"https:\/\/franciscanos.org.br\/noticias\/nosso-ministerio-nos-envia-para-as-profundezas-das-miserias-dores-e-sofrimentos-de-nosso-povo.html#webpage\",\"url\":\"https:\/\/franciscanos.org.br\/noticias\/nosso-ministerio-nos-envia-para-as-profundezas-das-miserias-dores-e-sofrimentos-de-nosso-povo.html\",\"name\":\"Partilhar das mis\u00e9rias, dores e sofrimentos de nosso povo - Not\u00edcias - Franciscanos\",\"isPartOf\":{\"@id\":\"https:\/\/franciscanos.org.br\/noticias\/#website\"},\"primaryImageOfPage\":{\"@id\":\"https:\/\/franciscanos.org.br\/noticias\/nosso-ministerio-nos-envia-para-as-profundezas-das-miserias-dores-e-sofrimentos-de-nosso-povo.html#primaryimage\"},\"datePublished\":\"2016-08-06T17:51:21+00:00\",\"dateModified\":\"2023-01-25T12:59:47+00:00\",\"author\":{\"@id\":\"https:\/\/franciscanos.org.br\/noticias\/#\/schema\/person\/b38fbf43118f02820bd932f2e4b14ad3\"},\"breadcrumb\":{\"@id\":\"https:\/\/franciscanos.org.br\/noticias\/nosso-ministerio-nos-envia-para-as-profundezas-das-miserias-dores-e-sofrimentos-de-nosso-povo.html#breadcrumb\"},\"inLanguage\":\"pt-BR\",\"potentialAction\":[{\"@type\":\"ReadAction\",\"target\":[\"https:\/\/franciscanos.org.br\/noticias\/nosso-ministerio-nos-envia-para-as-profundezas-das-miserias-dores-e-sofrimentos-de-nosso-povo.html\"]}]},{\"@type\":\"BreadcrumbList\",\"@id\":\"https:\/\/franciscanos.org.br\/noticias\/nosso-ministerio-nos-envia-para-as-profundezas-das-miserias-dores-e-sofrimentos-de-nosso-povo.html#breadcrumb\",\"itemListElement\":[{\"@type\":\"ListItem\",\"position\":1,\"name\":\"Home\",\"item\":\"https:\/\/franciscanos.org.br\/noticias\"},{\"@type\":\"ListItem\",\"position\":2,\"name\":\"Partilhar das mis\u00e9rias, dores e sofrimentos de nosso povo\"}]},{\"@type\":\"Person\",\"@id\":\"https:\/\/franciscanos.org.br\/noticias\/#\/schema\/person\/b38fbf43118f02820bd932f2e4b14ad3\",\"name\":\"admin\",\"image\":{\"@type\":\"ImageObject\",\"inLanguage\":\"pt-BR\",\"@id\":\"https:\/\/franciscanos.org.br\/noticias\/#\/schema\/person\/image\/\",\"url\":\"https:\/\/secure.gravatar.com\/avatar\/e8495742d34d0ba6448ea1c628263b3e?s=96&d=mm&r=g\",\"contentUrl\":\"https:\/\/secure.gravatar.com\/avatar\/e8495742d34d0ba6448ea1c628263b3e?s=96&d=mm&r=g\",\"caption\":\"admin\"},\"url\":\"https:\/\/franciscanos.org.br\/noticias\/author\/admin\"}]}<\/script>\n<!-- \/ Yoast SEO plugin. -->","yoast_head_json":{"title":"Partilhar das mis\u00e9rias, dores e sofrimentos de nosso povo - Not\u00edcias - Franciscanos","robots":{"index":"index","follow":"follow","max-snippet":"max-snippet:-1","max-image-preview":"max-image-preview:large","max-video-preview":"max-video-preview:-1"},"canonical":"https:\/\/franciscanos.org.br\/noticias\/nosso-ministerio-nos-envia-para-as-profundezas-das-miserias-dores-e-sofrimentos-de-nosso-povo.html","og_locale":"pt_BR","og_type":"article","og_title":"Partilhar das mis\u00e9rias, dores e sofrimentos de nosso povo - Not\u00edcias - Franciscanos","og_description":"Ordena\u00e7\u00e3o Episcopal","og_url":"https:\/\/franciscanos.org.br\/noticias\/nosso-ministerio-nos-envia-para-as-profundezas-das-miserias-dores-e-sofrimentos-de-nosso-povo.html","og_site_name":"Not\u00edcias - Franciscanos","article_published_time":"2016-08-06T17:51:21+00:00","article_modified_time":"2023-01-25T12:59:47+00:00","og_image":[{"width":273,"height":181,"url":"https:\/\/franciscanos.org.br\/noticias\/wp-content\/uploads\/2016\/08\/evaristo_06082016_8.jpg","type":"image\/jpeg"}],"author":"admin","twitter_card":"summary_large_image","twitter_misc":{"Escrito por":"admin","Est. tempo de leitura":"7 minutos"},"schema":{"@context":"https:\/\/schema.org","@graph":[{"@type":"WebSite","@id":"https:\/\/franciscanos.org.br\/noticias\/#website","url":"https:\/\/franciscanos.org.br\/noticias\/","name":"Not\u00edcias - Franciscanos","description":"Prov\u00edncia Franciscana da Imaculada Concei\u00e7\u00e3o do Brasil - Ordem dos Frades Menores - OFM","potentialAction":[{"@type":"SearchAction","target":{"@type":"EntryPoint","urlTemplate":"https:\/\/franciscanos.org.br\/noticias\/?s={search_term_string}"},"query-input":"required name=search_term_string"}],"inLanguage":"pt-BR"},{"@type":"ImageObject","inLanguage":"pt-BR","@id":"https:\/\/franciscanos.org.br\/noticias\/nosso-ministerio-nos-envia-para-as-profundezas-das-miserias-dores-e-sofrimentos-de-nosso-povo.html#primaryimage","url":"https:\/\/franciscanos.org.br\/noticias\/wp-content\/uploads\/2016\/08\/evaristo_06082016_8.jpg","contentUrl":"https:\/\/franciscanos.org.br\/noticias\/wp-content\/uploads\/2016\/08\/evaristo_06082016_8.jpg","width":273,"height":181},{"@type":"WebPage","@id":"https:\/\/franciscanos.org.br\/noticias\/nosso-ministerio-nos-envia-para-as-profundezas-das-miserias-dores-e-sofrimentos-de-nosso-povo.html#webpage","url":"https:\/\/franciscanos.org.br\/noticias\/nosso-ministerio-nos-envia-para-as-profundezas-das-miserias-dores-e-sofrimentos-de-nosso-povo.html","name":"Partilhar das mis\u00e9rias, dores e sofrimentos de nosso povo - Not\u00edcias - Franciscanos","isPartOf":{"@id":"https:\/\/franciscanos.org.br\/noticias\/#website"},"primaryImageOfPage":{"@id":"https:\/\/franciscanos.org.br\/noticias\/nosso-ministerio-nos-envia-para-as-profundezas-das-miserias-dores-e-sofrimentos-de-nosso-povo.html#primaryimage"},"datePublished":"2016-08-06T17:51:21+00:00","dateModified":"2023-01-25T12:59:47+00:00","author":{"@id":"https:\/\/franciscanos.org.br\/noticias\/#\/schema\/person\/b38fbf43118f02820bd932f2e4b14ad3"},"breadcrumb":{"@id":"https:\/\/franciscanos.org.br\/noticias\/nosso-ministerio-nos-envia-para-as-profundezas-das-miserias-dores-e-sofrimentos-de-nosso-povo.html#breadcrumb"},"inLanguage":"pt-BR","potentialAction":[{"@type":"ReadAction","target":["https:\/\/franciscanos.org.br\/noticias\/nosso-ministerio-nos-envia-para-as-profundezas-das-miserias-dores-e-sofrimentos-de-nosso-povo.html"]}]},{"@type":"BreadcrumbList","@id":"https:\/\/franciscanos.org.br\/noticias\/nosso-ministerio-nos-envia-para-as-profundezas-das-miserias-dores-e-sofrimentos-de-nosso-povo.html#breadcrumb","itemListElement":[{"@type":"ListItem","position":1,"name":"Home","item":"https:\/\/franciscanos.org.br\/noticias"},{"@type":"ListItem","position":2,"name":"Partilhar das mis\u00e9rias, dores e sofrimentos de nosso povo"}]},{"@type":"Person","@id":"https:\/\/franciscanos.org.br\/noticias\/#\/schema\/person\/b38fbf43118f02820bd932f2e4b14ad3","name":"admin","image":{"@type":"ImageObject","inLanguage":"pt-BR","@id":"https:\/\/franciscanos.org.br\/noticias\/#\/schema\/person\/image\/","url":"https:\/\/secure.gravatar.com\/avatar\/e8495742d34d0ba6448ea1c628263b3e?s=96&d=mm&r=g","contentUrl":"https:\/\/secure.gravatar.com\/avatar\/e8495742d34d0ba6448ea1c628263b3e?s=96&d=mm&r=g","caption":"admin"},"url":"https:\/\/franciscanos.org.br\/noticias\/author\/admin"}]}},"_links":{"self":[{"href":"https:\/\/franciscanos.org.br\/noticias\/wp-json\/wp\/v2\/posts\/113524"}],"collection":[{"href":"https:\/\/franciscanos.org.br\/noticias\/wp-json\/wp\/v2\/posts"}],"about":[{"href":"https:\/\/franciscanos.org.br\/noticias\/wp-json\/wp\/v2\/types\/post"}],"author":[{"embeddable":true,"href":"https:\/\/franciscanos.org.br\/noticias\/wp-json\/wp\/v2\/users\/1"}],"replies":[{"embeddable":true,"href":"https:\/\/franciscanos.org.br\/noticias\/wp-json\/wp\/v2\/comments?post=113524"}],"version-history":[{"count":2,"href":"https:\/\/franciscanos.org.br\/noticias\/wp-json\/wp\/v2\/posts\/113524\/revisions"}],"predecessor-version":[{"id":241914,"href":"https:\/\/franciscanos.org.br\/noticias\/wp-json\/wp\/v2\/posts\/113524\/revisions\/241914"}],"wp:featuredmedia":[{"embeddable":true,"href":"https:\/\/franciscanos.org.br\/noticias\/wp-json\/wp\/v2\/media\/208921"}],"wp:attachment":[{"href":"https:\/\/franciscanos.org.br\/noticias\/wp-json\/wp\/v2\/media?parent=113524"}],"wp:term":[{"taxonomy":"category","embeddable":true,"href":"https:\/\/franciscanos.org.br\/noticias\/wp-json\/wp\/v2\/categories?post=113524"},{"taxonomy":"post_tag","embeddable":true,"href":"https:\/\/franciscanos.org.br\/noticias\/wp-json\/wp\/v2\/tags?post=113524"}],"curies":[{"name":"wp","href":"https:\/\/api.w.org\/{rel}","templated":true}]}}